{"id":7228,"date":"2022-07-26T19:07:57","date_gmt":"2022-07-26T19:07:57","guid":{"rendered":"https:\/\/www.africa-press.net\/benin\/politique\/benin-le-cerveau-dun-reseau-de-vol-de-vehicules-poids-lourd-arrete-par-la-police"},"modified":"2022-07-26T19:29:37","modified_gmt":"2022-07-26T19:29:37","slug":"benin-le-cerveau-dun-reseau-de-vol-de-vehicules-poids-lourd-arrete-par-la-police","status":"publish","type":"post","link":"https:\/\/www.africa-press.net\/benin\/toutes-les-actualites\/benin-le-cerveau-dun-reseau-de-vol-de-vehicules-poids-lourd-arrete-par-la-police","title":{"rendered":"B\u00e9nin: le cerveau d\u2019un r\u00e9seau de vol de v\u00e9hicules poids lourd arr\u00eat\u00e9 par la police"},"content":{"rendered":"<p><span style=\"color: #ff6600\"><strong>Africa-Press &#8211; Benin. <\/strong><\/span>Le chef d\u2019un pr\u00e9sum\u00e9 gang de vol de v\u00e9hicules est arr\u00eat\u00e9 le vendredi dernier par les \u00e9l\u00e9ments de la police R\u00e9publicaine. Pr\u00e9sent\u00e9 ce lundi 25 Juillet 2022 au procureur de la R\u00e9publique, il a \u00e9t\u00e9 plac\u00e9 en d\u00e9tention provisoire.<\/p>\n<p>Le cerveau d\u2019un r\u00e9seau de vol de v\u00e9hicule poids lourd est interpell\u00e9 par les \u00e9l\u00e9ments de la police r\u00e9publicaine. selon les faits tels que rapport\u00e9s, il se pr\u00e9parait \u00e0 vendre au Niger un v\u00e9hicule poids lourd vol\u00e9 au B\u00e9nin dans la Commune de K\u00e9tou lors de la derni\u00e8re f\u00eate de la tabaski. Avant de le convoyer au Niger o\u00f9 il compte le vendre, il a donn\u00e9 un coup de neuf au v\u00e9hicule vol\u00e9 et a chang\u00e9 la plaque d\u2019immatriculation.<\/p>\n<p>Mais il sera rattrap\u00e9 par l\u2019unit\u00e9 de la police r\u00e9publicaine du commissariat d\u2019Illara qui le recherchait depuis quelques jours. Il a \u00e9t\u00e9 interpell\u00e9 le vendredi dernier dans un h\u00f4tel. Pr\u00e9sent\u00e9 le lundi 25 Juillet au procureur de la r\u00e9publique, il fut plac\u00e9 en d\u00e9tention provisoire. Pr\u00e9cisons que ce chef de bande a \u00e9t\u00e9 arr\u00eat\u00e9 avec trois autres de ses complices.<\/p>\n<p><strong>Pour plus d&rsquo;informations et d&rsquo;analyses sur la <a href=\"https:\/\/www.africa-press.net\/benin\">Benin<\/a>, suivez <a href=\"https:\/\/www.africa-press.net\/\">Africa-Press<\/a><\/strong><\/p>\n","protected":false},"excerpt":{"rendered":"<p>Africa-Press &#8211; Benin. Le chef d\u2019un pr\u00e9sum\u00e9 gang de vol de v\u00e9hicules est arr\u00eat\u00e9 le vendredi dernier par les \u00e9l\u00e9ments de la police R\u00e9publicaine. Pr\u00e9sent\u00e9 ce lundi 25 Juillet 2022 au procureur de la R\u00e9publique, il a \u00e9t\u00e9 plac\u00e9 en d\u00e9tention provisoire. Le cerveau d\u2019un r\u00e9seau de vol de v\u00e9hicule poids lourd est interpell\u00e9 par [&hellip;]<\/p>\n","protected":false},"author":82,"featured_media":7227,"comment_status":"open","ping_status":"closed","sticky":false,"template":"","format":"standard","meta":{"footnotes":""},"categories":[21,11,10],"tags":[36,50,45],"class_list":["post-7228","post","type-post","status-publish","format-standard","has-post-thumbnail","hentry","category-communaute","category-homepage-french","category-toutes-les-actualites","tag-africa-press","tag-africa-press-benin","tag-benin"],"yoast_head":"<!-- This site is optimized with the Yoast SEO Premium plugin v26.1 (Yoast SEO v27.0) - https:\/\/yoast.com\/product\/yoast-seo-premium-wordpress\/ -->\n<title>B\u00e9nin: le cerveau d\u2019un r\u00e9seau de vol de v\u00e9hicules poids lourd arr\u00eat\u00e9 par la police - B\u00e9nin<\/title>\n<meta name=\"description\" content=\"Le chef d\u2019un pr\u00e9sum\u00e9 gang de vol de v\u00e9hicules est arr\u00eat\u00e9 le vendredi dernier par les \u00e9l\u00e9ments de la police R\u00e9publicaine. ...\" \/>\n<meta name=\"robots\" content=\"index, follow, max-snippet:-1, max-image-preview:large, max-video-preview:-1\" \/>\n<link rel=\"canonical\" href=\"https:\/\/www.africa-press.net\/benin\/toutes-les-actualites\/benin-le-cerveau-dun-reseau-de-vol-de-vehicules-poids-lourd-arrete-par-la-police\" \/>\n<meta property=\"og:locale\" content=\"fr_FR\" \/>\n<meta property=\"og:type\" content=\"article\" \/>\n<meta property=\"og:title\" content=\"B\u00e9nin: le cerveau d\u2019un r\u00e9seau de vol de v\u00e9hicules poids lourd arr\u00eat\u00e9 par la police\" \/>\n<meta property=\"og:description\" content=\"Le chef d\u2019un pr\u00e9sum\u00e9 gang de vol de v\u00e9hicules est arr\u00eat\u00e9 le vendredi dernier par les \u00e9l\u00e9ments de la police R\u00e9publicaine. ...\" \/>\n<meta property=\"og:url\" content=\"https:\/\/www.africa-press.net\/benin\/toutes-les-actualites\/benin-le-cerveau-dun-reseau-de-vol-de-vehicules-poids-lourd-arrete-par-la-police\" \/>\n<meta property=\"og:site_name\" content=\"B\u00e9nin\" \/>\n<meta property=\"article:published_time\" content=\"2022-07-26T19:07:57+00:00\" \/>\n<meta property=\"article:modified_time\" content=\"2022-07-26T19:29:37+00:00\" \/>\n<meta property=\"og:image\" content=\"https:\/\/static.africa-press.net\/benin\/sites\/46\/2022\/07\/postQueueImg_24-62e04085dc81a.jpg\" \/>\n\t<meta property=\"og:image:width\" content=\"1280\" \/>\n\t<meta property=\"og:image:height\" content=\"720\" \/>\n\t<meta property=\"og:image:type\" content=\"image\/jpeg\" \/>\n<meta name=\"author\" content=\"cfeditorfr\" \/>\n<meta name=\"twitter:card\" content=\"summary_large_image\" \/>\n<meta name=\"twitter:label1\" content=\"\u00c9crit par\" \/>\n\t<meta name=\"twitter:data1\" content=\"cfeditorfr\" \/>\n\t<meta name=\"twitter:label2\" content=\"Dur\u00e9e de lecture estim\u00e9e\" \/>\n\t<meta name=\"twitter:data2\" content=\"1 minute\" \/>\n<script type=\"application\/ld+json\" class=\"yoast-schema-graph\">{\"@context\":\"https:\/\/schema.org\",\"@graph\":[{\"@type\":\"Article\",\"@id\":\"https:\/\/www.africa-press.net\/benin\/toutes-les-actualites\/benin-le-cerveau-dun-reseau-de-vol-de-vehicules-poids-lourd-arrete-par-la-police#article\",\"isPartOf\":{\"@id\":\"https:\/\/www.africa-press.net\/benin\/toutes-les-actualites\/benin-le-cerveau-dun-reseau-de-vol-de-vehicules-poids-lourd-arrete-par-la-police\"},\"author\":{\"name\":\"cfeditorfr\",\"@id\":\"https:\/\/www.africa-press.net\/benin\/#\/schema\/person\/2b1cf3cd81a31e3cd26889ca66d677f1\"},\"headline\":\"B\u00e9nin: le cerveau d\u2019un r\u00e9seau de vol de v\u00e9hicules poids lourd arr\u00eat\u00e9 par la police\",\"datePublished\":\"2022-07-26T19:07:57+00:00\",\"dateModified\":\"2022-07-26T19:29:37+00:00\",\"mainEntityOfPage\":{\"@id\":\"https:\/\/www.africa-press.net\/benin\/toutes-les-actualites\/benin-le-cerveau-dun-reseau-de-vol-de-vehicules-poids-lourd-arrete-par-la-police\"},\"wordCount\":241,\"commentCount\":0,\"image\":{\"@id\":\"https:\/\/www.africa-press.net\/benin\/toutes-les-actualites\/benin-le-cerveau-dun-reseau-de-vol-de-vehicules-poids-lourd-arrete-par-la-police#primaryimage\"},\"thumbnailUrl\":\"https:\/\/static.africa-press.net\/benin\/sites\/46\/2022\/07\/postQueueImg_24-62e04085dc81a.jpg\",\"keywords\":[\"Africa Press\",\"Africa Press-Benin\",\"B\u00e9nin\"],\"articleSection\":[\"Communaut\u00e9\",\"homepage-french\",\"Toutes les actualit\u00e9s\"],\"inLanguage\":\"fr-FR\",\"potentialAction\":[{\"@type\":\"CommentAction\",\"name\":\"Comment\",\"target\":[\"https:\/\/www.africa-press.net\/benin\/toutes-les-actualites\/benin-le-cerveau-dun-reseau-de-vol-de-vehicules-poids-lourd-arrete-par-la-police#respond\"]}]},{\"@type\":\"WebPage\",\"@id\":\"https:\/\/www.africa-press.net\/benin\/toutes-les-actualites\/benin-le-cerveau-dun-reseau-de-vol-de-vehicules-poids-lourd-arrete-par-la-police\",\"url\":\"https:\/\/www.africa-press.net\/benin\/toutes-les-actualites\/benin-le-cerveau-dun-reseau-de-vol-de-vehicules-poids-lourd-arrete-par-la-police\",\"name\":\"B\u00e9nin: le cerveau d\u2019un r\u00e9seau de vol de v\u00e9hicules poids lourd arr\u00eat\u00e9 par la police - B\u00e9nin\",\"isPartOf\":{\"@id\":\"https:\/\/www.africa-press.net\/benin\/#website\"},\"primaryImageOfPage\":{\"@id\":\"https:\/\/www.africa-press.net\/benin\/toutes-les-actualites\/benin-le-cerveau-dun-reseau-de-vol-de-vehicules-poids-lourd-arrete-par-la-police#primaryimage\"},\"image\":{\"@id\":\"https:\/\/www.africa-press.net\/benin\/toutes-les-actualites\/benin-le-cerveau-dun-reseau-de-vol-de-vehicules-poids-lourd-arrete-par-la-police#primaryimage\"},\"thumbnailUrl\":\"https:\/\/static.africa-press.net\/benin\/sites\/46\/2022\/07\/postQueueImg_24-62e04085dc81a.jpg\",\"datePublished\":\"2022-07-26T19:07:57+00:00\",\"dateModified\":\"2022-07-26T19:29:37+00:00\",\"author\":{\"@id\":\"https:\/\/www.africa-press.net\/benin\/#\/schema\/person\/2b1cf3cd81a31e3cd26889ca66d677f1\"},\"description\":\"Le chef d\u2019un pr\u00e9sum\u00e9 gang de vol de v\u00e9hicules est arr\u00eat\u00e9 le vendredi dernier par les \u00e9l\u00e9ments de la police R\u00e9publicaine. ...\",\"breadcrumb\":{\"@id\":\"https:\/\/www.africa-press.net\/benin\/toutes-les-actualites\/benin-le-cerveau-dun-reseau-de-vol-de-vehicules-poids-lourd-arrete-par-la-police#breadcrumb\"},\"inLanguage\":\"fr-FR\",\"potentialAction\":[{\"@type\":\"ReadAction\",\"target\":[\"https:\/\/www.africa-press.net\/benin\/toutes-les-actualites\/benin-le-cerveau-dun-reseau-de-vol-de-vehicules-poids-lourd-arrete-par-la-police\"]}]},{\"@type\":\"ImageObject\",\"inLanguage\":\"fr-FR\",\"@id\":\"https:\/\/www.africa-press.net\/benin\/toutes-les-actualites\/benin-le-cerveau-dun-reseau-de-vol-de-vehicules-poids-lourd-arrete-par-la-police#primaryimage\",\"url\":\"https:\/\/static.africa-press.net\/benin\/sites\/46\/2022\/07\/postQueueImg_24-62e04085dc81a.jpg\",\"contentUrl\":\"https:\/\/static.africa-press.net\/benin\/sites\/46\/2022\/07\/postQueueImg_24-62e04085dc81a.jpg\",\"width\":1280,\"height\":720,\"caption\":\"B\u00e9nin: le cerveau d\u2019un r\u00e9seau de vol de v\u00e9hicules poids lourd arr\u00eat\u00e9 par la police\"},{\"@type\":\"BreadcrumbList\",\"@id\":\"https:\/\/www.africa-press.net\/benin\/toutes-les-actualites\/benin-le-cerveau-dun-reseau-de-vol-de-vehicules-poids-lourd-arrete-par-la-police#breadcrumb\",\"itemListElement\":[{\"@type\":\"ListItem\",\"position\":1,\"name\":\"Accueil\",\"item\":\"https:\/\/www.africa-press.net\/benin\/\"},{\"@type\":\"ListItem\",\"position\":2,\"name\":\"B\u00e9nin: le cerveau d\u2019un r\u00e9seau de vol de v\u00e9hicules poids lourd arr\u00eat\u00e9 par la police\"}]},{\"@type\":\"WebSite\",\"@id\":\"https:\/\/www.africa-press.net\/benin\/#website\",\"url\":\"https:\/\/www.africa-press.net\/benin\/\",\"name\":\"B\u00e9nin\",\"description\":\"Just another Africa News Agency Sites site\",\"potentialAction\":[{\"@type\":\"SearchAction\",\"target\":{\"@type\":\"EntryPoint\",\"urlTemplate\":\"https:\/\/www.africa-press.net\/benin\/?s={search_term_string}\"},\"query-input\":{\"@type\":\"PropertyValueSpecification\",\"valueRequired\":true,\"valueName\":\"search_term_string\"}}],\"inLanguage\":\"fr-FR\"},{\"@type\":\"Person\",\"@id\":\"https:\/\/www.africa-press.net\/benin\/#\/schema\/person\/2b1cf3cd81a31e3cd26889ca66d677f1\",\"name\":\"cfeditorfr\"}]}<\/script>\n<!-- \/ Yoast SEO Premium plugin. -->","yoast_head_json":{"title":"B\u00e9nin: le cerveau d\u2019un r\u00e9seau de vol de v\u00e9hicules poids lourd arr\u00eat\u00e9 par la police - B\u00e9nin","description":"Le chef d\u2019un pr\u00e9sum\u00e9 gang de vol de v\u00e9hicules est arr\u00eat\u00e9 le vendredi dernier par les \u00e9l\u00e9ments de la police R\u00e9publicaine. ...","robots":{"index":"index","follow":"follow","max-snippet":"max-snippet:-1","max-image-preview":"max-image-preview:large","max-video-preview":"max-video-preview:-1"},"canonical":"https:\/\/www.africa-press.net\/benin\/toutes-les-actualites\/benin-le-cerveau-dun-reseau-de-vol-de-vehicules-poids-lourd-arrete-par-la-police","og_locale":"fr_FR","og_type":"article","og_title":"B\u00e9nin: le cerveau d\u2019un r\u00e9seau de vol de v\u00e9hicules poids lourd arr\u00eat\u00e9 par la police","og_description":"Le chef d\u2019un pr\u00e9sum\u00e9 gang de vol de v\u00e9hicules est arr\u00eat\u00e9 le vendredi dernier par les \u00e9l\u00e9ments de la police R\u00e9publicaine. ...","og_url":"https:\/\/www.africa-press.net\/benin\/toutes-les-actualites\/benin-le-cerveau-dun-reseau-de-vol-de-vehicules-poids-lourd-arrete-par-la-police","og_site_name":"B\u00e9nin","article_published_time":"2022-07-26T19:07:57+00:00","article_modified_time":"2022-07-26T19:29:37+00:00","og_image":[{"width":1280,"height":720,"url":"https:\/\/static.africa-press.net\/benin\/sites\/46\/2022\/07\/postQueueImg_24-62e04085dc81a.jpg","type":"image\/jpeg"}],"author":"cfeditorfr","twitter_card":"summary_large_image","twitter_misc":{"\u00c9crit par":"cfeditorfr","Dur\u00e9e de lecture estim\u00e9e":"1 minute"},"schema":{"@context":"https:\/\/schema.org","@graph":[{"@type":"Article","@id":"https:\/\/www.africa-press.net\/benin\/toutes-les-actualites\/benin-le-cerveau-dun-reseau-de-vol-de-vehicules-poids-lourd-arrete-par-la-police#article","isPartOf":{"@id":"https:\/\/www.africa-press.net\/benin\/toutes-les-actualites\/benin-le-cerveau-dun-reseau-de-vol-de-vehicules-poids-lourd-arrete-par-la-police"},"author":{"name":"cfeditorfr","@id":"https:\/\/www.africa-press.net\/benin\/#\/schema\/person\/2b1cf3cd81a31e3cd26889ca66d677f1"},"headline":"B\u00e9nin: le cerveau d\u2019un r\u00e9seau de vol de v\u00e9hicules poids lourd arr\u00eat\u00e9 par la police","datePublished":"2022-07-26T19:07:57+00:00","dateModified":"2022-07-26T19:29:37+00:00","mainEntityOfPage":{"@id":"https:\/\/www.africa-press.net\/benin\/toutes-les-actualites\/benin-le-cerveau-dun-reseau-de-vol-de-vehicules-poids-lourd-arrete-par-la-police"},"wordCount":241,"commentCount":0,"image":{"@id":"https:\/\/www.africa-press.net\/benin\/toutes-les-actualites\/benin-le-cerveau-dun-reseau-de-vol-de-vehicules-poids-lourd-arrete-par-la-police#primaryimage"},"thumbnailUrl":"https:\/\/static.africa-press.net\/benin\/sites\/46\/2022\/07\/postQueueImg_24-62e04085dc81a.jpg","keywords":["Africa Press","Africa Press-Benin","B\u00e9nin"],"articleSection":["Communaut\u00e9","homepage-french","Toutes les actualit\u00e9s"],"inLanguage":"fr-FR","potentialAction":[{"@type":"CommentAction","name":"Comment","target":["https:\/\/www.africa-press.net\/benin\/toutes-les-actualites\/benin-le-cerveau-dun-reseau-de-vol-de-vehicules-poids-lourd-arrete-par-la-police#respond"]}]},{"@type":"WebPage","@id":"https:\/\/www.africa-press.net\/benin\/toutes-les-actualites\/benin-le-cerveau-dun-reseau-de-vol-de-vehicules-poids-lourd-arrete-par-la-police","url":"https:\/\/www.africa-press.net\/benin\/toutes-les-actualites\/benin-le-cerveau-dun-reseau-de-vol-de-vehicules-poids-lourd-arrete-par-la-police","name":"B\u00e9nin: le cerveau d\u2019un r\u00e9seau de vol de v\u00e9hicules poids lourd arr\u00eat\u00e9 par la police - B\u00e9nin","isPartOf":{"@id":"https:\/\/www.africa-press.net\/benin\/#website"},"primaryImageOfPage":{"@id":"https:\/\/www.africa-press.net\/benin\/toutes-les-actualites\/benin-le-cerveau-dun-reseau-de-vol-de-vehicules-poids-lourd-arrete-par-la-police#primaryimage"},"image":{"@id":"https:\/\/www.africa-press.net\/benin\/toutes-les-actualites\/benin-le-cerveau-dun-reseau-de-vol-de-vehicules-poids-lourd-arrete-par-la-police#primaryimage"},"thumbnailUrl":"https:\/\/static.africa-press.net\/benin\/sites\/46\/2022\/07\/postQueueImg_24-62e04085dc81a.jpg","datePublished":"2022-07-26T19:07:57+00:00","dateModified":"2022-07-26T19:29:37+00:00","author":{"@id":"https:\/\/www.africa-press.net\/benin\/#\/schema\/person\/2b1cf3cd81a31e3cd26889ca66d677f1"},"description":"Le chef d\u2019un pr\u00e9sum\u00e9 gang de vol de v\u00e9hicules est arr\u00eat\u00e9 le vendredi dernier par les \u00e9l\u00e9ments de la police R\u00e9publicaine. ...","breadcrumb":{"@id":"https:\/\/www.africa-press.net\/benin\/toutes-les-actualites\/benin-le-cerveau-dun-reseau-de-vol-de-vehicules-poids-lourd-arrete-par-la-police#breadcrumb"},"inLanguage":"fr-FR","potentialAction":[{"@type":"ReadAction","target":["https:\/\/www.africa-press.net\/benin\/toutes-les-actualites\/benin-le-cerveau-dun-reseau-de-vol-de-vehicules-poids-lourd-arrete-par-la-police"]}]},{"@type":"ImageObject","inLanguage":"fr-FR","@id":"https:\/\/www.africa-press.net\/benin\/toutes-les-actualites\/benin-le-cerveau-dun-reseau-de-vol-de-vehicules-poids-lourd-arrete-par-la-police#primaryimage","url":"https:\/\/static.africa-press.net\/benin\/sites\/46\/2022\/07\/postQueueImg_24-62e04085dc81a.jpg","contentUrl":"https:\/\/static.africa-press.net\/benin\/sites\/46\/2022\/07\/postQueueImg_24-62e04085dc81a.jpg","width":1280,"height":720,"caption":"B\u00e9nin: le cerveau d\u2019un r\u00e9seau de vol de v\u00e9hicules poids lourd arr\u00eat\u00e9 par la police"},{"@type":"BreadcrumbList","@id":"https:\/\/www.africa-press.net\/benin\/toutes-les-actualites\/benin-le-cerveau-dun-reseau-de-vol-de-vehicules-poids-lourd-arrete-par-la-police#breadcrumb","itemListElement":[{"@type":"ListItem","position":1,"name":"Accueil","item":"https:\/\/www.africa-press.net\/benin\/"},{"@type":"ListItem","position":2,"name":"B\u00e9nin: le cerveau d\u2019un r\u00e9seau de vol de v\u00e9hicules poids lourd arr\u00eat\u00e9 par la police"}]},{"@type":"WebSite","@id":"https:\/\/www.africa-press.net\/benin\/#website","url":"https:\/\/www.africa-press.net\/benin\/","name":"B\u00e9nin","description":"Just another Africa News Agency Sites site","potentialAction":[{"@type":"SearchAction","target":{"@type":"EntryPoint","urlTemplate":"https:\/\/www.africa-press.net\/benin\/?s={search_term_string}"},"query-input":{"@type":"PropertyValueSpecification","valueRequired":true,"valueName":"search_term_string"}}],"inLanguage":"fr-FR"},{"@type":"Person","@id":"https:\/\/www.africa-press.net\/benin\/#\/schema\/person\/2b1cf3cd81a31e3cd26889ca66d677f1","name":"cfeditorfr"}]}},"_links":{"self":[{"href":"https:\/\/www.africa-press.net\/benin\/wp-json\/wp\/v2\/posts\/7228","targetHints":{"allow":["GET"]}}],"collection":[{"href":"https:\/\/www.africa-press.net\/benin\/wp-json\/wp\/v2\/posts"}],"about":[{"href":"https:\/\/www.africa-press.net\/benin\/wp-json\/wp\/v2\/types\/post"}],"author":[{"embeddable":true,"href":"https:\/\/www.africa-press.net\/benin\/wp-json\/wp\/v2\/users\/82"}],"replies":[{"embeddable":true,"href":"https:\/\/www.africa-press.net\/benin\/wp-json\/wp\/v2\/comments?post=7228"}],"version-history":[{"count":0,"href":"https:\/\/www.africa-press.net\/benin\/wp-json\/wp\/v2\/posts\/7228\/revisions"}],"wp:featuredmedia":[{"embeddable":true,"href":"https:\/\/www.africa-press.net\/benin\/wp-json\/wp\/v2\/media\/7227"}],"wp:attachment":[{"href":"https:\/\/www.africa-press.net\/benin\/wp-json\/wp\/v2\/media?parent=7228"}],"wp:term":[{"taxonomy":"category","embeddable":true,"href":"https:\/\/www.africa-press.net\/benin\/wp-json\/wp\/v2\/categories?post=7228"},{"taxonomy":"post_tag","embeddable":true,"href":"https:\/\/www.africa-press.net\/benin\/wp-json\/wp\/v2\/tags?post=7228"}],"curies":[{"name":"wp","href":"https:\/\/api.w.org\/{rel}","templated":true}]}}