{"id":7231,"date":"2022-07-26T19:08:05","date_gmt":"2022-07-26T19:08:05","guid":{"rendered":"https:\/\/www.africa-press.net\/benin\/politique\/jean-claude-houssou-le-benin-autonome-et-en-surplus-on-pourra-egalement-vendre-de-lelectricite"},"modified":"2022-07-26T19:30:06","modified_gmt":"2022-07-26T19:30:06","slug":"jean-claude-houssou-le-benin-autonome-et-en-surplus-on-pourra-egalement-vendre-de-lelectricite","status":"publish","type":"post","link":"https:\/\/www.africa-press.net\/benin\/economie\/jean-claude-houssou-le-benin-autonome-et-en-surplus-on-pourra-egalement-vendre-de-lelectricite","title":{"rendered":"Jean-Claude Houssou: Le B\u00e9nin autonome \u00ab\u00a0et en surplus, on pourra \u00e9galement vendre de l\u2019\u00e9lectricit\u00e9\u2026\u00a0\u00bb"},"content":{"rendered":"<p><span style=\"color: #ff6600\"><strong>Africa-Press &#8211; Benin. <\/strong><\/span>Le B\u00e9nin une fois autonome, et en surplus, on pourra \u00e9galement vendre de l\u2019\u00e9lectricit\u00e9\u2026 \u00bb, a annonc\u00e9 mardi 19 juillet 2022, le ministre B\u00e9ninois de l\u2019\u00e9nergie Dona Jean-Claude Houssou, lors de l\u2019inauguration de la premi\u00e8re centrale solaire photovolta\u00efque de 25 M\u00e9gawatts \u00e0 Illoulofin, dans l\u2019arrondissement d\u2019Issaba.<\/p>\n<p>Le B\u00e9nin a inaugur\u00e9 mardi 19 juillet 2022, sa premi\u00e8re centrale solaire photovolta\u00efque \u00e9rig\u00e9e sur un domaine de 30 hectares \u00e0 Illoulofin, dans l\u2019arrondissement d\u2019Issaba. Dot\u00e9e de 14.212 panneaux photovolta\u00efques, la centrale solaire peut produire jusqu\u2019\u00e0 25 M\u00e9gawatts et ainsi, alimenter en th\u00e9orie, 20.000 foyers en \u00e9lectricit\u00e9.<\/p>\n<p>Le pays franchit ainsi une nouvelle \u00e9tape dans sa qu\u00eate d\u2019autonomie \u00e9nerg\u00e9tique. \u00ab Le B\u00e9nin une fois autonome, et en surplus, on pourra \u00e9galement vendre de l\u2019\u00e9lectricit\u00e9\u2026 \u00bb, a fi\u00e8rement d\u00e9clar\u00e9 le ministre B\u00e9ninois de l\u2019\u00e9nergie Dona Jean-Claude Houssou au micro de Tv5 Monde.<\/p>\n<p>\u00ab Mais ce qu\u2019il faut noter \u00e9galement, c\u2019est la volont\u00e9 du gouvernement de faire en sorte que cette disponibilit\u00e9 d\u2019\u00e9nergie \u00e9lectrique puisse permettre d\u2019actionner l\u2019industrialisation du B\u00e9nin qui a \u00e9t\u00e9 lanc\u00e9e par le pr\u00e9sident de la R\u00e9publique \u00bb, ajout\u00e9 l\u2019autorit\u00e9 minist\u00e9rielle.<\/p>\n<p>Pob\u00e8, d\u00e9sormais une source de lumi\u00e8re<\/p>\n<p>Pour le maire de la commune de Pob\u00e8, Dinan Simon, l\u2019inauguration de la premi\u00e8re centrale solaire photovolta\u00efque de 25 M\u00e9gawatts \u00e0 Illoulofin, dans l\u2019arrondissement d\u2019Issaba, vient \u00e0 point nomm\u00e9 et va propulser le B\u00e9nin dans sa qu\u00eate \u00e0 l\u2019autonomisation en \u00e9nergie.<\/p>\n<p>\u00ab Ce projet de grande envergure cofinanc\u00e9 \u00e0 co\u00fbt de milliards par l\u2019Agence Fran\u00e7aise de D\u00e9veloppement (AFD), l\u2019Union Europ\u00e9enne et le gouvernement du B\u00e9nin \u00e0 travers la SBEE, fait d\u00e9sormais de la Commune de Pob\u00e8, une source de lumi\u00e8re qui \u00e9claire plusieurs contr\u00e9es du B\u00e9nin et de la sous-r\u00e9gion \u00bb, a d\u00e9clar\u00e9 l\u2019autorit\u00e9 communale.<\/p>\n<p>D\u00e8s sa mise en service, explique Dinan Simon, \u00ab la centrale solaire d\u2019Illoulofin permettra au B\u00e9nin de r\u00e9duire sa facture \u00e9nerg\u00e9tique, tout en valorisant les \u00e9nergies renouvelables \u00bb. Ainsi, souligne M. Dinan, \u00ab il s\u2019agit donc d\u2019une infrastructure structurante pour l\u2019ensemble de l\u2019\u00e9nergie nationale qui contribuera \u00e0 la croissance \u00e9conomique du B\u00e9nin \u00e0 travers l\u2019am\u00e9lioration des performances de son op\u00e9rateur \u00e9lectrique et la qualit\u00e9 du service \u00e9lectrique fourni dans le respect de l\u2019environnement \u00bb.<\/p>\n<p>D\u2019ici 2026, le gouvernement b\u00e9ninois souhaite que 100% de son \u00e9lectricit\u00e9 soit locale et que 30% soit issu des \u00e9nergies renouvelables.<\/p>\n<p><strong>Pour plus d&rsquo;informations et d&rsquo;analyses sur la <a href=\"https:\/\/www.africa-press.net\/benin\">Benin<\/a>, suivez <a href=\"https:\/\/www.africa-press.net\/\">Africa-Press<\/a><\/strong><\/p>\n","protected":false},"excerpt":{"rendered":"<p>Africa-Press &#8211; Benin. Le B\u00e9nin une fois autonome, et en surplus, on pourra \u00e9galement vendre de l\u2019\u00e9lectricit\u00e9\u2026 \u00bb, a annonc\u00e9 mardi 19 juillet 2022, le ministre B\u00e9ninois de l\u2019\u00e9nergie Dona Jean-Claude Houssou, lors de l\u2019inauguration de la premi\u00e8re centrale solaire photovolta\u00efque de 25 M\u00e9gawatts \u00e0 Illoulofin, dans l\u2019arrondissement d\u2019Issaba. Le B\u00e9nin a inaugur\u00e9 mardi 19 [&hellip;]<\/p>\n","protected":false},"author":82,"featured_media":7230,"comment_status":"open","ping_status":"closed","sticky":false,"template":"","format":"standard","meta":{"footnotes":""},"categories":[3,11,10],"tags":[36,50,45],"class_list":["post-7231","post","type-post","status-publish","format-standard","has-post-thumbnail","hentry","category-economie","category-homepage-french","category-toutes-les-actualites","tag-africa-press","tag-africa-press-benin","tag-benin"],"yoast_head":"<!-- This site is optimized with the Yoast SEO Premium plugin v26.1 (Yoast SEO v27.0) - https:\/\/yoast.com\/product\/yoast-seo-premium-wordpress\/ -->\n<title>Jean-Claude Houssou: Le B\u00e9nin autonome \u00ab\u00a0et en surplus, on pourra \u00e9galement vendre de l\u2019\u00e9lectricit\u00e9\u2026\u00a0\u00bb - B\u00e9nin<\/title>\n<meta name=\"description\" content=\"Le B\u00e9nin une fois autonome, et en surplus, on pourra \u00e9galement vendre de l\u2019\u00e9lectricit\u00e9\u2026 \u00bb, a annonc\u00e9 mardi 19 juillet 20 ...\" \/>\n<meta name=\"robots\" content=\"index, follow, max-snippet:-1, max-image-preview:large, max-video-preview:-1\" \/>\n<link rel=\"canonical\" href=\"https:\/\/www.africa-press.net\/benin\/economie\/jean-claude-houssou-le-benin-autonome-et-en-surplus-on-pourra-egalement-vendre-de-lelectricite\" \/>\n<meta property=\"og:locale\" content=\"fr_FR\" \/>\n<meta property=\"og:type\" content=\"article\" \/>\n<meta property=\"og:title\" content=\"Jean-Claude Houssou: Le B\u00e9nin autonome \u00ab\u00a0et en surplus, on pourra \u00e9galement vendre de l\u2019\u00e9lectricit\u00e9\u2026\u00a0\u00bb\" \/>\n<meta property=\"og:description\" content=\"Le B\u00e9nin une fois autonome, et en surplus, on pourra \u00e9galement vendre de l\u2019\u00e9lectricit\u00e9\u2026 \u00bb, a annonc\u00e9 mardi 19 juillet 20 ...\" \/>\n<meta property=\"og:url\" content=\"https:\/\/www.africa-press.net\/benin\/economie\/jean-claude-houssou-le-benin-autonome-et-en-surplus-on-pourra-egalement-vendre-de-lelectricite\" \/>\n<meta property=\"og:site_name\" content=\"B\u00e9nin\" \/>\n<meta property=\"article:published_time\" content=\"2022-07-26T19:08:05+00:00\" \/>\n<meta property=\"article:modified_time\" content=\"2022-07-26T19:30:06+00:00\" \/>\n<meta property=\"og:image\" content=\"https:\/\/static.africa-press.net\/benin\/sites\/46\/2022\/07\/postQueueImg_25-62e040a8be563.jpg\" \/>\n\t<meta property=\"og:image:width\" content=\"1556\" \/>\n\t<meta property=\"og:image:height\" content=\"1036\" \/>\n\t<meta property=\"og:image:type\" content=\"image\/jpeg\" \/>\n<meta name=\"author\" content=\"cfeditorfr\" \/>\n<meta name=\"twitter:card\" content=\"summary_large_image\" \/>\n<meta name=\"twitter:label1\" content=\"\u00c9crit par\" \/>\n\t<meta name=\"twitter:data1\" content=\"cfeditorfr\" \/>\n\t<meta name=\"twitter:label2\" content=\"Dur\u00e9e de lecture estim\u00e9e\" \/>\n\t<meta name=\"twitter:data2\" content=\"2 minutes\" \/>\n<script type=\"application\/ld+json\" class=\"yoast-schema-graph\">{\"@context\":\"https:\/\/schema.org\",\"@graph\":[{\"@type\":\"Article\",\"@id\":\"https:\/\/www.africa-press.net\/benin\/economie\/jean-claude-houssou-le-benin-autonome-et-en-surplus-on-pourra-egalement-vendre-de-lelectricite#article\",\"isPartOf\":{\"@id\":\"https:\/\/www.africa-press.net\/benin\/economie\/jean-claude-houssou-le-benin-autonome-et-en-surplus-on-pourra-egalement-vendre-de-lelectricite\"},\"author\":{\"name\":\"cfeditorfr\",\"@id\":\"https:\/\/www.africa-press.net\/benin\/#\/schema\/person\/2b1cf3cd81a31e3cd26889ca66d677f1\"},\"headline\":\"Jean-Claude Houssou: Le B\u00e9nin autonome \u00ab\u00a0et en surplus, on pourra \u00e9galement vendre de l\u2019\u00e9lectricit\u00e9\u2026\u00a0\u00bb\",\"datePublished\":\"2022-07-26T19:08:05+00:00\",\"dateModified\":\"2022-07-26T19:30:06+00:00\",\"mainEntityOfPage\":{\"@id\":\"https:\/\/www.africa-press.net\/benin\/economie\/jean-claude-houssou-le-benin-autonome-et-en-surplus-on-pourra-egalement-vendre-de-lelectricite\"},\"wordCount\":453,\"commentCount\":0,\"image\":{\"@id\":\"https:\/\/www.africa-press.net\/benin\/economie\/jean-claude-houssou-le-benin-autonome-et-en-surplus-on-pourra-egalement-vendre-de-lelectricite#primaryimage\"},\"thumbnailUrl\":\"https:\/\/static.africa-press.net\/benin\/sites\/46\/2022\/07\/postQueueImg_25-62e040a8be563.jpg\",\"keywords\":[\"Africa Press\",\"Africa Press-Benin\",\"B\u00e9nin\"],\"articleSection\":[\"\u00c9conomie\",\"homepage-french\",\"Toutes les actualit\u00e9s\"],\"inLanguage\":\"fr-FR\",\"potentialAction\":[{\"@type\":\"CommentAction\",\"name\":\"Comment\",\"target\":[\"https:\/\/www.africa-press.net\/benin\/economie\/jean-claude-houssou-le-benin-autonome-et-en-surplus-on-pourra-egalement-vendre-de-lelectricite#respond\"]}]},{\"@type\":\"WebPage\",\"@id\":\"https:\/\/www.africa-press.net\/benin\/economie\/jean-claude-houssou-le-benin-autonome-et-en-surplus-on-pourra-egalement-vendre-de-lelectricite\",\"url\":\"https:\/\/www.africa-press.net\/benin\/economie\/jean-claude-houssou-le-benin-autonome-et-en-surplus-on-pourra-egalement-vendre-de-lelectricite\",\"name\":\"Jean-Claude Houssou: Le B\u00e9nin autonome \u00ab\u00a0et en surplus, on pourra \u00e9galement vendre de l\u2019\u00e9lectricit\u00e9\u2026\u00a0\u00bb - B\u00e9nin\",\"isPartOf\":{\"@id\":\"https:\/\/www.africa-press.net\/benin\/#website\"},\"primaryImageOfPage\":{\"@id\":\"https:\/\/www.africa-press.net\/benin\/economie\/jean-claude-houssou-le-benin-autonome-et-en-surplus-on-pourra-egalement-vendre-de-lelectricite#primaryimage\"},\"image\":{\"@id\":\"https:\/\/www.africa-press.net\/benin\/economie\/jean-claude-houssou-le-benin-autonome-et-en-surplus-on-pourra-egalement-vendre-de-lelectricite#primaryimage\"},\"thumbnailUrl\":\"https:\/\/static.africa-press.net\/benin\/sites\/46\/2022\/07\/postQueueImg_25-62e040a8be563.jpg\",\"datePublished\":\"2022-07-26T19:08:05+00:00\",\"dateModified\":\"2022-07-26T19:30:06+00:00\",\"author\":{\"@id\":\"https:\/\/www.africa-press.net\/benin\/#\/schema\/person\/2b1cf3cd81a31e3cd26889ca66d677f1\"},\"description\":\"Le B\u00e9nin une fois autonome, et en surplus, on pourra \u00e9galement vendre de l\u2019\u00e9lectricit\u00e9\u2026 \u00bb, a annonc\u00e9 mardi 19 juillet 20 ...\",\"breadcrumb\":{\"@id\":\"https:\/\/www.africa-press.net\/benin\/economie\/jean-claude-houssou-le-benin-autonome-et-en-surplus-on-pourra-egalement-vendre-de-lelectricite#breadcrumb\"},\"inLanguage\":\"fr-FR\",\"potentialAction\":[{\"@type\":\"ReadAction\",\"target\":[\"https:\/\/www.africa-press.net\/benin\/economie\/jean-claude-houssou-le-benin-autonome-et-en-surplus-on-pourra-egalement-vendre-de-lelectricite\"]}]},{\"@type\":\"ImageObject\",\"inLanguage\":\"fr-FR\",\"@id\":\"https:\/\/www.africa-press.net\/benin\/economie\/jean-claude-houssou-le-benin-autonome-et-en-surplus-on-pourra-egalement-vendre-de-lelectricite#primaryimage\",\"url\":\"https:\/\/static.africa-press.net\/benin\/sites\/46\/2022\/07\/postQueueImg_25-62e040a8be563.jpg\",\"contentUrl\":\"https:\/\/static.africa-press.net\/benin\/sites\/46\/2022\/07\/postQueueImg_25-62e040a8be563.jpg\",\"width\":1556,\"height\":1036,\"caption\":\"Jean-Claude Houssou: Le B\u00e9nin autonome \u00ab\u00a0et en surplus, on pourra \u00e9galement vendre de l\u2019\u00e9lectricit\u00e9\u2026\u00a0\u00bb\"},{\"@type\":\"BreadcrumbList\",\"@id\":\"https:\/\/www.africa-press.net\/benin\/economie\/jean-claude-houssou-le-benin-autonome-et-en-surplus-on-pourra-egalement-vendre-de-lelectricite#breadcrumb\",\"itemListElement\":[{\"@type\":\"ListItem\",\"position\":1,\"name\":\"Accueil\",\"item\":\"https:\/\/www.africa-press.net\/benin\/\"},{\"@type\":\"ListItem\",\"position\":2,\"name\":\"Jean-Claude Houssou: Le B\u00e9nin autonome \u00ab\u00a0et en surplus, on pourra \u00e9galement vendre de l\u2019\u00e9lectricit\u00e9\u2026\u00a0\u00bb\"}]},{\"@type\":\"WebSite\",\"@id\":\"https:\/\/www.africa-press.net\/benin\/#website\",\"url\":\"https:\/\/www.africa-press.net\/benin\/\",\"name\":\"B\u00e9nin\",\"description\":\"Just another Africa News Agency Sites site\",\"potentialAction\":[{\"@type\":\"SearchAction\",\"target\":{\"@type\":\"EntryPoint\",\"urlTemplate\":\"https:\/\/www.africa-press.net\/benin\/?s={search_term_string}\"},\"query-input\":{\"@type\":\"PropertyValueSpecification\",\"valueRequired\":true,\"valueName\":\"search_term_string\"}}],\"inLanguage\":\"fr-FR\"},{\"@type\":\"Person\",\"@id\":\"https:\/\/www.africa-press.net\/benin\/#\/schema\/person\/2b1cf3cd81a31e3cd26889ca66d677f1\",\"name\":\"cfeditorfr\"}]}<\/script>\n<!-- \/ Yoast SEO Premium plugin. -->","yoast_head_json":{"title":"Jean-Claude Houssou: Le B\u00e9nin autonome \u00ab\u00a0et en surplus, on pourra \u00e9galement vendre de l\u2019\u00e9lectricit\u00e9\u2026\u00a0\u00bb - B\u00e9nin","description":"Le B\u00e9nin une fois autonome, et en surplus, on pourra \u00e9galement vendre de l\u2019\u00e9lectricit\u00e9\u2026 \u00bb, a annonc\u00e9 mardi 19 juillet 20 ...","robots":{"index":"index","follow":"follow","max-snippet":"max-snippet:-1","max-image-preview":"max-image-preview:large","max-video-preview":"max-video-preview:-1"},"canonical":"https:\/\/www.africa-press.net\/benin\/economie\/jean-claude-houssou-le-benin-autonome-et-en-surplus-on-pourra-egalement-vendre-de-lelectricite","og_locale":"fr_FR","og_type":"article","og_title":"Jean-Claude Houssou: Le B\u00e9nin autonome \u00ab\u00a0et en surplus, on pourra \u00e9galement vendre de l\u2019\u00e9lectricit\u00e9\u2026\u00a0\u00bb","og_description":"Le B\u00e9nin une fois autonome, et en surplus, on pourra \u00e9galement vendre de l\u2019\u00e9lectricit\u00e9\u2026 \u00bb, a annonc\u00e9 mardi 19 juillet 20 ...","og_url":"https:\/\/www.africa-press.net\/benin\/economie\/jean-claude-houssou-le-benin-autonome-et-en-surplus-on-pourra-egalement-vendre-de-lelectricite","og_site_name":"B\u00e9nin","article_published_time":"2022-07-26T19:08:05+00:00","article_modified_time":"2022-07-26T19:30:06+00:00","og_image":[{"width":1556,"height":1036,"url":"https:\/\/static.africa-press.net\/benin\/sites\/46\/2022\/07\/postQueueImg_25-62e040a8be563.jpg","type":"image\/jpeg"}],"author":"cfeditorfr","twitter_card":"summary_large_image","twitter_misc":{"\u00c9crit par":"cfeditorfr","Dur\u00e9e de lecture estim\u00e9e":"2 minutes"},"schema":{"@context":"https:\/\/schema.org","@graph":[{"@type":"Article","@id":"https:\/\/www.africa-press.net\/benin\/economie\/jean-claude-houssou-le-benin-autonome-et-en-surplus-on-pourra-egalement-vendre-de-lelectricite#article","isPartOf":{"@id":"https:\/\/www.africa-press.net\/benin\/economie\/jean-claude-houssou-le-benin-autonome-et-en-surplus-on-pourra-egalement-vendre-de-lelectricite"},"author":{"name":"cfeditorfr","@id":"https:\/\/www.africa-press.net\/benin\/#\/schema\/person\/2b1cf3cd81a31e3cd26889ca66d677f1"},"headline":"Jean-Claude Houssou: Le B\u00e9nin autonome \u00ab\u00a0et en surplus, on pourra \u00e9galement vendre de l\u2019\u00e9lectricit\u00e9\u2026\u00a0\u00bb","datePublished":"2022-07-26T19:08:05+00:00","dateModified":"2022-07-26T19:30:06+00:00","mainEntityOfPage":{"@id":"https:\/\/www.africa-press.net\/benin\/economie\/jean-claude-houssou-le-benin-autonome-et-en-surplus-on-pourra-egalement-vendre-de-lelectricite"},"wordCount":453,"commentCount":0,"image":{"@id":"https:\/\/www.africa-press.net\/benin\/economie\/jean-claude-houssou-le-benin-autonome-et-en-surplus-on-pourra-egalement-vendre-de-lelectricite#primaryimage"},"thumbnailUrl":"https:\/\/static.africa-press.net\/benin\/sites\/46\/2022\/07\/postQueueImg_25-62e040a8be563.jpg","keywords":["Africa Press","Africa Press-Benin","B\u00e9nin"],"articleSection":["\u00c9conomie","homepage-french","Toutes les actualit\u00e9s"],"inLanguage":"fr-FR","potentialAction":[{"@type":"CommentAction","name":"Comment","target":["https:\/\/www.africa-press.net\/benin\/economie\/jean-claude-houssou-le-benin-autonome-et-en-surplus-on-pourra-egalement-vendre-de-lelectricite#respond"]}]},{"@type":"WebPage","@id":"https:\/\/www.africa-press.net\/benin\/economie\/jean-claude-houssou-le-benin-autonome-et-en-surplus-on-pourra-egalement-vendre-de-lelectricite","url":"https:\/\/www.africa-press.net\/benin\/economie\/jean-claude-houssou-le-benin-autonome-et-en-surplus-on-pourra-egalement-vendre-de-lelectricite","name":"Jean-Claude Houssou: Le B\u00e9nin autonome \u00ab\u00a0et en surplus, on pourra \u00e9galement vendre de l\u2019\u00e9lectricit\u00e9\u2026\u00a0\u00bb - B\u00e9nin","isPartOf":{"@id":"https:\/\/www.africa-press.net\/benin\/#website"},"primaryImageOfPage":{"@id":"https:\/\/www.africa-press.net\/benin\/economie\/jean-claude-houssou-le-benin-autonome-et-en-surplus-on-pourra-egalement-vendre-de-lelectricite#primaryimage"},"image":{"@id":"https:\/\/www.africa-press.net\/benin\/economie\/jean-claude-houssou-le-benin-autonome-et-en-surplus-on-pourra-egalement-vendre-de-lelectricite#primaryimage"},"thumbnailUrl":"https:\/\/static.africa-press.net\/benin\/sites\/46\/2022\/07\/postQueueImg_25-62e040a8be563.jpg","datePublished":"2022-07-26T19:08:05+00:00","dateModified":"2022-07-26T19:30:06+00:00","author":{"@id":"https:\/\/www.africa-press.net\/benin\/#\/schema\/person\/2b1cf3cd81a31e3cd26889ca66d677f1"},"description":"Le B\u00e9nin une fois autonome, et en surplus, on pourra \u00e9galement vendre de l\u2019\u00e9lectricit\u00e9\u2026 \u00bb, a annonc\u00e9 mardi 19 juillet 20 ...","breadcrumb":{"@id":"https:\/\/www.africa-press.net\/benin\/economie\/jean-claude-houssou-le-benin-autonome-et-en-surplus-on-pourra-egalement-vendre-de-lelectricite#breadcrumb"},"inLanguage":"fr-FR","potentialAction":[{"@type":"ReadAction","target":["https:\/\/www.africa-press.net\/benin\/economie\/jean-claude-houssou-le-benin-autonome-et-en-surplus-on-pourra-egalement-vendre-de-lelectricite"]}]},{"@type":"ImageObject","inLanguage":"fr-FR","@id":"https:\/\/www.africa-press.net\/benin\/economie\/jean-claude-houssou-le-benin-autonome-et-en-surplus-on-pourra-egalement-vendre-de-lelectricite#primaryimage","url":"https:\/\/static.africa-press.net\/benin\/sites\/46\/2022\/07\/postQueueImg_25-62e040a8be563.jpg","contentUrl":"https:\/\/static.africa-press.net\/benin\/sites\/46\/2022\/07\/postQueueImg_25-62e040a8be563.jpg","width":1556,"height":1036,"caption":"Jean-Claude Houssou: Le B\u00e9nin autonome \u00ab\u00a0et en surplus, on pourra \u00e9galement vendre de l\u2019\u00e9lectricit\u00e9\u2026\u00a0\u00bb"},{"@type":"BreadcrumbList","@id":"https:\/\/www.africa-press.net\/benin\/economie\/jean-claude-houssou-le-benin-autonome-et-en-surplus-on-pourra-egalement-vendre-de-lelectricite#breadcrumb","itemListElement":[{"@type":"ListItem","position":1,"name":"Accueil","item":"https:\/\/www.africa-press.net\/benin\/"},{"@type":"ListItem","position":2,"name":"Jean-Claude Houssou: Le B\u00e9nin autonome \u00ab\u00a0et en surplus, on pourra \u00e9galement vendre de l\u2019\u00e9lectricit\u00e9\u2026\u00a0\u00bb"}]},{"@type":"WebSite","@id":"https:\/\/www.africa-press.net\/benin\/#website","url":"https:\/\/www.africa-press.net\/benin\/","name":"B\u00e9nin","description":"Just another Africa News Agency Sites site","potentialAction":[{"@type":"SearchAction","target":{"@type":"EntryPoint","urlTemplate":"https:\/\/www.africa-press.net\/benin\/?s={search_term_string}"},"query-input":{"@type":"PropertyValueSpecification","valueRequired":true,"valueName":"search_term_string"}}],"inLanguage":"fr-FR"},{"@type":"Person","@id":"https:\/\/www.africa-press.net\/benin\/#\/schema\/person\/2b1cf3cd81a31e3cd26889ca66d677f1","name":"cfeditorfr"}]}},"_links":{"self":[{"href":"https:\/\/www.africa-press.net\/benin\/wp-json\/wp\/v2\/posts\/7231","targetHints":{"allow":["GET"]}}],"collection":[{"href":"https:\/\/www.africa-press.net\/benin\/wp-json\/wp\/v2\/posts"}],"about":[{"href":"https:\/\/www.africa-press.net\/benin\/wp-json\/wp\/v2\/types\/post"}],"author":[{"embeddable":true,"href":"https:\/\/www.africa-press.net\/benin\/wp-json\/wp\/v2\/users\/82"}],"replies":[{"embeddable":true,"href":"https:\/\/www.africa-press.net\/benin\/wp-json\/wp\/v2\/comments?post=7231"}],"version-history":[{"count":0,"href":"https:\/\/www.africa-press.net\/benin\/wp-json\/wp\/v2\/posts\/7231\/revisions"}],"wp:featuredmedia":[{"embeddable":true,"href":"https:\/\/www.africa-press.net\/benin\/wp-json\/wp\/v2\/media\/7230"}],"wp:attachment":[{"href":"https:\/\/www.africa-press.net\/benin\/wp-json\/wp\/v2\/media?parent=7231"}],"wp:term":[{"taxonomy":"category","embeddable":true,"href":"https:\/\/www.africa-press.net\/benin\/wp-json\/wp\/v2\/categories?post=7231"},{"taxonomy":"post_tag","embeddable":true,"href":"https:\/\/www.africa-press.net\/benin\/wp-json\/wp\/v2\/tags?post=7231"}],"curies":[{"name":"wp","href":"https:\/\/api.w.org\/{rel}","templated":true}]}}