{"id":7234,"date":"2022-07-26T19:08:22","date_gmt":"2022-07-26T19:08:22","guid":{"rendered":"https:\/\/www.africa-press.net\/benin\/politique\/visite-officielle-au-benin-changement-de-programme-pour-emmanuel-macron"},"modified":"2022-07-26T19:30:38","modified_gmt":"2022-07-26T19:30:38","slug":"visite-officielle-au-benin-changement-de-programme-pour-emmanuel-macron","status":"publish","type":"post","link":"https:\/\/www.africa-press.net\/benin\/politique\/visite-officielle-au-benin-changement-de-programme-pour-emmanuel-macron","title":{"rendered":"Visite officielle au B\u00e9nin: changement de programme pour Emmanuel Macron"},"content":{"rendered":"<p><span style=\"color: #ff6600\"><strong>Africa-Press &#8211; Benin. <\/strong><\/span>L\u00e9g\u00e8re modication dans l\u2019agenda du pr\u00e9sident fran\u00e7ais Emmanuel Macron attendu au B\u00e9nin pour une visite officielle de travail. Aux derni\u00e8res nouvelles, Emmanuel Macron et sa d\u00e9l\u00e9gation seront \u00e0 Cotonou un peu plut\u00f4t que pr\u00e9vu.<\/p>\n<p>Annonc\u00e9 \u00e0 Cotonou dans la matin\u00e9e du mercredi 27 juillet 2022, Emmanuel Macron foulera finalement le sol b\u00e9ninois dans la soir\u00e9e de ce mardi 26 juillet 2022. \u00ab Sur invitation du Pr\u00e9sident de la R\u00e9publique, Monsieur Patrice TALON, Son Excellence Monsieur Emmanuel Macron, Pr\u00e9sident de la R\u00e9publique fran\u00e7aise, effectue les 26 et 27 juillet 2022, une visite de travail en R\u00e9publique du B\u00e9nin \u00bb, pr\u00e9cise une note d\u2019information de la pr\u00e9sidence du B\u00e9nin.<\/p>\n<p>A part la date d\u2019arriv\u00e9e, le reste du chronogramme n\u2019a visiblement pas chang\u00e9. Comme annonc\u00e9, le pr\u00e9sident fran\u00e7ais sera re\u00e7u dans la matin\u00e9e du mercredi 27 juillet 2022, au Palais de la Marina, par le pr\u00e9sident de la R\u00e9publique, Monsieur Patrice Talon, pour un t\u00eate-\u00e0-t\u00eate suivi d\u2019une s\u00e9ance de travail \u00e9largie \u00e0 l\u2019issue de laquelle divers documents seront sign\u00e9s.<\/p>\n<p>Visite de l\u2019exposition diptyque<\/p>\n<p>Apr\u00e8s les \u00e9changes, Emmanuel Macron va visiter l\u2019exposition diptyque \u00ab ART DU B\u00c9NIN, D\u2019HIER ET D\u2019AUJOURD\u2019HUI : DE LA RESTITUTION \u00c0 LA R\u00c9V\u00c9LATION \u00bb \u2013 Tr\u00e9sors royaux et Art contemporain du B\u00e9nin.<\/p>\n<p>Point de presse conjoint<\/p>\n<p>Les pr\u00e9sidents Emmanuel Macron et Patrice Talon seront face \u00e0 la presse apr\u00e8s la visite des \u0153uvres d\u2019art. Face aux hommes des m\u00e9dias, les deux chefs d\u2019Etat vont d\u00e9voiler les motifs de leur rencontre et pr\u00e9senter les perspectives pour l\u2019am\u00e9lioration des relations diplomatiques entre les deux pays.<\/p>\n<p>La derni\u00e8re \u00e9tape de la visite officielle du pr\u00e9sident fran\u00e7ais se d\u00e9roulera sur le site de S\u00e8m\u00e8 City o\u00f9 il abordera plusieurs questions.<\/p>\n<p><strong>Pour plus d&rsquo;informations et d&rsquo;analyses sur la <a href=\"https:\/\/www.africa-press.net\/benin\">Benin<\/a>, suivez <a href=\"https:\/\/www.africa-press.net\/\">Africa-Press<\/a><\/strong><\/p>\n","protected":false},"excerpt":{"rendered":"<p>Africa-Press &#8211; Benin. L\u00e9g\u00e8re modication dans l\u2019agenda du pr\u00e9sident fran\u00e7ais Emmanuel Macron attendu au B\u00e9nin pour une visite officielle de travail. Aux derni\u00e8res nouvelles, Emmanuel Macron et sa d\u00e9l\u00e9gation seront \u00e0 Cotonou un peu plut\u00f4t que pr\u00e9vu. Annonc\u00e9 \u00e0 Cotonou dans la matin\u00e9e du mercredi 27 juillet 2022, Emmanuel Macron foulera finalement le sol b\u00e9ninois [&hellip;]<\/p>\n","protected":false},"author":82,"featured_media":7233,"comment_status":"open","ping_status":"closed","sticky":false,"template":"","format":"standard","meta":{"footnotes":""},"categories":[11,2,20,10],"tags":[36,50,45],"class_list":["post-7234","post","type-post","status-publish","format-standard","has-post-thumbnail","hentry","category-homepage-french","category-politique","category-top-nouvelles","category-toutes-les-actualites","tag-africa-press","tag-africa-press-benin","tag-benin"],"yoast_head":"<!-- This site is optimized with the Yoast SEO Premium plugin v26.1 (Yoast SEO v27.0) - https:\/\/yoast.com\/product\/yoast-seo-premium-wordpress\/ -->\n<title>Visite officielle au B\u00e9nin: changement de programme pour Emmanuel Macron - B\u00e9nin<\/title>\n<meta name=\"description\" content=\"L\u00e9g\u00e8re modication dans l\u2019agenda du pr\u00e9sident fran\u00e7ais Emmanuel Macron attendu au B\u00e9nin pour une visite officielle de tra ...\" \/>\n<meta name=\"robots\" content=\"index, follow, max-snippet:-1, max-image-preview:large, max-video-preview:-1\" \/>\n<link rel=\"canonical\" href=\"https:\/\/www.africa-press.net\/benin\/politique\/visite-officielle-au-benin-changement-de-programme-pour-emmanuel-macron\" \/>\n<meta property=\"og:locale\" content=\"fr_FR\" \/>\n<meta property=\"og:type\" content=\"article\" \/>\n<meta property=\"og:title\" content=\"Visite officielle au B\u00e9nin: changement de programme pour Emmanuel Macron\" \/>\n<meta property=\"og:description\" content=\"L\u00e9g\u00e8re modication dans l\u2019agenda du pr\u00e9sident fran\u00e7ais Emmanuel Macron attendu au B\u00e9nin pour une visite officielle de tra ...\" \/>\n<meta property=\"og:url\" content=\"https:\/\/www.africa-press.net\/benin\/politique\/visite-officielle-au-benin-changement-de-programme-pour-emmanuel-macron\" \/>\n<meta property=\"og:site_name\" content=\"B\u00e9nin\" \/>\n<meta property=\"article:published_time\" content=\"2022-07-26T19:08:22+00:00\" \/>\n<meta property=\"article:modified_time\" content=\"2022-07-26T19:30:38+00:00\" \/>\n<meta property=\"og:image\" content=\"https:\/\/static.africa-press.net\/benin\/sites\/46\/2022\/07\/postQueueImg_26-62e040c5e7d57.jpg\" \/>\n\t<meta property=\"og:image:width\" content=\"1200\" \/>\n\t<meta property=\"og:image:height\" content=\"800\" \/>\n\t<meta property=\"og:image:type\" content=\"image\/jpeg\" \/>\n<meta name=\"author\" content=\"cfeditorfr\" \/>\n<meta name=\"twitter:card\" content=\"summary_large_image\" \/>\n<meta name=\"twitter:label1\" content=\"\u00c9crit par\" \/>\n\t<meta name=\"twitter:data1\" content=\"cfeditorfr\" \/>\n\t<meta name=\"twitter:label2\" content=\"Dur\u00e9e de lecture estim\u00e9e\" \/>\n\t<meta name=\"twitter:data2\" content=\"2 minutes\" \/>\n<script type=\"application\/ld+json\" class=\"yoast-schema-graph\">{\"@context\":\"https:\/\/schema.org\",\"@graph\":[{\"@type\":\"Article\",\"@id\":\"https:\/\/www.africa-press.net\/benin\/politique\/visite-officielle-au-benin-changement-de-programme-pour-emmanuel-macron#article\",\"isPartOf\":{\"@id\":\"https:\/\/www.africa-press.net\/benin\/politique\/visite-officielle-au-benin-changement-de-programme-pour-emmanuel-macron\"},\"author\":{\"name\":\"cfeditorfr\",\"@id\":\"https:\/\/www.africa-press.net\/benin\/#\/schema\/person\/2b1cf3cd81a31e3cd26889ca66d677f1\"},\"headline\":\"Visite officielle au B\u00e9nin: changement de programme pour Emmanuel Macron\",\"datePublished\":\"2022-07-26T19:08:22+00:00\",\"dateModified\":\"2022-07-26T19:30:38+00:00\",\"mainEntityOfPage\":{\"@id\":\"https:\/\/www.africa-press.net\/benin\/politique\/visite-officielle-au-benin-changement-de-programme-pour-emmanuel-macron\"},\"wordCount\":348,\"commentCount\":0,\"image\":{\"@id\":\"https:\/\/www.africa-press.net\/benin\/politique\/visite-officielle-au-benin-changement-de-programme-pour-emmanuel-macron#primaryimage\"},\"thumbnailUrl\":\"https:\/\/static.africa-press.net\/benin\/sites\/46\/2022\/07\/postQueueImg_26-62e040c5e7d57.jpg\",\"keywords\":[\"Africa Press\",\"Africa Press-Benin\",\"B\u00e9nin\"],\"articleSection\":[\"homepage-french\",\"Politique\",\"Top Nouvelles\",\"Toutes les actualit\u00e9s\"],\"inLanguage\":\"fr-FR\",\"potentialAction\":[{\"@type\":\"CommentAction\",\"name\":\"Comment\",\"target\":[\"https:\/\/www.africa-press.net\/benin\/politique\/visite-officielle-au-benin-changement-de-programme-pour-emmanuel-macron#respond\"]}]},{\"@type\":\"WebPage\",\"@id\":\"https:\/\/www.africa-press.net\/benin\/politique\/visite-officielle-au-benin-changement-de-programme-pour-emmanuel-macron\",\"url\":\"https:\/\/www.africa-press.net\/benin\/politique\/visite-officielle-au-benin-changement-de-programme-pour-emmanuel-macron\",\"name\":\"Visite officielle au B\u00e9nin: changement de programme pour Emmanuel Macron - B\u00e9nin\",\"isPartOf\":{\"@id\":\"https:\/\/www.africa-press.net\/benin\/#website\"},\"primaryImageOfPage\":{\"@id\":\"https:\/\/www.africa-press.net\/benin\/politique\/visite-officielle-au-benin-changement-de-programme-pour-emmanuel-macron#primaryimage\"},\"image\":{\"@id\":\"https:\/\/www.africa-press.net\/benin\/politique\/visite-officielle-au-benin-changement-de-programme-pour-emmanuel-macron#primaryimage\"},\"thumbnailUrl\":\"https:\/\/static.africa-press.net\/benin\/sites\/46\/2022\/07\/postQueueImg_26-62e040c5e7d57.jpg\",\"datePublished\":\"2022-07-26T19:08:22+00:00\",\"dateModified\":\"2022-07-26T19:30:38+00:00\",\"author\":{\"@id\":\"https:\/\/www.africa-press.net\/benin\/#\/schema\/person\/2b1cf3cd81a31e3cd26889ca66d677f1\"},\"description\":\"L\u00e9g\u00e8re modication dans l\u2019agenda du pr\u00e9sident fran\u00e7ais Emmanuel Macron attendu au B\u00e9nin pour une visite officielle de tra ...\",\"breadcrumb\":{\"@id\":\"https:\/\/www.africa-press.net\/benin\/politique\/visite-officielle-au-benin-changement-de-programme-pour-emmanuel-macron#breadcrumb\"},\"inLanguage\":\"fr-FR\",\"potentialAction\":[{\"@type\":\"ReadAction\",\"target\":[\"https:\/\/www.africa-press.net\/benin\/politique\/visite-officielle-au-benin-changement-de-programme-pour-emmanuel-macron\"]}]},{\"@type\":\"ImageObject\",\"inLanguage\":\"fr-FR\",\"@id\":\"https:\/\/www.africa-press.net\/benin\/politique\/visite-officielle-au-benin-changement-de-programme-pour-emmanuel-macron#primaryimage\",\"url\":\"https:\/\/static.africa-press.net\/benin\/sites\/46\/2022\/07\/postQueueImg_26-62e040c5e7d57.jpg\",\"contentUrl\":\"https:\/\/static.africa-press.net\/benin\/sites\/46\/2022\/07\/postQueueImg_26-62e040c5e7d57.jpg\",\"width\":1200,\"height\":800,\"caption\":\"Visite officielle au B\u00e9nin: changement de programme pour Emmanuel Macron\"},{\"@type\":\"BreadcrumbList\",\"@id\":\"https:\/\/www.africa-press.net\/benin\/politique\/visite-officielle-au-benin-changement-de-programme-pour-emmanuel-macron#breadcrumb\",\"itemListElement\":[{\"@type\":\"ListItem\",\"position\":1,\"name\":\"Accueil\",\"item\":\"https:\/\/www.africa-press.net\/benin\/\"},{\"@type\":\"ListItem\",\"position\":2,\"name\":\"Visite officielle au B\u00e9nin: changement de programme pour Emmanuel Macron\"}]},{\"@type\":\"WebSite\",\"@id\":\"https:\/\/www.africa-press.net\/benin\/#website\",\"url\":\"https:\/\/www.africa-press.net\/benin\/\",\"name\":\"B\u00e9nin\",\"description\":\"Just another Africa News Agency Sites site\",\"potentialAction\":[{\"@type\":\"SearchAction\",\"target\":{\"@type\":\"EntryPoint\",\"urlTemplate\":\"https:\/\/www.africa-press.net\/benin\/?s={search_term_string}\"},\"query-input\":{\"@type\":\"PropertyValueSpecification\",\"valueRequired\":true,\"valueName\":\"search_term_string\"}}],\"inLanguage\":\"fr-FR\"},{\"@type\":\"Person\",\"@id\":\"https:\/\/www.africa-press.net\/benin\/#\/schema\/person\/2b1cf3cd81a31e3cd26889ca66d677f1\",\"name\":\"cfeditorfr\"}]}<\/script>\n<!-- \/ Yoast SEO Premium plugin. -->","yoast_head_json":{"title":"Visite officielle au B\u00e9nin: changement de programme pour Emmanuel Macron - B\u00e9nin","description":"L\u00e9g\u00e8re modication dans l\u2019agenda du pr\u00e9sident fran\u00e7ais Emmanuel Macron attendu au B\u00e9nin pour une visite officielle de tra ...","robots":{"index":"index","follow":"follow","max-snippet":"max-snippet:-1","max-image-preview":"max-image-preview:large","max-video-preview":"max-video-preview:-1"},"canonical":"https:\/\/www.africa-press.net\/benin\/politique\/visite-officielle-au-benin-changement-de-programme-pour-emmanuel-macron","og_locale":"fr_FR","og_type":"article","og_title":"Visite officielle au B\u00e9nin: changement de programme pour Emmanuel Macron","og_description":"L\u00e9g\u00e8re modication dans l\u2019agenda du pr\u00e9sident fran\u00e7ais Emmanuel Macron attendu au B\u00e9nin pour une visite officielle de tra ...","og_url":"https:\/\/www.africa-press.net\/benin\/politique\/visite-officielle-au-benin-changement-de-programme-pour-emmanuel-macron","og_site_name":"B\u00e9nin","article_published_time":"2022-07-26T19:08:22+00:00","article_modified_time":"2022-07-26T19:30:38+00:00","og_image":[{"width":1200,"height":800,"url":"https:\/\/static.africa-press.net\/benin\/sites\/46\/2022\/07\/postQueueImg_26-62e040c5e7d57.jpg","type":"image\/jpeg"}],"author":"cfeditorfr","twitter_card":"summary_large_image","twitter_misc":{"\u00c9crit par":"cfeditorfr","Dur\u00e9e de lecture estim\u00e9e":"2 minutes"},"schema":{"@context":"https:\/\/schema.org","@graph":[{"@type":"Article","@id":"https:\/\/www.africa-press.net\/benin\/politique\/visite-officielle-au-benin-changement-de-programme-pour-emmanuel-macron#article","isPartOf":{"@id":"https:\/\/www.africa-press.net\/benin\/politique\/visite-officielle-au-benin-changement-de-programme-pour-emmanuel-macron"},"author":{"name":"cfeditorfr","@id":"https:\/\/www.africa-press.net\/benin\/#\/schema\/person\/2b1cf3cd81a31e3cd26889ca66d677f1"},"headline":"Visite officielle au B\u00e9nin: changement de programme pour Emmanuel Macron","datePublished":"2022-07-26T19:08:22+00:00","dateModified":"2022-07-26T19:30:38+00:00","mainEntityOfPage":{"@id":"https:\/\/www.africa-press.net\/benin\/politique\/visite-officielle-au-benin-changement-de-programme-pour-emmanuel-macron"},"wordCount":348,"commentCount":0,"image":{"@id":"https:\/\/www.africa-press.net\/benin\/politique\/visite-officielle-au-benin-changement-de-programme-pour-emmanuel-macron#primaryimage"},"thumbnailUrl":"https:\/\/static.africa-press.net\/benin\/sites\/46\/2022\/07\/postQueueImg_26-62e040c5e7d57.jpg","keywords":["Africa Press","Africa Press-Benin","B\u00e9nin"],"articleSection":["homepage-french","Politique","Top Nouvelles","Toutes les actualit\u00e9s"],"inLanguage":"fr-FR","potentialAction":[{"@type":"CommentAction","name":"Comment","target":["https:\/\/www.africa-press.net\/benin\/politique\/visite-officielle-au-benin-changement-de-programme-pour-emmanuel-macron#respond"]}]},{"@type":"WebPage","@id":"https:\/\/www.africa-press.net\/benin\/politique\/visite-officielle-au-benin-changement-de-programme-pour-emmanuel-macron","url":"https:\/\/www.africa-press.net\/benin\/politique\/visite-officielle-au-benin-changement-de-programme-pour-emmanuel-macron","name":"Visite officielle au B\u00e9nin: changement de programme pour Emmanuel Macron - B\u00e9nin","isPartOf":{"@id":"https:\/\/www.africa-press.net\/benin\/#website"},"primaryImageOfPage":{"@id":"https:\/\/www.africa-press.net\/benin\/politique\/visite-officielle-au-benin-changement-de-programme-pour-emmanuel-macron#primaryimage"},"image":{"@id":"https:\/\/www.africa-press.net\/benin\/politique\/visite-officielle-au-benin-changement-de-programme-pour-emmanuel-macron#primaryimage"},"thumbnailUrl":"https:\/\/static.africa-press.net\/benin\/sites\/46\/2022\/07\/postQueueImg_26-62e040c5e7d57.jpg","datePublished":"2022-07-26T19:08:22+00:00","dateModified":"2022-07-26T19:30:38+00:00","author":{"@id":"https:\/\/www.africa-press.net\/benin\/#\/schema\/person\/2b1cf3cd81a31e3cd26889ca66d677f1"},"description":"L\u00e9g\u00e8re modication dans l\u2019agenda du pr\u00e9sident fran\u00e7ais Emmanuel Macron attendu au B\u00e9nin pour une visite officielle de tra ...","breadcrumb":{"@id":"https:\/\/www.africa-press.net\/benin\/politique\/visite-officielle-au-benin-changement-de-programme-pour-emmanuel-macron#breadcrumb"},"inLanguage":"fr-FR","potentialAction":[{"@type":"ReadAction","target":["https:\/\/www.africa-press.net\/benin\/politique\/visite-officielle-au-benin-changement-de-programme-pour-emmanuel-macron"]}]},{"@type":"ImageObject","inLanguage":"fr-FR","@id":"https:\/\/www.africa-press.net\/benin\/politique\/visite-officielle-au-benin-changement-de-programme-pour-emmanuel-macron#primaryimage","url":"https:\/\/static.africa-press.net\/benin\/sites\/46\/2022\/07\/postQueueImg_26-62e040c5e7d57.jpg","contentUrl":"https:\/\/static.africa-press.net\/benin\/sites\/46\/2022\/07\/postQueueImg_26-62e040c5e7d57.jpg","width":1200,"height":800,"caption":"Visite officielle au B\u00e9nin: changement de programme pour Emmanuel Macron"},{"@type":"BreadcrumbList","@id":"https:\/\/www.africa-press.net\/benin\/politique\/visite-officielle-au-benin-changement-de-programme-pour-emmanuel-macron#breadcrumb","itemListElement":[{"@type":"ListItem","position":1,"name":"Accueil","item":"https:\/\/www.africa-press.net\/benin\/"},{"@type":"ListItem","position":2,"name":"Visite officielle au B\u00e9nin: changement de programme pour Emmanuel Macron"}]},{"@type":"WebSite","@id":"https:\/\/www.africa-press.net\/benin\/#website","url":"https:\/\/www.africa-press.net\/benin\/","name":"B\u00e9nin","description":"Just another Africa News Agency Sites site","potentialAction":[{"@type":"SearchAction","target":{"@type":"EntryPoint","urlTemplate":"https:\/\/www.africa-press.net\/benin\/?s={search_term_string}"},"query-input":{"@type":"PropertyValueSpecification","valueRequired":true,"valueName":"search_term_string"}}],"inLanguage":"fr-FR"},{"@type":"Person","@id":"https:\/\/www.africa-press.net\/benin\/#\/schema\/person\/2b1cf3cd81a31e3cd26889ca66d677f1","name":"cfeditorfr"}]}},"_links":{"self":[{"href":"https:\/\/www.africa-press.net\/benin\/wp-json\/wp\/v2\/posts\/7234","targetHints":{"allow":["GET"]}}],"collection":[{"href":"https:\/\/www.africa-press.net\/benin\/wp-json\/wp\/v2\/posts"}],"about":[{"href":"https:\/\/www.africa-press.net\/benin\/wp-json\/wp\/v2\/types\/post"}],"author":[{"embeddable":true,"href":"https:\/\/www.africa-press.net\/benin\/wp-json\/wp\/v2\/users\/82"}],"replies":[{"embeddable":true,"href":"https:\/\/www.africa-press.net\/benin\/wp-json\/wp\/v2\/comments?post=7234"}],"version-history":[{"count":0,"href":"https:\/\/www.africa-press.net\/benin\/wp-json\/wp\/v2\/posts\/7234\/revisions"}],"wp:featuredmedia":[{"embeddable":true,"href":"https:\/\/www.africa-press.net\/benin\/wp-json\/wp\/v2\/media\/7233"}],"wp:attachment":[{"href":"https:\/\/www.africa-press.net\/benin\/wp-json\/wp\/v2\/media?parent=7234"}],"wp:term":[{"taxonomy":"category","embeddable":true,"href":"https:\/\/www.africa-press.net\/benin\/wp-json\/wp\/v2\/categories?post=7234"},{"taxonomy":"post_tag","embeddable":true,"href":"https:\/\/www.africa-press.net\/benin\/wp-json\/wp\/v2\/tags?post=7234"}],"curies":[{"name":"wp","href":"https:\/\/api.w.org\/{rel}","templated":true}]}}