{"id":7240,"date":"2022-07-26T19:08:37","date_gmt":"2022-07-26T19:08:37","guid":{"rendered":"https:\/\/www.africa-press.net\/benin\/politique\/benin-hommage-posthume-de-la-copes-aoc-au-professeur-benjamin-fayomi"},"modified":"2022-07-26T19:31:35","modified_gmt":"2022-07-26T19:31:35","slug":"benin-hommage-posthume-de-la-copes-aoc-au-professeur-benjamin-fayomi","status":"publish","type":"post","link":"https:\/\/www.africa-press.net\/benin\/toutes-les-actualites\/benin-hommage-posthume-de-la-copes-aoc-au-professeur-benjamin-fayomi","title":{"rendered":"B\u00e9nin: hommage posthume de la Copes-Aoc au Professeur Benjamin Fayomi"},"content":{"rendered":"<p><span style=\"color: #ff6600\"><strong>Africa-Press &#8211; Benin. <\/strong><\/span>La Communaut\u00e9 de pratiques en Ecosant\u00e9 pour l\u2019Afrique de l\u2019Ouest et du Centre (Copes-Aoc), salue la m\u00e9moire du feu Professeur Benjamin Fayomi. A titre posthume, les membres de ladite communaut\u00e9 lui ont rendu un hommage m\u00e9rit\u00e9.<\/p>\n<p>\u00ab Un homme tr\u00e8s m\u00e9ticuleux dans tout ce qu\u2019il fait, ouvert, p\u00e9tri de qualit\u00e9 et soucieux de transmettre ses connaissances aux plus jeunes \u00bb, c\u2019est ce que retient de l\u2019illustre disparu, le Repr\u00e9sentant de la ministre de l\u2019Enseignement sup\u00e9rieur et de la recherche scientifique, Philippe Laley\u00e8. Comme lui, le pr\u00e9sident de la Copes-Aoc n\u2019a pas fait \u00e9conomie d\u2019\u00e9loges sur le parcours de Benjamin Fayomi.<\/p>\n<p>\u00ab Il \u00e9tait discret, mais toujours sensible aux questions existentielles des uns et des autres. C\u2019\u00e9tait un chercheur et un enseignant de renom. Sous une apparente timidit\u00e9 gisait un leadership charismatique, une personne d\u00e9cid\u00e9e, sans arrogance et un n\u00e9gociateur de talent \u00bb, a d\u00e9clar\u00e9 Pascal Hou\u00e9nou, pr\u00e9sident de la Copes-Aoc.<\/p>\n<p>Pour rappel, Benjamin Eboun Fayomi, Professeur agr\u00e9g\u00e9 et M\u00e9decin de sant\u00e9 au travail et environnement, est d\u00e9c\u00e9d\u00e9 le lundi 20 septembre 2021. Ancien directeur de l\u2019Institut des Sciences Biom\u00e9dicales Appliqu\u00e9es (ISBA) et Coordonnateur R\u00e9gional du programme de Formation \u00e0 la Recherche en Sant\u00e9 au Travail en Afrique (FORSTE). L\u2019universitaire a \u00e9galement \u00e9t\u00e9 Coordonnateur de la Communaut\u00e9 de pratique Ecosant\u00e9 pour l\u2019Afrique de l\u2019Ouest et du Centre (Copes-Aoc).<\/p>\n<p><strong>Pour plus d&rsquo;informations et d&rsquo;analyses sur la <a href=\"https:\/\/www.africa-press.net\/benin\">Benin<\/a>, suivez <a href=\"https:\/\/www.africa-press.net\/\">Africa-Press<\/a><\/strong><\/p>\n","protected":false},"excerpt":{"rendered":"<p>Africa-Press &#8211; Benin. La Communaut\u00e9 de pratiques en Ecosant\u00e9 pour l\u2019Afrique de l\u2019Ouest et du Centre (Copes-Aoc), salue la m\u00e9moire du feu Professeur Benjamin Fayomi. A titre posthume, les membres de ladite communaut\u00e9 lui ont rendu un hommage m\u00e9rit\u00e9. \u00ab Un homme tr\u00e8s m\u00e9ticuleux dans tout ce qu\u2019il fait, ouvert, p\u00e9tri de qualit\u00e9 et soucieux [&hellip;]<\/p>\n","protected":false},"author":82,"featured_media":7239,"comment_status":"open","ping_status":"closed","sticky":false,"template":"","format":"standard","meta":{"footnotes":""},"categories":[21,11,10],"tags":[36,50,45],"class_list":["post-7240","post","type-post","status-publish","format-standard","has-post-thumbnail","hentry","category-communaute","category-homepage-french","category-toutes-les-actualites","tag-africa-press","tag-africa-press-benin","tag-benin"],"yoast_head":"<!-- This site is optimized with the Yoast SEO Premium plugin v26.1 (Yoast SEO v27.0) - https:\/\/yoast.com\/product\/yoast-seo-premium-wordpress\/ -->\n<title>B\u00e9nin: hommage posthume de la Copes-Aoc au Professeur Benjamin Fayomi - B\u00e9nin<\/title>\n<meta name=\"description\" content=\"La Communaut\u00e9 de pratiques en Ecosant\u00e9 pour l\u2019Afrique de l\u2019Ouest et du Centre (Copes-Aoc), salue la m\u00e9moire du feu Profe ...\" \/>\n<meta name=\"robots\" content=\"index, follow, max-snippet:-1, max-image-preview:large, max-video-preview:-1\" \/>\n<link rel=\"canonical\" href=\"https:\/\/www.africa-press.net\/benin\/toutes-les-actualites\/benin-hommage-posthume-de-la-copes-aoc-au-professeur-benjamin-fayomi\" \/>\n<meta property=\"og:locale\" content=\"fr_FR\" \/>\n<meta property=\"og:type\" content=\"article\" \/>\n<meta property=\"og:title\" content=\"B\u00e9nin: hommage posthume de la Copes-Aoc au Professeur Benjamin Fayomi\" \/>\n<meta property=\"og:description\" content=\"La Communaut\u00e9 de pratiques en Ecosant\u00e9 pour l\u2019Afrique de l\u2019Ouest et du Centre (Copes-Aoc), salue la m\u00e9moire du feu Profe ...\" \/>\n<meta property=\"og:url\" content=\"https:\/\/www.africa-press.net\/benin\/toutes-les-actualites\/benin-hommage-posthume-de-la-copes-aoc-au-professeur-benjamin-fayomi\" \/>\n<meta property=\"og:site_name\" content=\"B\u00e9nin\" \/>\n<meta property=\"article:published_time\" content=\"2022-07-26T19:08:37+00:00\" \/>\n<meta property=\"article:modified_time\" content=\"2022-07-26T19:31:35+00:00\" \/>\n<meta property=\"og:image\" content=\"https:\/\/static.africa-press.net\/benin\/sites\/46\/2022\/07\/postQueueImg_28-62e040ffb84cb.jpg\" \/>\n\t<meta property=\"og:image:width\" content=\"1200\" \/>\n\t<meta property=\"og:image:height\" content=\"800\" \/>\n\t<meta property=\"og:image:type\" content=\"image\/jpeg\" \/>\n<meta name=\"author\" content=\"cfeditorfr\" \/>\n<meta name=\"twitter:card\" content=\"summary_large_image\" \/>\n<meta name=\"twitter:label1\" content=\"\u00c9crit par\" \/>\n\t<meta name=\"twitter:data1\" content=\"cfeditorfr\" \/>\n\t<meta name=\"twitter:label2\" content=\"Dur\u00e9e de lecture estim\u00e9e\" \/>\n\t<meta name=\"twitter:data2\" content=\"2 minutes\" \/>\n<script type=\"application\/ld+json\" class=\"yoast-schema-graph\">{\"@context\":\"https:\/\/schema.org\",\"@graph\":[{\"@type\":\"Article\",\"@id\":\"https:\/\/www.africa-press.net\/benin\/toutes-les-actualites\/benin-hommage-posthume-de-la-copes-aoc-au-professeur-benjamin-fayomi#article\",\"isPartOf\":{\"@id\":\"https:\/\/www.africa-press.net\/benin\/toutes-les-actualites\/benin-hommage-posthume-de-la-copes-aoc-au-professeur-benjamin-fayomi\"},\"author\":{\"name\":\"cfeditorfr\",\"@id\":\"https:\/\/www.africa-press.net\/benin\/#\/schema\/person\/2b1cf3cd81a31e3cd26889ca66d677f1\"},\"headline\":\"B\u00e9nin: hommage posthume de la Copes-Aoc au Professeur Benjamin Fayomi\",\"datePublished\":\"2022-07-26T19:08:37+00:00\",\"dateModified\":\"2022-07-26T19:31:35+00:00\",\"mainEntityOfPage\":{\"@id\":\"https:\/\/www.africa-press.net\/benin\/toutes-les-actualites\/benin-hommage-posthume-de-la-copes-aoc-au-professeur-benjamin-fayomi\"},\"wordCount\":270,\"commentCount\":0,\"image\":{\"@id\":\"https:\/\/www.africa-press.net\/benin\/toutes-les-actualites\/benin-hommage-posthume-de-la-copes-aoc-au-professeur-benjamin-fayomi#primaryimage\"},\"thumbnailUrl\":\"https:\/\/static.africa-press.net\/benin\/sites\/46\/2022\/07\/postQueueImg_28-62e040ffb84cb.jpg\",\"keywords\":[\"Africa Press\",\"Africa Press-Benin\",\"B\u00e9nin\"],\"articleSection\":[\"Communaut\u00e9\",\"homepage-french\",\"Toutes les actualit\u00e9s\"],\"inLanguage\":\"fr-FR\",\"potentialAction\":[{\"@type\":\"CommentAction\",\"name\":\"Comment\",\"target\":[\"https:\/\/www.africa-press.net\/benin\/toutes-les-actualites\/benin-hommage-posthume-de-la-copes-aoc-au-professeur-benjamin-fayomi#respond\"]}]},{\"@type\":\"WebPage\",\"@id\":\"https:\/\/www.africa-press.net\/benin\/toutes-les-actualites\/benin-hommage-posthume-de-la-copes-aoc-au-professeur-benjamin-fayomi\",\"url\":\"https:\/\/www.africa-press.net\/benin\/toutes-les-actualites\/benin-hommage-posthume-de-la-copes-aoc-au-professeur-benjamin-fayomi\",\"name\":\"B\u00e9nin: hommage posthume de la Copes-Aoc au Professeur Benjamin Fayomi - B\u00e9nin\",\"isPartOf\":{\"@id\":\"https:\/\/www.africa-press.net\/benin\/#website\"},\"primaryImageOfPage\":{\"@id\":\"https:\/\/www.africa-press.net\/benin\/toutes-les-actualites\/benin-hommage-posthume-de-la-copes-aoc-au-professeur-benjamin-fayomi#primaryimage\"},\"image\":{\"@id\":\"https:\/\/www.africa-press.net\/benin\/toutes-les-actualites\/benin-hommage-posthume-de-la-copes-aoc-au-professeur-benjamin-fayomi#primaryimage\"},\"thumbnailUrl\":\"https:\/\/static.africa-press.net\/benin\/sites\/46\/2022\/07\/postQueueImg_28-62e040ffb84cb.jpg\",\"datePublished\":\"2022-07-26T19:08:37+00:00\",\"dateModified\":\"2022-07-26T19:31:35+00:00\",\"author\":{\"@id\":\"https:\/\/www.africa-press.net\/benin\/#\/schema\/person\/2b1cf3cd81a31e3cd26889ca66d677f1\"},\"description\":\"La Communaut\u00e9 de pratiques en Ecosant\u00e9 pour l\u2019Afrique de l\u2019Ouest et du Centre (Copes-Aoc), salue la m\u00e9moire du feu Profe ...\",\"breadcrumb\":{\"@id\":\"https:\/\/www.africa-press.net\/benin\/toutes-les-actualites\/benin-hommage-posthume-de-la-copes-aoc-au-professeur-benjamin-fayomi#breadcrumb\"},\"inLanguage\":\"fr-FR\",\"potentialAction\":[{\"@type\":\"ReadAction\",\"target\":[\"https:\/\/www.africa-press.net\/benin\/toutes-les-actualites\/benin-hommage-posthume-de-la-copes-aoc-au-professeur-benjamin-fayomi\"]}]},{\"@type\":\"ImageObject\",\"inLanguage\":\"fr-FR\",\"@id\":\"https:\/\/www.africa-press.net\/benin\/toutes-les-actualites\/benin-hommage-posthume-de-la-copes-aoc-au-professeur-benjamin-fayomi#primaryimage\",\"url\":\"https:\/\/static.africa-press.net\/benin\/sites\/46\/2022\/07\/postQueueImg_28-62e040ffb84cb.jpg\",\"contentUrl\":\"https:\/\/static.africa-press.net\/benin\/sites\/46\/2022\/07\/postQueueImg_28-62e040ffb84cb.jpg\",\"width\":1200,\"height\":800,\"caption\":\"B\u00e9nin: hommage posthume de la Copes-Aoc au Professeur Benjamin Fayomi\"},{\"@type\":\"BreadcrumbList\",\"@id\":\"https:\/\/www.africa-press.net\/benin\/toutes-les-actualites\/benin-hommage-posthume-de-la-copes-aoc-au-professeur-benjamin-fayomi#breadcrumb\",\"itemListElement\":[{\"@type\":\"ListItem\",\"position\":1,\"name\":\"Accueil\",\"item\":\"https:\/\/www.africa-press.net\/benin\/\"},{\"@type\":\"ListItem\",\"position\":2,\"name\":\"B\u00e9nin: hommage posthume de la Copes-Aoc au Professeur Benjamin Fayomi\"}]},{\"@type\":\"WebSite\",\"@id\":\"https:\/\/www.africa-press.net\/benin\/#website\",\"url\":\"https:\/\/www.africa-press.net\/benin\/\",\"name\":\"B\u00e9nin\",\"description\":\"Just another Africa News Agency Sites site\",\"potentialAction\":[{\"@type\":\"SearchAction\",\"target\":{\"@type\":\"EntryPoint\",\"urlTemplate\":\"https:\/\/www.africa-press.net\/benin\/?s={search_term_string}\"},\"query-input\":{\"@type\":\"PropertyValueSpecification\",\"valueRequired\":true,\"valueName\":\"search_term_string\"}}],\"inLanguage\":\"fr-FR\"},{\"@type\":\"Person\",\"@id\":\"https:\/\/www.africa-press.net\/benin\/#\/schema\/person\/2b1cf3cd81a31e3cd26889ca66d677f1\",\"name\":\"cfeditorfr\"}]}<\/script>\n<!-- \/ Yoast SEO Premium plugin. -->","yoast_head_json":{"title":"B\u00e9nin: hommage posthume de la Copes-Aoc au Professeur Benjamin Fayomi - B\u00e9nin","description":"La Communaut\u00e9 de pratiques en Ecosant\u00e9 pour l\u2019Afrique de l\u2019Ouest et du Centre (Copes-Aoc), salue la m\u00e9moire du feu Profe ...","robots":{"index":"index","follow":"follow","max-snippet":"max-snippet:-1","max-image-preview":"max-image-preview:large","max-video-preview":"max-video-preview:-1"},"canonical":"https:\/\/www.africa-press.net\/benin\/toutes-les-actualites\/benin-hommage-posthume-de-la-copes-aoc-au-professeur-benjamin-fayomi","og_locale":"fr_FR","og_type":"article","og_title":"B\u00e9nin: hommage posthume de la Copes-Aoc au Professeur Benjamin Fayomi","og_description":"La Communaut\u00e9 de pratiques en Ecosant\u00e9 pour l\u2019Afrique de l\u2019Ouest et du Centre (Copes-Aoc), salue la m\u00e9moire du feu Profe ...","og_url":"https:\/\/www.africa-press.net\/benin\/toutes-les-actualites\/benin-hommage-posthume-de-la-copes-aoc-au-professeur-benjamin-fayomi","og_site_name":"B\u00e9nin","article_published_time":"2022-07-26T19:08:37+00:00","article_modified_time":"2022-07-26T19:31:35+00:00","og_image":[{"width":1200,"height":800,"url":"https:\/\/static.africa-press.net\/benin\/sites\/46\/2022\/07\/postQueueImg_28-62e040ffb84cb.jpg","type":"image\/jpeg"}],"author":"cfeditorfr","twitter_card":"summary_large_image","twitter_misc":{"\u00c9crit par":"cfeditorfr","Dur\u00e9e de lecture estim\u00e9e":"2 minutes"},"schema":{"@context":"https:\/\/schema.org","@graph":[{"@type":"Article","@id":"https:\/\/www.africa-press.net\/benin\/toutes-les-actualites\/benin-hommage-posthume-de-la-copes-aoc-au-professeur-benjamin-fayomi#article","isPartOf":{"@id":"https:\/\/www.africa-press.net\/benin\/toutes-les-actualites\/benin-hommage-posthume-de-la-copes-aoc-au-professeur-benjamin-fayomi"},"author":{"name":"cfeditorfr","@id":"https:\/\/www.africa-press.net\/benin\/#\/schema\/person\/2b1cf3cd81a31e3cd26889ca66d677f1"},"headline":"B\u00e9nin: hommage posthume de la Copes-Aoc au Professeur Benjamin Fayomi","datePublished":"2022-07-26T19:08:37+00:00","dateModified":"2022-07-26T19:31:35+00:00","mainEntityOfPage":{"@id":"https:\/\/www.africa-press.net\/benin\/toutes-les-actualites\/benin-hommage-posthume-de-la-copes-aoc-au-professeur-benjamin-fayomi"},"wordCount":270,"commentCount":0,"image":{"@id":"https:\/\/www.africa-press.net\/benin\/toutes-les-actualites\/benin-hommage-posthume-de-la-copes-aoc-au-professeur-benjamin-fayomi#primaryimage"},"thumbnailUrl":"https:\/\/static.africa-press.net\/benin\/sites\/46\/2022\/07\/postQueueImg_28-62e040ffb84cb.jpg","keywords":["Africa Press","Africa Press-Benin","B\u00e9nin"],"articleSection":["Communaut\u00e9","homepage-french","Toutes les actualit\u00e9s"],"inLanguage":"fr-FR","potentialAction":[{"@type":"CommentAction","name":"Comment","target":["https:\/\/www.africa-press.net\/benin\/toutes-les-actualites\/benin-hommage-posthume-de-la-copes-aoc-au-professeur-benjamin-fayomi#respond"]}]},{"@type":"WebPage","@id":"https:\/\/www.africa-press.net\/benin\/toutes-les-actualites\/benin-hommage-posthume-de-la-copes-aoc-au-professeur-benjamin-fayomi","url":"https:\/\/www.africa-press.net\/benin\/toutes-les-actualites\/benin-hommage-posthume-de-la-copes-aoc-au-professeur-benjamin-fayomi","name":"B\u00e9nin: hommage posthume de la Copes-Aoc au Professeur Benjamin Fayomi - B\u00e9nin","isPartOf":{"@id":"https:\/\/www.africa-press.net\/benin\/#website"},"primaryImageOfPage":{"@id":"https:\/\/www.africa-press.net\/benin\/toutes-les-actualites\/benin-hommage-posthume-de-la-copes-aoc-au-professeur-benjamin-fayomi#primaryimage"},"image":{"@id":"https:\/\/www.africa-press.net\/benin\/toutes-les-actualites\/benin-hommage-posthume-de-la-copes-aoc-au-professeur-benjamin-fayomi#primaryimage"},"thumbnailUrl":"https:\/\/static.africa-press.net\/benin\/sites\/46\/2022\/07\/postQueueImg_28-62e040ffb84cb.jpg","datePublished":"2022-07-26T19:08:37+00:00","dateModified":"2022-07-26T19:31:35+00:00","author":{"@id":"https:\/\/www.africa-press.net\/benin\/#\/schema\/person\/2b1cf3cd81a31e3cd26889ca66d677f1"},"description":"La Communaut\u00e9 de pratiques en Ecosant\u00e9 pour l\u2019Afrique de l\u2019Ouest et du Centre (Copes-Aoc), salue la m\u00e9moire du feu Profe ...","breadcrumb":{"@id":"https:\/\/www.africa-press.net\/benin\/toutes-les-actualites\/benin-hommage-posthume-de-la-copes-aoc-au-professeur-benjamin-fayomi#breadcrumb"},"inLanguage":"fr-FR","potentialAction":[{"@type":"ReadAction","target":["https:\/\/www.africa-press.net\/benin\/toutes-les-actualites\/benin-hommage-posthume-de-la-copes-aoc-au-professeur-benjamin-fayomi"]}]},{"@type":"ImageObject","inLanguage":"fr-FR","@id":"https:\/\/www.africa-press.net\/benin\/toutes-les-actualites\/benin-hommage-posthume-de-la-copes-aoc-au-professeur-benjamin-fayomi#primaryimage","url":"https:\/\/static.africa-press.net\/benin\/sites\/46\/2022\/07\/postQueueImg_28-62e040ffb84cb.jpg","contentUrl":"https:\/\/static.africa-press.net\/benin\/sites\/46\/2022\/07\/postQueueImg_28-62e040ffb84cb.jpg","width":1200,"height":800,"caption":"B\u00e9nin: hommage posthume de la Copes-Aoc au Professeur Benjamin Fayomi"},{"@type":"BreadcrumbList","@id":"https:\/\/www.africa-press.net\/benin\/toutes-les-actualites\/benin-hommage-posthume-de-la-copes-aoc-au-professeur-benjamin-fayomi#breadcrumb","itemListElement":[{"@type":"ListItem","position":1,"name":"Accueil","item":"https:\/\/www.africa-press.net\/benin\/"},{"@type":"ListItem","position":2,"name":"B\u00e9nin: hommage posthume de la Copes-Aoc au Professeur Benjamin Fayomi"}]},{"@type":"WebSite","@id":"https:\/\/www.africa-press.net\/benin\/#website","url":"https:\/\/www.africa-press.net\/benin\/","name":"B\u00e9nin","description":"Just another Africa News Agency Sites site","potentialAction":[{"@type":"SearchAction","target":{"@type":"EntryPoint","urlTemplate":"https:\/\/www.africa-press.net\/benin\/?s={search_term_string}"},"query-input":{"@type":"PropertyValueSpecification","valueRequired":true,"valueName":"search_term_string"}}],"inLanguage":"fr-FR"},{"@type":"Person","@id":"https:\/\/www.africa-press.net\/benin\/#\/schema\/person\/2b1cf3cd81a31e3cd26889ca66d677f1","name":"cfeditorfr"}]}},"_links":{"self":[{"href":"https:\/\/www.africa-press.net\/benin\/wp-json\/wp\/v2\/posts\/7240","targetHints":{"allow":["GET"]}}],"collection":[{"href":"https:\/\/www.africa-press.net\/benin\/wp-json\/wp\/v2\/posts"}],"about":[{"href":"https:\/\/www.africa-press.net\/benin\/wp-json\/wp\/v2\/types\/post"}],"author":[{"embeddable":true,"href":"https:\/\/www.africa-press.net\/benin\/wp-json\/wp\/v2\/users\/82"}],"replies":[{"embeddable":true,"href":"https:\/\/www.africa-press.net\/benin\/wp-json\/wp\/v2\/comments?post=7240"}],"version-history":[{"count":0,"href":"https:\/\/www.africa-press.net\/benin\/wp-json\/wp\/v2\/posts\/7240\/revisions"}],"wp:featuredmedia":[{"embeddable":true,"href":"https:\/\/www.africa-press.net\/benin\/wp-json\/wp\/v2\/media\/7239"}],"wp:attachment":[{"href":"https:\/\/www.africa-press.net\/benin\/wp-json\/wp\/v2\/media?parent=7240"}],"wp:term":[{"taxonomy":"category","embeddable":true,"href":"https:\/\/www.africa-press.net\/benin\/wp-json\/wp\/v2\/categories?post=7240"},{"taxonomy":"post_tag","embeddable":true,"href":"https:\/\/www.africa-press.net\/benin\/wp-json\/wp\/v2\/tags?post=7240"}],"curies":[{"name":"wp","href":"https:\/\/api.w.org\/{rel}","templated":true}]}}