{"id":7243,"date":"2022-07-26T19:08:51","date_gmt":"2022-07-26T19:08:51","guid":{"rendered":"https:\/\/www.africa-press.net\/benin\/politique\/benin-didier-tonato-repond-aux-critiques-sur-lerection-de-la-statue-de-bio-guera-a-cotonou"},"modified":"2022-07-26T19:32:07","modified_gmt":"2022-07-26T19:32:07","slug":"benin-didier-tonato-repond-aux-critiques-sur-lerection-de-la-statue-de-bio-guera-a-cotonou","status":"publish","type":"post","link":"https:\/\/www.africa-press.net\/benin\/toutes-les-actualites\/benin-didier-tonato-repond-aux-critiques-sur-lerection-de-la-statue-de-bio-guera-a-cotonou","title":{"rendered":"B\u00e9nin: Didier Tonato r\u00e9pond aux critiques sur l\u2019\u00e9rection de la statue de Bio Guera \u00e0 Cotonou"},"content":{"rendered":"<p><span style=\"color: #ff6600\"><strong>Africa-Press &#8211; Benin. <\/strong><\/span>Le ministre du cadre de vie et du d\u00e9veloppement durable, Jos\u00e9e Didier Tonato a finalement rompu le silence sur la pol\u00e9mique suscit\u00e9e par l\u2019\u00e9rection de la statue de Bio Guera \u00e0 Cotonou.<\/p>\n<p>L\u2019un des nouveaux monuments qui sera inaugur\u00e9 le 30 Juillet prochain est la statue de Bio Guera \u00e9rig\u00e9 \u00e0 l\u2019a\u00e9roport internationale Cardinal Bernardin Gantin. L\u2019\u00e9rection de la statue de ce personnage guerrier a suscit\u00e9 moult commentaires au sein de l\u2019opinion.<\/p>\n<p>Pour bon nombre de b\u00e9ninois, si la confection artistique de cette statue est une parfaite r\u00e9ussite, le choix de la zone de l\u2019a\u00e9roport de Cotonou pour l\u2019y \u00e9riger est un mauvais choix. A croire les pol\u00e9mique, l\u2019a\u00e9roport Cardinal Bernardin Gantin est une porte d\u2019entr\u00e9e par laquelle le B\u00e9nin accueille les \u00e9trangers. Ils ne comprennent pas alors qui a eu l\u2019id\u00e9e d\u2019\u00e9riger cette statue qui a l\u2019air tout mena\u00e7ant \u00e0 ce lieu pr\u00e9cis.<\/p>\n<p>Des pol\u00e9miques auxquelles le ministre a finalement apport\u00e9 r\u00e9ponse. A croire le ministre du cadre de vie et du d\u00e9veloppement durable, la statue de Bio Guera a bien sa place \u00e0 l\u2019a\u00e9roport de Cotonou.<\/p>\n<p>A croire Jos\u00e9 Didier Tonato, dans la zone de Cotonou, il y un guerrier qui s\u2019est battu pour le lib\u00e9ration du B\u00e9nin contre la colonisation. \u00ab Quelqu\u2019un a dit que la statue de Bio Guera devait plut\u00f4t se faire dans le Nord qu\u2019\u00e0 Cotonou. Oui Bio Guera a toute sa place \u00e0 Cotonou. Il pouvait l\u2019avoir chez moi \u00e0 Grand-Popo, \u00e0 Com\u00e8 ou \u00e0 Natitingou; tout cela, c\u2019est le B\u00e9nin\u00ab , a r\u00e9torqu\u00e9 Jos\u00e9 Didier Tonato.<\/p>\n<p>Pour l\u2019autorit\u00e9, Bio Guera est une figure embl\u00e9matique de l\u2019histoire du pays. C\u2019est donc un personnage \u00e0 le croire qui appartient \u00e0 tout le B\u00e9nin. \u00ab On peut dire pourquoi la statue de l\u2019Amazon n\u2019a pas \u00e9t\u00e9 faite \u00e0 Abomey. Cotonou, c\u2019est le B\u00e9nin et partout o\u00f9 nous sommes, nous devons nous sentir totalement chez nous \u00bb, a r\u00e9pliqu\u00e9 Jos\u00e9 Didier Tonato.<\/p>\n<p>Il faut pr\u00e9ciser que la statue du roi Bio Guera est venue remplacer celle d\u2019une femme qui tient une calebasse \u00e0 la main. Erig\u00e9e dans la zone de l\u2019a\u00e9roport de Cotonou, elle sera inaugur\u00e9e au m\u00eame titre que la statue de l\u2019Amazon et le jardin de Mathieu le 30 Juillet prochain.<\/p>\n<p><strong>Pour plus d&rsquo;informations et d&rsquo;analyses sur la <a href=\"https:\/\/www.africa-press.net\/benin\">Benin<\/a>, suivez <a href=\"https:\/\/www.africa-press.net\/\">Africa-Press<\/a><\/strong><\/p>\n","protected":false},"excerpt":{"rendered":"<p>Africa-Press &#8211; Benin. Le ministre du cadre de vie et du d\u00e9veloppement durable, Jos\u00e9e Didier Tonato a finalement rompu le silence sur la pol\u00e9mique suscit\u00e9e par l\u2019\u00e9rection de la statue de Bio Guera \u00e0 Cotonou. L\u2019un des nouveaux monuments qui sera inaugur\u00e9 le 30 Juillet prochain est la statue de Bio Guera \u00e9rig\u00e9 \u00e0 l\u2019a\u00e9roport [&hellip;]<\/p>\n","protected":false},"author":82,"featured_media":7242,"comment_status":"open","ping_status":"closed","sticky":false,"template":"","format":"standard","meta":{"footnotes":""},"categories":[21,11,10],"tags":[36,50,45],"class_list":["post-7243","post","type-post","status-publish","format-standard","has-post-thumbnail","hentry","category-communaute","category-homepage-french","category-toutes-les-actualites","tag-africa-press","tag-africa-press-benin","tag-benin"],"yoast_head":"<!-- This site is optimized with the Yoast SEO Premium plugin v26.1 (Yoast SEO v27.0) - https:\/\/yoast.com\/product\/yoast-seo-premium-wordpress\/ -->\n<title>B\u00e9nin: Didier Tonato r\u00e9pond aux critiques sur l\u2019\u00e9rection de la statue de Bio Guera \u00e0 Cotonou - B\u00e9nin<\/title>\n<meta name=\"description\" content=\"Le ministre du cadre de vie et du d\u00e9veloppement durable, Jos\u00e9e Didier Tonato a finalement rompu le silence sur la pol\u00e9mi ...\" \/>\n<meta name=\"robots\" content=\"index, follow, max-snippet:-1, max-image-preview:large, max-video-preview:-1\" \/>\n<link rel=\"canonical\" href=\"https:\/\/www.africa-press.net\/benin\/toutes-les-actualites\/benin-didier-tonato-repond-aux-critiques-sur-lerection-de-la-statue-de-bio-guera-a-cotonou\" \/>\n<meta property=\"og:locale\" content=\"fr_FR\" \/>\n<meta property=\"og:type\" content=\"article\" \/>\n<meta property=\"og:title\" content=\"B\u00e9nin: Didier Tonato r\u00e9pond aux critiques sur l\u2019\u00e9rection de la statue de Bio Guera \u00e0 Cotonou\" \/>\n<meta property=\"og:description\" content=\"Le ministre du cadre de vie et du d\u00e9veloppement durable, Jos\u00e9e Didier Tonato a finalement rompu le silence sur la pol\u00e9mi ...\" \/>\n<meta property=\"og:url\" content=\"https:\/\/www.africa-press.net\/benin\/toutes-les-actualites\/benin-didier-tonato-repond-aux-critiques-sur-lerection-de-la-statue-de-bio-guera-a-cotonou\" \/>\n<meta property=\"og:site_name\" content=\"B\u00e9nin\" \/>\n<meta property=\"article:published_time\" content=\"2022-07-26T19:08:51+00:00\" \/>\n<meta property=\"article:modified_time\" content=\"2022-07-26T19:32:07+00:00\" \/>\n<meta property=\"og:image\" content=\"https:\/\/static.africa-press.net\/benin\/sites\/46\/2022\/07\/postQueueImg_29-62e0411e65290.jpg\" \/>\n\t<meta property=\"og:image:width\" content=\"1556\" \/>\n\t<meta property=\"og:image:height\" content=\"1036\" \/>\n\t<meta property=\"og:image:type\" content=\"image\/jpeg\" \/>\n<meta name=\"author\" content=\"cfeditorfr\" \/>\n<meta name=\"twitter:card\" content=\"summary_large_image\" \/>\n<meta name=\"twitter:label1\" content=\"\u00c9crit par\" \/>\n\t<meta name=\"twitter:data1\" content=\"cfeditorfr\" \/>\n\t<meta name=\"twitter:label2\" content=\"Dur\u00e9e de lecture estim\u00e9e\" \/>\n\t<meta name=\"twitter:data2\" content=\"2 minutes\" \/>\n<script type=\"application\/ld+json\" class=\"yoast-schema-graph\">{\"@context\":\"https:\/\/schema.org\",\"@graph\":[{\"@type\":\"Article\",\"@id\":\"https:\/\/www.africa-press.net\/benin\/toutes-les-actualites\/benin-didier-tonato-repond-aux-critiques-sur-lerection-de-la-statue-de-bio-guera-a-cotonou#article\",\"isPartOf\":{\"@id\":\"https:\/\/www.africa-press.net\/benin\/toutes-les-actualites\/benin-didier-tonato-repond-aux-critiques-sur-lerection-de-la-statue-de-bio-guera-a-cotonou\"},\"author\":{\"name\":\"cfeditorfr\",\"@id\":\"https:\/\/www.africa-press.net\/benin\/#\/schema\/person\/2b1cf3cd81a31e3cd26889ca66d677f1\"},\"headline\":\"B\u00e9nin: Didier Tonato r\u00e9pond aux critiques sur l\u2019\u00e9rection de la statue de Bio Guera \u00e0 Cotonou\",\"datePublished\":\"2022-07-26T19:08:51+00:00\",\"dateModified\":\"2022-07-26T19:32:07+00:00\",\"mainEntityOfPage\":{\"@id\":\"https:\/\/www.africa-press.net\/benin\/toutes-les-actualites\/benin-didier-tonato-repond-aux-critiques-sur-lerection-de-la-statue-de-bio-guera-a-cotonou\"},\"wordCount\":441,\"commentCount\":0,\"image\":{\"@id\":\"https:\/\/www.africa-press.net\/benin\/toutes-les-actualites\/benin-didier-tonato-repond-aux-critiques-sur-lerection-de-la-statue-de-bio-guera-a-cotonou#primaryimage\"},\"thumbnailUrl\":\"https:\/\/static.africa-press.net\/benin\/sites\/46\/2022\/07\/postQueueImg_29-62e0411e65290.jpg\",\"keywords\":[\"Africa Press\",\"Africa Press-Benin\",\"B\u00e9nin\"],\"articleSection\":[\"Communaut\u00e9\",\"homepage-french\",\"Toutes les actualit\u00e9s\"],\"inLanguage\":\"fr-FR\",\"potentialAction\":[{\"@type\":\"CommentAction\",\"name\":\"Comment\",\"target\":[\"https:\/\/www.africa-press.net\/benin\/toutes-les-actualites\/benin-didier-tonato-repond-aux-critiques-sur-lerection-de-la-statue-de-bio-guera-a-cotonou#respond\"]}]},{\"@type\":\"WebPage\",\"@id\":\"https:\/\/www.africa-press.net\/benin\/toutes-les-actualites\/benin-didier-tonato-repond-aux-critiques-sur-lerection-de-la-statue-de-bio-guera-a-cotonou\",\"url\":\"https:\/\/www.africa-press.net\/benin\/toutes-les-actualites\/benin-didier-tonato-repond-aux-critiques-sur-lerection-de-la-statue-de-bio-guera-a-cotonou\",\"name\":\"B\u00e9nin: Didier Tonato r\u00e9pond aux critiques sur l\u2019\u00e9rection de la statue de Bio Guera \u00e0 Cotonou - B\u00e9nin\",\"isPartOf\":{\"@id\":\"https:\/\/www.africa-press.net\/benin\/#website\"},\"primaryImageOfPage\":{\"@id\":\"https:\/\/www.africa-press.net\/benin\/toutes-les-actualites\/benin-didier-tonato-repond-aux-critiques-sur-lerection-de-la-statue-de-bio-guera-a-cotonou#primaryimage\"},\"image\":{\"@id\":\"https:\/\/www.africa-press.net\/benin\/toutes-les-actualites\/benin-didier-tonato-repond-aux-critiques-sur-lerection-de-la-statue-de-bio-guera-a-cotonou#primaryimage\"},\"thumbnailUrl\":\"https:\/\/static.africa-press.net\/benin\/sites\/46\/2022\/07\/postQueueImg_29-62e0411e65290.jpg\",\"datePublished\":\"2022-07-26T19:08:51+00:00\",\"dateModified\":\"2022-07-26T19:32:07+00:00\",\"author\":{\"@id\":\"https:\/\/www.africa-press.net\/benin\/#\/schema\/person\/2b1cf3cd81a31e3cd26889ca66d677f1\"},\"description\":\"Le ministre du cadre de vie et du d\u00e9veloppement durable, Jos\u00e9e Didier Tonato a finalement rompu le silence sur la pol\u00e9mi ...\",\"breadcrumb\":{\"@id\":\"https:\/\/www.africa-press.net\/benin\/toutes-les-actualites\/benin-didier-tonato-repond-aux-critiques-sur-lerection-de-la-statue-de-bio-guera-a-cotonou#breadcrumb\"},\"inLanguage\":\"fr-FR\",\"potentialAction\":[{\"@type\":\"ReadAction\",\"target\":[\"https:\/\/www.africa-press.net\/benin\/toutes-les-actualites\/benin-didier-tonato-repond-aux-critiques-sur-lerection-de-la-statue-de-bio-guera-a-cotonou\"]}]},{\"@type\":\"ImageObject\",\"inLanguage\":\"fr-FR\",\"@id\":\"https:\/\/www.africa-press.net\/benin\/toutes-les-actualites\/benin-didier-tonato-repond-aux-critiques-sur-lerection-de-la-statue-de-bio-guera-a-cotonou#primaryimage\",\"url\":\"https:\/\/static.africa-press.net\/benin\/sites\/46\/2022\/07\/postQueueImg_29-62e0411e65290.jpg\",\"contentUrl\":\"https:\/\/static.africa-press.net\/benin\/sites\/46\/2022\/07\/postQueueImg_29-62e0411e65290.jpg\",\"width\":1556,\"height\":1036,\"caption\":\"B\u00e9nin: Didier Tonato r\u00e9pond aux critiques sur l\u2019\u00e9rection de la statue de Bio Guera \u00e0 Cotonou\"},{\"@type\":\"BreadcrumbList\",\"@id\":\"https:\/\/www.africa-press.net\/benin\/toutes-les-actualites\/benin-didier-tonato-repond-aux-critiques-sur-lerection-de-la-statue-de-bio-guera-a-cotonou#breadcrumb\",\"itemListElement\":[{\"@type\":\"ListItem\",\"position\":1,\"name\":\"Accueil\",\"item\":\"https:\/\/www.africa-press.net\/benin\/\"},{\"@type\":\"ListItem\",\"position\":2,\"name\":\"B\u00e9nin: Didier Tonato r\u00e9pond aux critiques sur l\u2019\u00e9rection de la statue de Bio Guera \u00e0 Cotonou\"}]},{\"@type\":\"WebSite\",\"@id\":\"https:\/\/www.africa-press.net\/benin\/#website\",\"url\":\"https:\/\/www.africa-press.net\/benin\/\",\"name\":\"B\u00e9nin\",\"description\":\"Just another Africa News Agency Sites site\",\"potentialAction\":[{\"@type\":\"SearchAction\",\"target\":{\"@type\":\"EntryPoint\",\"urlTemplate\":\"https:\/\/www.africa-press.net\/benin\/?s={search_term_string}\"},\"query-input\":{\"@type\":\"PropertyValueSpecification\",\"valueRequired\":true,\"valueName\":\"search_term_string\"}}],\"inLanguage\":\"fr-FR\"},{\"@type\":\"Person\",\"@id\":\"https:\/\/www.africa-press.net\/benin\/#\/schema\/person\/2b1cf3cd81a31e3cd26889ca66d677f1\",\"name\":\"cfeditorfr\"}]}<\/script>\n<!-- \/ Yoast SEO Premium plugin. -->","yoast_head_json":{"title":"B\u00e9nin: Didier Tonato r\u00e9pond aux critiques sur l\u2019\u00e9rection de la statue de Bio Guera \u00e0 Cotonou - B\u00e9nin","description":"Le ministre du cadre de vie et du d\u00e9veloppement durable, Jos\u00e9e Didier Tonato a finalement rompu le silence sur la pol\u00e9mi ...","robots":{"index":"index","follow":"follow","max-snippet":"max-snippet:-1","max-image-preview":"max-image-preview:large","max-video-preview":"max-video-preview:-1"},"canonical":"https:\/\/www.africa-press.net\/benin\/toutes-les-actualites\/benin-didier-tonato-repond-aux-critiques-sur-lerection-de-la-statue-de-bio-guera-a-cotonou","og_locale":"fr_FR","og_type":"article","og_title":"B\u00e9nin: Didier Tonato r\u00e9pond aux critiques sur l\u2019\u00e9rection de la statue de Bio Guera \u00e0 Cotonou","og_description":"Le ministre du cadre de vie et du d\u00e9veloppement durable, Jos\u00e9e Didier Tonato a finalement rompu le silence sur la pol\u00e9mi ...","og_url":"https:\/\/www.africa-press.net\/benin\/toutes-les-actualites\/benin-didier-tonato-repond-aux-critiques-sur-lerection-de-la-statue-de-bio-guera-a-cotonou","og_site_name":"B\u00e9nin","article_published_time":"2022-07-26T19:08:51+00:00","article_modified_time":"2022-07-26T19:32:07+00:00","og_image":[{"width":1556,"height":1036,"url":"https:\/\/static.africa-press.net\/benin\/sites\/46\/2022\/07\/postQueueImg_29-62e0411e65290.jpg","type":"image\/jpeg"}],"author":"cfeditorfr","twitter_card":"summary_large_image","twitter_misc":{"\u00c9crit par":"cfeditorfr","Dur\u00e9e de lecture estim\u00e9e":"2 minutes"},"schema":{"@context":"https:\/\/schema.org","@graph":[{"@type":"Article","@id":"https:\/\/www.africa-press.net\/benin\/toutes-les-actualites\/benin-didier-tonato-repond-aux-critiques-sur-lerection-de-la-statue-de-bio-guera-a-cotonou#article","isPartOf":{"@id":"https:\/\/www.africa-press.net\/benin\/toutes-les-actualites\/benin-didier-tonato-repond-aux-critiques-sur-lerection-de-la-statue-de-bio-guera-a-cotonou"},"author":{"name":"cfeditorfr","@id":"https:\/\/www.africa-press.net\/benin\/#\/schema\/person\/2b1cf3cd81a31e3cd26889ca66d677f1"},"headline":"B\u00e9nin: Didier Tonato r\u00e9pond aux critiques sur l\u2019\u00e9rection de la statue de Bio Guera \u00e0 Cotonou","datePublished":"2022-07-26T19:08:51+00:00","dateModified":"2022-07-26T19:32:07+00:00","mainEntityOfPage":{"@id":"https:\/\/www.africa-press.net\/benin\/toutes-les-actualites\/benin-didier-tonato-repond-aux-critiques-sur-lerection-de-la-statue-de-bio-guera-a-cotonou"},"wordCount":441,"commentCount":0,"image":{"@id":"https:\/\/www.africa-press.net\/benin\/toutes-les-actualites\/benin-didier-tonato-repond-aux-critiques-sur-lerection-de-la-statue-de-bio-guera-a-cotonou#primaryimage"},"thumbnailUrl":"https:\/\/static.africa-press.net\/benin\/sites\/46\/2022\/07\/postQueueImg_29-62e0411e65290.jpg","keywords":["Africa Press","Africa Press-Benin","B\u00e9nin"],"articleSection":["Communaut\u00e9","homepage-french","Toutes les actualit\u00e9s"],"inLanguage":"fr-FR","potentialAction":[{"@type":"CommentAction","name":"Comment","target":["https:\/\/www.africa-press.net\/benin\/toutes-les-actualites\/benin-didier-tonato-repond-aux-critiques-sur-lerection-de-la-statue-de-bio-guera-a-cotonou#respond"]}]},{"@type":"WebPage","@id":"https:\/\/www.africa-press.net\/benin\/toutes-les-actualites\/benin-didier-tonato-repond-aux-critiques-sur-lerection-de-la-statue-de-bio-guera-a-cotonou","url":"https:\/\/www.africa-press.net\/benin\/toutes-les-actualites\/benin-didier-tonato-repond-aux-critiques-sur-lerection-de-la-statue-de-bio-guera-a-cotonou","name":"B\u00e9nin: Didier Tonato r\u00e9pond aux critiques sur l\u2019\u00e9rection de la statue de Bio Guera \u00e0 Cotonou - B\u00e9nin","isPartOf":{"@id":"https:\/\/www.africa-press.net\/benin\/#website"},"primaryImageOfPage":{"@id":"https:\/\/www.africa-press.net\/benin\/toutes-les-actualites\/benin-didier-tonato-repond-aux-critiques-sur-lerection-de-la-statue-de-bio-guera-a-cotonou#primaryimage"},"image":{"@id":"https:\/\/www.africa-press.net\/benin\/toutes-les-actualites\/benin-didier-tonato-repond-aux-critiques-sur-lerection-de-la-statue-de-bio-guera-a-cotonou#primaryimage"},"thumbnailUrl":"https:\/\/static.africa-press.net\/benin\/sites\/46\/2022\/07\/postQueueImg_29-62e0411e65290.jpg","datePublished":"2022-07-26T19:08:51+00:00","dateModified":"2022-07-26T19:32:07+00:00","author":{"@id":"https:\/\/www.africa-press.net\/benin\/#\/schema\/person\/2b1cf3cd81a31e3cd26889ca66d677f1"},"description":"Le ministre du cadre de vie et du d\u00e9veloppement durable, Jos\u00e9e Didier Tonato a finalement rompu le silence sur la pol\u00e9mi ...","breadcrumb":{"@id":"https:\/\/www.africa-press.net\/benin\/toutes-les-actualites\/benin-didier-tonato-repond-aux-critiques-sur-lerection-de-la-statue-de-bio-guera-a-cotonou#breadcrumb"},"inLanguage":"fr-FR","potentialAction":[{"@type":"ReadAction","target":["https:\/\/www.africa-press.net\/benin\/toutes-les-actualites\/benin-didier-tonato-repond-aux-critiques-sur-lerection-de-la-statue-de-bio-guera-a-cotonou"]}]},{"@type":"ImageObject","inLanguage":"fr-FR","@id":"https:\/\/www.africa-press.net\/benin\/toutes-les-actualites\/benin-didier-tonato-repond-aux-critiques-sur-lerection-de-la-statue-de-bio-guera-a-cotonou#primaryimage","url":"https:\/\/static.africa-press.net\/benin\/sites\/46\/2022\/07\/postQueueImg_29-62e0411e65290.jpg","contentUrl":"https:\/\/static.africa-press.net\/benin\/sites\/46\/2022\/07\/postQueueImg_29-62e0411e65290.jpg","width":1556,"height":1036,"caption":"B\u00e9nin: Didier Tonato r\u00e9pond aux critiques sur l\u2019\u00e9rection de la statue de Bio Guera \u00e0 Cotonou"},{"@type":"BreadcrumbList","@id":"https:\/\/www.africa-press.net\/benin\/toutes-les-actualites\/benin-didier-tonato-repond-aux-critiques-sur-lerection-de-la-statue-de-bio-guera-a-cotonou#breadcrumb","itemListElement":[{"@type":"ListItem","position":1,"name":"Accueil","item":"https:\/\/www.africa-press.net\/benin\/"},{"@type":"ListItem","position":2,"name":"B\u00e9nin: Didier Tonato r\u00e9pond aux critiques sur l\u2019\u00e9rection de la statue de Bio Guera \u00e0 Cotonou"}]},{"@type":"WebSite","@id":"https:\/\/www.africa-press.net\/benin\/#website","url":"https:\/\/www.africa-press.net\/benin\/","name":"B\u00e9nin","description":"Just another Africa News Agency Sites site","potentialAction":[{"@type":"SearchAction","target":{"@type":"EntryPoint","urlTemplate":"https:\/\/www.africa-press.net\/benin\/?s={search_term_string}"},"query-input":{"@type":"PropertyValueSpecification","valueRequired":true,"valueName":"search_term_string"}}],"inLanguage":"fr-FR"},{"@type":"Person","@id":"https:\/\/www.africa-press.net\/benin\/#\/schema\/person\/2b1cf3cd81a31e3cd26889ca66d677f1","name":"cfeditorfr"}]}},"_links":{"self":[{"href":"https:\/\/www.africa-press.net\/benin\/wp-json\/wp\/v2\/posts\/7243","targetHints":{"allow":["GET"]}}],"collection":[{"href":"https:\/\/www.africa-press.net\/benin\/wp-json\/wp\/v2\/posts"}],"about":[{"href":"https:\/\/www.africa-press.net\/benin\/wp-json\/wp\/v2\/types\/post"}],"author":[{"embeddable":true,"href":"https:\/\/www.africa-press.net\/benin\/wp-json\/wp\/v2\/users\/82"}],"replies":[{"embeddable":true,"href":"https:\/\/www.africa-press.net\/benin\/wp-json\/wp\/v2\/comments?post=7243"}],"version-history":[{"count":0,"href":"https:\/\/www.africa-press.net\/benin\/wp-json\/wp\/v2\/posts\/7243\/revisions"}],"wp:featuredmedia":[{"embeddable":true,"href":"https:\/\/www.africa-press.net\/benin\/wp-json\/wp\/v2\/media\/7242"}],"wp:attachment":[{"href":"https:\/\/www.africa-press.net\/benin\/wp-json\/wp\/v2\/media?parent=7243"}],"wp:term":[{"taxonomy":"category","embeddable":true,"href":"https:\/\/www.africa-press.net\/benin\/wp-json\/wp\/v2\/categories?post=7243"},{"taxonomy":"post_tag","embeddable":true,"href":"https:\/\/www.africa-press.net\/benin\/wp-json\/wp\/v2\/tags?post=7243"}],"curies":[{"name":"wp","href":"https:\/\/api.w.org\/{rel}","templated":true}]}}