{"id":7246,"date":"2022-07-26T19:09:00","date_gmt":"2022-07-26T19:09:00","guid":{"rendered":"https:\/\/www.africa-press.net\/benin\/politique\/benin-un-contrat-type-est-desormais-impose-pour-les-locations-dhabitation"},"modified":"2022-07-26T19:32:37","modified_gmt":"2022-07-26T19:32:37","slug":"benin-un-contrat-type-est-desormais-impose-pour-les-locations-dhabitation","status":"publish","type":"post","link":"https:\/\/www.africa-press.net\/benin\/economie\/benin-un-contrat-type-est-desormais-impose-pour-les-locations-dhabitation","title":{"rendered":"B\u00e9nin: un contrat-type est d\u00e9sormais impos\u00e9 pour les locations d\u2019habitation"},"content":{"rendered":"<p><span style=\"color: #ff6600\"><strong>Africa-Press &#8211; Benin. <\/strong><\/span>Par l\u2019arr\u00eat\u00e9 N\u00b02022-0120 en date du 22 Juin, le gouvernement a institu\u00e9 un contrat type de bail \u00e0 usage d\u2019habitation domestique.<\/p>\n<p>Le ministre de cadre de vie et du d\u00e9veloppement durable, Jos\u00e9 Didier Tonato a pris un arr\u00eat\u00e9 instituant un contrat-type de bail \u00e0 usage d\u2019habitation domestique.<\/p>\n<p>Selon le contenu de l\u2019arr\u00eat\u00e9, \u00ab tout contrat de location d\u2019habitation domestique doit \u00eatre conclu sur la base du formulaire du contrat-type de bail d\u2019habitation domestique en R\u00e9publique du B\u00e9nin \u00bb.<\/p>\n<p>L\u2019exemplaire du contrat-type de bail d\u2019habitation domestique en R\u00e9publique du B\u00e9nin est disponible selon le ministre du cadre de vie et du d\u00e9veloppement durable, Jos\u00e9 Didier Tonato sur le site du gouvernement.<\/p>\n<p>Selon les dispositions de l\u2019article 3, l\u2019arr\u00eat\u00e9 N\u00b02022-0120 en date du 22 Juin 2022 prend effet d\u00e8s la date de sa signature et abroge toutes dispositions contraires ant\u00e9rieures.<\/p>\n<p>L\u2019arr\u00eat\u00e9 N\u00b02022-0120 instituant un contrat-type de bail \u00e0 usage domestique<\/p>\n<p><strong>Pour plus d&rsquo;informations et d&rsquo;analyses sur la <a href=\"https:\/\/www.africa-press.net\/benin\">Benin<\/a>, suivez <a href=\"https:\/\/www.africa-press.net\/\">Africa-Press<\/a><\/strong><\/p>\n","protected":false},"excerpt":{"rendered":"<p>Africa-Press &#8211; Benin. Par l\u2019arr\u00eat\u00e9 N\u00b02022-0120 en date du 22 Juin, le gouvernement a institu\u00e9 un contrat type de bail \u00e0 usage d\u2019habitation domestique. Le ministre de cadre de vie et du d\u00e9veloppement durable, Jos\u00e9 Didier Tonato a pris un arr\u00eat\u00e9 instituant un contrat-type de bail \u00e0 usage d\u2019habitation domestique. Selon le contenu de l\u2019arr\u00eat\u00e9, [&hellip;]<\/p>\n","protected":false},"author":82,"featured_media":7245,"comment_status":"open","ping_status":"closed","sticky":false,"template":"","format":"standard","meta":{"footnotes":""},"categories":[3,11,10],"tags":[36,50,45],"class_list":["post-7246","post","type-post","status-publish","format-standard","has-post-thumbnail","hentry","category-economie","category-homepage-french","category-toutes-les-actualites","tag-africa-press","tag-africa-press-benin","tag-benin"],"yoast_head":"<!-- This site is optimized with the Yoast SEO Premium plugin v26.1 (Yoast SEO v27.0) - https:\/\/yoast.com\/product\/yoast-seo-premium-wordpress\/ -->\n<title>B\u00e9nin: un contrat-type est d\u00e9sormais impos\u00e9 pour les locations d\u2019habitation - B\u00e9nin<\/title>\n<meta name=\"description\" content=\"Par l\u2019arr\u00eat\u00e9 N\u00b02022-0120 en date du 22 Juin, le gouvernement a institu\u00e9 un contrat type de bail \u00e0 usage d\u2019habitation dom ...\" \/>\n<meta name=\"robots\" content=\"index, follow, max-snippet:-1, max-image-preview:large, max-video-preview:-1\" \/>\n<link rel=\"canonical\" href=\"https:\/\/www.africa-press.net\/benin\/economie\/benin-un-contrat-type-est-desormais-impose-pour-les-locations-dhabitation\" \/>\n<meta property=\"og:locale\" content=\"fr_FR\" \/>\n<meta property=\"og:type\" content=\"article\" \/>\n<meta property=\"og:title\" content=\"B\u00e9nin: un contrat-type est d\u00e9sormais impos\u00e9 pour les locations d\u2019habitation\" \/>\n<meta property=\"og:description\" content=\"Par l\u2019arr\u00eat\u00e9 N\u00b02022-0120 en date du 22 Juin, le gouvernement a institu\u00e9 un contrat type de bail \u00e0 usage d\u2019habitation dom ...\" \/>\n<meta property=\"og:url\" content=\"https:\/\/www.africa-press.net\/benin\/economie\/benin-un-contrat-type-est-desormais-impose-pour-les-locations-dhabitation\" \/>\n<meta property=\"og:site_name\" content=\"B\u00e9nin\" \/>\n<meta property=\"article:published_time\" content=\"2022-07-26T19:09:00+00:00\" \/>\n<meta property=\"article:modified_time\" content=\"2022-07-26T19:32:37+00:00\" \/>\n<meta property=\"og:image\" content=\"https:\/\/static.africa-press.net\/benin\/sites\/46\/2022\/07\/postQueueImg_30-62e0413d2a473.jpg\" \/>\n\t<meta property=\"og:image:width\" content=\"1200\" \/>\n\t<meta property=\"og:image:height\" content=\"750\" \/>\n\t<meta property=\"og:image:type\" content=\"image\/jpeg\" \/>\n<meta name=\"author\" content=\"cfeditorfr\" \/>\n<meta name=\"twitter:card\" content=\"summary_large_image\" \/>\n<meta name=\"twitter:label1\" content=\"\u00c9crit par\" \/>\n\t<meta name=\"twitter:data1\" content=\"cfeditorfr\" \/>\n\t<meta name=\"twitter:label2\" content=\"Dur\u00e9e de lecture estim\u00e9e\" \/>\n\t<meta name=\"twitter:data2\" content=\"1 minute\" \/>\n<script type=\"application\/ld+json\" class=\"yoast-schema-graph\">{\"@context\":\"https:\/\/schema.org\",\"@graph\":[{\"@type\":\"Article\",\"@id\":\"https:\/\/www.africa-press.net\/benin\/economie\/benin-un-contrat-type-est-desormais-impose-pour-les-locations-dhabitation#article\",\"isPartOf\":{\"@id\":\"https:\/\/www.africa-press.net\/benin\/economie\/benin-un-contrat-type-est-desormais-impose-pour-les-locations-dhabitation\"},\"author\":{\"name\":\"cfeditorfr\",\"@id\":\"https:\/\/www.africa-press.net\/benin\/#\/schema\/person\/2b1cf3cd81a31e3cd26889ca66d677f1\"},\"headline\":\"B\u00e9nin: un contrat-type est d\u00e9sormais impos\u00e9 pour les locations d\u2019habitation\",\"datePublished\":\"2022-07-26T19:09:00+00:00\",\"dateModified\":\"2022-07-26T19:32:37+00:00\",\"mainEntityOfPage\":{\"@id\":\"https:\/\/www.africa-press.net\/benin\/economie\/benin-un-contrat-type-est-desormais-impose-pour-les-locations-dhabitation\"},\"wordCount\":194,\"commentCount\":0,\"image\":{\"@id\":\"https:\/\/www.africa-press.net\/benin\/economie\/benin-un-contrat-type-est-desormais-impose-pour-les-locations-dhabitation#primaryimage\"},\"thumbnailUrl\":\"https:\/\/static.africa-press.net\/benin\/sites\/46\/2022\/07\/postQueueImg_30-62e0413d2a473.jpg\",\"keywords\":[\"Africa Press\",\"Africa Press-Benin\",\"B\u00e9nin\"],\"articleSection\":[\"\u00c9conomie\",\"homepage-french\",\"Toutes les actualit\u00e9s\"],\"inLanguage\":\"fr-FR\",\"potentialAction\":[{\"@type\":\"CommentAction\",\"name\":\"Comment\",\"target\":[\"https:\/\/www.africa-press.net\/benin\/economie\/benin-un-contrat-type-est-desormais-impose-pour-les-locations-dhabitation#respond\"]}]},{\"@type\":\"WebPage\",\"@id\":\"https:\/\/www.africa-press.net\/benin\/economie\/benin-un-contrat-type-est-desormais-impose-pour-les-locations-dhabitation\",\"url\":\"https:\/\/www.africa-press.net\/benin\/economie\/benin-un-contrat-type-est-desormais-impose-pour-les-locations-dhabitation\",\"name\":\"B\u00e9nin: un contrat-type est d\u00e9sormais impos\u00e9 pour les locations d\u2019habitation - B\u00e9nin\",\"isPartOf\":{\"@id\":\"https:\/\/www.africa-press.net\/benin\/#website\"},\"primaryImageOfPage\":{\"@id\":\"https:\/\/www.africa-press.net\/benin\/economie\/benin-un-contrat-type-est-desormais-impose-pour-les-locations-dhabitation#primaryimage\"},\"image\":{\"@id\":\"https:\/\/www.africa-press.net\/benin\/economie\/benin-un-contrat-type-est-desormais-impose-pour-les-locations-dhabitation#primaryimage\"},\"thumbnailUrl\":\"https:\/\/static.africa-press.net\/benin\/sites\/46\/2022\/07\/postQueueImg_30-62e0413d2a473.jpg\",\"datePublished\":\"2022-07-26T19:09:00+00:00\",\"dateModified\":\"2022-07-26T19:32:37+00:00\",\"author\":{\"@id\":\"https:\/\/www.africa-press.net\/benin\/#\/schema\/person\/2b1cf3cd81a31e3cd26889ca66d677f1\"},\"description\":\"Par l\u2019arr\u00eat\u00e9 N\u00b02022-0120 en date du 22 Juin, le gouvernement a institu\u00e9 un contrat type de bail \u00e0 usage d\u2019habitation dom ...\",\"breadcrumb\":{\"@id\":\"https:\/\/www.africa-press.net\/benin\/economie\/benin-un-contrat-type-est-desormais-impose-pour-les-locations-dhabitation#breadcrumb\"},\"inLanguage\":\"fr-FR\",\"potentialAction\":[{\"@type\":\"ReadAction\",\"target\":[\"https:\/\/www.africa-press.net\/benin\/economie\/benin-un-contrat-type-est-desormais-impose-pour-les-locations-dhabitation\"]}]},{\"@type\":\"ImageObject\",\"inLanguage\":\"fr-FR\",\"@id\":\"https:\/\/www.africa-press.net\/benin\/economie\/benin-un-contrat-type-est-desormais-impose-pour-les-locations-dhabitation#primaryimage\",\"url\":\"https:\/\/static.africa-press.net\/benin\/sites\/46\/2022\/07\/postQueueImg_30-62e0413d2a473.jpg\",\"contentUrl\":\"https:\/\/static.africa-press.net\/benin\/sites\/46\/2022\/07\/postQueueImg_30-62e0413d2a473.jpg\",\"width\":1200,\"height\":750,\"caption\":\"B\u00e9nin: un contrat-type est d\u00e9sormais impos\u00e9 pour les locations d\u2019habitation\"},{\"@type\":\"BreadcrumbList\",\"@id\":\"https:\/\/www.africa-press.net\/benin\/economie\/benin-un-contrat-type-est-desormais-impose-pour-les-locations-dhabitation#breadcrumb\",\"itemListElement\":[{\"@type\":\"ListItem\",\"position\":1,\"name\":\"Accueil\",\"item\":\"https:\/\/www.africa-press.net\/benin\/\"},{\"@type\":\"ListItem\",\"position\":2,\"name\":\"B\u00e9nin: un contrat-type est d\u00e9sormais impos\u00e9 pour les locations d\u2019habitation\"}]},{\"@type\":\"WebSite\",\"@id\":\"https:\/\/www.africa-press.net\/benin\/#website\",\"url\":\"https:\/\/www.africa-press.net\/benin\/\",\"name\":\"B\u00e9nin\",\"description\":\"Just another Africa News Agency Sites site\",\"potentialAction\":[{\"@type\":\"SearchAction\",\"target\":{\"@type\":\"EntryPoint\",\"urlTemplate\":\"https:\/\/www.africa-press.net\/benin\/?s={search_term_string}\"},\"query-input\":{\"@type\":\"PropertyValueSpecification\",\"valueRequired\":true,\"valueName\":\"search_term_string\"}}],\"inLanguage\":\"fr-FR\"},{\"@type\":\"Person\",\"@id\":\"https:\/\/www.africa-press.net\/benin\/#\/schema\/person\/2b1cf3cd81a31e3cd26889ca66d677f1\",\"name\":\"cfeditorfr\"}]}<\/script>\n<!-- \/ Yoast SEO Premium plugin. -->","yoast_head_json":{"title":"B\u00e9nin: un contrat-type est d\u00e9sormais impos\u00e9 pour les locations d\u2019habitation - B\u00e9nin","description":"Par l\u2019arr\u00eat\u00e9 N\u00b02022-0120 en date du 22 Juin, le gouvernement a institu\u00e9 un contrat type de bail \u00e0 usage d\u2019habitation dom ...","robots":{"index":"index","follow":"follow","max-snippet":"max-snippet:-1","max-image-preview":"max-image-preview:large","max-video-preview":"max-video-preview:-1"},"canonical":"https:\/\/www.africa-press.net\/benin\/economie\/benin-un-contrat-type-est-desormais-impose-pour-les-locations-dhabitation","og_locale":"fr_FR","og_type":"article","og_title":"B\u00e9nin: un contrat-type est d\u00e9sormais impos\u00e9 pour les locations d\u2019habitation","og_description":"Par l\u2019arr\u00eat\u00e9 N\u00b02022-0120 en date du 22 Juin, le gouvernement a institu\u00e9 un contrat type de bail \u00e0 usage d\u2019habitation dom ...","og_url":"https:\/\/www.africa-press.net\/benin\/economie\/benin-un-contrat-type-est-desormais-impose-pour-les-locations-dhabitation","og_site_name":"B\u00e9nin","article_published_time":"2022-07-26T19:09:00+00:00","article_modified_time":"2022-07-26T19:32:37+00:00","og_image":[{"width":1200,"height":750,"url":"https:\/\/static.africa-press.net\/benin\/sites\/46\/2022\/07\/postQueueImg_30-62e0413d2a473.jpg","type":"image\/jpeg"}],"author":"cfeditorfr","twitter_card":"summary_large_image","twitter_misc":{"\u00c9crit par":"cfeditorfr","Dur\u00e9e de lecture estim\u00e9e":"1 minute"},"schema":{"@context":"https:\/\/schema.org","@graph":[{"@type":"Article","@id":"https:\/\/www.africa-press.net\/benin\/economie\/benin-un-contrat-type-est-desormais-impose-pour-les-locations-dhabitation#article","isPartOf":{"@id":"https:\/\/www.africa-press.net\/benin\/economie\/benin-un-contrat-type-est-desormais-impose-pour-les-locations-dhabitation"},"author":{"name":"cfeditorfr","@id":"https:\/\/www.africa-press.net\/benin\/#\/schema\/person\/2b1cf3cd81a31e3cd26889ca66d677f1"},"headline":"B\u00e9nin: un contrat-type est d\u00e9sormais impos\u00e9 pour les locations d\u2019habitation","datePublished":"2022-07-26T19:09:00+00:00","dateModified":"2022-07-26T19:32:37+00:00","mainEntityOfPage":{"@id":"https:\/\/www.africa-press.net\/benin\/economie\/benin-un-contrat-type-est-desormais-impose-pour-les-locations-dhabitation"},"wordCount":194,"commentCount":0,"image":{"@id":"https:\/\/www.africa-press.net\/benin\/economie\/benin-un-contrat-type-est-desormais-impose-pour-les-locations-dhabitation#primaryimage"},"thumbnailUrl":"https:\/\/static.africa-press.net\/benin\/sites\/46\/2022\/07\/postQueueImg_30-62e0413d2a473.jpg","keywords":["Africa Press","Africa Press-Benin","B\u00e9nin"],"articleSection":["\u00c9conomie","homepage-french","Toutes les actualit\u00e9s"],"inLanguage":"fr-FR","potentialAction":[{"@type":"CommentAction","name":"Comment","target":["https:\/\/www.africa-press.net\/benin\/economie\/benin-un-contrat-type-est-desormais-impose-pour-les-locations-dhabitation#respond"]}]},{"@type":"WebPage","@id":"https:\/\/www.africa-press.net\/benin\/economie\/benin-un-contrat-type-est-desormais-impose-pour-les-locations-dhabitation","url":"https:\/\/www.africa-press.net\/benin\/economie\/benin-un-contrat-type-est-desormais-impose-pour-les-locations-dhabitation","name":"B\u00e9nin: un contrat-type est d\u00e9sormais impos\u00e9 pour les locations d\u2019habitation - B\u00e9nin","isPartOf":{"@id":"https:\/\/www.africa-press.net\/benin\/#website"},"primaryImageOfPage":{"@id":"https:\/\/www.africa-press.net\/benin\/economie\/benin-un-contrat-type-est-desormais-impose-pour-les-locations-dhabitation#primaryimage"},"image":{"@id":"https:\/\/www.africa-press.net\/benin\/economie\/benin-un-contrat-type-est-desormais-impose-pour-les-locations-dhabitation#primaryimage"},"thumbnailUrl":"https:\/\/static.africa-press.net\/benin\/sites\/46\/2022\/07\/postQueueImg_30-62e0413d2a473.jpg","datePublished":"2022-07-26T19:09:00+00:00","dateModified":"2022-07-26T19:32:37+00:00","author":{"@id":"https:\/\/www.africa-press.net\/benin\/#\/schema\/person\/2b1cf3cd81a31e3cd26889ca66d677f1"},"description":"Par l\u2019arr\u00eat\u00e9 N\u00b02022-0120 en date du 22 Juin, le gouvernement a institu\u00e9 un contrat type de bail \u00e0 usage d\u2019habitation dom ...","breadcrumb":{"@id":"https:\/\/www.africa-press.net\/benin\/economie\/benin-un-contrat-type-est-desormais-impose-pour-les-locations-dhabitation#breadcrumb"},"inLanguage":"fr-FR","potentialAction":[{"@type":"ReadAction","target":["https:\/\/www.africa-press.net\/benin\/economie\/benin-un-contrat-type-est-desormais-impose-pour-les-locations-dhabitation"]}]},{"@type":"ImageObject","inLanguage":"fr-FR","@id":"https:\/\/www.africa-press.net\/benin\/economie\/benin-un-contrat-type-est-desormais-impose-pour-les-locations-dhabitation#primaryimage","url":"https:\/\/static.africa-press.net\/benin\/sites\/46\/2022\/07\/postQueueImg_30-62e0413d2a473.jpg","contentUrl":"https:\/\/static.africa-press.net\/benin\/sites\/46\/2022\/07\/postQueueImg_30-62e0413d2a473.jpg","width":1200,"height":750,"caption":"B\u00e9nin: un contrat-type est d\u00e9sormais impos\u00e9 pour les locations d\u2019habitation"},{"@type":"BreadcrumbList","@id":"https:\/\/www.africa-press.net\/benin\/economie\/benin-un-contrat-type-est-desormais-impose-pour-les-locations-dhabitation#breadcrumb","itemListElement":[{"@type":"ListItem","position":1,"name":"Accueil","item":"https:\/\/www.africa-press.net\/benin\/"},{"@type":"ListItem","position":2,"name":"B\u00e9nin: un contrat-type est d\u00e9sormais impos\u00e9 pour les locations d\u2019habitation"}]},{"@type":"WebSite","@id":"https:\/\/www.africa-press.net\/benin\/#website","url":"https:\/\/www.africa-press.net\/benin\/","name":"B\u00e9nin","description":"Just another Africa News Agency Sites site","potentialAction":[{"@type":"SearchAction","target":{"@type":"EntryPoint","urlTemplate":"https:\/\/www.africa-press.net\/benin\/?s={search_term_string}"},"query-input":{"@type":"PropertyValueSpecification","valueRequired":true,"valueName":"search_term_string"}}],"inLanguage":"fr-FR"},{"@type":"Person","@id":"https:\/\/www.africa-press.net\/benin\/#\/schema\/person\/2b1cf3cd81a31e3cd26889ca66d677f1","name":"cfeditorfr"}]}},"_links":{"self":[{"href":"https:\/\/www.africa-press.net\/benin\/wp-json\/wp\/v2\/posts\/7246","targetHints":{"allow":["GET"]}}],"collection":[{"href":"https:\/\/www.africa-press.net\/benin\/wp-json\/wp\/v2\/posts"}],"about":[{"href":"https:\/\/www.africa-press.net\/benin\/wp-json\/wp\/v2\/types\/post"}],"author":[{"embeddable":true,"href":"https:\/\/www.africa-press.net\/benin\/wp-json\/wp\/v2\/users\/82"}],"replies":[{"embeddable":true,"href":"https:\/\/www.africa-press.net\/benin\/wp-json\/wp\/v2\/comments?post=7246"}],"version-history":[{"count":0,"href":"https:\/\/www.africa-press.net\/benin\/wp-json\/wp\/v2\/posts\/7246\/revisions"}],"wp:featuredmedia":[{"embeddable":true,"href":"https:\/\/www.africa-press.net\/benin\/wp-json\/wp\/v2\/media\/7245"}],"wp:attachment":[{"href":"https:\/\/www.africa-press.net\/benin\/wp-json\/wp\/v2\/media?parent=7246"}],"wp:term":[{"taxonomy":"category","embeddable":true,"href":"https:\/\/www.africa-press.net\/benin\/wp-json\/wp\/v2\/categories?post=7246"},{"taxonomy":"post_tag","embeddable":true,"href":"https:\/\/www.africa-press.net\/benin\/wp-json\/wp\/v2\/tags?post=7246"}],"curies":[{"name":"wp","href":"https:\/\/api.w.org\/{rel}","templated":true}]}}