{"id":7249,"date":"2022-07-26T19:09:09","date_gmt":"2022-07-26T19:09:09","guid":{"rendered":"https:\/\/www.africa-press.net\/benin\/politique\/benin-loth-houenou-la-repentance-apres-02-ans-de-prison-ferme"},"modified":"2022-07-26T19:33:04","modified_gmt":"2022-07-26T19:33:04","slug":"benin-loth-houenou-la-repentance-apres-02-ans-de-prison-ferme","status":"publish","type":"post","link":"https:\/\/www.africa-press.net\/benin\/toutes-les-actualites\/benin-loth-houenou-la-repentance-apres-02-ans-de-prison-ferme","title":{"rendered":"B\u00e9nin: Loth Hou\u00e9nou, la repentance apr\u00e8s 02 ans de prison ferme"},"content":{"rendered":"<p><span style=\"color: #ff6600\"><strong>Africa-Press &#8211; Benin. <\/strong><\/span>Lib\u00e9r\u00e9 de prison apr\u00e8s deux (02) ans pass\u00e9s derri\u00e8re les barreaux, Loth Hou\u00e9nou a fait sa premi\u00e8re sortie m\u00e9diatique ce samedi 23 juillet 2022. Sur la cha\u00eene de t\u00e9l\u00e9vision priv\u00e9e Eden Tv, l\u2019activiste politique, pr\u00e9sident d\u2019un parti l\u00e9galement inexistant, a annonc\u00e9 sa repentance et son changement de veste.<\/p>\n<p>De PVR \u00e0 LBR et de Loth Hou\u00e9nou \u00e0 Abdoul Razak Loth Hou\u00e9nou. C\u2019est ce qu\u2019il convient de retenir des retomb\u00e9es des 02 ans que Loth Hou\u00e9nou a pass\u00e9s en prison. Selon ses dires, l\u2019\u00e9tablissement p\u00e9nitentiaire a \u00e9t\u00e9 un internat dans lequel il a rencontr\u00e9 Dieu sous un autre angle. \u00ab J\u2019ai rencontr\u00e9 Dieu qui m\u2019a fait comprendre que certaines actions venant de moi ne sont pas bonnes, il faut donc se repentir \u00bb, a-t-il confi\u00e9.<\/p>\n<p>Contrairement \u00e0 ce qu\u2019il chantait au d\u00e9but de son interpellation, Abdoul Razak Loth Hou\u00e9nou estime que ce n\u2019est pas la faute du pr\u00e9sident de la R\u00e9publique s\u2019il a \u00e9t\u00e9 emprisonn\u00e9. A l\u2019entendre, il s\u2019agit d\u2019une oeuvre de Dieu, qui a voulu le restaurer et le mettre sur le droit chemin par rapport \u00e0 la gouvernance de Patrice Talon. \u00ab J\u2019ai \u00e9t\u00e9 dans le noir, aujourd\u2019hui je suis dans la lumi\u00e8re \u00bb, a-t-il dit<\/p>\n<p>Loth Hou\u00e9nou entre regret et repentance<\/p>\n<p>Reconnu coupable et condamn\u00e9 pour harc\u00e8lement par le biais de moyens de communication \u00e9lectronique sur le chef de l\u2019Etat, Loth Hou\u00e9nou regrette son acte et promet ne plus recommencer. Il dit avoir mal choisi ses mots pour s\u2019adresser au pr\u00e9sident de la R\u00e9publique, c\u2019est ce qui justifie ses ennuis judiciaires. \u00ab Les juges m\u2019ont appris que pour s\u2019adresser \u00e0 un chef d\u2019Etat, il faut savoir choisir les mots \u00bb, s\u2019en r\u00e9jouit-il.<\/p>\n<p>Il ne veut donc plus tomber dans les m\u00eames travers. D\u2019ailleurs, il abandonne l\u2019opposition et ses critiques envers le r\u00e9gime. Abdoul Razak Loth Hou\u00e9nou et ses acolytes sautent dans la mouvance avec le parti La Bonne Rel\u00e8ve (LBR), cr\u00e9\u00e9 sur la d\u00e9pouille du Parti des valeurs r\u00e9publicaines (Pvr). Apr\u00e8s deux (02) ans de prison, il voit d\u00e9sormais plus clair et touche du doigt les actions de Patrice Talon qu\u2019il critiquait et dont il peinturait le bilan en noir.<\/p>\n<p>Loth Hou\u00e9nou devient Abdoul Razak Loth Hou\u00e9nou<\/p>\n<p>Loth Hou\u00e9nou n\u2019a pas seulement chang\u00e9 de veste. Il a \u00e9galement chang\u00e9 de religion. Protestant m\u00e9thodiste \u00e0 la base, il est d\u00e9sormais musulman. Il ne renie pas J\u00e9sus-Christ, mais de part son exp\u00e9rience de prisonnier, il dit avoir \u00e9t\u00e9 convaincu par la pratique de l\u2019Islam. \u00ab J\u2019ai vu les musulmans se regrouper entre eux avec un sens aigu de partage \u00bb, a-t-il t\u00e9moign\u00e9.<\/p>\n<p><strong>Pour plus d&rsquo;informations et d&rsquo;analyses sur la <a href=\"https:\/\/www.africa-press.net\/benin\">Benin<\/a>, suivez <a href=\"https:\/\/www.africa-press.net\/\">Africa-Press<\/a><\/strong><\/p>\n","protected":false},"excerpt":{"rendered":"<p>Africa-Press &#8211; Benin. Lib\u00e9r\u00e9 de prison apr\u00e8s deux (02) ans pass\u00e9s derri\u00e8re les barreaux, Loth Hou\u00e9nou a fait sa premi\u00e8re sortie m\u00e9diatique ce samedi 23 juillet 2022. Sur la cha\u00eene de t\u00e9l\u00e9vision priv\u00e9e Eden Tv, l\u2019activiste politique, pr\u00e9sident d\u2019un parti l\u00e9galement inexistant, a annonc\u00e9 sa repentance et son changement de veste. De PVR \u00e0 LBR [&hellip;]<\/p>\n","protected":false},"author":82,"featured_media":7248,"comment_status":"open","ping_status":"closed","sticky":false,"template":"","format":"standard","meta":{"footnotes":""},"categories":[21,11,10],"tags":[36,50,45],"class_list":["post-7249","post","type-post","status-publish","format-standard","has-post-thumbnail","hentry","category-communaute","category-homepage-french","category-toutes-les-actualites","tag-africa-press","tag-africa-press-benin","tag-benin"],"yoast_head":"<!-- This site is optimized with the Yoast SEO Premium plugin v26.1 (Yoast SEO v27.0) - https:\/\/yoast.com\/product\/yoast-seo-premium-wordpress\/ -->\n<title>B\u00e9nin: Loth Hou\u00e9nou, la repentance apr\u00e8s 02 ans de prison ferme - B\u00e9nin<\/title>\n<meta name=\"description\" content=\"Lib\u00e9r\u00e9 de prison apr\u00e8s deux (02) ans pass\u00e9s derri\u00e8re les barreaux, Loth Hou\u00e9nou a fait sa premi\u00e8re sortie m\u00e9diatique ce ...\" \/>\n<meta name=\"robots\" content=\"index, follow, max-snippet:-1, max-image-preview:large, max-video-preview:-1\" \/>\n<link rel=\"canonical\" href=\"https:\/\/www.africa-press.net\/benin\/toutes-les-actualites\/benin-loth-houenou-la-repentance-apres-02-ans-de-prison-ferme\" \/>\n<meta property=\"og:locale\" content=\"fr_FR\" \/>\n<meta property=\"og:type\" content=\"article\" \/>\n<meta property=\"og:title\" content=\"B\u00e9nin: Loth Hou\u00e9nou, la repentance apr\u00e8s 02 ans de prison ferme\" \/>\n<meta property=\"og:description\" content=\"Lib\u00e9r\u00e9 de prison apr\u00e8s deux (02) ans pass\u00e9s derri\u00e8re les barreaux, Loth Hou\u00e9nou a fait sa premi\u00e8re sortie m\u00e9diatique ce ...\" \/>\n<meta property=\"og:url\" content=\"https:\/\/www.africa-press.net\/benin\/toutes-les-actualites\/benin-loth-houenou-la-repentance-apres-02-ans-de-prison-ferme\" \/>\n<meta property=\"og:site_name\" content=\"B\u00e9nin\" \/>\n<meta property=\"article:published_time\" content=\"2022-07-26T19:09:09+00:00\" \/>\n<meta property=\"article:modified_time\" content=\"2022-07-26T19:33:04+00:00\" \/>\n<meta property=\"og:image\" content=\"https:\/\/static.africa-press.net\/benin\/sites\/46\/2022\/07\/postQueueImg_31-62e0415ace97e.jpg\" \/>\n\t<meta property=\"og:image:width\" content=\"1200\" \/>\n\t<meta property=\"og:image:height\" content=\"675\" \/>\n\t<meta property=\"og:image:type\" content=\"image\/jpeg\" \/>\n<meta name=\"author\" content=\"cfeditorfr\" \/>\n<meta name=\"twitter:card\" content=\"summary_large_image\" \/>\n<meta name=\"twitter:label1\" content=\"\u00c9crit par\" \/>\n\t<meta name=\"twitter:data1\" content=\"cfeditorfr\" \/>\n\t<meta name=\"twitter:label2\" content=\"Dur\u00e9e de lecture estim\u00e9e\" \/>\n\t<meta name=\"twitter:data2\" content=\"3 minutes\" \/>\n<script type=\"application\/ld+json\" class=\"yoast-schema-graph\">{\"@context\":\"https:\/\/schema.org\",\"@graph\":[{\"@type\":\"Article\",\"@id\":\"https:\/\/www.africa-press.net\/benin\/toutes-les-actualites\/benin-loth-houenou-la-repentance-apres-02-ans-de-prison-ferme#article\",\"isPartOf\":{\"@id\":\"https:\/\/www.africa-press.net\/benin\/toutes-les-actualites\/benin-loth-houenou-la-repentance-apres-02-ans-de-prison-ferme\"},\"author\":{\"name\":\"cfeditorfr\",\"@id\":\"https:\/\/www.africa-press.net\/benin\/#\/schema\/person\/2b1cf3cd81a31e3cd26889ca66d677f1\"},\"headline\":\"B\u00e9nin: Loth Hou\u00e9nou, la repentance apr\u00e8s 02 ans de prison ferme\",\"datePublished\":\"2022-07-26T19:09:09+00:00\",\"dateModified\":\"2022-07-26T19:33:04+00:00\",\"mainEntityOfPage\":{\"@id\":\"https:\/\/www.africa-press.net\/benin\/toutes-les-actualites\/benin-loth-houenou-la-repentance-apres-02-ans-de-prison-ferme\"},\"wordCount\":505,\"commentCount\":0,\"image\":{\"@id\":\"https:\/\/www.africa-press.net\/benin\/toutes-les-actualites\/benin-loth-houenou-la-repentance-apres-02-ans-de-prison-ferme#primaryimage\"},\"thumbnailUrl\":\"https:\/\/static.africa-press.net\/benin\/sites\/46\/2022\/07\/postQueueImg_31-62e0415ace97e.jpg\",\"keywords\":[\"Africa Press\",\"Africa Press-Benin\",\"B\u00e9nin\"],\"articleSection\":[\"Communaut\u00e9\",\"homepage-french\",\"Toutes les actualit\u00e9s\"],\"inLanguage\":\"fr-FR\",\"potentialAction\":[{\"@type\":\"CommentAction\",\"name\":\"Comment\",\"target\":[\"https:\/\/www.africa-press.net\/benin\/toutes-les-actualites\/benin-loth-houenou-la-repentance-apres-02-ans-de-prison-ferme#respond\"]}]},{\"@type\":\"WebPage\",\"@id\":\"https:\/\/www.africa-press.net\/benin\/toutes-les-actualites\/benin-loth-houenou-la-repentance-apres-02-ans-de-prison-ferme\",\"url\":\"https:\/\/www.africa-press.net\/benin\/toutes-les-actualites\/benin-loth-houenou-la-repentance-apres-02-ans-de-prison-ferme\",\"name\":\"B\u00e9nin: Loth Hou\u00e9nou, la repentance apr\u00e8s 02 ans de prison ferme - B\u00e9nin\",\"isPartOf\":{\"@id\":\"https:\/\/www.africa-press.net\/benin\/#website\"},\"primaryImageOfPage\":{\"@id\":\"https:\/\/www.africa-press.net\/benin\/toutes-les-actualites\/benin-loth-houenou-la-repentance-apres-02-ans-de-prison-ferme#primaryimage\"},\"image\":{\"@id\":\"https:\/\/www.africa-press.net\/benin\/toutes-les-actualites\/benin-loth-houenou-la-repentance-apres-02-ans-de-prison-ferme#primaryimage\"},\"thumbnailUrl\":\"https:\/\/static.africa-press.net\/benin\/sites\/46\/2022\/07\/postQueueImg_31-62e0415ace97e.jpg\",\"datePublished\":\"2022-07-26T19:09:09+00:00\",\"dateModified\":\"2022-07-26T19:33:04+00:00\",\"author\":{\"@id\":\"https:\/\/www.africa-press.net\/benin\/#\/schema\/person\/2b1cf3cd81a31e3cd26889ca66d677f1\"},\"description\":\"Lib\u00e9r\u00e9 de prison apr\u00e8s deux (02) ans pass\u00e9s derri\u00e8re les barreaux, Loth Hou\u00e9nou a fait sa premi\u00e8re sortie m\u00e9diatique ce ...\",\"breadcrumb\":{\"@id\":\"https:\/\/www.africa-press.net\/benin\/toutes-les-actualites\/benin-loth-houenou-la-repentance-apres-02-ans-de-prison-ferme#breadcrumb\"},\"inLanguage\":\"fr-FR\",\"potentialAction\":[{\"@type\":\"ReadAction\",\"target\":[\"https:\/\/www.africa-press.net\/benin\/toutes-les-actualites\/benin-loth-houenou-la-repentance-apres-02-ans-de-prison-ferme\"]}]},{\"@type\":\"ImageObject\",\"inLanguage\":\"fr-FR\",\"@id\":\"https:\/\/www.africa-press.net\/benin\/toutes-les-actualites\/benin-loth-houenou-la-repentance-apres-02-ans-de-prison-ferme#primaryimage\",\"url\":\"https:\/\/static.africa-press.net\/benin\/sites\/46\/2022\/07\/postQueueImg_31-62e0415ace97e.jpg\",\"contentUrl\":\"https:\/\/static.africa-press.net\/benin\/sites\/46\/2022\/07\/postQueueImg_31-62e0415ace97e.jpg\",\"width\":1200,\"height\":675,\"caption\":\"B\u00e9nin: Loth Hou\u00e9nou, la repentance apr\u00e8s 02 ans de prison ferme\"},{\"@type\":\"BreadcrumbList\",\"@id\":\"https:\/\/www.africa-press.net\/benin\/toutes-les-actualites\/benin-loth-houenou-la-repentance-apres-02-ans-de-prison-ferme#breadcrumb\",\"itemListElement\":[{\"@type\":\"ListItem\",\"position\":1,\"name\":\"Accueil\",\"item\":\"https:\/\/www.africa-press.net\/benin\/\"},{\"@type\":\"ListItem\",\"position\":2,\"name\":\"B\u00e9nin: Loth Hou\u00e9nou, la repentance apr\u00e8s 02 ans de prison ferme\"}]},{\"@type\":\"WebSite\",\"@id\":\"https:\/\/www.africa-press.net\/benin\/#website\",\"url\":\"https:\/\/www.africa-press.net\/benin\/\",\"name\":\"B\u00e9nin\",\"description\":\"Just another Africa News Agency Sites site\",\"potentialAction\":[{\"@type\":\"SearchAction\",\"target\":{\"@type\":\"EntryPoint\",\"urlTemplate\":\"https:\/\/www.africa-press.net\/benin\/?s={search_term_string}\"},\"query-input\":{\"@type\":\"PropertyValueSpecification\",\"valueRequired\":true,\"valueName\":\"search_term_string\"}}],\"inLanguage\":\"fr-FR\"},{\"@type\":\"Person\",\"@id\":\"https:\/\/www.africa-press.net\/benin\/#\/schema\/person\/2b1cf3cd81a31e3cd26889ca66d677f1\",\"name\":\"cfeditorfr\"}]}<\/script>\n<!-- \/ Yoast SEO Premium plugin. -->","yoast_head_json":{"title":"B\u00e9nin: Loth Hou\u00e9nou, la repentance apr\u00e8s 02 ans de prison ferme - B\u00e9nin","description":"Lib\u00e9r\u00e9 de prison apr\u00e8s deux (02) ans pass\u00e9s derri\u00e8re les barreaux, Loth Hou\u00e9nou a fait sa premi\u00e8re sortie m\u00e9diatique ce ...","robots":{"index":"index","follow":"follow","max-snippet":"max-snippet:-1","max-image-preview":"max-image-preview:large","max-video-preview":"max-video-preview:-1"},"canonical":"https:\/\/www.africa-press.net\/benin\/toutes-les-actualites\/benin-loth-houenou-la-repentance-apres-02-ans-de-prison-ferme","og_locale":"fr_FR","og_type":"article","og_title":"B\u00e9nin: Loth Hou\u00e9nou, la repentance apr\u00e8s 02 ans de prison ferme","og_description":"Lib\u00e9r\u00e9 de prison apr\u00e8s deux (02) ans pass\u00e9s derri\u00e8re les barreaux, Loth Hou\u00e9nou a fait sa premi\u00e8re sortie m\u00e9diatique ce ...","og_url":"https:\/\/www.africa-press.net\/benin\/toutes-les-actualites\/benin-loth-houenou-la-repentance-apres-02-ans-de-prison-ferme","og_site_name":"B\u00e9nin","article_published_time":"2022-07-26T19:09:09+00:00","article_modified_time":"2022-07-26T19:33:04+00:00","og_image":[{"width":1200,"height":675,"url":"https:\/\/static.africa-press.net\/benin\/sites\/46\/2022\/07\/postQueueImg_31-62e0415ace97e.jpg","type":"image\/jpeg"}],"author":"cfeditorfr","twitter_card":"summary_large_image","twitter_misc":{"\u00c9crit par":"cfeditorfr","Dur\u00e9e de lecture estim\u00e9e":"3 minutes"},"schema":{"@context":"https:\/\/schema.org","@graph":[{"@type":"Article","@id":"https:\/\/www.africa-press.net\/benin\/toutes-les-actualites\/benin-loth-houenou-la-repentance-apres-02-ans-de-prison-ferme#article","isPartOf":{"@id":"https:\/\/www.africa-press.net\/benin\/toutes-les-actualites\/benin-loth-houenou-la-repentance-apres-02-ans-de-prison-ferme"},"author":{"name":"cfeditorfr","@id":"https:\/\/www.africa-press.net\/benin\/#\/schema\/person\/2b1cf3cd81a31e3cd26889ca66d677f1"},"headline":"B\u00e9nin: Loth Hou\u00e9nou, la repentance apr\u00e8s 02 ans de prison ferme","datePublished":"2022-07-26T19:09:09+00:00","dateModified":"2022-07-26T19:33:04+00:00","mainEntityOfPage":{"@id":"https:\/\/www.africa-press.net\/benin\/toutes-les-actualites\/benin-loth-houenou-la-repentance-apres-02-ans-de-prison-ferme"},"wordCount":505,"commentCount":0,"image":{"@id":"https:\/\/www.africa-press.net\/benin\/toutes-les-actualites\/benin-loth-houenou-la-repentance-apres-02-ans-de-prison-ferme#primaryimage"},"thumbnailUrl":"https:\/\/static.africa-press.net\/benin\/sites\/46\/2022\/07\/postQueueImg_31-62e0415ace97e.jpg","keywords":["Africa Press","Africa Press-Benin","B\u00e9nin"],"articleSection":["Communaut\u00e9","homepage-french","Toutes les actualit\u00e9s"],"inLanguage":"fr-FR","potentialAction":[{"@type":"CommentAction","name":"Comment","target":["https:\/\/www.africa-press.net\/benin\/toutes-les-actualites\/benin-loth-houenou-la-repentance-apres-02-ans-de-prison-ferme#respond"]}]},{"@type":"WebPage","@id":"https:\/\/www.africa-press.net\/benin\/toutes-les-actualites\/benin-loth-houenou-la-repentance-apres-02-ans-de-prison-ferme","url":"https:\/\/www.africa-press.net\/benin\/toutes-les-actualites\/benin-loth-houenou-la-repentance-apres-02-ans-de-prison-ferme","name":"B\u00e9nin: Loth Hou\u00e9nou, la repentance apr\u00e8s 02 ans de prison ferme - B\u00e9nin","isPartOf":{"@id":"https:\/\/www.africa-press.net\/benin\/#website"},"primaryImageOfPage":{"@id":"https:\/\/www.africa-press.net\/benin\/toutes-les-actualites\/benin-loth-houenou-la-repentance-apres-02-ans-de-prison-ferme#primaryimage"},"image":{"@id":"https:\/\/www.africa-press.net\/benin\/toutes-les-actualites\/benin-loth-houenou-la-repentance-apres-02-ans-de-prison-ferme#primaryimage"},"thumbnailUrl":"https:\/\/static.africa-press.net\/benin\/sites\/46\/2022\/07\/postQueueImg_31-62e0415ace97e.jpg","datePublished":"2022-07-26T19:09:09+00:00","dateModified":"2022-07-26T19:33:04+00:00","author":{"@id":"https:\/\/www.africa-press.net\/benin\/#\/schema\/person\/2b1cf3cd81a31e3cd26889ca66d677f1"},"description":"Lib\u00e9r\u00e9 de prison apr\u00e8s deux (02) ans pass\u00e9s derri\u00e8re les barreaux, Loth Hou\u00e9nou a fait sa premi\u00e8re sortie m\u00e9diatique ce ...","breadcrumb":{"@id":"https:\/\/www.africa-press.net\/benin\/toutes-les-actualites\/benin-loth-houenou-la-repentance-apres-02-ans-de-prison-ferme#breadcrumb"},"inLanguage":"fr-FR","potentialAction":[{"@type":"ReadAction","target":["https:\/\/www.africa-press.net\/benin\/toutes-les-actualites\/benin-loth-houenou-la-repentance-apres-02-ans-de-prison-ferme"]}]},{"@type":"ImageObject","inLanguage":"fr-FR","@id":"https:\/\/www.africa-press.net\/benin\/toutes-les-actualites\/benin-loth-houenou-la-repentance-apres-02-ans-de-prison-ferme#primaryimage","url":"https:\/\/static.africa-press.net\/benin\/sites\/46\/2022\/07\/postQueueImg_31-62e0415ace97e.jpg","contentUrl":"https:\/\/static.africa-press.net\/benin\/sites\/46\/2022\/07\/postQueueImg_31-62e0415ace97e.jpg","width":1200,"height":675,"caption":"B\u00e9nin: Loth Hou\u00e9nou, la repentance apr\u00e8s 02 ans de prison ferme"},{"@type":"BreadcrumbList","@id":"https:\/\/www.africa-press.net\/benin\/toutes-les-actualites\/benin-loth-houenou-la-repentance-apres-02-ans-de-prison-ferme#breadcrumb","itemListElement":[{"@type":"ListItem","position":1,"name":"Accueil","item":"https:\/\/www.africa-press.net\/benin\/"},{"@type":"ListItem","position":2,"name":"B\u00e9nin: Loth Hou\u00e9nou, la repentance apr\u00e8s 02 ans de prison ferme"}]},{"@type":"WebSite","@id":"https:\/\/www.africa-press.net\/benin\/#website","url":"https:\/\/www.africa-press.net\/benin\/","name":"B\u00e9nin","description":"Just another Africa News Agency Sites site","potentialAction":[{"@type":"SearchAction","target":{"@type":"EntryPoint","urlTemplate":"https:\/\/www.africa-press.net\/benin\/?s={search_term_string}"},"query-input":{"@type":"PropertyValueSpecification","valueRequired":true,"valueName":"search_term_string"}}],"inLanguage":"fr-FR"},{"@type":"Person","@id":"https:\/\/www.africa-press.net\/benin\/#\/schema\/person\/2b1cf3cd81a31e3cd26889ca66d677f1","name":"cfeditorfr"}]}},"_links":{"self":[{"href":"https:\/\/www.africa-press.net\/benin\/wp-json\/wp\/v2\/posts\/7249","targetHints":{"allow":["GET"]}}],"collection":[{"href":"https:\/\/www.africa-press.net\/benin\/wp-json\/wp\/v2\/posts"}],"about":[{"href":"https:\/\/www.africa-press.net\/benin\/wp-json\/wp\/v2\/types\/post"}],"author":[{"embeddable":true,"href":"https:\/\/www.africa-press.net\/benin\/wp-json\/wp\/v2\/users\/82"}],"replies":[{"embeddable":true,"href":"https:\/\/www.africa-press.net\/benin\/wp-json\/wp\/v2\/comments?post=7249"}],"version-history":[{"count":0,"href":"https:\/\/www.africa-press.net\/benin\/wp-json\/wp\/v2\/posts\/7249\/revisions"}],"wp:featuredmedia":[{"embeddable":true,"href":"https:\/\/www.africa-press.net\/benin\/wp-json\/wp\/v2\/media\/7248"}],"wp:attachment":[{"href":"https:\/\/www.africa-press.net\/benin\/wp-json\/wp\/v2\/media?parent=7249"}],"wp:term":[{"taxonomy":"category","embeddable":true,"href":"https:\/\/www.africa-press.net\/benin\/wp-json\/wp\/v2\/categories?post=7249"},{"taxonomy":"post_tag","embeddable":true,"href":"https:\/\/www.africa-press.net\/benin\/wp-json\/wp\/v2\/tags?post=7249"}],"curies":[{"name":"wp","href":"https:\/\/api.w.org\/{rel}","templated":true}]}}