{"id":7252,"date":"2022-07-26T19:00:00","date_gmt":"2022-07-26T19:00:00","guid":{"rendered":"https:\/\/www.africa-press.net\/benin\/politique\/cest-maintenant-que-djogbenou-commence-sa-carriere-politique-pere-eric-aguenounon"},"modified":"2022-07-26T19:33:30","modified_gmt":"2022-07-26T19:33:30","slug":"cest-maintenant-que-djogbenou-commence-sa-carriere-politique-pere-eric-aguenounon","status":"publish","type":"post","link":"https:\/\/www.africa-press.net\/benin\/politique\/cest-maintenant-que-djogbenou-commence-sa-carriere-politique-pere-eric-aguenounon","title":{"rendered":"\u00ab\u00a0C\u2019est maintenant que Djogb\u00e9nou commence sa carri\u00e8re politique\u00a0\u00bb, P\u00e8re Eric Agu\u00e9nounon"},"content":{"rendered":"<p><span style=\"color: #ff6600\"><strong>Africa-Press &#8211; Benin. <\/strong><\/span>La d\u00e9mission de Joseph Djogb\u00e9nou de la pr\u00e9sidence de la cour constitutionnelle continue de faire couler beaucoup d\u2019encre et de salive. Dans un entretien accord\u00e9 au journal \u00ab La Croix du B\u00e9nin \u00bb, le p\u00e8re Eric Aguenounon pense que c\u2019est maintenant que commence la carri\u00e8re politique du nouveau pr\u00e9sident du parti Union Progressiste (UP).<\/p>\n<p>Dans le num\u00e9ro 1668 de sa parution, le quotidien \u00ab La Croix du B\u00e9nin \u00bb a tendu son micro au p\u00e8re Eric Aguenounon, pr\u00eatres catholique, analyste politique et \u00e9crivain \u2013essayiste. Ce dernier a livr\u00e9 son analyse de l\u2019actualit\u00e9 concernant la d\u00e9mission de Joseph Djogb\u00e9nou de la cour constitutionnelle et sa d\u00e9signation pour pr\u00e9sider d\u00e9sormais \u00e0 la destin\u00e9e du parti Union Progressiste.<\/p>\n<p>Pour Eric Aguenounon, la d\u00e9mission de l\u2019ancien pr\u00e9sident de la cour constitutionnelle ne devait en principe pas \u00e9tonner. Axant son analyse sur le parcours fulgurant de l\u2019homme dans le sph\u00e8re politique, l\u2019homme de l\u2019Eglise estime que cet universitaire reste un maillon cl\u00e9 du fonctionnement de la rupture.<\/p>\n<p>Selon lui, quand on a un \u00e9l\u00e9ment du genre dans son \u00e9quipe, il faut l\u2019utiliser. C\u2019est ce qui justifierait son ascension fulgurante selon l\u2019analyste politique. Une ascension qu\u2019il doit selon Eric Aguenounon, \u00e0 sa docilit\u00e9 au pr\u00e9sident Patrice Talon. En le ramenant dans l\u2019ar\u00e8ne politique, semble comprendre l\u2019invit\u00e9 de \u00ab La Croix du B\u00e9nin \u00bb, c\u2019est pour lui permettre de commencer sa carri\u00e8re politique apr\u00e8s avoir \u00e9t\u00e9 utilis\u00e9 \u00e0 des postes cl\u00e9s qui ne lui ont pas \u00e9t\u00e9 toujours favorables.<\/p>\n<p>C\u2019est maintenant qu\u2019il commence sa carri\u00e8re politique\u2026<\/p>\n<p>Apr\u00e8s sa d\u00e9mission de la cour constitutionnelle, le professeur Joseph Djogb\u00e9nou a tenu une conf\u00e9rence de presse au cours de laquelle il a fait savoir qu\u2019il pouvait partir de la prestigieuse institution parce que l\u2019essentielle des choses a \u00e9t\u00e9 faite au niveau de l\u2019institution.<\/p>\n<p>Dans son analyse, le p\u00e8re Eric Aguenounon pense que l\u2019universitaire a \u00e9t\u00e9 non seulement nomm\u00e9 pr\u00e9sident de la cour constitutionnelle pour sa fid\u00e9lit\u00e9 au chef de l\u2019Etat, mais aussi pour ses comp\u00e9tences et sa technicit\u00e9. Une fois que cette mission est achev\u00e9e, l\u2019ancien avocat de Patrice Talon pourrait enfin entamer sa carri\u00e8re politique.<\/p>\n<p>\u00ab C\u2019est maintenant qu\u2019il commence sa carri\u00e8re politique, avec son accession \u00e0 la pr\u00e9sidence de l\u2019Union progressiste\u00ab , a fait savoir l\u2019analyste politique<\/p>\n<p>Pour le p\u00e8re Eric Aguenounon, il fallait que l\u2019universitaire revienne dans le jeu politique pour se donner la chance de laver l\u2019image qui lui est coll\u00e9e \u00e0 la peau alors qu\u2019il \u00e9tait ministre de la justice et ensuite pr\u00e9sident de la cour constitutionnelle.<\/p>\n<p>Pour bon nombre de b\u00e9ninois, indique le P\u00e8re Eric Agu\u00e9nounon, le professeur Joseph Djogb\u00e9nou a \u00e9t\u00e9 \u00e0 l\u2019avant-garde des lois qui ont remis en cause la paix et la coh\u00e9sion sociale. L\u2019analyste politique en veut pour preuve, le certificat de conformit\u00e9 que l\u2019ex pr\u00e9sident de la cour constitutionnelle a sorti de son chapeau pour exclure l\u2019opposition des l\u00e9gislatives de 2019, selon les dires des leaders de l\u2019opposition.<\/p>\n<p>Apr\u00e8s avoir eu ce parcours, il est de bon ton, pense Eric Agu\u00e9nounon, qu\u2019il entame une carri\u00e8re politique qui va lui permettre de se d\u00e9barrasser de cette image que beaucoup de b\u00e9ninois gardent de lui, tant est qu\u2019il aspire \u00e0 la plus haute fonction de l\u2019Etat.<\/p>\n<p>Le pr\u00eatre catholique l\u2019invite n\u00e9anmoins \u00e0 la prudence pour la nouvelle aventure qu\u2019il entame parce qu\u2019il n\u2019est pas le seul proche du pr\u00e9sident de la R\u00e9publique qui nourrit des ambitions.<\/p>\n<p><strong>Pour plus d&rsquo;informations et d&rsquo;analyses sur la <a href=\"https:\/\/www.africa-press.net\/benin\">Benin<\/a>, suivez <a href=\"https:\/\/www.africa-press.net\/\">Africa-Press<\/a><\/strong><\/p>\n","protected":false},"excerpt":{"rendered":"<p>Africa-Press &#8211; Benin. La d\u00e9mission de Joseph Djogb\u00e9nou de la pr\u00e9sidence de la cour constitutionnelle continue de faire couler beaucoup d\u2019encre et de salive. Dans un entretien accord\u00e9 au journal \u00ab La Croix du B\u00e9nin \u00bb, le p\u00e8re Eric Aguenounon pense que c\u2019est maintenant que commence la carri\u00e8re politique du nouveau pr\u00e9sident du parti Union [&hellip;]<\/p>\n","protected":false},"author":82,"featured_media":7251,"comment_status":"open","ping_status":"closed","sticky":false,"template":"","format":"standard","meta":{"footnotes":""},"categories":[11,2,10],"tags":[36,50,45],"class_list":["post-7252","post","type-post","status-publish","format-standard","has-post-thumbnail","hentry","category-homepage-french","category-politique","category-toutes-les-actualites","tag-africa-press","tag-africa-press-benin","tag-benin"],"yoast_head":"<!-- This site is optimized with the Yoast SEO Premium plugin v26.1 (Yoast SEO v27.0) - https:\/\/yoast.com\/product\/yoast-seo-premium-wordpress\/ -->\n<title>\u00ab\u00a0C\u2019est maintenant que Djogb\u00e9nou commence sa carri\u00e8re politique\u00a0\u00bb, P\u00e8re Eric Agu\u00e9nounon - B\u00e9nin<\/title>\n<meta name=\"description\" content=\"La d\u00e9mission de Joseph Djogb\u00e9nou de la pr\u00e9sidence de la cour constitutionnelle continue de faire couler beaucoup d\u2019encre ...\" \/>\n<meta name=\"robots\" content=\"index, follow, max-snippet:-1, max-image-preview:large, max-video-preview:-1\" \/>\n<link rel=\"canonical\" href=\"https:\/\/www.africa-press.net\/benin\/politique\/cest-maintenant-que-djogbenou-commence-sa-carriere-politique-pere-eric-aguenounon\" \/>\n<meta property=\"og:locale\" content=\"fr_FR\" \/>\n<meta property=\"og:type\" content=\"article\" \/>\n<meta property=\"og:title\" content=\"\u00ab\u00a0C\u2019est maintenant que Djogb\u00e9nou commence sa carri\u00e8re politique\u00a0\u00bb, P\u00e8re Eric Agu\u00e9nounon\" \/>\n<meta property=\"og:description\" content=\"La d\u00e9mission de Joseph Djogb\u00e9nou de la pr\u00e9sidence de la cour constitutionnelle continue de faire couler beaucoup d\u2019encre ...\" \/>\n<meta property=\"og:url\" content=\"https:\/\/www.africa-press.net\/benin\/politique\/cest-maintenant-que-djogbenou-commence-sa-carriere-politique-pere-eric-aguenounon\" \/>\n<meta property=\"og:site_name\" content=\"B\u00e9nin\" \/>\n<meta property=\"article:published_time\" content=\"2022-07-26T19:00:00+00:00\" \/>\n<meta property=\"article:modified_time\" content=\"2022-07-26T19:33:30+00:00\" \/>\n<meta property=\"og:image\" content=\"https:\/\/static.africa-press.net\/benin\/sites\/46\/2022\/07\/postQueueImg_32-62e0417609cf8.jpg\" \/>\n\t<meta property=\"og:image:width\" content=\"1200\" \/>\n\t<meta property=\"og:image:height\" content=\"800\" \/>\n\t<meta property=\"og:image:type\" content=\"image\/jpeg\" \/>\n<meta name=\"author\" content=\"cfeditorfr\" \/>\n<meta name=\"twitter:card\" content=\"summary_large_image\" \/>\n<meta name=\"twitter:label1\" content=\"\u00c9crit par\" \/>\n\t<meta name=\"twitter:data1\" content=\"cfeditorfr\" \/>\n\t<meta name=\"twitter:label2\" content=\"Dur\u00e9e de lecture estim\u00e9e\" \/>\n\t<meta name=\"twitter:data2\" content=\"3 minutes\" \/>\n<script type=\"application\/ld+json\" class=\"yoast-schema-graph\">{\"@context\":\"https:\/\/schema.org\",\"@graph\":[{\"@type\":\"Article\",\"@id\":\"https:\/\/www.africa-press.net\/benin\/politique\/cest-maintenant-que-djogbenou-commence-sa-carriere-politique-pere-eric-aguenounon#article\",\"isPartOf\":{\"@id\":\"https:\/\/www.africa-press.net\/benin\/politique\/cest-maintenant-que-djogbenou-commence-sa-carriere-politique-pere-eric-aguenounon\"},\"author\":{\"name\":\"cfeditorfr\",\"@id\":\"https:\/\/www.africa-press.net\/benin\/#\/schema\/person\/2b1cf3cd81a31e3cd26889ca66d677f1\"},\"headline\":\"\u00ab\u00a0C\u2019est maintenant que Djogb\u00e9nou commence sa carri\u00e8re politique\u00a0\u00bb, P\u00e8re Eric Agu\u00e9nounon\",\"datePublished\":\"2022-07-26T19:00:00+00:00\",\"dateModified\":\"2022-07-26T19:33:30+00:00\",\"mainEntityOfPage\":{\"@id\":\"https:\/\/www.africa-press.net\/benin\/politique\/cest-maintenant-que-djogbenou-commence-sa-carriere-politique-pere-eric-aguenounon\"},\"wordCount\":668,\"commentCount\":0,\"image\":{\"@id\":\"https:\/\/www.africa-press.net\/benin\/politique\/cest-maintenant-que-djogbenou-commence-sa-carriere-politique-pere-eric-aguenounon#primaryimage\"},\"thumbnailUrl\":\"https:\/\/static.africa-press.net\/benin\/sites\/46\/2022\/07\/postQueueImg_32-62e0417609cf8.jpg\",\"keywords\":[\"Africa Press\",\"Africa Press-Benin\",\"B\u00e9nin\"],\"articleSection\":[\"homepage-french\",\"Politique\",\"Toutes les actualit\u00e9s\"],\"inLanguage\":\"fr-FR\",\"potentialAction\":[{\"@type\":\"CommentAction\",\"name\":\"Comment\",\"target\":[\"https:\/\/www.africa-press.net\/benin\/politique\/cest-maintenant-que-djogbenou-commence-sa-carriere-politique-pere-eric-aguenounon#respond\"]}]},{\"@type\":\"WebPage\",\"@id\":\"https:\/\/www.africa-press.net\/benin\/politique\/cest-maintenant-que-djogbenou-commence-sa-carriere-politique-pere-eric-aguenounon\",\"url\":\"https:\/\/www.africa-press.net\/benin\/politique\/cest-maintenant-que-djogbenou-commence-sa-carriere-politique-pere-eric-aguenounon\",\"name\":\"\u00ab\u00a0C\u2019est maintenant que Djogb\u00e9nou commence sa carri\u00e8re politique\u00a0\u00bb, P\u00e8re Eric Agu\u00e9nounon - B\u00e9nin\",\"isPartOf\":{\"@id\":\"https:\/\/www.africa-press.net\/benin\/#website\"},\"primaryImageOfPage\":{\"@id\":\"https:\/\/www.africa-press.net\/benin\/politique\/cest-maintenant-que-djogbenou-commence-sa-carriere-politique-pere-eric-aguenounon#primaryimage\"},\"image\":{\"@id\":\"https:\/\/www.africa-press.net\/benin\/politique\/cest-maintenant-que-djogbenou-commence-sa-carriere-politique-pere-eric-aguenounon#primaryimage\"},\"thumbnailUrl\":\"https:\/\/static.africa-press.net\/benin\/sites\/46\/2022\/07\/postQueueImg_32-62e0417609cf8.jpg\",\"datePublished\":\"2022-07-26T19:00:00+00:00\",\"dateModified\":\"2022-07-26T19:33:30+00:00\",\"author\":{\"@id\":\"https:\/\/www.africa-press.net\/benin\/#\/schema\/person\/2b1cf3cd81a31e3cd26889ca66d677f1\"},\"description\":\"La d\u00e9mission de Joseph Djogb\u00e9nou de la pr\u00e9sidence de la cour constitutionnelle continue de faire couler beaucoup d\u2019encre ...\",\"breadcrumb\":{\"@id\":\"https:\/\/www.africa-press.net\/benin\/politique\/cest-maintenant-que-djogbenou-commence-sa-carriere-politique-pere-eric-aguenounon#breadcrumb\"},\"inLanguage\":\"fr-FR\",\"potentialAction\":[{\"@type\":\"ReadAction\",\"target\":[\"https:\/\/www.africa-press.net\/benin\/politique\/cest-maintenant-que-djogbenou-commence-sa-carriere-politique-pere-eric-aguenounon\"]}]},{\"@type\":\"ImageObject\",\"inLanguage\":\"fr-FR\",\"@id\":\"https:\/\/www.africa-press.net\/benin\/politique\/cest-maintenant-que-djogbenou-commence-sa-carriere-politique-pere-eric-aguenounon#primaryimage\",\"url\":\"https:\/\/static.africa-press.net\/benin\/sites\/46\/2022\/07\/postQueueImg_32-62e0417609cf8.jpg\",\"contentUrl\":\"https:\/\/static.africa-press.net\/benin\/sites\/46\/2022\/07\/postQueueImg_32-62e0417609cf8.jpg\",\"width\":1200,\"height\":800,\"caption\":\"\u00ab\u00a0C\u2019est maintenant que Djogb\u00e9nou commence sa carri\u00e8re politique\u00a0\u00bb, P\u00e8re Eric Agu\u00e9nounon\"},{\"@type\":\"BreadcrumbList\",\"@id\":\"https:\/\/www.africa-press.net\/benin\/politique\/cest-maintenant-que-djogbenou-commence-sa-carriere-politique-pere-eric-aguenounon#breadcrumb\",\"itemListElement\":[{\"@type\":\"ListItem\",\"position\":1,\"name\":\"Accueil\",\"item\":\"https:\/\/www.africa-press.net\/benin\/\"},{\"@type\":\"ListItem\",\"position\":2,\"name\":\"\u00ab\u00a0C\u2019est maintenant que Djogb\u00e9nou commence sa carri\u00e8re politique\u00a0\u00bb, P\u00e8re Eric Agu\u00e9nounon\"}]},{\"@type\":\"WebSite\",\"@id\":\"https:\/\/www.africa-press.net\/benin\/#website\",\"url\":\"https:\/\/www.africa-press.net\/benin\/\",\"name\":\"B\u00e9nin\",\"description\":\"Just another Africa News Agency Sites site\",\"potentialAction\":[{\"@type\":\"SearchAction\",\"target\":{\"@type\":\"EntryPoint\",\"urlTemplate\":\"https:\/\/www.africa-press.net\/benin\/?s={search_term_string}\"},\"query-input\":{\"@type\":\"PropertyValueSpecification\",\"valueRequired\":true,\"valueName\":\"search_term_string\"}}],\"inLanguage\":\"fr-FR\"},{\"@type\":\"Person\",\"@id\":\"https:\/\/www.africa-press.net\/benin\/#\/schema\/person\/2b1cf3cd81a31e3cd26889ca66d677f1\",\"name\":\"cfeditorfr\"}]}<\/script>\n<!-- \/ Yoast SEO Premium plugin. -->","yoast_head_json":{"title":"\u00ab\u00a0C\u2019est maintenant que Djogb\u00e9nou commence sa carri\u00e8re politique\u00a0\u00bb, P\u00e8re Eric Agu\u00e9nounon - B\u00e9nin","description":"La d\u00e9mission de Joseph Djogb\u00e9nou de la pr\u00e9sidence de la cour constitutionnelle continue de faire couler beaucoup d\u2019encre ...","robots":{"index":"index","follow":"follow","max-snippet":"max-snippet:-1","max-image-preview":"max-image-preview:large","max-video-preview":"max-video-preview:-1"},"canonical":"https:\/\/www.africa-press.net\/benin\/politique\/cest-maintenant-que-djogbenou-commence-sa-carriere-politique-pere-eric-aguenounon","og_locale":"fr_FR","og_type":"article","og_title":"\u00ab\u00a0C\u2019est maintenant que Djogb\u00e9nou commence sa carri\u00e8re politique\u00a0\u00bb, P\u00e8re Eric Agu\u00e9nounon","og_description":"La d\u00e9mission de Joseph Djogb\u00e9nou de la pr\u00e9sidence de la cour constitutionnelle continue de faire couler beaucoup d\u2019encre ...","og_url":"https:\/\/www.africa-press.net\/benin\/politique\/cest-maintenant-que-djogbenou-commence-sa-carriere-politique-pere-eric-aguenounon","og_site_name":"B\u00e9nin","article_published_time":"2022-07-26T19:00:00+00:00","article_modified_time":"2022-07-26T19:33:30+00:00","og_image":[{"width":1200,"height":800,"url":"https:\/\/static.africa-press.net\/benin\/sites\/46\/2022\/07\/postQueueImg_32-62e0417609cf8.jpg","type":"image\/jpeg"}],"author":"cfeditorfr","twitter_card":"summary_large_image","twitter_misc":{"\u00c9crit par":"cfeditorfr","Dur\u00e9e de lecture estim\u00e9e":"3 minutes"},"schema":{"@context":"https:\/\/schema.org","@graph":[{"@type":"Article","@id":"https:\/\/www.africa-press.net\/benin\/politique\/cest-maintenant-que-djogbenou-commence-sa-carriere-politique-pere-eric-aguenounon#article","isPartOf":{"@id":"https:\/\/www.africa-press.net\/benin\/politique\/cest-maintenant-que-djogbenou-commence-sa-carriere-politique-pere-eric-aguenounon"},"author":{"name":"cfeditorfr","@id":"https:\/\/www.africa-press.net\/benin\/#\/schema\/person\/2b1cf3cd81a31e3cd26889ca66d677f1"},"headline":"\u00ab\u00a0C\u2019est maintenant que Djogb\u00e9nou commence sa carri\u00e8re politique\u00a0\u00bb, P\u00e8re Eric Agu\u00e9nounon","datePublished":"2022-07-26T19:00:00+00:00","dateModified":"2022-07-26T19:33:30+00:00","mainEntityOfPage":{"@id":"https:\/\/www.africa-press.net\/benin\/politique\/cest-maintenant-que-djogbenou-commence-sa-carriere-politique-pere-eric-aguenounon"},"wordCount":668,"commentCount":0,"image":{"@id":"https:\/\/www.africa-press.net\/benin\/politique\/cest-maintenant-que-djogbenou-commence-sa-carriere-politique-pere-eric-aguenounon#primaryimage"},"thumbnailUrl":"https:\/\/static.africa-press.net\/benin\/sites\/46\/2022\/07\/postQueueImg_32-62e0417609cf8.jpg","keywords":["Africa Press","Africa Press-Benin","B\u00e9nin"],"articleSection":["homepage-french","Politique","Toutes les actualit\u00e9s"],"inLanguage":"fr-FR","potentialAction":[{"@type":"CommentAction","name":"Comment","target":["https:\/\/www.africa-press.net\/benin\/politique\/cest-maintenant-que-djogbenou-commence-sa-carriere-politique-pere-eric-aguenounon#respond"]}]},{"@type":"WebPage","@id":"https:\/\/www.africa-press.net\/benin\/politique\/cest-maintenant-que-djogbenou-commence-sa-carriere-politique-pere-eric-aguenounon","url":"https:\/\/www.africa-press.net\/benin\/politique\/cest-maintenant-que-djogbenou-commence-sa-carriere-politique-pere-eric-aguenounon","name":"\u00ab\u00a0C\u2019est maintenant que Djogb\u00e9nou commence sa carri\u00e8re politique\u00a0\u00bb, P\u00e8re Eric Agu\u00e9nounon - B\u00e9nin","isPartOf":{"@id":"https:\/\/www.africa-press.net\/benin\/#website"},"primaryImageOfPage":{"@id":"https:\/\/www.africa-press.net\/benin\/politique\/cest-maintenant-que-djogbenou-commence-sa-carriere-politique-pere-eric-aguenounon#primaryimage"},"image":{"@id":"https:\/\/www.africa-press.net\/benin\/politique\/cest-maintenant-que-djogbenou-commence-sa-carriere-politique-pere-eric-aguenounon#primaryimage"},"thumbnailUrl":"https:\/\/static.africa-press.net\/benin\/sites\/46\/2022\/07\/postQueueImg_32-62e0417609cf8.jpg","datePublished":"2022-07-26T19:00:00+00:00","dateModified":"2022-07-26T19:33:30+00:00","author":{"@id":"https:\/\/www.africa-press.net\/benin\/#\/schema\/person\/2b1cf3cd81a31e3cd26889ca66d677f1"},"description":"La d\u00e9mission de Joseph Djogb\u00e9nou de la pr\u00e9sidence de la cour constitutionnelle continue de faire couler beaucoup d\u2019encre ...","breadcrumb":{"@id":"https:\/\/www.africa-press.net\/benin\/politique\/cest-maintenant-que-djogbenou-commence-sa-carriere-politique-pere-eric-aguenounon#breadcrumb"},"inLanguage":"fr-FR","potentialAction":[{"@type":"ReadAction","target":["https:\/\/www.africa-press.net\/benin\/politique\/cest-maintenant-que-djogbenou-commence-sa-carriere-politique-pere-eric-aguenounon"]}]},{"@type":"ImageObject","inLanguage":"fr-FR","@id":"https:\/\/www.africa-press.net\/benin\/politique\/cest-maintenant-que-djogbenou-commence-sa-carriere-politique-pere-eric-aguenounon#primaryimage","url":"https:\/\/static.africa-press.net\/benin\/sites\/46\/2022\/07\/postQueueImg_32-62e0417609cf8.jpg","contentUrl":"https:\/\/static.africa-press.net\/benin\/sites\/46\/2022\/07\/postQueueImg_32-62e0417609cf8.jpg","width":1200,"height":800,"caption":"\u00ab\u00a0C\u2019est maintenant que Djogb\u00e9nou commence sa carri\u00e8re politique\u00a0\u00bb, P\u00e8re Eric Agu\u00e9nounon"},{"@type":"BreadcrumbList","@id":"https:\/\/www.africa-press.net\/benin\/politique\/cest-maintenant-que-djogbenou-commence-sa-carriere-politique-pere-eric-aguenounon#breadcrumb","itemListElement":[{"@type":"ListItem","position":1,"name":"Accueil","item":"https:\/\/www.africa-press.net\/benin\/"},{"@type":"ListItem","position":2,"name":"\u00ab\u00a0C\u2019est maintenant que Djogb\u00e9nou commence sa carri\u00e8re politique\u00a0\u00bb, P\u00e8re Eric Agu\u00e9nounon"}]},{"@type":"WebSite","@id":"https:\/\/www.africa-press.net\/benin\/#website","url":"https:\/\/www.africa-press.net\/benin\/","name":"B\u00e9nin","description":"Just another Africa News Agency Sites site","potentialAction":[{"@type":"SearchAction","target":{"@type":"EntryPoint","urlTemplate":"https:\/\/www.africa-press.net\/benin\/?s={search_term_string}"},"query-input":{"@type":"PropertyValueSpecification","valueRequired":true,"valueName":"search_term_string"}}],"inLanguage":"fr-FR"},{"@type":"Person","@id":"https:\/\/www.africa-press.net\/benin\/#\/schema\/person\/2b1cf3cd81a31e3cd26889ca66d677f1","name":"cfeditorfr"}]}},"_links":{"self":[{"href":"https:\/\/www.africa-press.net\/benin\/wp-json\/wp\/v2\/posts\/7252","targetHints":{"allow":["GET"]}}],"collection":[{"href":"https:\/\/www.africa-press.net\/benin\/wp-json\/wp\/v2\/posts"}],"about":[{"href":"https:\/\/www.africa-press.net\/benin\/wp-json\/wp\/v2\/types\/post"}],"author":[{"embeddable":true,"href":"https:\/\/www.africa-press.net\/benin\/wp-json\/wp\/v2\/users\/82"}],"replies":[{"embeddable":true,"href":"https:\/\/www.africa-press.net\/benin\/wp-json\/wp\/v2\/comments?post=7252"}],"version-history":[{"count":0,"href":"https:\/\/www.africa-press.net\/benin\/wp-json\/wp\/v2\/posts\/7252\/revisions"}],"wp:featuredmedia":[{"embeddable":true,"href":"https:\/\/www.africa-press.net\/benin\/wp-json\/wp\/v2\/media\/7251"}],"wp:attachment":[{"href":"https:\/\/www.africa-press.net\/benin\/wp-json\/wp\/v2\/media?parent=7252"}],"wp:term":[{"taxonomy":"category","embeddable":true,"href":"https:\/\/www.africa-press.net\/benin\/wp-json\/wp\/v2\/categories?post=7252"},{"taxonomy":"post_tag","embeddable":true,"href":"https:\/\/www.africa-press.net\/benin\/wp-json\/wp\/v2\/tags?post=7252"}],"curies":[{"name":"wp","href":"https:\/\/api.w.org\/{rel}","templated":true}]}}