{"id":7266,"date":"2022-07-27T16:40:00","date_gmt":"2022-07-27T16:40:00","guid":{"rendered":"https:\/\/www.africa-press.net\/benin\/politique\/benin-emmanuel-macron-accueilli-a-laeroport-de-cotonou"},"modified":"2022-07-27T17:15:44","modified_gmt":"2022-07-27T17:15:44","slug":"benin-emmanuel-macron-accueilli-a-laeroport-de-cotonou","status":"publish","type":"post","link":"https:\/\/www.africa-press.net\/benin\/politique\/benin-emmanuel-macron-accueilli-a-laeroport-de-cotonou","title":{"rendered":"B\u00e9nin: Emmanuel Macron accueilli \u00e0 l\u2019a\u00e9roport de Cotonou"},"content":{"rendered":"<p><span style=\"color: #ff6600\"><strong>Africa-Press &#8211; Benin. <\/strong><\/span>Le pr\u00e9sident Francais Emmanuel Macron est arriv\u00e9 \u00e0 Cotonou, au petit matin de ce mercredi 27 juillet 2022. Le chef de l\u2019Etat francais va s\u2019entretenir avec son homologue B\u00e9ninois Patrice Talon, selon son agenda pr\u00e9sidentiel.<\/p>\n<p>Apr\u00e8s le Cameroun o\u00f9, il a pass\u00e9 24 heures et a discut\u00e9 de plusieurs sujets avec le pr\u00e9sident Paul Biya, le patron de l\u2019Elys\u00e9e, est arriv\u00e9 ce mercredi, \u00e0 Cotonou, deuxi\u00e8me \u00e9tape de sa tourn\u00e9e africaine.<\/p>\n<p>Sur la toute premi\u00e8re image obtenue par BENIN WEB TV, on pourrait voir le patron de l\u2019Hexagone entour\u00e9 des ministres B\u00e9ninois des Affaires Etrang\u00e8res Aur\u00e9lien Agb\u00e9nonci, de la culture, Jean-Michel Abimbola et de l\u2019\u00c9conomie et des Finances, Romuald Wadagni.<\/p>\n<p>T\u00eate-\u00e0-t\u00eate Macron-Talon<\/p>\n<p>Au B\u00e9nin, Emmanuel Macron aura un t\u00eate-\u00e0-t\u00eate avec son h\u00f4te Patrice Talon au palais de la Marina. Les questions de la s\u00e9curit\u00e9, de la culture, sont entre autres, des sujets qui seront abord\u00e9s par les deux dirigeants, dans un contexte de menaces terroristes au nord du B\u00e9nin.<\/p>\n<p>Apr\u00e8s les \u00e9changes, Emmanuel Macron et sa suite se rendront dans les salles de l\u2019exposition des tr\u00e9sors royaux restitu\u00e9s par la France au B\u00e9nin. Il va revoir de plus pr\u00e8s ces biens cultuels qui ont s\u00e9journ\u00e9 pendant plusieurs ann\u00e9es au quai Branly \u00e0 Paris.<\/p>\n<p>La derni\u00e8re \u00e9tape de la visite officielle du pr\u00e9sident fran\u00e7ais se d\u00e9roulera sur le site de S\u00e8m\u00e8 City o\u00f9 il abordera plusieurs questions.<\/p>\n<p><strong>Pour plus d&rsquo;informations et d&rsquo;analyses sur la <a href=\"https:\/\/www.africa-press.net\/benin\">Benin<\/a>, suivez <a href=\"https:\/\/www.africa-press.net\/\">Africa-Press<\/a><\/strong><\/p>\n","protected":false},"excerpt":{"rendered":"<p>Africa-Press &#8211; Benin. Le pr\u00e9sident Francais Emmanuel Macron est arriv\u00e9 \u00e0 Cotonou, au petit matin de ce mercredi 27 juillet 2022. Le chef de l\u2019Etat francais va s\u2019entretenir avec son homologue B\u00e9ninois Patrice Talon, selon son agenda pr\u00e9sidentiel. Apr\u00e8s le Cameroun o\u00f9, il a pass\u00e9 24 heures et a discut\u00e9 de plusieurs sujets avec le [&hellip;]<\/p>\n","protected":false},"author":82,"featured_media":7264,"comment_status":"open","ping_status":"closed","sticky":false,"template":"","format":"standard","meta":{"footnotes":""},"categories":[11,2,20,10],"tags":[36,50,45],"class_list":["post-7266","post","type-post","status-publish","format-standard","has-post-thumbnail","hentry","category-homepage-french","category-politique","category-top-nouvelles","category-toutes-les-actualites","tag-africa-press","tag-africa-press-benin","tag-benin"],"yoast_head":"<!-- This site is optimized with the Yoast SEO Premium plugin v26.1 (Yoast SEO v27.0) - https:\/\/yoast.com\/product\/yoast-seo-premium-wordpress\/ -->\n<title>B\u00e9nin: Emmanuel Macron accueilli \u00e0 l\u2019a\u00e9roport de Cotonou - B\u00e9nin<\/title>\n<meta name=\"description\" content=\"Le pr\u00e9sident Francais Emmanuel Macron est arriv\u00e9 \u00e0 Cotonou, au petit matin de ce mercredi 27 juillet 2022. Le chef de l\u2019 ...\" \/>\n<meta name=\"robots\" content=\"index, follow, max-snippet:-1, max-image-preview:large, max-video-preview:-1\" \/>\n<link rel=\"canonical\" href=\"https:\/\/www.africa-press.net\/benin\/politique\/benin-emmanuel-macron-accueilli-a-laeroport-de-cotonou\" \/>\n<meta property=\"og:locale\" content=\"fr_FR\" \/>\n<meta property=\"og:type\" content=\"article\" \/>\n<meta property=\"og:title\" content=\"B\u00e9nin: Emmanuel Macron accueilli \u00e0 l\u2019a\u00e9roport de Cotonou\" \/>\n<meta property=\"og:description\" content=\"Le pr\u00e9sident Francais Emmanuel Macron est arriv\u00e9 \u00e0 Cotonou, au petit matin de ce mercredi 27 juillet 2022. Le chef de l\u2019 ...\" \/>\n<meta property=\"og:url\" content=\"https:\/\/www.africa-press.net\/benin\/politique\/benin-emmanuel-macron-accueilli-a-laeroport-de-cotonou\" \/>\n<meta property=\"og:site_name\" content=\"B\u00e9nin\" \/>\n<meta property=\"article:published_time\" content=\"2022-07-27T16:40:00+00:00\" \/>\n<meta property=\"article:modified_time\" content=\"2022-07-27T17:15:44+00:00\" \/>\n<meta property=\"og:image\" content=\"https:\/\/static.africa-press.net\/benin\/sites\/46\/2022\/07\/postQueueImg_12-62e172a6ddf3c.jpg\" \/>\n\t<meta property=\"og:image:width\" content=\"1200\" \/>\n\t<meta property=\"og:image:height\" content=\"800\" \/>\n\t<meta property=\"og:image:type\" content=\"image\/jpeg\" \/>\n<meta name=\"author\" content=\"cfeditorfr\" \/>\n<meta name=\"twitter:card\" content=\"summary_large_image\" \/>\n<meta name=\"twitter:label1\" content=\"\u00c9crit par\" \/>\n\t<meta name=\"twitter:data1\" content=\"cfeditorfr\" \/>\n\t<meta name=\"twitter:label2\" content=\"Dur\u00e9e de lecture estim\u00e9e\" \/>\n\t<meta name=\"twitter:data2\" content=\"2 minutes\" \/>\n<script type=\"application\/ld+json\" class=\"yoast-schema-graph\">{\"@context\":\"https:\/\/schema.org\",\"@graph\":[{\"@type\":\"Article\",\"@id\":\"https:\/\/www.africa-press.net\/benin\/politique\/benin-emmanuel-macron-accueilli-a-laeroport-de-cotonou#article\",\"isPartOf\":{\"@id\":\"https:\/\/www.africa-press.net\/benin\/politique\/benin-emmanuel-macron-accueilli-a-laeroport-de-cotonou\"},\"author\":{\"name\":\"cfeditorfr\",\"@id\":\"https:\/\/www.africa-press.net\/benin\/#\/schema\/person\/2b1cf3cd81a31e3cd26889ca66d677f1\"},\"headline\":\"B\u00e9nin: Emmanuel Macron accueilli \u00e0 l\u2019a\u00e9roport de Cotonou\",\"datePublished\":\"2022-07-27T16:40:00+00:00\",\"dateModified\":\"2022-07-27T17:15:44+00:00\",\"mainEntityOfPage\":{\"@id\":\"https:\/\/www.africa-press.net\/benin\/politique\/benin-emmanuel-macron-accueilli-a-laeroport-de-cotonou\"},\"wordCount\":287,\"commentCount\":0,\"image\":{\"@id\":\"https:\/\/www.africa-press.net\/benin\/politique\/benin-emmanuel-macron-accueilli-a-laeroport-de-cotonou#primaryimage\"},\"thumbnailUrl\":\"https:\/\/static.africa-press.net\/benin\/sites\/46\/2022\/07\/postQueueImg_12-62e172a6ddf3c.jpg\",\"keywords\":[\"Africa Press\",\"Africa Press-Benin\",\"B\u00e9nin\"],\"articleSection\":[\"homepage-french\",\"Politique\",\"Top Nouvelles\",\"Toutes les actualit\u00e9s\"],\"inLanguage\":\"fr-FR\",\"potentialAction\":[{\"@type\":\"CommentAction\",\"name\":\"Comment\",\"target\":[\"https:\/\/www.africa-press.net\/benin\/politique\/benin-emmanuel-macron-accueilli-a-laeroport-de-cotonou#respond\"]}]},{\"@type\":\"WebPage\",\"@id\":\"https:\/\/www.africa-press.net\/benin\/politique\/benin-emmanuel-macron-accueilli-a-laeroport-de-cotonou\",\"url\":\"https:\/\/www.africa-press.net\/benin\/politique\/benin-emmanuel-macron-accueilli-a-laeroport-de-cotonou\",\"name\":\"B\u00e9nin: Emmanuel Macron accueilli \u00e0 l\u2019a\u00e9roport de Cotonou - B\u00e9nin\",\"isPartOf\":{\"@id\":\"https:\/\/www.africa-press.net\/benin\/#website\"},\"primaryImageOfPage\":{\"@id\":\"https:\/\/www.africa-press.net\/benin\/politique\/benin-emmanuel-macron-accueilli-a-laeroport-de-cotonou#primaryimage\"},\"image\":{\"@id\":\"https:\/\/www.africa-press.net\/benin\/politique\/benin-emmanuel-macron-accueilli-a-laeroport-de-cotonou#primaryimage\"},\"thumbnailUrl\":\"https:\/\/static.africa-press.net\/benin\/sites\/46\/2022\/07\/postQueueImg_12-62e172a6ddf3c.jpg\",\"datePublished\":\"2022-07-27T16:40:00+00:00\",\"dateModified\":\"2022-07-27T17:15:44+00:00\",\"author\":{\"@id\":\"https:\/\/www.africa-press.net\/benin\/#\/schema\/person\/2b1cf3cd81a31e3cd26889ca66d677f1\"},\"description\":\"Le pr\u00e9sident Francais Emmanuel Macron est arriv\u00e9 \u00e0 Cotonou, au petit matin de ce mercredi 27 juillet 2022. Le chef de l\u2019 ...\",\"breadcrumb\":{\"@id\":\"https:\/\/www.africa-press.net\/benin\/politique\/benin-emmanuel-macron-accueilli-a-laeroport-de-cotonou#breadcrumb\"},\"inLanguage\":\"fr-FR\",\"potentialAction\":[{\"@type\":\"ReadAction\",\"target\":[\"https:\/\/www.africa-press.net\/benin\/politique\/benin-emmanuel-macron-accueilli-a-laeroport-de-cotonou\"]}]},{\"@type\":\"ImageObject\",\"inLanguage\":\"fr-FR\",\"@id\":\"https:\/\/www.africa-press.net\/benin\/politique\/benin-emmanuel-macron-accueilli-a-laeroport-de-cotonou#primaryimage\",\"url\":\"https:\/\/static.africa-press.net\/benin\/sites\/46\/2022\/07\/postQueueImg_12-62e172a6ddf3c.jpg\",\"contentUrl\":\"https:\/\/static.africa-press.net\/benin\/sites\/46\/2022\/07\/postQueueImg_12-62e172a6ddf3c.jpg\",\"width\":1200,\"height\":800,\"caption\":\"B\u00e9nin: Emmanuel Macron accueilli \u00e0 l\u2019a\u00e9roport de Cotonou\"},{\"@type\":\"BreadcrumbList\",\"@id\":\"https:\/\/www.africa-press.net\/benin\/politique\/benin-emmanuel-macron-accueilli-a-laeroport-de-cotonou#breadcrumb\",\"itemListElement\":[{\"@type\":\"ListItem\",\"position\":1,\"name\":\"Accueil\",\"item\":\"https:\/\/www.africa-press.net\/benin\/\"},{\"@type\":\"ListItem\",\"position\":2,\"name\":\"B\u00e9nin: Emmanuel Macron accueilli \u00e0 l\u2019a\u00e9roport de Cotonou\"}]},{\"@type\":\"WebSite\",\"@id\":\"https:\/\/www.africa-press.net\/benin\/#website\",\"url\":\"https:\/\/www.africa-press.net\/benin\/\",\"name\":\"B\u00e9nin\",\"description\":\"Just another Africa News Agency Sites site\",\"potentialAction\":[{\"@type\":\"SearchAction\",\"target\":{\"@type\":\"EntryPoint\",\"urlTemplate\":\"https:\/\/www.africa-press.net\/benin\/?s={search_term_string}\"},\"query-input\":{\"@type\":\"PropertyValueSpecification\",\"valueRequired\":true,\"valueName\":\"search_term_string\"}}],\"inLanguage\":\"fr-FR\"},{\"@type\":\"Person\",\"@id\":\"https:\/\/www.africa-press.net\/benin\/#\/schema\/person\/2b1cf3cd81a31e3cd26889ca66d677f1\",\"name\":\"cfeditorfr\"}]}<\/script>\n<!-- \/ Yoast SEO Premium plugin. -->","yoast_head_json":{"title":"B\u00e9nin: Emmanuel Macron accueilli \u00e0 l\u2019a\u00e9roport de Cotonou - B\u00e9nin","description":"Le pr\u00e9sident Francais Emmanuel Macron est arriv\u00e9 \u00e0 Cotonou, au petit matin de ce mercredi 27 juillet 2022. Le chef de l\u2019 ...","robots":{"index":"index","follow":"follow","max-snippet":"max-snippet:-1","max-image-preview":"max-image-preview:large","max-video-preview":"max-video-preview:-1"},"canonical":"https:\/\/www.africa-press.net\/benin\/politique\/benin-emmanuel-macron-accueilli-a-laeroport-de-cotonou","og_locale":"fr_FR","og_type":"article","og_title":"B\u00e9nin: Emmanuel Macron accueilli \u00e0 l\u2019a\u00e9roport de Cotonou","og_description":"Le pr\u00e9sident Francais Emmanuel Macron est arriv\u00e9 \u00e0 Cotonou, au petit matin de ce mercredi 27 juillet 2022. Le chef de l\u2019 ...","og_url":"https:\/\/www.africa-press.net\/benin\/politique\/benin-emmanuel-macron-accueilli-a-laeroport-de-cotonou","og_site_name":"B\u00e9nin","article_published_time":"2022-07-27T16:40:00+00:00","article_modified_time":"2022-07-27T17:15:44+00:00","og_image":[{"width":1200,"height":800,"url":"https:\/\/static.africa-press.net\/benin\/sites\/46\/2022\/07\/postQueueImg_12-62e172a6ddf3c.jpg","type":"image\/jpeg"}],"author":"cfeditorfr","twitter_card":"summary_large_image","twitter_misc":{"\u00c9crit par":"cfeditorfr","Dur\u00e9e de lecture estim\u00e9e":"2 minutes"},"schema":{"@context":"https:\/\/schema.org","@graph":[{"@type":"Article","@id":"https:\/\/www.africa-press.net\/benin\/politique\/benin-emmanuel-macron-accueilli-a-laeroport-de-cotonou#article","isPartOf":{"@id":"https:\/\/www.africa-press.net\/benin\/politique\/benin-emmanuel-macron-accueilli-a-laeroport-de-cotonou"},"author":{"name":"cfeditorfr","@id":"https:\/\/www.africa-press.net\/benin\/#\/schema\/person\/2b1cf3cd81a31e3cd26889ca66d677f1"},"headline":"B\u00e9nin: Emmanuel Macron accueilli \u00e0 l\u2019a\u00e9roport de Cotonou","datePublished":"2022-07-27T16:40:00+00:00","dateModified":"2022-07-27T17:15:44+00:00","mainEntityOfPage":{"@id":"https:\/\/www.africa-press.net\/benin\/politique\/benin-emmanuel-macron-accueilli-a-laeroport-de-cotonou"},"wordCount":287,"commentCount":0,"image":{"@id":"https:\/\/www.africa-press.net\/benin\/politique\/benin-emmanuel-macron-accueilli-a-laeroport-de-cotonou#primaryimage"},"thumbnailUrl":"https:\/\/static.africa-press.net\/benin\/sites\/46\/2022\/07\/postQueueImg_12-62e172a6ddf3c.jpg","keywords":["Africa Press","Africa Press-Benin","B\u00e9nin"],"articleSection":["homepage-french","Politique","Top Nouvelles","Toutes les actualit\u00e9s"],"inLanguage":"fr-FR","potentialAction":[{"@type":"CommentAction","name":"Comment","target":["https:\/\/www.africa-press.net\/benin\/politique\/benin-emmanuel-macron-accueilli-a-laeroport-de-cotonou#respond"]}]},{"@type":"WebPage","@id":"https:\/\/www.africa-press.net\/benin\/politique\/benin-emmanuel-macron-accueilli-a-laeroport-de-cotonou","url":"https:\/\/www.africa-press.net\/benin\/politique\/benin-emmanuel-macron-accueilli-a-laeroport-de-cotonou","name":"B\u00e9nin: Emmanuel Macron accueilli \u00e0 l\u2019a\u00e9roport de Cotonou - B\u00e9nin","isPartOf":{"@id":"https:\/\/www.africa-press.net\/benin\/#website"},"primaryImageOfPage":{"@id":"https:\/\/www.africa-press.net\/benin\/politique\/benin-emmanuel-macron-accueilli-a-laeroport-de-cotonou#primaryimage"},"image":{"@id":"https:\/\/www.africa-press.net\/benin\/politique\/benin-emmanuel-macron-accueilli-a-laeroport-de-cotonou#primaryimage"},"thumbnailUrl":"https:\/\/static.africa-press.net\/benin\/sites\/46\/2022\/07\/postQueueImg_12-62e172a6ddf3c.jpg","datePublished":"2022-07-27T16:40:00+00:00","dateModified":"2022-07-27T17:15:44+00:00","author":{"@id":"https:\/\/www.africa-press.net\/benin\/#\/schema\/person\/2b1cf3cd81a31e3cd26889ca66d677f1"},"description":"Le pr\u00e9sident Francais Emmanuel Macron est arriv\u00e9 \u00e0 Cotonou, au petit matin de ce mercredi 27 juillet 2022. Le chef de l\u2019 ...","breadcrumb":{"@id":"https:\/\/www.africa-press.net\/benin\/politique\/benin-emmanuel-macron-accueilli-a-laeroport-de-cotonou#breadcrumb"},"inLanguage":"fr-FR","potentialAction":[{"@type":"ReadAction","target":["https:\/\/www.africa-press.net\/benin\/politique\/benin-emmanuel-macron-accueilli-a-laeroport-de-cotonou"]}]},{"@type":"ImageObject","inLanguage":"fr-FR","@id":"https:\/\/www.africa-press.net\/benin\/politique\/benin-emmanuel-macron-accueilli-a-laeroport-de-cotonou#primaryimage","url":"https:\/\/static.africa-press.net\/benin\/sites\/46\/2022\/07\/postQueueImg_12-62e172a6ddf3c.jpg","contentUrl":"https:\/\/static.africa-press.net\/benin\/sites\/46\/2022\/07\/postQueueImg_12-62e172a6ddf3c.jpg","width":1200,"height":800,"caption":"B\u00e9nin: Emmanuel Macron accueilli \u00e0 l\u2019a\u00e9roport de Cotonou"},{"@type":"BreadcrumbList","@id":"https:\/\/www.africa-press.net\/benin\/politique\/benin-emmanuel-macron-accueilli-a-laeroport-de-cotonou#breadcrumb","itemListElement":[{"@type":"ListItem","position":1,"name":"Accueil","item":"https:\/\/www.africa-press.net\/benin\/"},{"@type":"ListItem","position":2,"name":"B\u00e9nin: Emmanuel Macron accueilli \u00e0 l\u2019a\u00e9roport de Cotonou"}]},{"@type":"WebSite","@id":"https:\/\/www.africa-press.net\/benin\/#website","url":"https:\/\/www.africa-press.net\/benin\/","name":"B\u00e9nin","description":"Just another Africa News Agency Sites site","potentialAction":[{"@type":"SearchAction","target":{"@type":"EntryPoint","urlTemplate":"https:\/\/www.africa-press.net\/benin\/?s={search_term_string}"},"query-input":{"@type":"PropertyValueSpecification","valueRequired":true,"valueName":"search_term_string"}}],"inLanguage":"fr-FR"},{"@type":"Person","@id":"https:\/\/www.africa-press.net\/benin\/#\/schema\/person\/2b1cf3cd81a31e3cd26889ca66d677f1","name":"cfeditorfr"}]}},"_links":{"self":[{"href":"https:\/\/www.africa-press.net\/benin\/wp-json\/wp\/v2\/posts\/7266","targetHints":{"allow":["GET"]}}],"collection":[{"href":"https:\/\/www.africa-press.net\/benin\/wp-json\/wp\/v2\/posts"}],"about":[{"href":"https:\/\/www.africa-press.net\/benin\/wp-json\/wp\/v2\/types\/post"}],"author":[{"embeddable":true,"href":"https:\/\/www.africa-press.net\/benin\/wp-json\/wp\/v2\/users\/82"}],"replies":[{"embeddable":true,"href":"https:\/\/www.africa-press.net\/benin\/wp-json\/wp\/v2\/comments?post=7266"}],"version-history":[{"count":0,"href":"https:\/\/www.africa-press.net\/benin\/wp-json\/wp\/v2\/posts\/7266\/revisions"}],"wp:featuredmedia":[{"embeddable":true,"href":"https:\/\/www.africa-press.net\/benin\/wp-json\/wp\/v2\/media\/7264"}],"wp:attachment":[{"href":"https:\/\/www.africa-press.net\/benin\/wp-json\/wp\/v2\/media?parent=7266"}],"wp:term":[{"taxonomy":"category","embeddable":true,"href":"https:\/\/www.africa-press.net\/benin\/wp-json\/wp\/v2\/categories?post=7266"},{"taxonomy":"post_tag","embeddable":true,"href":"https:\/\/www.africa-press.net\/benin\/wp-json\/wp\/v2\/tags?post=7266"}],"curies":[{"name":"wp","href":"https:\/\/api.w.org\/{rel}","templated":true}]}}