{"id":7270,"date":"2022-07-27T17:05:26","date_gmt":"2022-07-27T17:05:26","guid":{"rendered":"https:\/\/www.africa-press.net\/benin\/politique\/benin-emmanuel-macron-en-tete-a-tete-avec-patrice-talon-a-la-presidence"},"modified":"2022-07-27T17:16:13","modified_gmt":"2022-07-27T17:16:13","slug":"benin-emmanuel-macron-en-tete-a-tete-avec-patrice-talon-a-la-presidence","status":"publish","type":"post","link":"https:\/\/www.africa-press.net\/benin\/politique\/benin-emmanuel-macron-en-tete-a-tete-avec-patrice-talon-a-la-presidence","title":{"rendered":"B\u00e9nin: Emmanuel Macron en t\u00eate-\u00e0-t\u00eate avec Patrice Talon \u00e0 la Pr\u00e9sidence"},"content":{"rendered":"<p><span style=\"color: #ff6600\"><strong>Africa-Press &#8211; Benin. <\/strong><\/span>Le pr\u00e9sident fran\u00e7ais Emmanuel Macron d\u00e9roule depuis quelques minutes son agenda au B\u00e9nin. Arriv\u00e9 dans la nuit du mardi 26 juillet 2022, il est actuellement au Palais de la Marina et tient comme l\u2019indique son chronogramme, un entretien avec le pr\u00e9sident b\u00e9ninois Patrice Talon.<\/p>\n<p>La premi\u00e8re \u00e9tape de la visite de travail d\u2019Emmanuel Macron est en cours au Palais de la Marina. Le pr\u00e9sident fran\u00e7ais s\u2019est rendu \u00e0 la Pr\u00e9sidence du B\u00e9nin pour un t\u00eate-\u00e0-t\u00eate avec son homologue b\u00e9ninois. Apr\u00e8s les \u00e9changes entre les deux personnalit\u00e9s, une autre rencontre \u00e9largie aux d\u00e9l\u00e9gations est pr\u00e9vue pour discuter de plusieurs sujets entrant dans le cadre de l\u2019am\u00e9lioration des relations diplomatiques entre le B\u00e9nin et la France.<\/p>\n<p>Les deux pr\u00e9sidents animeront une conf\u00e9rence de presse conjointe apr\u00e8s l\u2019audience. Sur place, les hommes des m\u00e9dias sont d\u00e9j\u00e0 en place et attendent les officiels pour aborder leurs diff\u00e9rentes pr\u00e9occupations.<\/p>\n<p>Il faut dire que les sujets inscrits au menu du t\u00eate-\u00e0-t\u00eate ne sont pas connus du grand public. Toutefois, on s\u2019imagine, avec l\u2019actualit\u00e9, que Patrice Talon et Emmanuel Macron pourraient \u00e9voquer entre autre, la question s\u00e9curitaire du B\u00e9nin marqu\u00e9e depuis quelques semaines par des attaques terroristes.<\/p>\n<p><strong>Pour plus d&rsquo;informations et d&rsquo;analyses sur la <a href=\"https:\/\/www.africa-press.net\/benin\">Benin<\/a>, suivez <a href=\"https:\/\/www.africa-press.net\/\">Africa-Press<\/a><\/strong><\/p>\n","protected":false},"excerpt":{"rendered":"<p>Africa-Press &#8211; Benin. Le pr\u00e9sident fran\u00e7ais Emmanuel Macron d\u00e9roule depuis quelques minutes son agenda au B\u00e9nin. Arriv\u00e9 dans la nuit du mardi 26 juillet 2022, il est actuellement au Palais de la Marina et tient comme l\u2019indique son chronogramme, un entretien avec le pr\u00e9sident b\u00e9ninois Patrice Talon. La premi\u00e8re \u00e9tape de la visite de travail [&hellip;]<\/p>\n","protected":false},"author":82,"featured_media":7269,"comment_status":"open","ping_status":"closed","sticky":false,"template":"","format":"standard","meta":{"footnotes":""},"categories":[11,2,10],"tags":[36,50,45],"class_list":["post-7270","post","type-post","status-publish","format-standard","has-post-thumbnail","hentry","category-homepage-french","category-politique","category-toutes-les-actualites","tag-africa-press","tag-africa-press-benin","tag-benin"],"yoast_head":"<!-- This site is optimized with the Yoast SEO Premium plugin v26.1 (Yoast SEO v27.0) - https:\/\/yoast.com\/product\/yoast-seo-premium-wordpress\/ -->\n<title>B\u00e9nin: Emmanuel Macron en t\u00eate-\u00e0-t\u00eate avec Patrice Talon \u00e0 la Pr\u00e9sidence - B\u00e9nin<\/title>\n<meta name=\"description\" content=\"Le pr\u00e9sident fran\u00e7ais Emmanuel Macron d\u00e9roule depuis quelques minutes son agenda au B\u00e9nin. Arriv\u00e9 dans la nuit du mardi ...\" \/>\n<meta name=\"robots\" content=\"index, follow, max-snippet:-1, max-image-preview:large, max-video-preview:-1\" \/>\n<link rel=\"canonical\" href=\"https:\/\/www.africa-press.net\/benin\/politique\/benin-emmanuel-macron-en-tete-a-tete-avec-patrice-talon-a-la-presidence\" \/>\n<meta property=\"og:locale\" content=\"fr_FR\" \/>\n<meta property=\"og:type\" content=\"article\" \/>\n<meta property=\"og:title\" content=\"B\u00e9nin: Emmanuel Macron en t\u00eate-\u00e0-t\u00eate avec Patrice Talon \u00e0 la Pr\u00e9sidence\" \/>\n<meta property=\"og:description\" content=\"Le pr\u00e9sident fran\u00e7ais Emmanuel Macron d\u00e9roule depuis quelques minutes son agenda au B\u00e9nin. Arriv\u00e9 dans la nuit du mardi ...\" \/>\n<meta property=\"og:url\" content=\"https:\/\/www.africa-press.net\/benin\/politique\/benin-emmanuel-macron-en-tete-a-tete-avec-patrice-talon-a-la-presidence\" \/>\n<meta property=\"og:site_name\" content=\"B\u00e9nin\" \/>\n<meta property=\"article:published_time\" content=\"2022-07-27T17:05:26+00:00\" \/>\n<meta property=\"article:modified_time\" content=\"2022-07-27T17:16:13+00:00\" \/>\n<meta property=\"og:image\" content=\"https:\/\/static.africa-press.net\/benin\/sites\/46\/2022\/07\/postQueueImg_13-62e172c6d3392.jpg\" \/>\n\t<meta property=\"og:image:width\" content=\"1232\" \/>\n\t<meta property=\"og:image:height\" content=\"675\" \/>\n\t<meta property=\"og:image:type\" content=\"image\/jpeg\" \/>\n<meta name=\"author\" content=\"cfeditorfr\" \/>\n<meta name=\"twitter:card\" content=\"summary_large_image\" \/>\n<meta name=\"twitter:label1\" content=\"\u00c9crit par\" \/>\n\t<meta name=\"twitter:data1\" content=\"cfeditorfr\" \/>\n\t<meta name=\"twitter:label2\" content=\"Dur\u00e9e de lecture estim\u00e9e\" \/>\n\t<meta name=\"twitter:data2\" content=\"2 minutes\" \/>\n<script type=\"application\/ld+json\" class=\"yoast-schema-graph\">{\"@context\":\"https:\/\/schema.org\",\"@graph\":[{\"@type\":\"Article\",\"@id\":\"https:\/\/www.africa-press.net\/benin\/politique\/benin-emmanuel-macron-en-tete-a-tete-avec-patrice-talon-a-la-presidence#article\",\"isPartOf\":{\"@id\":\"https:\/\/www.africa-press.net\/benin\/politique\/benin-emmanuel-macron-en-tete-a-tete-avec-patrice-talon-a-la-presidence\"},\"author\":{\"name\":\"cfeditorfr\",\"@id\":\"https:\/\/www.africa-press.net\/benin\/#\/schema\/person\/2b1cf3cd81a31e3cd26889ca66d677f1\"},\"headline\":\"B\u00e9nin: Emmanuel Macron en t\u00eate-\u00e0-t\u00eate avec Patrice Talon \u00e0 la Pr\u00e9sidence\",\"datePublished\":\"2022-07-27T17:05:26+00:00\",\"dateModified\":\"2022-07-27T17:16:13+00:00\",\"mainEntityOfPage\":{\"@id\":\"https:\/\/www.africa-press.net\/benin\/politique\/benin-emmanuel-macron-en-tete-a-tete-avec-patrice-talon-a-la-presidence\"},\"wordCount\":259,\"commentCount\":0,\"image\":{\"@id\":\"https:\/\/www.africa-press.net\/benin\/politique\/benin-emmanuel-macron-en-tete-a-tete-avec-patrice-talon-a-la-presidence#primaryimage\"},\"thumbnailUrl\":\"https:\/\/static.africa-press.net\/benin\/sites\/46\/2022\/07\/postQueueImg_13-62e172c6d3392.jpg\",\"keywords\":[\"Africa Press\",\"Africa Press-Benin\",\"B\u00e9nin\"],\"articleSection\":[\"homepage-french\",\"Politique\",\"Toutes les actualit\u00e9s\"],\"inLanguage\":\"fr-FR\",\"potentialAction\":[{\"@type\":\"CommentAction\",\"name\":\"Comment\",\"target\":[\"https:\/\/www.africa-press.net\/benin\/politique\/benin-emmanuel-macron-en-tete-a-tete-avec-patrice-talon-a-la-presidence#respond\"]}]},{\"@type\":\"WebPage\",\"@id\":\"https:\/\/www.africa-press.net\/benin\/politique\/benin-emmanuel-macron-en-tete-a-tete-avec-patrice-talon-a-la-presidence\",\"url\":\"https:\/\/www.africa-press.net\/benin\/politique\/benin-emmanuel-macron-en-tete-a-tete-avec-patrice-talon-a-la-presidence\",\"name\":\"B\u00e9nin: Emmanuel Macron en t\u00eate-\u00e0-t\u00eate avec Patrice Talon \u00e0 la Pr\u00e9sidence - B\u00e9nin\",\"isPartOf\":{\"@id\":\"https:\/\/www.africa-press.net\/benin\/#website\"},\"primaryImageOfPage\":{\"@id\":\"https:\/\/www.africa-press.net\/benin\/politique\/benin-emmanuel-macron-en-tete-a-tete-avec-patrice-talon-a-la-presidence#primaryimage\"},\"image\":{\"@id\":\"https:\/\/www.africa-press.net\/benin\/politique\/benin-emmanuel-macron-en-tete-a-tete-avec-patrice-talon-a-la-presidence#primaryimage\"},\"thumbnailUrl\":\"https:\/\/static.africa-press.net\/benin\/sites\/46\/2022\/07\/postQueueImg_13-62e172c6d3392.jpg\",\"datePublished\":\"2022-07-27T17:05:26+00:00\",\"dateModified\":\"2022-07-27T17:16:13+00:00\",\"author\":{\"@id\":\"https:\/\/www.africa-press.net\/benin\/#\/schema\/person\/2b1cf3cd81a31e3cd26889ca66d677f1\"},\"description\":\"Le pr\u00e9sident fran\u00e7ais Emmanuel Macron d\u00e9roule depuis quelques minutes son agenda au B\u00e9nin. Arriv\u00e9 dans la nuit du mardi ...\",\"breadcrumb\":{\"@id\":\"https:\/\/www.africa-press.net\/benin\/politique\/benin-emmanuel-macron-en-tete-a-tete-avec-patrice-talon-a-la-presidence#breadcrumb\"},\"inLanguage\":\"fr-FR\",\"potentialAction\":[{\"@type\":\"ReadAction\",\"target\":[\"https:\/\/www.africa-press.net\/benin\/politique\/benin-emmanuel-macron-en-tete-a-tete-avec-patrice-talon-a-la-presidence\"]}]},{\"@type\":\"ImageObject\",\"inLanguage\":\"fr-FR\",\"@id\":\"https:\/\/www.africa-press.net\/benin\/politique\/benin-emmanuel-macron-en-tete-a-tete-avec-patrice-talon-a-la-presidence#primaryimage\",\"url\":\"https:\/\/static.africa-press.net\/benin\/sites\/46\/2022\/07\/postQueueImg_13-62e172c6d3392.jpg\",\"contentUrl\":\"https:\/\/static.africa-press.net\/benin\/sites\/46\/2022\/07\/postQueueImg_13-62e172c6d3392.jpg\",\"width\":1232,\"height\":675,\"caption\":\"B\u00e9nin: Emmanuel Macron en t\u00eate-\u00e0-t\u00eate avec Patrice Talon \u00e0 la Pr\u00e9sidence\"},{\"@type\":\"BreadcrumbList\",\"@id\":\"https:\/\/www.africa-press.net\/benin\/politique\/benin-emmanuel-macron-en-tete-a-tete-avec-patrice-talon-a-la-presidence#breadcrumb\",\"itemListElement\":[{\"@type\":\"ListItem\",\"position\":1,\"name\":\"Accueil\",\"item\":\"https:\/\/www.africa-press.net\/benin\/\"},{\"@type\":\"ListItem\",\"position\":2,\"name\":\"B\u00e9nin: Emmanuel Macron en t\u00eate-\u00e0-t\u00eate avec Patrice Talon \u00e0 la Pr\u00e9sidence\"}]},{\"@type\":\"WebSite\",\"@id\":\"https:\/\/www.africa-press.net\/benin\/#website\",\"url\":\"https:\/\/www.africa-press.net\/benin\/\",\"name\":\"B\u00e9nin\",\"description\":\"Just another Africa News Agency Sites site\",\"potentialAction\":[{\"@type\":\"SearchAction\",\"target\":{\"@type\":\"EntryPoint\",\"urlTemplate\":\"https:\/\/www.africa-press.net\/benin\/?s={search_term_string}\"},\"query-input\":{\"@type\":\"PropertyValueSpecification\",\"valueRequired\":true,\"valueName\":\"search_term_string\"}}],\"inLanguage\":\"fr-FR\"},{\"@type\":\"Person\",\"@id\":\"https:\/\/www.africa-press.net\/benin\/#\/schema\/person\/2b1cf3cd81a31e3cd26889ca66d677f1\",\"name\":\"cfeditorfr\"}]}<\/script>\n<!-- \/ Yoast SEO Premium plugin. -->","yoast_head_json":{"title":"B\u00e9nin: Emmanuel Macron en t\u00eate-\u00e0-t\u00eate avec Patrice Talon \u00e0 la Pr\u00e9sidence - B\u00e9nin","description":"Le pr\u00e9sident fran\u00e7ais Emmanuel Macron d\u00e9roule depuis quelques minutes son agenda au B\u00e9nin. Arriv\u00e9 dans la nuit du mardi ...","robots":{"index":"index","follow":"follow","max-snippet":"max-snippet:-1","max-image-preview":"max-image-preview:large","max-video-preview":"max-video-preview:-1"},"canonical":"https:\/\/www.africa-press.net\/benin\/politique\/benin-emmanuel-macron-en-tete-a-tete-avec-patrice-talon-a-la-presidence","og_locale":"fr_FR","og_type":"article","og_title":"B\u00e9nin: Emmanuel Macron en t\u00eate-\u00e0-t\u00eate avec Patrice Talon \u00e0 la Pr\u00e9sidence","og_description":"Le pr\u00e9sident fran\u00e7ais Emmanuel Macron d\u00e9roule depuis quelques minutes son agenda au B\u00e9nin. Arriv\u00e9 dans la nuit du mardi ...","og_url":"https:\/\/www.africa-press.net\/benin\/politique\/benin-emmanuel-macron-en-tete-a-tete-avec-patrice-talon-a-la-presidence","og_site_name":"B\u00e9nin","article_published_time":"2022-07-27T17:05:26+00:00","article_modified_time":"2022-07-27T17:16:13+00:00","og_image":[{"width":1232,"height":675,"url":"https:\/\/static.africa-press.net\/benin\/sites\/46\/2022\/07\/postQueueImg_13-62e172c6d3392.jpg","type":"image\/jpeg"}],"author":"cfeditorfr","twitter_card":"summary_large_image","twitter_misc":{"\u00c9crit par":"cfeditorfr","Dur\u00e9e de lecture estim\u00e9e":"2 minutes"},"schema":{"@context":"https:\/\/schema.org","@graph":[{"@type":"Article","@id":"https:\/\/www.africa-press.net\/benin\/politique\/benin-emmanuel-macron-en-tete-a-tete-avec-patrice-talon-a-la-presidence#article","isPartOf":{"@id":"https:\/\/www.africa-press.net\/benin\/politique\/benin-emmanuel-macron-en-tete-a-tete-avec-patrice-talon-a-la-presidence"},"author":{"name":"cfeditorfr","@id":"https:\/\/www.africa-press.net\/benin\/#\/schema\/person\/2b1cf3cd81a31e3cd26889ca66d677f1"},"headline":"B\u00e9nin: Emmanuel Macron en t\u00eate-\u00e0-t\u00eate avec Patrice Talon \u00e0 la Pr\u00e9sidence","datePublished":"2022-07-27T17:05:26+00:00","dateModified":"2022-07-27T17:16:13+00:00","mainEntityOfPage":{"@id":"https:\/\/www.africa-press.net\/benin\/politique\/benin-emmanuel-macron-en-tete-a-tete-avec-patrice-talon-a-la-presidence"},"wordCount":259,"commentCount":0,"image":{"@id":"https:\/\/www.africa-press.net\/benin\/politique\/benin-emmanuel-macron-en-tete-a-tete-avec-patrice-talon-a-la-presidence#primaryimage"},"thumbnailUrl":"https:\/\/static.africa-press.net\/benin\/sites\/46\/2022\/07\/postQueueImg_13-62e172c6d3392.jpg","keywords":["Africa Press","Africa Press-Benin","B\u00e9nin"],"articleSection":["homepage-french","Politique","Toutes les actualit\u00e9s"],"inLanguage":"fr-FR","potentialAction":[{"@type":"CommentAction","name":"Comment","target":["https:\/\/www.africa-press.net\/benin\/politique\/benin-emmanuel-macron-en-tete-a-tete-avec-patrice-talon-a-la-presidence#respond"]}]},{"@type":"WebPage","@id":"https:\/\/www.africa-press.net\/benin\/politique\/benin-emmanuel-macron-en-tete-a-tete-avec-patrice-talon-a-la-presidence","url":"https:\/\/www.africa-press.net\/benin\/politique\/benin-emmanuel-macron-en-tete-a-tete-avec-patrice-talon-a-la-presidence","name":"B\u00e9nin: Emmanuel Macron en t\u00eate-\u00e0-t\u00eate avec Patrice Talon \u00e0 la Pr\u00e9sidence - B\u00e9nin","isPartOf":{"@id":"https:\/\/www.africa-press.net\/benin\/#website"},"primaryImageOfPage":{"@id":"https:\/\/www.africa-press.net\/benin\/politique\/benin-emmanuel-macron-en-tete-a-tete-avec-patrice-talon-a-la-presidence#primaryimage"},"image":{"@id":"https:\/\/www.africa-press.net\/benin\/politique\/benin-emmanuel-macron-en-tete-a-tete-avec-patrice-talon-a-la-presidence#primaryimage"},"thumbnailUrl":"https:\/\/static.africa-press.net\/benin\/sites\/46\/2022\/07\/postQueueImg_13-62e172c6d3392.jpg","datePublished":"2022-07-27T17:05:26+00:00","dateModified":"2022-07-27T17:16:13+00:00","author":{"@id":"https:\/\/www.africa-press.net\/benin\/#\/schema\/person\/2b1cf3cd81a31e3cd26889ca66d677f1"},"description":"Le pr\u00e9sident fran\u00e7ais Emmanuel Macron d\u00e9roule depuis quelques minutes son agenda au B\u00e9nin. Arriv\u00e9 dans la nuit du mardi ...","breadcrumb":{"@id":"https:\/\/www.africa-press.net\/benin\/politique\/benin-emmanuel-macron-en-tete-a-tete-avec-patrice-talon-a-la-presidence#breadcrumb"},"inLanguage":"fr-FR","potentialAction":[{"@type":"ReadAction","target":["https:\/\/www.africa-press.net\/benin\/politique\/benin-emmanuel-macron-en-tete-a-tete-avec-patrice-talon-a-la-presidence"]}]},{"@type":"ImageObject","inLanguage":"fr-FR","@id":"https:\/\/www.africa-press.net\/benin\/politique\/benin-emmanuel-macron-en-tete-a-tete-avec-patrice-talon-a-la-presidence#primaryimage","url":"https:\/\/static.africa-press.net\/benin\/sites\/46\/2022\/07\/postQueueImg_13-62e172c6d3392.jpg","contentUrl":"https:\/\/static.africa-press.net\/benin\/sites\/46\/2022\/07\/postQueueImg_13-62e172c6d3392.jpg","width":1232,"height":675,"caption":"B\u00e9nin: Emmanuel Macron en t\u00eate-\u00e0-t\u00eate avec Patrice Talon \u00e0 la Pr\u00e9sidence"},{"@type":"BreadcrumbList","@id":"https:\/\/www.africa-press.net\/benin\/politique\/benin-emmanuel-macron-en-tete-a-tete-avec-patrice-talon-a-la-presidence#breadcrumb","itemListElement":[{"@type":"ListItem","position":1,"name":"Accueil","item":"https:\/\/www.africa-press.net\/benin\/"},{"@type":"ListItem","position":2,"name":"B\u00e9nin: Emmanuel Macron en t\u00eate-\u00e0-t\u00eate avec Patrice Talon \u00e0 la Pr\u00e9sidence"}]},{"@type":"WebSite","@id":"https:\/\/www.africa-press.net\/benin\/#website","url":"https:\/\/www.africa-press.net\/benin\/","name":"B\u00e9nin","description":"Just another Africa News Agency Sites site","potentialAction":[{"@type":"SearchAction","target":{"@type":"EntryPoint","urlTemplate":"https:\/\/www.africa-press.net\/benin\/?s={search_term_string}"},"query-input":{"@type":"PropertyValueSpecification","valueRequired":true,"valueName":"search_term_string"}}],"inLanguage":"fr-FR"},{"@type":"Person","@id":"https:\/\/www.africa-press.net\/benin\/#\/schema\/person\/2b1cf3cd81a31e3cd26889ca66d677f1","name":"cfeditorfr"}]}},"_links":{"self":[{"href":"https:\/\/www.africa-press.net\/benin\/wp-json\/wp\/v2\/posts\/7270","targetHints":{"allow":["GET"]}}],"collection":[{"href":"https:\/\/www.africa-press.net\/benin\/wp-json\/wp\/v2\/posts"}],"about":[{"href":"https:\/\/www.africa-press.net\/benin\/wp-json\/wp\/v2\/types\/post"}],"author":[{"embeddable":true,"href":"https:\/\/www.africa-press.net\/benin\/wp-json\/wp\/v2\/users\/82"}],"replies":[{"embeddable":true,"href":"https:\/\/www.africa-press.net\/benin\/wp-json\/wp\/v2\/comments?post=7270"}],"version-history":[{"count":0,"href":"https:\/\/www.africa-press.net\/benin\/wp-json\/wp\/v2\/posts\/7270\/revisions"}],"wp:featuredmedia":[{"embeddable":true,"href":"https:\/\/www.africa-press.net\/benin\/wp-json\/wp\/v2\/media\/7269"}],"wp:attachment":[{"href":"https:\/\/www.africa-press.net\/benin\/wp-json\/wp\/v2\/media?parent=7270"}],"wp:term":[{"taxonomy":"category","embeddable":true,"href":"https:\/\/www.africa-press.net\/benin\/wp-json\/wp\/v2\/categories?post=7270"},{"taxonomy":"post_tag","embeddable":true,"href":"https:\/\/www.africa-press.net\/benin\/wp-json\/wp\/v2\/tags?post=7270"}],"curies":[{"name":"wp","href":"https:\/\/api.w.org\/{rel}","templated":true}]}}