{"id":7273,"date":"2022-07-27T17:05:34","date_gmt":"2022-07-27T17:05:34","guid":{"rendered":"https:\/\/www.africa-press.net\/benin\/politique\/legislatives-2023-moele-benin-exige-des-clarifications-sur-le-dossier-de-candidature"},"modified":"2022-07-27T17:16:40","modified_gmt":"2022-07-27T17:16:40","slug":"legislatives-2023-moele-benin-exige-des-clarifications-sur-le-dossier-de-candidature","status":"publish","type":"post","link":"https:\/\/www.africa-press.net\/benin\/politique\/legislatives-2023-moele-benin-exige-des-clarifications-sur-le-dossier-de-candidature","title":{"rendered":"L\u00e9gislatives  2023: Moele-B\u00e9nin exige des clarifications sur le dossier de candidature"},"content":{"rendered":"<p><span style=\"color: #ff6600\"><strong>Africa-Press &#8211; Benin. <\/strong><\/span>Par d\u00e9cision 2022\/N\u00b0060\/CENA\/PT\/RAP\/DGE\/SP du 15\/07\/2022, la commission \u00e9lectorale nationale autonome (CENA) a rendu publiques les pi\u00e8ces constitutives du dossier de candidature aux \u00e9lections l\u00e9gislatives de Janvier 2023. Relevant des zones d\u2019ombre dans la d\u00e9cision de la cena, le parti Moele-B\u00e9nin a saisi l\u2019institution d\u2019une lettre dans laquelle il demande des pr\u00e9cisions.<\/p>\n<p>Les partis politiques r\u00e9guli\u00e8rement constitu\u00e9s et d\u00e9sireux de participer aux \u00e9lections l\u00e9gislatives du 08 janvier 2023 sont d\u00e9sormais fix\u00e9s sur les pi\u00e8ces \u00e0 constituer pour la validation des dossiers de candidature. En effet, par d\u00e9cision 2022\/N\u00b0060\/CENA\/PT\/RAP\/DGE\/SP du 15\/07\/2022, l\u2019institution en charge de l\u2019organisation des \u00e9lections en R\u00e9publique du B\u00e9nin a fix\u00e9 les uns et les autres.<\/p>\n<p>Seulement , des zones d\u2019ombre persistent au niveau de certains partis politiques comme c\u2019est le cas du parti Mouvement des \u00c9lites Engag\u00e9es pour l\u2019\u00c9mancipation du B\u00e9nin (MOELE\u2013BENIN) de Jacques Ayadji. A travers la correspondance adress\u00e9e \u00e0 la commission \u00e9lectorale nationale autonome (CENA), le parti Mouvement des \u00c9lites Engag\u00e9es pour l\u2019\u00c9mancipation du B\u00e9nin (MOELE\u2013BENIN) voudrait des pr\u00e9cisions sur l\u2019exigence du certificat d\u2019identification personnelle ou carte biom\u00e9trique et de l\u2019acte de naissance l\u00e9galis\u00e9.<\/p>\n<p>Le parti de Jacques Ayadji voudrait \u00e9galement savoir si les partis politiques seront les demandeurs \u00e0 la direction g\u00e9n\u00e9rale des imp\u00f4ts des quitus fiscaux pour le compte de leurs candidats ?<\/p>\n<p>Le parti demande en outre \u00e0 la commission \u00e9lectorale nationale autonome (CENA) ce qu\u2019elle entend par autorit\u00e9 administrative et combien de d\u00e9clarations sont pr\u00e9vues dans le dossier de chaque parti politique ?<\/p>\n<p><strong>Pour plus d&rsquo;informations et d&rsquo;analyses sur la <a href=\"https:\/\/www.africa-press.net\/benin\">Benin<\/a>, suivez <a href=\"https:\/\/www.africa-press.net\/\">Africa-Press<\/a><\/strong><\/p>\n","protected":false},"excerpt":{"rendered":"<p>Africa-Press &#8211; Benin. Par d\u00e9cision 2022\/N\u00b0060\/CENA\/PT\/RAP\/DGE\/SP du 15\/07\/2022, la commission \u00e9lectorale nationale autonome (CENA) a rendu publiques les pi\u00e8ces constitutives du dossier de candidature aux \u00e9lections l\u00e9gislatives de Janvier 2023. Relevant des zones d\u2019ombre dans la d\u00e9cision de la cena, le parti Moele-B\u00e9nin a saisi l\u2019institution d\u2019une lettre dans laquelle il demande des pr\u00e9cisions. Les [&hellip;]<\/p>\n","protected":false},"author":82,"featured_media":7272,"comment_status":"open","ping_status":"closed","sticky":false,"template":"","format":"standard","meta":{"footnotes":""},"categories":[11,2,10],"tags":[36,50,45],"class_list":["post-7273","post","type-post","status-publish","format-standard","has-post-thumbnail","hentry","category-homepage-french","category-politique","category-toutes-les-actualites","tag-africa-press","tag-africa-press-benin","tag-benin"],"yoast_head":"<!-- This site is optimized with the Yoast SEO Premium plugin v26.1 (Yoast SEO v27.0) - https:\/\/yoast.com\/product\/yoast-seo-premium-wordpress\/ -->\n<title>L\u00e9gislatives 2023: Moele-B\u00e9nin exige des clarifications sur le dossier de candidature - B\u00e9nin<\/title>\n<meta name=\"description\" content=\"Par d\u00e9cision 2022\/N\u00b0060\/CENA\/PT\/RAP\/DGE\/SP du 15\/07\/2022, la commission \u00e9lectorale nationale autonome (CENA) a rendu pub ...\" \/>\n<meta name=\"robots\" content=\"index, follow, max-snippet:-1, max-image-preview:large, max-video-preview:-1\" \/>\n<link rel=\"canonical\" href=\"https:\/\/www.africa-press.net\/benin\/politique\/legislatives-2023-moele-benin-exige-des-clarifications-sur-le-dossier-de-candidature\" \/>\n<meta property=\"og:locale\" content=\"fr_FR\" \/>\n<meta property=\"og:type\" content=\"article\" \/>\n<meta property=\"og:title\" content=\"L\u00e9gislatives 2023: Moele-B\u00e9nin exige des clarifications sur le dossier de candidature\" \/>\n<meta property=\"og:description\" content=\"Par d\u00e9cision 2022\/N\u00b0060\/CENA\/PT\/RAP\/DGE\/SP du 15\/07\/2022, la commission \u00e9lectorale nationale autonome (CENA) a rendu pub ...\" \/>\n<meta property=\"og:url\" content=\"https:\/\/www.africa-press.net\/benin\/politique\/legislatives-2023-moele-benin-exige-des-clarifications-sur-le-dossier-de-candidature\" \/>\n<meta property=\"og:site_name\" content=\"B\u00e9nin\" \/>\n<meta property=\"article:published_time\" content=\"2022-07-27T17:05:34+00:00\" \/>\n<meta property=\"article:modified_time\" content=\"2022-07-27T17:16:40+00:00\" \/>\n<meta property=\"og:image\" content=\"https:\/\/static.africa-press.net\/benin\/sites\/46\/2022\/07\/postQueueImg_14-62e172e25bfd4.jpg\" \/>\n\t<meta property=\"og:image:width\" content=\"1200\" \/>\n\t<meta property=\"og:image:height\" content=\"675\" \/>\n\t<meta property=\"og:image:type\" content=\"image\/jpeg\" \/>\n<meta name=\"author\" content=\"cfeditorfr\" \/>\n<meta name=\"twitter:card\" content=\"summary_large_image\" \/>\n<meta name=\"twitter:label1\" content=\"\u00c9crit par\" \/>\n\t<meta name=\"twitter:data1\" content=\"cfeditorfr\" \/>\n\t<meta name=\"twitter:label2\" content=\"Dur\u00e9e de lecture estim\u00e9e\" \/>\n\t<meta name=\"twitter:data2\" content=\"2 minutes\" \/>\n<script type=\"application\/ld+json\" class=\"yoast-schema-graph\">{\"@context\":\"https:\/\/schema.org\",\"@graph\":[{\"@type\":\"Article\",\"@id\":\"https:\/\/www.africa-press.net\/benin\/politique\/legislatives-2023-moele-benin-exige-des-clarifications-sur-le-dossier-de-candidature#article\",\"isPartOf\":{\"@id\":\"https:\/\/www.africa-press.net\/benin\/politique\/legislatives-2023-moele-benin-exige-des-clarifications-sur-le-dossier-de-candidature\"},\"author\":{\"name\":\"cfeditorfr\",\"@id\":\"https:\/\/www.africa-press.net\/benin\/#\/schema\/person\/2b1cf3cd81a31e3cd26889ca66d677f1\"},\"headline\":\"L\u00e9gislatives 2023: Moele-B\u00e9nin exige des clarifications sur le dossier de candidature\",\"datePublished\":\"2022-07-27T17:05:34+00:00\",\"dateModified\":\"2022-07-27T17:16:40+00:00\",\"mainEntityOfPage\":{\"@id\":\"https:\/\/www.africa-press.net\/benin\/politique\/legislatives-2023-moele-benin-exige-des-clarifications-sur-le-dossier-de-candidature\"},\"wordCount\":311,\"commentCount\":0,\"image\":{\"@id\":\"https:\/\/www.africa-press.net\/benin\/politique\/legislatives-2023-moele-benin-exige-des-clarifications-sur-le-dossier-de-candidature#primaryimage\"},\"thumbnailUrl\":\"https:\/\/static.africa-press.net\/benin\/sites\/46\/2022\/07\/postQueueImg_14-62e172e25bfd4.jpg\",\"keywords\":[\"Africa Press\",\"Africa Press-Benin\",\"B\u00e9nin\"],\"articleSection\":[\"homepage-french\",\"Politique\",\"Toutes les actualit\u00e9s\"],\"inLanguage\":\"fr-FR\",\"potentialAction\":[{\"@type\":\"CommentAction\",\"name\":\"Comment\",\"target\":[\"https:\/\/www.africa-press.net\/benin\/politique\/legislatives-2023-moele-benin-exige-des-clarifications-sur-le-dossier-de-candidature#respond\"]}]},{\"@type\":\"WebPage\",\"@id\":\"https:\/\/www.africa-press.net\/benin\/politique\/legislatives-2023-moele-benin-exige-des-clarifications-sur-le-dossier-de-candidature\",\"url\":\"https:\/\/www.africa-press.net\/benin\/politique\/legislatives-2023-moele-benin-exige-des-clarifications-sur-le-dossier-de-candidature\",\"name\":\"L\u00e9gislatives 2023: Moele-B\u00e9nin exige des clarifications sur le dossier de candidature - B\u00e9nin\",\"isPartOf\":{\"@id\":\"https:\/\/www.africa-press.net\/benin\/#website\"},\"primaryImageOfPage\":{\"@id\":\"https:\/\/www.africa-press.net\/benin\/politique\/legislatives-2023-moele-benin-exige-des-clarifications-sur-le-dossier-de-candidature#primaryimage\"},\"image\":{\"@id\":\"https:\/\/www.africa-press.net\/benin\/politique\/legislatives-2023-moele-benin-exige-des-clarifications-sur-le-dossier-de-candidature#primaryimage\"},\"thumbnailUrl\":\"https:\/\/static.africa-press.net\/benin\/sites\/46\/2022\/07\/postQueueImg_14-62e172e25bfd4.jpg\",\"datePublished\":\"2022-07-27T17:05:34+00:00\",\"dateModified\":\"2022-07-27T17:16:40+00:00\",\"author\":{\"@id\":\"https:\/\/www.africa-press.net\/benin\/#\/schema\/person\/2b1cf3cd81a31e3cd26889ca66d677f1\"},\"description\":\"Par d\u00e9cision 2022\/N\u00b0060\/CENA\/PT\/RAP\/DGE\/SP du 15\/07\/2022, la commission \u00e9lectorale nationale autonome (CENA) a rendu pub ...\",\"breadcrumb\":{\"@id\":\"https:\/\/www.africa-press.net\/benin\/politique\/legislatives-2023-moele-benin-exige-des-clarifications-sur-le-dossier-de-candidature#breadcrumb\"},\"inLanguage\":\"fr-FR\",\"potentialAction\":[{\"@type\":\"ReadAction\",\"target\":[\"https:\/\/www.africa-press.net\/benin\/politique\/legislatives-2023-moele-benin-exige-des-clarifications-sur-le-dossier-de-candidature\"]}]},{\"@type\":\"ImageObject\",\"inLanguage\":\"fr-FR\",\"@id\":\"https:\/\/www.africa-press.net\/benin\/politique\/legislatives-2023-moele-benin-exige-des-clarifications-sur-le-dossier-de-candidature#primaryimage\",\"url\":\"https:\/\/static.africa-press.net\/benin\/sites\/46\/2022\/07\/postQueueImg_14-62e172e25bfd4.jpg\",\"contentUrl\":\"https:\/\/static.africa-press.net\/benin\/sites\/46\/2022\/07\/postQueueImg_14-62e172e25bfd4.jpg\",\"width\":1200,\"height\":675,\"caption\":\"L\u00e9gislatives 2023: Moele-B\u00e9nin exige des clarifications sur le dossier de candidature\"},{\"@type\":\"BreadcrumbList\",\"@id\":\"https:\/\/www.africa-press.net\/benin\/politique\/legislatives-2023-moele-benin-exige-des-clarifications-sur-le-dossier-de-candidature#breadcrumb\",\"itemListElement\":[{\"@type\":\"ListItem\",\"position\":1,\"name\":\"Accueil\",\"item\":\"https:\/\/www.africa-press.net\/benin\/\"},{\"@type\":\"ListItem\",\"position\":2,\"name\":\"L\u00e9gislatives 2023: Moele-B\u00e9nin exige des clarifications sur le dossier de candidature\"}]},{\"@type\":\"WebSite\",\"@id\":\"https:\/\/www.africa-press.net\/benin\/#website\",\"url\":\"https:\/\/www.africa-press.net\/benin\/\",\"name\":\"B\u00e9nin\",\"description\":\"Just another Africa News Agency Sites site\",\"potentialAction\":[{\"@type\":\"SearchAction\",\"target\":{\"@type\":\"EntryPoint\",\"urlTemplate\":\"https:\/\/www.africa-press.net\/benin\/?s={search_term_string}\"},\"query-input\":{\"@type\":\"PropertyValueSpecification\",\"valueRequired\":true,\"valueName\":\"search_term_string\"}}],\"inLanguage\":\"fr-FR\"},{\"@type\":\"Person\",\"@id\":\"https:\/\/www.africa-press.net\/benin\/#\/schema\/person\/2b1cf3cd81a31e3cd26889ca66d677f1\",\"name\":\"cfeditorfr\"}]}<\/script>\n<!-- \/ Yoast SEO Premium plugin. -->","yoast_head_json":{"title":"L\u00e9gislatives 2023: Moele-B\u00e9nin exige des clarifications sur le dossier de candidature - B\u00e9nin","description":"Par d\u00e9cision 2022\/N\u00b0060\/CENA\/PT\/RAP\/DGE\/SP du 15\/07\/2022, la commission \u00e9lectorale nationale autonome (CENA) a rendu pub ...","robots":{"index":"index","follow":"follow","max-snippet":"max-snippet:-1","max-image-preview":"max-image-preview:large","max-video-preview":"max-video-preview:-1"},"canonical":"https:\/\/www.africa-press.net\/benin\/politique\/legislatives-2023-moele-benin-exige-des-clarifications-sur-le-dossier-de-candidature","og_locale":"fr_FR","og_type":"article","og_title":"L\u00e9gislatives 2023: Moele-B\u00e9nin exige des clarifications sur le dossier de candidature","og_description":"Par d\u00e9cision 2022\/N\u00b0060\/CENA\/PT\/RAP\/DGE\/SP du 15\/07\/2022, la commission \u00e9lectorale nationale autonome (CENA) a rendu pub ...","og_url":"https:\/\/www.africa-press.net\/benin\/politique\/legislatives-2023-moele-benin-exige-des-clarifications-sur-le-dossier-de-candidature","og_site_name":"B\u00e9nin","article_published_time":"2022-07-27T17:05:34+00:00","article_modified_time":"2022-07-27T17:16:40+00:00","og_image":[{"width":1200,"height":675,"url":"https:\/\/static.africa-press.net\/benin\/sites\/46\/2022\/07\/postQueueImg_14-62e172e25bfd4.jpg","type":"image\/jpeg"}],"author":"cfeditorfr","twitter_card":"summary_large_image","twitter_misc":{"\u00c9crit par":"cfeditorfr","Dur\u00e9e de lecture estim\u00e9e":"2 minutes"},"schema":{"@context":"https:\/\/schema.org","@graph":[{"@type":"Article","@id":"https:\/\/www.africa-press.net\/benin\/politique\/legislatives-2023-moele-benin-exige-des-clarifications-sur-le-dossier-de-candidature#article","isPartOf":{"@id":"https:\/\/www.africa-press.net\/benin\/politique\/legislatives-2023-moele-benin-exige-des-clarifications-sur-le-dossier-de-candidature"},"author":{"name":"cfeditorfr","@id":"https:\/\/www.africa-press.net\/benin\/#\/schema\/person\/2b1cf3cd81a31e3cd26889ca66d677f1"},"headline":"L\u00e9gislatives 2023: Moele-B\u00e9nin exige des clarifications sur le dossier de candidature","datePublished":"2022-07-27T17:05:34+00:00","dateModified":"2022-07-27T17:16:40+00:00","mainEntityOfPage":{"@id":"https:\/\/www.africa-press.net\/benin\/politique\/legislatives-2023-moele-benin-exige-des-clarifications-sur-le-dossier-de-candidature"},"wordCount":311,"commentCount":0,"image":{"@id":"https:\/\/www.africa-press.net\/benin\/politique\/legislatives-2023-moele-benin-exige-des-clarifications-sur-le-dossier-de-candidature#primaryimage"},"thumbnailUrl":"https:\/\/static.africa-press.net\/benin\/sites\/46\/2022\/07\/postQueueImg_14-62e172e25bfd4.jpg","keywords":["Africa Press","Africa Press-Benin","B\u00e9nin"],"articleSection":["homepage-french","Politique","Toutes les actualit\u00e9s"],"inLanguage":"fr-FR","potentialAction":[{"@type":"CommentAction","name":"Comment","target":["https:\/\/www.africa-press.net\/benin\/politique\/legislatives-2023-moele-benin-exige-des-clarifications-sur-le-dossier-de-candidature#respond"]}]},{"@type":"WebPage","@id":"https:\/\/www.africa-press.net\/benin\/politique\/legislatives-2023-moele-benin-exige-des-clarifications-sur-le-dossier-de-candidature","url":"https:\/\/www.africa-press.net\/benin\/politique\/legislatives-2023-moele-benin-exige-des-clarifications-sur-le-dossier-de-candidature","name":"L\u00e9gislatives 2023: Moele-B\u00e9nin exige des clarifications sur le dossier de candidature - B\u00e9nin","isPartOf":{"@id":"https:\/\/www.africa-press.net\/benin\/#website"},"primaryImageOfPage":{"@id":"https:\/\/www.africa-press.net\/benin\/politique\/legislatives-2023-moele-benin-exige-des-clarifications-sur-le-dossier-de-candidature#primaryimage"},"image":{"@id":"https:\/\/www.africa-press.net\/benin\/politique\/legislatives-2023-moele-benin-exige-des-clarifications-sur-le-dossier-de-candidature#primaryimage"},"thumbnailUrl":"https:\/\/static.africa-press.net\/benin\/sites\/46\/2022\/07\/postQueueImg_14-62e172e25bfd4.jpg","datePublished":"2022-07-27T17:05:34+00:00","dateModified":"2022-07-27T17:16:40+00:00","author":{"@id":"https:\/\/www.africa-press.net\/benin\/#\/schema\/person\/2b1cf3cd81a31e3cd26889ca66d677f1"},"description":"Par d\u00e9cision 2022\/N\u00b0060\/CENA\/PT\/RAP\/DGE\/SP du 15\/07\/2022, la commission \u00e9lectorale nationale autonome (CENA) a rendu pub ...","breadcrumb":{"@id":"https:\/\/www.africa-press.net\/benin\/politique\/legislatives-2023-moele-benin-exige-des-clarifications-sur-le-dossier-de-candidature#breadcrumb"},"inLanguage":"fr-FR","potentialAction":[{"@type":"ReadAction","target":["https:\/\/www.africa-press.net\/benin\/politique\/legislatives-2023-moele-benin-exige-des-clarifications-sur-le-dossier-de-candidature"]}]},{"@type":"ImageObject","inLanguage":"fr-FR","@id":"https:\/\/www.africa-press.net\/benin\/politique\/legislatives-2023-moele-benin-exige-des-clarifications-sur-le-dossier-de-candidature#primaryimage","url":"https:\/\/static.africa-press.net\/benin\/sites\/46\/2022\/07\/postQueueImg_14-62e172e25bfd4.jpg","contentUrl":"https:\/\/static.africa-press.net\/benin\/sites\/46\/2022\/07\/postQueueImg_14-62e172e25bfd4.jpg","width":1200,"height":675,"caption":"L\u00e9gislatives 2023: Moele-B\u00e9nin exige des clarifications sur le dossier de candidature"},{"@type":"BreadcrumbList","@id":"https:\/\/www.africa-press.net\/benin\/politique\/legislatives-2023-moele-benin-exige-des-clarifications-sur-le-dossier-de-candidature#breadcrumb","itemListElement":[{"@type":"ListItem","position":1,"name":"Accueil","item":"https:\/\/www.africa-press.net\/benin\/"},{"@type":"ListItem","position":2,"name":"L\u00e9gislatives 2023: Moele-B\u00e9nin exige des clarifications sur le dossier de candidature"}]},{"@type":"WebSite","@id":"https:\/\/www.africa-press.net\/benin\/#website","url":"https:\/\/www.africa-press.net\/benin\/","name":"B\u00e9nin","description":"Just another Africa News Agency Sites site","potentialAction":[{"@type":"SearchAction","target":{"@type":"EntryPoint","urlTemplate":"https:\/\/www.africa-press.net\/benin\/?s={search_term_string}"},"query-input":{"@type":"PropertyValueSpecification","valueRequired":true,"valueName":"search_term_string"}}],"inLanguage":"fr-FR"},{"@type":"Person","@id":"https:\/\/www.africa-press.net\/benin\/#\/schema\/person\/2b1cf3cd81a31e3cd26889ca66d677f1","name":"cfeditorfr"}]}},"_links":{"self":[{"href":"https:\/\/www.africa-press.net\/benin\/wp-json\/wp\/v2\/posts\/7273","targetHints":{"allow":["GET"]}}],"collection":[{"href":"https:\/\/www.africa-press.net\/benin\/wp-json\/wp\/v2\/posts"}],"about":[{"href":"https:\/\/www.africa-press.net\/benin\/wp-json\/wp\/v2\/types\/post"}],"author":[{"embeddable":true,"href":"https:\/\/www.africa-press.net\/benin\/wp-json\/wp\/v2\/users\/82"}],"replies":[{"embeddable":true,"href":"https:\/\/www.africa-press.net\/benin\/wp-json\/wp\/v2\/comments?post=7273"}],"version-history":[{"count":0,"href":"https:\/\/www.africa-press.net\/benin\/wp-json\/wp\/v2\/posts\/7273\/revisions"}],"wp:featuredmedia":[{"embeddable":true,"href":"https:\/\/www.africa-press.net\/benin\/wp-json\/wp\/v2\/media\/7272"}],"wp:attachment":[{"href":"https:\/\/www.africa-press.net\/benin\/wp-json\/wp\/v2\/media?parent=7273"}],"wp:term":[{"taxonomy":"category","embeddable":true,"href":"https:\/\/www.africa-press.net\/benin\/wp-json\/wp\/v2\/categories?post=7273"},{"taxonomy":"post_tag","embeddable":true,"href":"https:\/\/www.africa-press.net\/benin\/wp-json\/wp\/v2\/tags?post=7273"}],"curies":[{"name":"wp","href":"https:\/\/api.w.org\/{rel}","templated":true}]}}