{"id":7276,"date":"2022-07-27T17:05:44","date_gmt":"2022-07-27T17:05:44","guid":{"rendered":"https:\/\/www.africa-press.net\/benin\/politique\/benin-la-police-en-alerte-suite-a-levasion-de-terroristes-au-nigeria"},"modified":"2022-07-27T17:17:10","modified_gmt":"2022-07-27T17:17:10","slug":"benin-la-police-en-alerte-suite-a-levasion-de-terroristes-au-nigeria","status":"publish","type":"post","link":"https:\/\/www.africa-press.net\/benin\/toutes-les-actualites\/benin-la-police-en-alerte-suite-a-levasion-de-terroristes-au-nigeria","title":{"rendered":"B\u00e9nin: la police en alerte suite \u00e0 l\u2019\u00e9vasion de terroristes au Nigeria"},"content":{"rendered":"<p><span style=\"color: #ff6600\"><strong>Africa-Press &#8211; Benin. <\/strong><\/span>La police r\u00e9publicaine mise en alerte suite \u00e0 l\u2019\u00e9vasion de prisonniers, dont plusieurs terroristes, \u00e0 la prison de Kuge \u00e0 Abuja au Nigeria. Dans un \u00ab MESSAGE \u2013 TELEPHONE \u2013 PORTE \u00bb datnt du 19 juillet 2022, adress\u00e9 aux commandants des unit\u00e9s sp\u00e9ciales et territoriales, le Directeur g\u00e9n\u00e9ral de la police r\u00e9publicaine invite \u00e0 un renforcement des mesures s\u00e9curitaires.<\/p>\n<p>La police r\u00e9publicaine est invit\u00e9e a garder les yeux bien ouverts dans les zones frontali\u00e8res entre le B\u00e9nin et le Nigeria. C\u2019est une mesure prise par la hi\u00e9rarchie polici\u00e8re suite \u00e0 l\u2019\u00e9vasion de d\u00e9tenus \u00e0 la prison de Kuge au Nigeria. Selon le message du Directeur g\u00e9n\u00e9ral de la police r\u00e9publique Souma\u00efla Yaya, il se trouve dans le rang des fugitifs, \u00ab des membres de groupes terroristes \u00bb.<\/p>\n<p>A lire aussi : Nigeria: plus de 300 d\u00e9tenus dont 60 jihadistes s\u2019\u00e9vadent d\u2019une prison \u00e0 Abuja<\/p>\n<p>De fa\u00e7on sp\u00e9cifique, les \u00e9l\u00e9ments des unit\u00e9s sp\u00e9cialis\u00e9es et territoriales doivent intensifier les patrouilles dans les zones frontali\u00e8res. Au cours des patrouilles, ils doivent proc\u00e9der rigoureusement aux fouilles et au contr\u00f4le d\u2019identit\u00e9. Les agents de la police r\u00e9publicaine sont \u00e9galement instruits pour sensibiliser les populations et activer les r\u00e9seaux de renseignements.<\/p>\n<p>Cette vase \u00e9vasion de d\u00e9tenus au Nigeria intervient dans une situation d\u2019attaques terroristes au B\u00e9nin. Selon les autorit\u00e9s nig\u00e9rianes, \u00ab plus de 300 d\u00e9tenus se sont \u00e9chapp\u00e9s mardi 5 juillet d\u2019une prison situ\u00e9e pr\u00e8s d\u2019Abuja, capitale du Nigeria, apr\u00e8s une attaque pr\u00e9sum\u00e9e de combattants du groupe jihadiste Boko Haram \u00bb.<\/p>\n<p><strong>Pour plus d&rsquo;informations et d&rsquo;analyses sur la <a href=\"https:\/\/www.africa-press.net\/benin\">Benin<\/a>, suivez <a href=\"https:\/\/www.africa-press.net\/\">Africa-Press<\/a><\/strong><\/p>\n","protected":false},"excerpt":{"rendered":"<p>Africa-Press &#8211; Benin. La police r\u00e9publicaine mise en alerte suite \u00e0 l\u2019\u00e9vasion de prisonniers, dont plusieurs terroristes, \u00e0 la prison de Kuge \u00e0 Abuja au Nigeria. Dans un \u00ab MESSAGE \u2013 TELEPHONE \u2013 PORTE \u00bb datnt du 19 juillet 2022, adress\u00e9 aux commandants des unit\u00e9s sp\u00e9ciales et territoriales, le Directeur g\u00e9n\u00e9ral de la police r\u00e9publicaine [&hellip;]<\/p>\n","protected":false},"author":82,"featured_media":7275,"comment_status":"open","ping_status":"closed","sticky":false,"template":"","format":"standard","meta":{"footnotes":""},"categories":[21,11,10],"tags":[36,50,45],"class_list":["post-7276","post","type-post","status-publish","format-standard","has-post-thumbnail","hentry","category-communaute","category-homepage-french","category-toutes-les-actualites","tag-africa-press","tag-africa-press-benin","tag-benin"],"yoast_head":"<!-- This site is optimized with the Yoast SEO Premium plugin v26.1 (Yoast SEO v27.0) - https:\/\/yoast.com\/product\/yoast-seo-premium-wordpress\/ -->\n<title>B\u00e9nin: la police en alerte suite \u00e0 l\u2019\u00e9vasion de terroristes au Nigeria - B\u00e9nin<\/title>\n<meta name=\"description\" content=\"La police r\u00e9publicaine mise en alerte suite \u00e0 l\u2019\u00e9vasion de prisonniers, dont plusieurs terroristes, \u00e0 la prison de Kuge ...\" \/>\n<meta name=\"robots\" content=\"index, follow, max-snippet:-1, max-image-preview:large, max-video-preview:-1\" \/>\n<link rel=\"canonical\" href=\"https:\/\/www.africa-press.net\/benin\/toutes-les-actualites\/benin-la-police-en-alerte-suite-a-levasion-de-terroristes-au-nigeria\" \/>\n<meta property=\"og:locale\" content=\"fr_FR\" \/>\n<meta property=\"og:type\" content=\"article\" \/>\n<meta property=\"og:title\" content=\"B\u00e9nin: la police en alerte suite \u00e0 l\u2019\u00e9vasion de terroristes au Nigeria\" \/>\n<meta property=\"og:description\" content=\"La police r\u00e9publicaine mise en alerte suite \u00e0 l\u2019\u00e9vasion de prisonniers, dont plusieurs terroristes, \u00e0 la prison de Kuge ...\" \/>\n<meta property=\"og:url\" content=\"https:\/\/www.africa-press.net\/benin\/toutes-les-actualites\/benin-la-police-en-alerte-suite-a-levasion-de-terroristes-au-nigeria\" \/>\n<meta property=\"og:site_name\" content=\"B\u00e9nin\" \/>\n<meta property=\"article:published_time\" content=\"2022-07-27T17:05:44+00:00\" \/>\n<meta property=\"article:modified_time\" content=\"2022-07-27T17:17:10+00:00\" \/>\n<meta property=\"og:image\" content=\"https:\/\/static.africa-press.net\/benin\/sites\/46\/2022\/07\/postQueueImg_15-62e172ff44106.jpg\" \/>\n\t<meta property=\"og:image:width\" content=\"1200\" \/>\n\t<meta property=\"og:image:height\" content=\"675\" \/>\n\t<meta property=\"og:image:type\" content=\"image\/jpeg\" \/>\n<meta name=\"author\" content=\"cfeditorfr\" \/>\n<meta name=\"twitter:card\" content=\"summary_large_image\" \/>\n<meta name=\"twitter:label1\" content=\"\u00c9crit par\" \/>\n\t<meta name=\"twitter:data1\" content=\"cfeditorfr\" \/>\n\t<meta name=\"twitter:label2\" content=\"Dur\u00e9e de lecture estim\u00e9e\" \/>\n\t<meta name=\"twitter:data2\" content=\"2 minutes\" \/>\n<script type=\"application\/ld+json\" class=\"yoast-schema-graph\">{\"@context\":\"https:\/\/schema.org\",\"@graph\":[{\"@type\":\"Article\",\"@id\":\"https:\/\/www.africa-press.net\/benin\/toutes-les-actualites\/benin-la-police-en-alerte-suite-a-levasion-de-terroristes-au-nigeria#article\",\"isPartOf\":{\"@id\":\"https:\/\/www.africa-press.net\/benin\/toutes-les-actualites\/benin-la-police-en-alerte-suite-a-levasion-de-terroristes-au-nigeria\"},\"author\":{\"name\":\"cfeditorfr\",\"@id\":\"https:\/\/www.africa-press.net\/benin\/#\/schema\/person\/2b1cf3cd81a31e3cd26889ca66d677f1\"},\"headline\":\"B\u00e9nin: la police en alerte suite \u00e0 l\u2019\u00e9vasion de terroristes au Nigeria\",\"datePublished\":\"2022-07-27T17:05:44+00:00\",\"dateModified\":\"2022-07-27T17:17:10+00:00\",\"mainEntityOfPage\":{\"@id\":\"https:\/\/www.africa-press.net\/benin\/toutes-les-actualites\/benin-la-police-en-alerte-suite-a-levasion-de-terroristes-au-nigeria\"},\"wordCount\":301,\"commentCount\":0,\"image\":{\"@id\":\"https:\/\/www.africa-press.net\/benin\/toutes-les-actualites\/benin-la-police-en-alerte-suite-a-levasion-de-terroristes-au-nigeria#primaryimage\"},\"thumbnailUrl\":\"https:\/\/static.africa-press.net\/benin\/sites\/46\/2022\/07\/postQueueImg_15-62e172ff44106.jpg\",\"keywords\":[\"Africa Press\",\"Africa Press-Benin\",\"B\u00e9nin\"],\"articleSection\":[\"Communaut\u00e9\",\"homepage-french\",\"Toutes les actualit\u00e9s\"],\"inLanguage\":\"fr-FR\",\"potentialAction\":[{\"@type\":\"CommentAction\",\"name\":\"Comment\",\"target\":[\"https:\/\/www.africa-press.net\/benin\/toutes-les-actualites\/benin-la-police-en-alerte-suite-a-levasion-de-terroristes-au-nigeria#respond\"]}]},{\"@type\":\"WebPage\",\"@id\":\"https:\/\/www.africa-press.net\/benin\/toutes-les-actualites\/benin-la-police-en-alerte-suite-a-levasion-de-terroristes-au-nigeria\",\"url\":\"https:\/\/www.africa-press.net\/benin\/toutes-les-actualites\/benin-la-police-en-alerte-suite-a-levasion-de-terroristes-au-nigeria\",\"name\":\"B\u00e9nin: la police en alerte suite \u00e0 l\u2019\u00e9vasion de terroristes au Nigeria - B\u00e9nin\",\"isPartOf\":{\"@id\":\"https:\/\/www.africa-press.net\/benin\/#website\"},\"primaryImageOfPage\":{\"@id\":\"https:\/\/www.africa-press.net\/benin\/toutes-les-actualites\/benin-la-police-en-alerte-suite-a-levasion-de-terroristes-au-nigeria#primaryimage\"},\"image\":{\"@id\":\"https:\/\/www.africa-press.net\/benin\/toutes-les-actualites\/benin-la-police-en-alerte-suite-a-levasion-de-terroristes-au-nigeria#primaryimage\"},\"thumbnailUrl\":\"https:\/\/static.africa-press.net\/benin\/sites\/46\/2022\/07\/postQueueImg_15-62e172ff44106.jpg\",\"datePublished\":\"2022-07-27T17:05:44+00:00\",\"dateModified\":\"2022-07-27T17:17:10+00:00\",\"author\":{\"@id\":\"https:\/\/www.africa-press.net\/benin\/#\/schema\/person\/2b1cf3cd81a31e3cd26889ca66d677f1\"},\"description\":\"La police r\u00e9publicaine mise en alerte suite \u00e0 l\u2019\u00e9vasion de prisonniers, dont plusieurs terroristes, \u00e0 la prison de Kuge ...\",\"breadcrumb\":{\"@id\":\"https:\/\/www.africa-press.net\/benin\/toutes-les-actualites\/benin-la-police-en-alerte-suite-a-levasion-de-terroristes-au-nigeria#breadcrumb\"},\"inLanguage\":\"fr-FR\",\"potentialAction\":[{\"@type\":\"ReadAction\",\"target\":[\"https:\/\/www.africa-press.net\/benin\/toutes-les-actualites\/benin-la-police-en-alerte-suite-a-levasion-de-terroristes-au-nigeria\"]}]},{\"@type\":\"ImageObject\",\"inLanguage\":\"fr-FR\",\"@id\":\"https:\/\/www.africa-press.net\/benin\/toutes-les-actualites\/benin-la-police-en-alerte-suite-a-levasion-de-terroristes-au-nigeria#primaryimage\",\"url\":\"https:\/\/static.africa-press.net\/benin\/sites\/46\/2022\/07\/postQueueImg_15-62e172ff44106.jpg\",\"contentUrl\":\"https:\/\/static.africa-press.net\/benin\/sites\/46\/2022\/07\/postQueueImg_15-62e172ff44106.jpg\",\"width\":1200,\"height\":675,\"caption\":\"B\u00e9nin: la police en alerte suite \u00e0 l\u2019\u00e9vasion de terroristes au Nigeria\"},{\"@type\":\"BreadcrumbList\",\"@id\":\"https:\/\/www.africa-press.net\/benin\/toutes-les-actualites\/benin-la-police-en-alerte-suite-a-levasion-de-terroristes-au-nigeria#breadcrumb\",\"itemListElement\":[{\"@type\":\"ListItem\",\"position\":1,\"name\":\"Accueil\",\"item\":\"https:\/\/www.africa-press.net\/benin\/\"},{\"@type\":\"ListItem\",\"position\":2,\"name\":\"B\u00e9nin: la police en alerte suite \u00e0 l\u2019\u00e9vasion de terroristes au Nigeria\"}]},{\"@type\":\"WebSite\",\"@id\":\"https:\/\/www.africa-press.net\/benin\/#website\",\"url\":\"https:\/\/www.africa-press.net\/benin\/\",\"name\":\"B\u00e9nin\",\"description\":\"Just another Africa News Agency Sites site\",\"potentialAction\":[{\"@type\":\"SearchAction\",\"target\":{\"@type\":\"EntryPoint\",\"urlTemplate\":\"https:\/\/www.africa-press.net\/benin\/?s={search_term_string}\"},\"query-input\":{\"@type\":\"PropertyValueSpecification\",\"valueRequired\":true,\"valueName\":\"search_term_string\"}}],\"inLanguage\":\"fr-FR\"},{\"@type\":\"Person\",\"@id\":\"https:\/\/www.africa-press.net\/benin\/#\/schema\/person\/2b1cf3cd81a31e3cd26889ca66d677f1\",\"name\":\"cfeditorfr\"}]}<\/script>\n<!-- \/ Yoast SEO Premium plugin. -->","yoast_head_json":{"title":"B\u00e9nin: la police en alerte suite \u00e0 l\u2019\u00e9vasion de terroristes au Nigeria - B\u00e9nin","description":"La police r\u00e9publicaine mise en alerte suite \u00e0 l\u2019\u00e9vasion de prisonniers, dont plusieurs terroristes, \u00e0 la prison de Kuge ...","robots":{"index":"index","follow":"follow","max-snippet":"max-snippet:-1","max-image-preview":"max-image-preview:large","max-video-preview":"max-video-preview:-1"},"canonical":"https:\/\/www.africa-press.net\/benin\/toutes-les-actualites\/benin-la-police-en-alerte-suite-a-levasion-de-terroristes-au-nigeria","og_locale":"fr_FR","og_type":"article","og_title":"B\u00e9nin: la police en alerte suite \u00e0 l\u2019\u00e9vasion de terroristes au Nigeria","og_description":"La police r\u00e9publicaine mise en alerte suite \u00e0 l\u2019\u00e9vasion de prisonniers, dont plusieurs terroristes, \u00e0 la prison de Kuge ...","og_url":"https:\/\/www.africa-press.net\/benin\/toutes-les-actualites\/benin-la-police-en-alerte-suite-a-levasion-de-terroristes-au-nigeria","og_site_name":"B\u00e9nin","article_published_time":"2022-07-27T17:05:44+00:00","article_modified_time":"2022-07-27T17:17:10+00:00","og_image":[{"width":1200,"height":675,"url":"https:\/\/static.africa-press.net\/benin\/sites\/46\/2022\/07\/postQueueImg_15-62e172ff44106.jpg","type":"image\/jpeg"}],"author":"cfeditorfr","twitter_card":"summary_large_image","twitter_misc":{"\u00c9crit par":"cfeditorfr","Dur\u00e9e de lecture estim\u00e9e":"2 minutes"},"schema":{"@context":"https:\/\/schema.org","@graph":[{"@type":"Article","@id":"https:\/\/www.africa-press.net\/benin\/toutes-les-actualites\/benin-la-police-en-alerte-suite-a-levasion-de-terroristes-au-nigeria#article","isPartOf":{"@id":"https:\/\/www.africa-press.net\/benin\/toutes-les-actualites\/benin-la-police-en-alerte-suite-a-levasion-de-terroristes-au-nigeria"},"author":{"name":"cfeditorfr","@id":"https:\/\/www.africa-press.net\/benin\/#\/schema\/person\/2b1cf3cd81a31e3cd26889ca66d677f1"},"headline":"B\u00e9nin: la police en alerte suite \u00e0 l\u2019\u00e9vasion de terroristes au Nigeria","datePublished":"2022-07-27T17:05:44+00:00","dateModified":"2022-07-27T17:17:10+00:00","mainEntityOfPage":{"@id":"https:\/\/www.africa-press.net\/benin\/toutes-les-actualites\/benin-la-police-en-alerte-suite-a-levasion-de-terroristes-au-nigeria"},"wordCount":301,"commentCount":0,"image":{"@id":"https:\/\/www.africa-press.net\/benin\/toutes-les-actualites\/benin-la-police-en-alerte-suite-a-levasion-de-terroristes-au-nigeria#primaryimage"},"thumbnailUrl":"https:\/\/static.africa-press.net\/benin\/sites\/46\/2022\/07\/postQueueImg_15-62e172ff44106.jpg","keywords":["Africa Press","Africa Press-Benin","B\u00e9nin"],"articleSection":["Communaut\u00e9","homepage-french","Toutes les actualit\u00e9s"],"inLanguage":"fr-FR","potentialAction":[{"@type":"CommentAction","name":"Comment","target":["https:\/\/www.africa-press.net\/benin\/toutes-les-actualites\/benin-la-police-en-alerte-suite-a-levasion-de-terroristes-au-nigeria#respond"]}]},{"@type":"WebPage","@id":"https:\/\/www.africa-press.net\/benin\/toutes-les-actualites\/benin-la-police-en-alerte-suite-a-levasion-de-terroristes-au-nigeria","url":"https:\/\/www.africa-press.net\/benin\/toutes-les-actualites\/benin-la-police-en-alerte-suite-a-levasion-de-terroristes-au-nigeria","name":"B\u00e9nin: la police en alerte suite \u00e0 l\u2019\u00e9vasion de terroristes au Nigeria - B\u00e9nin","isPartOf":{"@id":"https:\/\/www.africa-press.net\/benin\/#website"},"primaryImageOfPage":{"@id":"https:\/\/www.africa-press.net\/benin\/toutes-les-actualites\/benin-la-police-en-alerte-suite-a-levasion-de-terroristes-au-nigeria#primaryimage"},"image":{"@id":"https:\/\/www.africa-press.net\/benin\/toutes-les-actualites\/benin-la-police-en-alerte-suite-a-levasion-de-terroristes-au-nigeria#primaryimage"},"thumbnailUrl":"https:\/\/static.africa-press.net\/benin\/sites\/46\/2022\/07\/postQueueImg_15-62e172ff44106.jpg","datePublished":"2022-07-27T17:05:44+00:00","dateModified":"2022-07-27T17:17:10+00:00","author":{"@id":"https:\/\/www.africa-press.net\/benin\/#\/schema\/person\/2b1cf3cd81a31e3cd26889ca66d677f1"},"description":"La police r\u00e9publicaine mise en alerte suite \u00e0 l\u2019\u00e9vasion de prisonniers, dont plusieurs terroristes, \u00e0 la prison de Kuge ...","breadcrumb":{"@id":"https:\/\/www.africa-press.net\/benin\/toutes-les-actualites\/benin-la-police-en-alerte-suite-a-levasion-de-terroristes-au-nigeria#breadcrumb"},"inLanguage":"fr-FR","potentialAction":[{"@type":"ReadAction","target":["https:\/\/www.africa-press.net\/benin\/toutes-les-actualites\/benin-la-police-en-alerte-suite-a-levasion-de-terroristes-au-nigeria"]}]},{"@type":"ImageObject","inLanguage":"fr-FR","@id":"https:\/\/www.africa-press.net\/benin\/toutes-les-actualites\/benin-la-police-en-alerte-suite-a-levasion-de-terroristes-au-nigeria#primaryimage","url":"https:\/\/static.africa-press.net\/benin\/sites\/46\/2022\/07\/postQueueImg_15-62e172ff44106.jpg","contentUrl":"https:\/\/static.africa-press.net\/benin\/sites\/46\/2022\/07\/postQueueImg_15-62e172ff44106.jpg","width":1200,"height":675,"caption":"B\u00e9nin: la police en alerte suite \u00e0 l\u2019\u00e9vasion de terroristes au Nigeria"},{"@type":"BreadcrumbList","@id":"https:\/\/www.africa-press.net\/benin\/toutes-les-actualites\/benin-la-police-en-alerte-suite-a-levasion-de-terroristes-au-nigeria#breadcrumb","itemListElement":[{"@type":"ListItem","position":1,"name":"Accueil","item":"https:\/\/www.africa-press.net\/benin\/"},{"@type":"ListItem","position":2,"name":"B\u00e9nin: la police en alerte suite \u00e0 l\u2019\u00e9vasion de terroristes au Nigeria"}]},{"@type":"WebSite","@id":"https:\/\/www.africa-press.net\/benin\/#website","url":"https:\/\/www.africa-press.net\/benin\/","name":"B\u00e9nin","description":"Just another Africa News Agency Sites site","potentialAction":[{"@type":"SearchAction","target":{"@type":"EntryPoint","urlTemplate":"https:\/\/www.africa-press.net\/benin\/?s={search_term_string}"},"query-input":{"@type":"PropertyValueSpecification","valueRequired":true,"valueName":"search_term_string"}}],"inLanguage":"fr-FR"},{"@type":"Person","@id":"https:\/\/www.africa-press.net\/benin\/#\/schema\/person\/2b1cf3cd81a31e3cd26889ca66d677f1","name":"cfeditorfr"}]}},"_links":{"self":[{"href":"https:\/\/www.africa-press.net\/benin\/wp-json\/wp\/v2\/posts\/7276","targetHints":{"allow":["GET"]}}],"collection":[{"href":"https:\/\/www.africa-press.net\/benin\/wp-json\/wp\/v2\/posts"}],"about":[{"href":"https:\/\/www.africa-press.net\/benin\/wp-json\/wp\/v2\/types\/post"}],"author":[{"embeddable":true,"href":"https:\/\/www.africa-press.net\/benin\/wp-json\/wp\/v2\/users\/82"}],"replies":[{"embeddable":true,"href":"https:\/\/www.africa-press.net\/benin\/wp-json\/wp\/v2\/comments?post=7276"}],"version-history":[{"count":0,"href":"https:\/\/www.africa-press.net\/benin\/wp-json\/wp\/v2\/posts\/7276\/revisions"}],"wp:featuredmedia":[{"embeddable":true,"href":"https:\/\/www.africa-press.net\/benin\/wp-json\/wp\/v2\/media\/7275"}],"wp:attachment":[{"href":"https:\/\/www.africa-press.net\/benin\/wp-json\/wp\/v2\/media?parent=7276"}],"wp:term":[{"taxonomy":"category","embeddable":true,"href":"https:\/\/www.africa-press.net\/benin\/wp-json\/wp\/v2\/categories?post=7276"},{"taxonomy":"post_tag","embeddable":true,"href":"https:\/\/www.africa-press.net\/benin\/wp-json\/wp\/v2\/tags?post=7276"}],"curies":[{"name":"wp","href":"https:\/\/api.w.org\/{rel}","templated":true}]}}