{"id":7279,"date":"2022-07-27T17:05:51","date_gmt":"2022-07-27T17:05:51","guid":{"rendered":"https:\/\/www.africa-press.net\/benin\/politique\/la-france-est-un-partenaire-de-choix-pour-le-benin-selon-aurelien-agbenonci"},"modified":"2022-07-27T17:17:39","modified_gmt":"2022-07-27T17:17:39","slug":"la-france-est-un-partenaire-de-choix-pour-le-benin-selon-aurelien-agbenonci","status":"publish","type":"post","link":"https:\/\/www.africa-press.net\/benin\/politique\/la-france-est-un-partenaire-de-choix-pour-le-benin-selon-aurelien-agbenonci","title":{"rendered":"La France est un partenaire de choix pour le B\u00e9nin, selon Aur\u00e9lien Agb\u00e9nonci"},"content":{"rendered":"<p><span style=\"color: #ff6600\"><strong>Africa-Press &#8211; Benin. <\/strong><\/span>Le pr\u00e9sident Emmanuel Macron en visite de travail au B\u00e9nin depuis la soir\u00e9e du mardi 26 juillet 2022. Selon le ministre b\u00e9ninois des affaires \u00e9trang\u00e8res Aur\u00e9lien Agb\u00e9nonci, cette visite est plac\u00e9e sous plusieurs signes dont celui de l\u2019amiti\u00e9 et d\u2019un partenariat d\u00e9complex\u00e9 entre la France et le B\u00e9nin.<\/p>\n<p>\u00ab La France est un partenaire de premier plan pour notre pays \u00bb, a lanc\u00e9 le ministre Aur\u00e9lien Agb\u00e9nonci pour exprimer l\u2019importance des actions de la France au B\u00e9nin. \u00ab Je peux vous dire qu\u2019au cours du premier quinquennat du pr\u00e9sident Patrice Talon, les concours de la France \u00e0 notre coop\u00e9ration se sont \u00e9lev\u00e9s \u00e0 plus de 300 milliards de nos francs \u00bb, a-t-il ajout\u00e9 au micro de l\u2019ORTB.<\/p>\n<p>C\u2019est une relation de premier plan, c\u2019est un partenaire de choix pour nous<\/p>\n<p>Mieux, le ministre fait savoir que certains projets embl\u00e9matiques qui vont se prolonger dans le cadre du second quinquennat, b\u00e9n\u00e9ficient d\u2019une attention particuli\u00e8re de la France. Il s\u2019agit entre autres du projet de construction du mus\u00e9e de l\u2019\u00e9pop\u00e9e des amazones et des rois du Danhomey, le projet \u00ab r\u00e9inventer la cit\u00e9 lacustre de Ganvi\u00e9 \u00bb et le Programme d\u2019assainissement pluvial de Cotonou.<\/p>\n<p>Le ministre b\u00e9ninois des affaires \u00e9trang\u00e8res a rappel\u00e9 que le partenariat entre les deux Etats s\u2019illustre \u00e9galement par la pr\u00e9sence des entreprises fran\u00e7aises dans la transformation infrastructurelle du B\u00e9nin.<\/p>\n<p><strong>Pour plus d&rsquo;informations et d&rsquo;analyses sur la <a href=\"https:\/\/www.africa-press.net\/benin\">Benin<\/a>, suivez <a href=\"https:\/\/www.africa-press.net\/\">Africa-Press<\/a><\/strong><\/p>\n","protected":false},"excerpt":{"rendered":"<p>Africa-Press &#8211; Benin. Le pr\u00e9sident Emmanuel Macron en visite de travail au B\u00e9nin depuis la soir\u00e9e du mardi 26 juillet 2022. Selon le ministre b\u00e9ninois des affaires \u00e9trang\u00e8res Aur\u00e9lien Agb\u00e9nonci, cette visite est plac\u00e9e sous plusieurs signes dont celui de l\u2019amiti\u00e9 et d\u2019un partenariat d\u00e9complex\u00e9 entre la France et le B\u00e9nin. \u00ab La France est [&hellip;]<\/p>\n","protected":false},"author":82,"featured_media":7278,"comment_status":"open","ping_status":"closed","sticky":false,"template":"","format":"standard","meta":{"footnotes":""},"categories":[11,2,20,10],"tags":[36,50,45],"class_list":["post-7279","post","type-post","status-publish","format-standard","has-post-thumbnail","hentry","category-homepage-french","category-politique","category-top-nouvelles","category-toutes-les-actualites","tag-africa-press","tag-africa-press-benin","tag-benin"],"yoast_head":"<!-- This site is optimized with the Yoast SEO Premium plugin v26.1 (Yoast SEO v27.0) - https:\/\/yoast.com\/product\/yoast-seo-premium-wordpress\/ -->\n<title>La France est un partenaire de choix pour le B\u00e9nin, selon Aur\u00e9lien Agb\u00e9nonci - B\u00e9nin<\/title>\n<meta name=\"description\" content=\"Le pr\u00e9sident Emmanuel Macron en visite de travail au B\u00e9nin depuis la soir\u00e9e du mardi 26 juillet 2022. Selon le ministre ...\" \/>\n<meta name=\"robots\" content=\"index, follow, max-snippet:-1, max-image-preview:large, max-video-preview:-1\" \/>\n<link rel=\"canonical\" href=\"https:\/\/www.africa-press.net\/benin\/politique\/la-france-est-un-partenaire-de-choix-pour-le-benin-selon-aurelien-agbenonci\" \/>\n<meta property=\"og:locale\" content=\"fr_FR\" \/>\n<meta property=\"og:type\" content=\"article\" \/>\n<meta property=\"og:title\" content=\"La France est un partenaire de choix pour le B\u00e9nin, selon Aur\u00e9lien Agb\u00e9nonci\" \/>\n<meta property=\"og:description\" content=\"Le pr\u00e9sident Emmanuel Macron en visite de travail au B\u00e9nin depuis la soir\u00e9e du mardi 26 juillet 2022. Selon le ministre ...\" \/>\n<meta property=\"og:url\" content=\"https:\/\/www.africa-press.net\/benin\/politique\/la-france-est-un-partenaire-de-choix-pour-le-benin-selon-aurelien-agbenonci\" \/>\n<meta property=\"og:site_name\" content=\"B\u00e9nin\" \/>\n<meta property=\"article:published_time\" content=\"2022-07-27T17:05:51+00:00\" \/>\n<meta property=\"article:modified_time\" content=\"2022-07-27T17:17:39+00:00\" \/>\n<meta property=\"og:image\" content=\"https:\/\/static.africa-press.net\/benin\/sites\/46\/2022\/07\/postQueueImg_16-62e1731cc295d.jpg\" \/>\n\t<meta property=\"og:image:width\" content=\"1200\" \/>\n\t<meta property=\"og:image:height\" content=\"800\" \/>\n\t<meta property=\"og:image:type\" content=\"image\/jpeg\" \/>\n<meta name=\"author\" content=\"cfeditorfr\" \/>\n<meta name=\"twitter:card\" content=\"summary_large_image\" \/>\n<meta name=\"twitter:label1\" content=\"\u00c9crit par\" \/>\n\t<meta name=\"twitter:data1\" content=\"cfeditorfr\" \/>\n\t<meta name=\"twitter:label2\" content=\"Dur\u00e9e de lecture estim\u00e9e\" \/>\n\t<meta name=\"twitter:data2\" content=\"2 minutes\" \/>\n<script type=\"application\/ld+json\" class=\"yoast-schema-graph\">{\"@context\":\"https:\/\/schema.org\",\"@graph\":[{\"@type\":\"Article\",\"@id\":\"https:\/\/www.africa-press.net\/benin\/politique\/la-france-est-un-partenaire-de-choix-pour-le-benin-selon-aurelien-agbenonci#article\",\"isPartOf\":{\"@id\":\"https:\/\/www.africa-press.net\/benin\/politique\/la-france-est-un-partenaire-de-choix-pour-le-benin-selon-aurelien-agbenonci\"},\"author\":{\"name\":\"cfeditorfr\",\"@id\":\"https:\/\/www.africa-press.net\/benin\/#\/schema\/person\/2b1cf3cd81a31e3cd26889ca66d677f1\"},\"headline\":\"La France est un partenaire de choix pour le B\u00e9nin, selon Aur\u00e9lien Agb\u00e9nonci\",\"datePublished\":\"2022-07-27T17:05:51+00:00\",\"dateModified\":\"2022-07-27T17:17:39+00:00\",\"mainEntityOfPage\":{\"@id\":\"https:\/\/www.africa-press.net\/benin\/politique\/la-france-est-un-partenaire-de-choix-pour-le-benin-selon-aurelien-agbenonci\"},\"wordCount\":281,\"commentCount\":0,\"image\":{\"@id\":\"https:\/\/www.africa-press.net\/benin\/politique\/la-france-est-un-partenaire-de-choix-pour-le-benin-selon-aurelien-agbenonci#primaryimage\"},\"thumbnailUrl\":\"https:\/\/static.africa-press.net\/benin\/sites\/46\/2022\/07\/postQueueImg_16-62e1731cc295d.jpg\",\"keywords\":[\"Africa Press\",\"Africa Press-Benin\",\"B\u00e9nin\"],\"articleSection\":[\"homepage-french\",\"Politique\",\"Top Nouvelles\",\"Toutes les actualit\u00e9s\"],\"inLanguage\":\"fr-FR\",\"potentialAction\":[{\"@type\":\"CommentAction\",\"name\":\"Comment\",\"target\":[\"https:\/\/www.africa-press.net\/benin\/politique\/la-france-est-un-partenaire-de-choix-pour-le-benin-selon-aurelien-agbenonci#respond\"]}]},{\"@type\":\"WebPage\",\"@id\":\"https:\/\/www.africa-press.net\/benin\/politique\/la-france-est-un-partenaire-de-choix-pour-le-benin-selon-aurelien-agbenonci\",\"url\":\"https:\/\/www.africa-press.net\/benin\/politique\/la-france-est-un-partenaire-de-choix-pour-le-benin-selon-aurelien-agbenonci\",\"name\":\"La France est un partenaire de choix pour le B\u00e9nin, selon Aur\u00e9lien Agb\u00e9nonci - B\u00e9nin\",\"isPartOf\":{\"@id\":\"https:\/\/www.africa-press.net\/benin\/#website\"},\"primaryImageOfPage\":{\"@id\":\"https:\/\/www.africa-press.net\/benin\/politique\/la-france-est-un-partenaire-de-choix-pour-le-benin-selon-aurelien-agbenonci#primaryimage\"},\"image\":{\"@id\":\"https:\/\/www.africa-press.net\/benin\/politique\/la-france-est-un-partenaire-de-choix-pour-le-benin-selon-aurelien-agbenonci#primaryimage\"},\"thumbnailUrl\":\"https:\/\/static.africa-press.net\/benin\/sites\/46\/2022\/07\/postQueueImg_16-62e1731cc295d.jpg\",\"datePublished\":\"2022-07-27T17:05:51+00:00\",\"dateModified\":\"2022-07-27T17:17:39+00:00\",\"author\":{\"@id\":\"https:\/\/www.africa-press.net\/benin\/#\/schema\/person\/2b1cf3cd81a31e3cd26889ca66d677f1\"},\"description\":\"Le pr\u00e9sident Emmanuel Macron en visite de travail au B\u00e9nin depuis la soir\u00e9e du mardi 26 juillet 2022. Selon le ministre ...\",\"breadcrumb\":{\"@id\":\"https:\/\/www.africa-press.net\/benin\/politique\/la-france-est-un-partenaire-de-choix-pour-le-benin-selon-aurelien-agbenonci#breadcrumb\"},\"inLanguage\":\"fr-FR\",\"potentialAction\":[{\"@type\":\"ReadAction\",\"target\":[\"https:\/\/www.africa-press.net\/benin\/politique\/la-france-est-un-partenaire-de-choix-pour-le-benin-selon-aurelien-agbenonci\"]}]},{\"@type\":\"ImageObject\",\"inLanguage\":\"fr-FR\",\"@id\":\"https:\/\/www.africa-press.net\/benin\/politique\/la-france-est-un-partenaire-de-choix-pour-le-benin-selon-aurelien-agbenonci#primaryimage\",\"url\":\"https:\/\/static.africa-press.net\/benin\/sites\/46\/2022\/07\/postQueueImg_16-62e1731cc295d.jpg\",\"contentUrl\":\"https:\/\/static.africa-press.net\/benin\/sites\/46\/2022\/07\/postQueueImg_16-62e1731cc295d.jpg\",\"width\":1200,\"height\":800,\"caption\":\"La France est un partenaire de choix pour le B\u00e9nin, selon Aur\u00e9lien Agb\u00e9nonci\"},{\"@type\":\"BreadcrumbList\",\"@id\":\"https:\/\/www.africa-press.net\/benin\/politique\/la-france-est-un-partenaire-de-choix-pour-le-benin-selon-aurelien-agbenonci#breadcrumb\",\"itemListElement\":[{\"@type\":\"ListItem\",\"position\":1,\"name\":\"Accueil\",\"item\":\"https:\/\/www.africa-press.net\/benin\/\"},{\"@type\":\"ListItem\",\"position\":2,\"name\":\"La France est un partenaire de choix pour le B\u00e9nin, selon Aur\u00e9lien Agb\u00e9nonci\"}]},{\"@type\":\"WebSite\",\"@id\":\"https:\/\/www.africa-press.net\/benin\/#website\",\"url\":\"https:\/\/www.africa-press.net\/benin\/\",\"name\":\"B\u00e9nin\",\"description\":\"Just another Africa News Agency Sites site\",\"potentialAction\":[{\"@type\":\"SearchAction\",\"target\":{\"@type\":\"EntryPoint\",\"urlTemplate\":\"https:\/\/www.africa-press.net\/benin\/?s={search_term_string}\"},\"query-input\":{\"@type\":\"PropertyValueSpecification\",\"valueRequired\":true,\"valueName\":\"search_term_string\"}}],\"inLanguage\":\"fr-FR\"},{\"@type\":\"Person\",\"@id\":\"https:\/\/www.africa-press.net\/benin\/#\/schema\/person\/2b1cf3cd81a31e3cd26889ca66d677f1\",\"name\":\"cfeditorfr\"}]}<\/script>\n<!-- \/ Yoast SEO Premium plugin. -->","yoast_head_json":{"title":"La France est un partenaire de choix pour le B\u00e9nin, selon Aur\u00e9lien Agb\u00e9nonci - B\u00e9nin","description":"Le pr\u00e9sident Emmanuel Macron en visite de travail au B\u00e9nin depuis la soir\u00e9e du mardi 26 juillet 2022. Selon le ministre ...","robots":{"index":"index","follow":"follow","max-snippet":"max-snippet:-1","max-image-preview":"max-image-preview:large","max-video-preview":"max-video-preview:-1"},"canonical":"https:\/\/www.africa-press.net\/benin\/politique\/la-france-est-un-partenaire-de-choix-pour-le-benin-selon-aurelien-agbenonci","og_locale":"fr_FR","og_type":"article","og_title":"La France est un partenaire de choix pour le B\u00e9nin, selon Aur\u00e9lien Agb\u00e9nonci","og_description":"Le pr\u00e9sident Emmanuel Macron en visite de travail au B\u00e9nin depuis la soir\u00e9e du mardi 26 juillet 2022. Selon le ministre ...","og_url":"https:\/\/www.africa-press.net\/benin\/politique\/la-france-est-un-partenaire-de-choix-pour-le-benin-selon-aurelien-agbenonci","og_site_name":"B\u00e9nin","article_published_time":"2022-07-27T17:05:51+00:00","article_modified_time":"2022-07-27T17:17:39+00:00","og_image":[{"width":1200,"height":800,"url":"https:\/\/static.africa-press.net\/benin\/sites\/46\/2022\/07\/postQueueImg_16-62e1731cc295d.jpg","type":"image\/jpeg"}],"author":"cfeditorfr","twitter_card":"summary_large_image","twitter_misc":{"\u00c9crit par":"cfeditorfr","Dur\u00e9e de lecture estim\u00e9e":"2 minutes"},"schema":{"@context":"https:\/\/schema.org","@graph":[{"@type":"Article","@id":"https:\/\/www.africa-press.net\/benin\/politique\/la-france-est-un-partenaire-de-choix-pour-le-benin-selon-aurelien-agbenonci#article","isPartOf":{"@id":"https:\/\/www.africa-press.net\/benin\/politique\/la-france-est-un-partenaire-de-choix-pour-le-benin-selon-aurelien-agbenonci"},"author":{"name":"cfeditorfr","@id":"https:\/\/www.africa-press.net\/benin\/#\/schema\/person\/2b1cf3cd81a31e3cd26889ca66d677f1"},"headline":"La France est un partenaire de choix pour le B\u00e9nin, selon Aur\u00e9lien Agb\u00e9nonci","datePublished":"2022-07-27T17:05:51+00:00","dateModified":"2022-07-27T17:17:39+00:00","mainEntityOfPage":{"@id":"https:\/\/www.africa-press.net\/benin\/politique\/la-france-est-un-partenaire-de-choix-pour-le-benin-selon-aurelien-agbenonci"},"wordCount":281,"commentCount":0,"image":{"@id":"https:\/\/www.africa-press.net\/benin\/politique\/la-france-est-un-partenaire-de-choix-pour-le-benin-selon-aurelien-agbenonci#primaryimage"},"thumbnailUrl":"https:\/\/static.africa-press.net\/benin\/sites\/46\/2022\/07\/postQueueImg_16-62e1731cc295d.jpg","keywords":["Africa Press","Africa Press-Benin","B\u00e9nin"],"articleSection":["homepage-french","Politique","Top Nouvelles","Toutes les actualit\u00e9s"],"inLanguage":"fr-FR","potentialAction":[{"@type":"CommentAction","name":"Comment","target":["https:\/\/www.africa-press.net\/benin\/politique\/la-france-est-un-partenaire-de-choix-pour-le-benin-selon-aurelien-agbenonci#respond"]}]},{"@type":"WebPage","@id":"https:\/\/www.africa-press.net\/benin\/politique\/la-france-est-un-partenaire-de-choix-pour-le-benin-selon-aurelien-agbenonci","url":"https:\/\/www.africa-press.net\/benin\/politique\/la-france-est-un-partenaire-de-choix-pour-le-benin-selon-aurelien-agbenonci","name":"La France est un partenaire de choix pour le B\u00e9nin, selon Aur\u00e9lien Agb\u00e9nonci - B\u00e9nin","isPartOf":{"@id":"https:\/\/www.africa-press.net\/benin\/#website"},"primaryImageOfPage":{"@id":"https:\/\/www.africa-press.net\/benin\/politique\/la-france-est-un-partenaire-de-choix-pour-le-benin-selon-aurelien-agbenonci#primaryimage"},"image":{"@id":"https:\/\/www.africa-press.net\/benin\/politique\/la-france-est-un-partenaire-de-choix-pour-le-benin-selon-aurelien-agbenonci#primaryimage"},"thumbnailUrl":"https:\/\/static.africa-press.net\/benin\/sites\/46\/2022\/07\/postQueueImg_16-62e1731cc295d.jpg","datePublished":"2022-07-27T17:05:51+00:00","dateModified":"2022-07-27T17:17:39+00:00","author":{"@id":"https:\/\/www.africa-press.net\/benin\/#\/schema\/person\/2b1cf3cd81a31e3cd26889ca66d677f1"},"description":"Le pr\u00e9sident Emmanuel Macron en visite de travail au B\u00e9nin depuis la soir\u00e9e du mardi 26 juillet 2022. Selon le ministre ...","breadcrumb":{"@id":"https:\/\/www.africa-press.net\/benin\/politique\/la-france-est-un-partenaire-de-choix-pour-le-benin-selon-aurelien-agbenonci#breadcrumb"},"inLanguage":"fr-FR","potentialAction":[{"@type":"ReadAction","target":["https:\/\/www.africa-press.net\/benin\/politique\/la-france-est-un-partenaire-de-choix-pour-le-benin-selon-aurelien-agbenonci"]}]},{"@type":"ImageObject","inLanguage":"fr-FR","@id":"https:\/\/www.africa-press.net\/benin\/politique\/la-france-est-un-partenaire-de-choix-pour-le-benin-selon-aurelien-agbenonci#primaryimage","url":"https:\/\/static.africa-press.net\/benin\/sites\/46\/2022\/07\/postQueueImg_16-62e1731cc295d.jpg","contentUrl":"https:\/\/static.africa-press.net\/benin\/sites\/46\/2022\/07\/postQueueImg_16-62e1731cc295d.jpg","width":1200,"height":800,"caption":"La France est un partenaire de choix pour le B\u00e9nin, selon Aur\u00e9lien Agb\u00e9nonci"},{"@type":"BreadcrumbList","@id":"https:\/\/www.africa-press.net\/benin\/politique\/la-france-est-un-partenaire-de-choix-pour-le-benin-selon-aurelien-agbenonci#breadcrumb","itemListElement":[{"@type":"ListItem","position":1,"name":"Accueil","item":"https:\/\/www.africa-press.net\/benin\/"},{"@type":"ListItem","position":2,"name":"La France est un partenaire de choix pour le B\u00e9nin, selon Aur\u00e9lien Agb\u00e9nonci"}]},{"@type":"WebSite","@id":"https:\/\/www.africa-press.net\/benin\/#website","url":"https:\/\/www.africa-press.net\/benin\/","name":"B\u00e9nin","description":"Just another Africa News Agency Sites site","potentialAction":[{"@type":"SearchAction","target":{"@type":"EntryPoint","urlTemplate":"https:\/\/www.africa-press.net\/benin\/?s={search_term_string}"},"query-input":{"@type":"PropertyValueSpecification","valueRequired":true,"valueName":"search_term_string"}}],"inLanguage":"fr-FR"},{"@type":"Person","@id":"https:\/\/www.africa-press.net\/benin\/#\/schema\/person\/2b1cf3cd81a31e3cd26889ca66d677f1","name":"cfeditorfr"}]}},"_links":{"self":[{"href":"https:\/\/www.africa-press.net\/benin\/wp-json\/wp\/v2\/posts\/7279","targetHints":{"allow":["GET"]}}],"collection":[{"href":"https:\/\/www.africa-press.net\/benin\/wp-json\/wp\/v2\/posts"}],"about":[{"href":"https:\/\/www.africa-press.net\/benin\/wp-json\/wp\/v2\/types\/post"}],"author":[{"embeddable":true,"href":"https:\/\/www.africa-press.net\/benin\/wp-json\/wp\/v2\/users\/82"}],"replies":[{"embeddable":true,"href":"https:\/\/www.africa-press.net\/benin\/wp-json\/wp\/v2\/comments?post=7279"}],"version-history":[{"count":0,"href":"https:\/\/www.africa-press.net\/benin\/wp-json\/wp\/v2\/posts\/7279\/revisions"}],"wp:featuredmedia":[{"embeddable":true,"href":"https:\/\/www.africa-press.net\/benin\/wp-json\/wp\/v2\/media\/7278"}],"wp:attachment":[{"href":"https:\/\/www.africa-press.net\/benin\/wp-json\/wp\/v2\/media?parent=7279"}],"wp:term":[{"taxonomy":"category","embeddable":true,"href":"https:\/\/www.africa-press.net\/benin\/wp-json\/wp\/v2\/categories?post=7279"},{"taxonomy":"post_tag","embeddable":true,"href":"https:\/\/www.africa-press.net\/benin\/wp-json\/wp\/v2\/tags?post=7279"}],"curies":[{"name":"wp","href":"https:\/\/api.w.org\/{rel}","templated":true}]}}