{"id":7282,"date":"2022-07-27T17:06:03","date_gmt":"2022-07-27T17:06:03","guid":{"rendered":"https:\/\/www.africa-press.net\/benin\/politique\/vous-avez-un-master-vous-travaillez-dans-une-cabine-telephonique-vous-netes-plus-chomeur-urbain-amegbedji"},"modified":"2022-07-27T17:18:07","modified_gmt":"2022-07-27T17:18:07","slug":"vous-avez-un-master-vous-travaillez-dans-une-cabine-telephonique-vous-netes-plus-chomeur-urbain-amegbedji","status":"publish","type":"post","link":"https:\/\/www.africa-press.net\/benin\/toutes-les-actualites\/vous-avez-un-master-vous-travaillez-dans-une-cabine-telephonique-vous-netes-plus-chomeur-urbain-amegbedji","title":{"rendered":"\u00ab\u00a0Vous avez un Master, vous travaillez dans une cabine t\u00e9l\u00e9phonique, vous n\u2019\u00eates plus ch\u00f4meur\u00a0\u00bb, Urbain Am\u00e8gb\u00e9dji"},"content":{"rendered":"<p><span style=\"color: #ff6600\"><strong>Africa-Press &#8211; Benin. <\/strong><\/span>L\u2019\u00e9vocation du taux de ch\u00f4mage au B\u00e9nin (2,3%) dans une r\u00e9cente d\u00e9claration a suscit\u00e9 de vives contestations et de longues pol\u00e9miques dans les r\u00e9seaux sociaux. De passage ce mercredi sur l\u2019\u00e9mission 5\/7 Matin de la t\u00e9l\u00e9vision nationale, le directeur g\u00e9n\u00e9ral de l\u2019Agence nationale pour la promotion de l\u2019emploi (ANPE), Urbain Am\u00e8gb\u00e9dji a clarifi\u00e9 le concept du ch\u00f4mage.<\/p>\n<p>L\u2019\u00e9vocation du taux de ch\u00f4mage au B\u00e9nin suscite toujours de vives pol\u00e9miques. Cette pol\u00e9mique est souvent due \u00e0 la compr\u00e9hension que le commun des b\u00e9ninois ont du concept. Pour \u00e9clairer les esprits et faire la nette d\u00e9marcation entre ch\u00f4mage et sous emploi, le directeur g\u00e9n\u00e9ral de l\u2019Agence nationale pour la promotion de l\u2019emploi (ANPE), Urbain Am\u00e8gb\u00e9dji a donn\u00e9 ce mercredi 27 Juillet sur la t\u00e9l\u00e9vision nationale, une illustration de ce qu\u2019il convient de comprendre par taux dech\u00f4mage.<\/p>\n<p>\u00ab Vous avez un Master, mais vous exercez une activit\u00e9 dans une cabine t\u00e9l\u00e9phonique, vous consid\u00e9rez vous-m\u00eames que vous \u00eates au ch\u00f4mage, mais vous n\u2019\u00eates plus ch\u00f4meur\u00ab , a martel\u00e9 Urbain Am\u00e8gb\u00e9dji.<\/p>\n<p>Pour rendre son exemple plus compr\u00e9hensible, le directeur g\u00e9n\u00e9ral de l\u2019Agence nationale pour la promotion de l\u2019emploi (ANPE), Urbain Am\u00e8gb\u00e9dji estime que les personnes qui sont les situations comme celles de son exemple ne se comptent plus dans les ch\u00f4meurs parce qu\u2019ils exercent une activit\u00e9 \u00e9conomique \u00ab quoique ne correspondant pas \u00e0 leurs comp\u00e9tences \u00bb.<\/p>\n<p>Selon Urbain Am\u00e8gb\u00e9dji, ce gagne peu ou cette personne qui exerce une activit\u00e9 \u00e9conomique qui est totalement en dessous de ses comp\u00e9tences dans le but de joindre les deux bouts est class\u00e9e dans une autre cat\u00e9gorie que celle des ch\u00f4meurs.<\/p>\n<p>A le croire, les personnes figurant dans cette cat\u00e9gorie sont des personnes en situation de sous emploi et non en situation de ch\u00f4mage. La d\u00e9marcation entre les deux concepts selon le DG ANPE doit \u00eatre faite pour \u00e9viter des confusions qui conduisent \u00e0 de vaines pol\u00e9miques quand on annonce le taux de ch\u00f4mage au niveau du pays.<\/p>\n<p>\u00ab Ce qui est consid\u00e9r\u00e9 dans les statistiques comme ch\u00f4meur, c\u2019est la personne qui les deux derni\u00e8res semaines de l\u2019enqu\u00eate est rest\u00e9e totalement au ch\u00f4mage, n\u2019a pas pu exercer une activit\u00e9 \u00e9conomique mais qui a recherch\u00e9 activement de l\u2019emploi et prendrait tout de suite si on le lui proposait\u00ab , a clarifi\u00e9 Urbain Am\u00e8gb\u00e9dji.<\/p>\n<p>En contrario, pr\u00e9cise-t-il, si vous \u00ab \u00eates rest\u00e9s sans activit\u00e9 \u00e9conomique les deux derni\u00e8res semaines de l\u2019enqu\u00eate, mais vous n\u2019avez pas cherch\u00e9 de l\u2019emploi activement, vous n\u2019\u00eates pas consid\u00e9r\u00e9s comme un ch\u00f4meur; o\u00f9 alors vous n\u2019\u00eates plus ch\u00f4meur si vous avez cherch\u00e9 activement de l\u2019emploi, mais si on vous propose une activit\u00e9 \u00e9conomique, vous n\u2019\u00eates pas pr\u00eats \u00e0 prendre\u00ab , nuance-t-il.<\/p>\n<p><strong>Pour plus d&rsquo;informations et d&rsquo;analyses sur la <a href=\"https:\/\/www.africa-press.net\/benin\">Benin<\/a>, suivez <a href=\"https:\/\/www.africa-press.net\/\">Africa-Press<\/a><\/strong><\/p>\n","protected":false},"excerpt":{"rendered":"<p>Africa-Press &#8211; Benin. L\u2019\u00e9vocation du taux de ch\u00f4mage au B\u00e9nin (2,3%) dans une r\u00e9cente d\u00e9claration a suscit\u00e9 de vives contestations et de longues pol\u00e9miques dans les r\u00e9seaux sociaux. De passage ce mercredi sur l\u2019\u00e9mission 5\/7 Matin de la t\u00e9l\u00e9vision nationale, le directeur g\u00e9n\u00e9ral de l\u2019Agence nationale pour la promotion de l\u2019emploi (ANPE), Urbain Am\u00e8gb\u00e9dji a [&hellip;]<\/p>\n","protected":false},"author":82,"featured_media":7281,"comment_status":"open","ping_status":"closed","sticky":false,"template":"","format":"standard","meta":{"footnotes":""},"categories":[21,11,10],"tags":[36,50,45],"class_list":["post-7282","post","type-post","status-publish","format-standard","has-post-thumbnail","hentry","category-communaute","category-homepage-french","category-toutes-les-actualites","tag-africa-press","tag-africa-press-benin","tag-benin"],"yoast_head":"<!-- This site is optimized with the Yoast SEO Premium plugin v26.1 (Yoast SEO v27.0) - https:\/\/yoast.com\/product\/yoast-seo-premium-wordpress\/ -->\n<title>\u00ab\u00a0Vous avez un Master, vous travaillez dans une cabine t\u00e9l\u00e9phonique, vous n\u2019\u00eates plus ch\u00f4meur\u00a0\u00bb, Urbain Am\u00e8gb\u00e9dji - B\u00e9nin<\/title>\n<meta name=\"description\" content=\"L\u2019\u00e9vocation du taux de ch\u00f4mage au B\u00e9nin (2,3%) dans une r\u00e9cente d\u00e9claration a suscit\u00e9 de vives contestations et de longu ...\" \/>\n<meta name=\"robots\" content=\"index, follow, max-snippet:-1, max-image-preview:large, max-video-preview:-1\" \/>\n<link rel=\"canonical\" href=\"https:\/\/www.africa-press.net\/benin\/toutes-les-actualites\/vous-avez-un-master-vous-travaillez-dans-une-cabine-telephonique-vous-netes-plus-chomeur-urbain-amegbedji\" \/>\n<meta property=\"og:locale\" content=\"fr_FR\" \/>\n<meta property=\"og:type\" content=\"article\" \/>\n<meta property=\"og:title\" content=\"\u00ab\u00a0Vous avez un Master, vous travaillez dans une cabine t\u00e9l\u00e9phonique, vous n\u2019\u00eates plus ch\u00f4meur\u00a0\u00bb, Urbain Am\u00e8gb\u00e9dji\" \/>\n<meta property=\"og:description\" content=\"L\u2019\u00e9vocation du taux de ch\u00f4mage au B\u00e9nin (2,3%) dans une r\u00e9cente d\u00e9claration a suscit\u00e9 de vives contestations et de longu ...\" \/>\n<meta property=\"og:url\" content=\"https:\/\/www.africa-press.net\/benin\/toutes-les-actualites\/vous-avez-un-master-vous-travaillez-dans-une-cabine-telephonique-vous-netes-plus-chomeur-urbain-amegbedji\" \/>\n<meta property=\"og:site_name\" content=\"B\u00e9nin\" \/>\n<meta property=\"article:published_time\" content=\"2022-07-27T17:06:03+00:00\" \/>\n<meta property=\"article:modified_time\" content=\"2022-07-27T17:18:07+00:00\" \/>\n<meta property=\"og:image\" content=\"https:\/\/static.africa-press.net\/benin\/sites\/46\/2022\/07\/postQueueImg_17-62e17339b86fc.jpg\" \/>\n\t<meta property=\"og:image:width\" content=\"1200\" \/>\n\t<meta property=\"og:image:height\" content=\"675\" \/>\n\t<meta property=\"og:image:type\" content=\"image\/jpeg\" \/>\n<meta name=\"author\" content=\"cfeditorfr\" \/>\n<meta name=\"twitter:card\" content=\"summary_large_image\" \/>\n<meta name=\"twitter:label1\" content=\"\u00c9crit par\" \/>\n\t<meta name=\"twitter:data1\" content=\"cfeditorfr\" \/>\n\t<meta name=\"twitter:label2\" content=\"Dur\u00e9e de lecture estim\u00e9e\" \/>\n\t<meta name=\"twitter:data2\" content=\"3 minutes\" \/>\n<script type=\"application\/ld+json\" class=\"yoast-schema-graph\">{\"@context\":\"https:\/\/schema.org\",\"@graph\":[{\"@type\":\"Article\",\"@id\":\"https:\/\/www.africa-press.net\/benin\/toutes-les-actualites\/vous-avez-un-master-vous-travaillez-dans-une-cabine-telephonique-vous-netes-plus-chomeur-urbain-amegbedji#article\",\"isPartOf\":{\"@id\":\"https:\/\/www.africa-press.net\/benin\/toutes-les-actualites\/vous-avez-un-master-vous-travaillez-dans-une-cabine-telephonique-vous-netes-plus-chomeur-urbain-amegbedji\"},\"author\":{\"name\":\"cfeditorfr\",\"@id\":\"https:\/\/www.africa-press.net\/benin\/#\/schema\/person\/2b1cf3cd81a31e3cd26889ca66d677f1\"},\"headline\":\"\u00ab\u00a0Vous avez un Master, vous travaillez dans une cabine t\u00e9l\u00e9phonique, vous n\u2019\u00eates plus ch\u00f4meur\u00a0\u00bb, Urbain Am\u00e8gb\u00e9dji\",\"datePublished\":\"2022-07-27T17:06:03+00:00\",\"dateModified\":\"2022-07-27T17:18:07+00:00\",\"mainEntityOfPage\":{\"@id\":\"https:\/\/www.africa-press.net\/benin\/toutes-les-actualites\/vous-avez-un-master-vous-travaillez-dans-une-cabine-telephonique-vous-netes-plus-chomeur-urbain-amegbedji\"},\"wordCount\":549,\"commentCount\":0,\"image\":{\"@id\":\"https:\/\/www.africa-press.net\/benin\/toutes-les-actualites\/vous-avez-un-master-vous-travaillez-dans-une-cabine-telephonique-vous-netes-plus-chomeur-urbain-amegbedji#primaryimage\"},\"thumbnailUrl\":\"https:\/\/static.africa-press.net\/benin\/sites\/46\/2022\/07\/postQueueImg_17-62e17339b86fc.jpg\",\"keywords\":[\"Africa Press\",\"Africa Press-Benin\",\"B\u00e9nin\"],\"articleSection\":[\"Communaut\u00e9\",\"homepage-french\",\"Toutes les actualit\u00e9s\"],\"inLanguage\":\"fr-FR\",\"potentialAction\":[{\"@type\":\"CommentAction\",\"name\":\"Comment\",\"target\":[\"https:\/\/www.africa-press.net\/benin\/toutes-les-actualites\/vous-avez-un-master-vous-travaillez-dans-une-cabine-telephonique-vous-netes-plus-chomeur-urbain-amegbedji#respond\"]}]},{\"@type\":\"WebPage\",\"@id\":\"https:\/\/www.africa-press.net\/benin\/toutes-les-actualites\/vous-avez-un-master-vous-travaillez-dans-une-cabine-telephonique-vous-netes-plus-chomeur-urbain-amegbedji\",\"url\":\"https:\/\/www.africa-press.net\/benin\/toutes-les-actualites\/vous-avez-un-master-vous-travaillez-dans-une-cabine-telephonique-vous-netes-plus-chomeur-urbain-amegbedji\",\"name\":\"\u00ab\u00a0Vous avez un Master, vous travaillez dans une cabine t\u00e9l\u00e9phonique, vous n\u2019\u00eates plus ch\u00f4meur\u00a0\u00bb, Urbain Am\u00e8gb\u00e9dji - B\u00e9nin\",\"isPartOf\":{\"@id\":\"https:\/\/www.africa-press.net\/benin\/#website\"},\"primaryImageOfPage\":{\"@id\":\"https:\/\/www.africa-press.net\/benin\/toutes-les-actualites\/vous-avez-un-master-vous-travaillez-dans-une-cabine-telephonique-vous-netes-plus-chomeur-urbain-amegbedji#primaryimage\"},\"image\":{\"@id\":\"https:\/\/www.africa-press.net\/benin\/toutes-les-actualites\/vous-avez-un-master-vous-travaillez-dans-une-cabine-telephonique-vous-netes-plus-chomeur-urbain-amegbedji#primaryimage\"},\"thumbnailUrl\":\"https:\/\/static.africa-press.net\/benin\/sites\/46\/2022\/07\/postQueueImg_17-62e17339b86fc.jpg\",\"datePublished\":\"2022-07-27T17:06:03+00:00\",\"dateModified\":\"2022-07-27T17:18:07+00:00\",\"author\":{\"@id\":\"https:\/\/www.africa-press.net\/benin\/#\/schema\/person\/2b1cf3cd81a31e3cd26889ca66d677f1\"},\"description\":\"L\u2019\u00e9vocation du taux de ch\u00f4mage au B\u00e9nin (2,3%) dans une r\u00e9cente d\u00e9claration a suscit\u00e9 de vives contestations et de longu ...\",\"breadcrumb\":{\"@id\":\"https:\/\/www.africa-press.net\/benin\/toutes-les-actualites\/vous-avez-un-master-vous-travaillez-dans-une-cabine-telephonique-vous-netes-plus-chomeur-urbain-amegbedji#breadcrumb\"},\"inLanguage\":\"fr-FR\",\"potentialAction\":[{\"@type\":\"ReadAction\",\"target\":[\"https:\/\/www.africa-press.net\/benin\/toutes-les-actualites\/vous-avez-un-master-vous-travaillez-dans-une-cabine-telephonique-vous-netes-plus-chomeur-urbain-amegbedji\"]}]},{\"@type\":\"ImageObject\",\"inLanguage\":\"fr-FR\",\"@id\":\"https:\/\/www.africa-press.net\/benin\/toutes-les-actualites\/vous-avez-un-master-vous-travaillez-dans-une-cabine-telephonique-vous-netes-plus-chomeur-urbain-amegbedji#primaryimage\",\"url\":\"https:\/\/static.africa-press.net\/benin\/sites\/46\/2022\/07\/postQueueImg_17-62e17339b86fc.jpg\",\"contentUrl\":\"https:\/\/static.africa-press.net\/benin\/sites\/46\/2022\/07\/postQueueImg_17-62e17339b86fc.jpg\",\"width\":1200,\"height\":675,\"caption\":\"\u00ab\u00a0Vous avez un Master, vous travaillez dans une cabine t\u00e9l\u00e9phonique, vous n\u2019\u00eates plus ch\u00f4meur\u00a0\u00bb, Urbain Am\u00e8gb\u00e9dji\"},{\"@type\":\"BreadcrumbList\",\"@id\":\"https:\/\/www.africa-press.net\/benin\/toutes-les-actualites\/vous-avez-un-master-vous-travaillez-dans-une-cabine-telephonique-vous-netes-plus-chomeur-urbain-amegbedji#breadcrumb\",\"itemListElement\":[{\"@type\":\"ListItem\",\"position\":1,\"name\":\"Accueil\",\"item\":\"https:\/\/www.africa-press.net\/benin\/\"},{\"@type\":\"ListItem\",\"position\":2,\"name\":\"\u00ab\u00a0Vous avez un Master, vous travaillez dans une cabine t\u00e9l\u00e9phonique, vous n\u2019\u00eates plus ch\u00f4meur\u00a0\u00bb, Urbain Am\u00e8gb\u00e9dji\"}]},{\"@type\":\"WebSite\",\"@id\":\"https:\/\/www.africa-press.net\/benin\/#website\",\"url\":\"https:\/\/www.africa-press.net\/benin\/\",\"name\":\"B\u00e9nin\",\"description\":\"Just another Africa News Agency Sites site\",\"potentialAction\":[{\"@type\":\"SearchAction\",\"target\":{\"@type\":\"EntryPoint\",\"urlTemplate\":\"https:\/\/www.africa-press.net\/benin\/?s={search_term_string}\"},\"query-input\":{\"@type\":\"PropertyValueSpecification\",\"valueRequired\":true,\"valueName\":\"search_term_string\"}}],\"inLanguage\":\"fr-FR\"},{\"@type\":\"Person\",\"@id\":\"https:\/\/www.africa-press.net\/benin\/#\/schema\/person\/2b1cf3cd81a31e3cd26889ca66d677f1\",\"name\":\"cfeditorfr\"}]}<\/script>\n<!-- \/ Yoast SEO Premium plugin. -->","yoast_head_json":{"title":"\u00ab\u00a0Vous avez un Master, vous travaillez dans une cabine t\u00e9l\u00e9phonique, vous n\u2019\u00eates plus ch\u00f4meur\u00a0\u00bb, Urbain Am\u00e8gb\u00e9dji - B\u00e9nin","description":"L\u2019\u00e9vocation du taux de ch\u00f4mage au B\u00e9nin (2,3%) dans une r\u00e9cente d\u00e9claration a suscit\u00e9 de vives contestations et de longu ...","robots":{"index":"index","follow":"follow","max-snippet":"max-snippet:-1","max-image-preview":"max-image-preview:large","max-video-preview":"max-video-preview:-1"},"canonical":"https:\/\/www.africa-press.net\/benin\/toutes-les-actualites\/vous-avez-un-master-vous-travaillez-dans-une-cabine-telephonique-vous-netes-plus-chomeur-urbain-amegbedji","og_locale":"fr_FR","og_type":"article","og_title":"\u00ab\u00a0Vous avez un Master, vous travaillez dans une cabine t\u00e9l\u00e9phonique, vous n\u2019\u00eates plus ch\u00f4meur\u00a0\u00bb, Urbain Am\u00e8gb\u00e9dji","og_description":"L\u2019\u00e9vocation du taux de ch\u00f4mage au B\u00e9nin (2,3%) dans une r\u00e9cente d\u00e9claration a suscit\u00e9 de vives contestations et de longu ...","og_url":"https:\/\/www.africa-press.net\/benin\/toutes-les-actualites\/vous-avez-un-master-vous-travaillez-dans-une-cabine-telephonique-vous-netes-plus-chomeur-urbain-amegbedji","og_site_name":"B\u00e9nin","article_published_time":"2022-07-27T17:06:03+00:00","article_modified_time":"2022-07-27T17:18:07+00:00","og_image":[{"width":1200,"height":675,"url":"https:\/\/static.africa-press.net\/benin\/sites\/46\/2022\/07\/postQueueImg_17-62e17339b86fc.jpg","type":"image\/jpeg"}],"author":"cfeditorfr","twitter_card":"summary_large_image","twitter_misc":{"\u00c9crit par":"cfeditorfr","Dur\u00e9e de lecture estim\u00e9e":"3 minutes"},"schema":{"@context":"https:\/\/schema.org","@graph":[{"@type":"Article","@id":"https:\/\/www.africa-press.net\/benin\/toutes-les-actualites\/vous-avez-un-master-vous-travaillez-dans-une-cabine-telephonique-vous-netes-plus-chomeur-urbain-amegbedji#article","isPartOf":{"@id":"https:\/\/www.africa-press.net\/benin\/toutes-les-actualites\/vous-avez-un-master-vous-travaillez-dans-une-cabine-telephonique-vous-netes-plus-chomeur-urbain-amegbedji"},"author":{"name":"cfeditorfr","@id":"https:\/\/www.africa-press.net\/benin\/#\/schema\/person\/2b1cf3cd81a31e3cd26889ca66d677f1"},"headline":"\u00ab\u00a0Vous avez un Master, vous travaillez dans une cabine t\u00e9l\u00e9phonique, vous n\u2019\u00eates plus ch\u00f4meur\u00a0\u00bb, Urbain Am\u00e8gb\u00e9dji","datePublished":"2022-07-27T17:06:03+00:00","dateModified":"2022-07-27T17:18:07+00:00","mainEntityOfPage":{"@id":"https:\/\/www.africa-press.net\/benin\/toutes-les-actualites\/vous-avez-un-master-vous-travaillez-dans-une-cabine-telephonique-vous-netes-plus-chomeur-urbain-amegbedji"},"wordCount":549,"commentCount":0,"image":{"@id":"https:\/\/www.africa-press.net\/benin\/toutes-les-actualites\/vous-avez-un-master-vous-travaillez-dans-une-cabine-telephonique-vous-netes-plus-chomeur-urbain-amegbedji#primaryimage"},"thumbnailUrl":"https:\/\/static.africa-press.net\/benin\/sites\/46\/2022\/07\/postQueueImg_17-62e17339b86fc.jpg","keywords":["Africa Press","Africa Press-Benin","B\u00e9nin"],"articleSection":["Communaut\u00e9","homepage-french","Toutes les actualit\u00e9s"],"inLanguage":"fr-FR","potentialAction":[{"@type":"CommentAction","name":"Comment","target":["https:\/\/www.africa-press.net\/benin\/toutes-les-actualites\/vous-avez-un-master-vous-travaillez-dans-une-cabine-telephonique-vous-netes-plus-chomeur-urbain-amegbedji#respond"]}]},{"@type":"WebPage","@id":"https:\/\/www.africa-press.net\/benin\/toutes-les-actualites\/vous-avez-un-master-vous-travaillez-dans-une-cabine-telephonique-vous-netes-plus-chomeur-urbain-amegbedji","url":"https:\/\/www.africa-press.net\/benin\/toutes-les-actualites\/vous-avez-un-master-vous-travaillez-dans-une-cabine-telephonique-vous-netes-plus-chomeur-urbain-amegbedji","name":"\u00ab\u00a0Vous avez un Master, vous travaillez dans une cabine t\u00e9l\u00e9phonique, vous n\u2019\u00eates plus ch\u00f4meur\u00a0\u00bb, Urbain Am\u00e8gb\u00e9dji - B\u00e9nin","isPartOf":{"@id":"https:\/\/www.africa-press.net\/benin\/#website"},"primaryImageOfPage":{"@id":"https:\/\/www.africa-press.net\/benin\/toutes-les-actualites\/vous-avez-un-master-vous-travaillez-dans-une-cabine-telephonique-vous-netes-plus-chomeur-urbain-amegbedji#primaryimage"},"image":{"@id":"https:\/\/www.africa-press.net\/benin\/toutes-les-actualites\/vous-avez-un-master-vous-travaillez-dans-une-cabine-telephonique-vous-netes-plus-chomeur-urbain-amegbedji#primaryimage"},"thumbnailUrl":"https:\/\/static.africa-press.net\/benin\/sites\/46\/2022\/07\/postQueueImg_17-62e17339b86fc.jpg","datePublished":"2022-07-27T17:06:03+00:00","dateModified":"2022-07-27T17:18:07+00:00","author":{"@id":"https:\/\/www.africa-press.net\/benin\/#\/schema\/person\/2b1cf3cd81a31e3cd26889ca66d677f1"},"description":"L\u2019\u00e9vocation du taux de ch\u00f4mage au B\u00e9nin (2,3%) dans une r\u00e9cente d\u00e9claration a suscit\u00e9 de vives contestations et de longu ...","breadcrumb":{"@id":"https:\/\/www.africa-press.net\/benin\/toutes-les-actualites\/vous-avez-un-master-vous-travaillez-dans-une-cabine-telephonique-vous-netes-plus-chomeur-urbain-amegbedji#breadcrumb"},"inLanguage":"fr-FR","potentialAction":[{"@type":"ReadAction","target":["https:\/\/www.africa-press.net\/benin\/toutes-les-actualites\/vous-avez-un-master-vous-travaillez-dans-une-cabine-telephonique-vous-netes-plus-chomeur-urbain-amegbedji"]}]},{"@type":"ImageObject","inLanguage":"fr-FR","@id":"https:\/\/www.africa-press.net\/benin\/toutes-les-actualites\/vous-avez-un-master-vous-travaillez-dans-une-cabine-telephonique-vous-netes-plus-chomeur-urbain-amegbedji#primaryimage","url":"https:\/\/static.africa-press.net\/benin\/sites\/46\/2022\/07\/postQueueImg_17-62e17339b86fc.jpg","contentUrl":"https:\/\/static.africa-press.net\/benin\/sites\/46\/2022\/07\/postQueueImg_17-62e17339b86fc.jpg","width":1200,"height":675,"caption":"\u00ab\u00a0Vous avez un Master, vous travaillez dans une cabine t\u00e9l\u00e9phonique, vous n\u2019\u00eates plus ch\u00f4meur\u00a0\u00bb, Urbain Am\u00e8gb\u00e9dji"},{"@type":"BreadcrumbList","@id":"https:\/\/www.africa-press.net\/benin\/toutes-les-actualites\/vous-avez-un-master-vous-travaillez-dans-une-cabine-telephonique-vous-netes-plus-chomeur-urbain-amegbedji#breadcrumb","itemListElement":[{"@type":"ListItem","position":1,"name":"Accueil","item":"https:\/\/www.africa-press.net\/benin\/"},{"@type":"ListItem","position":2,"name":"\u00ab\u00a0Vous avez un Master, vous travaillez dans une cabine t\u00e9l\u00e9phonique, vous n\u2019\u00eates plus ch\u00f4meur\u00a0\u00bb, Urbain Am\u00e8gb\u00e9dji"}]},{"@type":"WebSite","@id":"https:\/\/www.africa-press.net\/benin\/#website","url":"https:\/\/www.africa-press.net\/benin\/","name":"B\u00e9nin","description":"Just another Africa News Agency Sites site","potentialAction":[{"@type":"SearchAction","target":{"@type":"EntryPoint","urlTemplate":"https:\/\/www.africa-press.net\/benin\/?s={search_term_string}"},"query-input":{"@type":"PropertyValueSpecification","valueRequired":true,"valueName":"search_term_string"}}],"inLanguage":"fr-FR"},{"@type":"Person","@id":"https:\/\/www.africa-press.net\/benin\/#\/schema\/person\/2b1cf3cd81a31e3cd26889ca66d677f1","name":"cfeditorfr"}]}},"_links":{"self":[{"href":"https:\/\/www.africa-press.net\/benin\/wp-json\/wp\/v2\/posts\/7282","targetHints":{"allow":["GET"]}}],"collection":[{"href":"https:\/\/www.africa-press.net\/benin\/wp-json\/wp\/v2\/posts"}],"about":[{"href":"https:\/\/www.africa-press.net\/benin\/wp-json\/wp\/v2\/types\/post"}],"author":[{"embeddable":true,"href":"https:\/\/www.africa-press.net\/benin\/wp-json\/wp\/v2\/users\/82"}],"replies":[{"embeddable":true,"href":"https:\/\/www.africa-press.net\/benin\/wp-json\/wp\/v2\/comments?post=7282"}],"version-history":[{"count":0,"href":"https:\/\/www.africa-press.net\/benin\/wp-json\/wp\/v2\/posts\/7282\/revisions"}],"wp:featuredmedia":[{"embeddable":true,"href":"https:\/\/www.africa-press.net\/benin\/wp-json\/wp\/v2\/media\/7281"}],"wp:attachment":[{"href":"https:\/\/www.africa-press.net\/benin\/wp-json\/wp\/v2\/media?parent=7282"}],"wp:term":[{"taxonomy":"category","embeddable":true,"href":"https:\/\/www.africa-press.net\/benin\/wp-json\/wp\/v2\/categories?post=7282"},{"taxonomy":"post_tag","embeddable":true,"href":"https:\/\/www.africa-press.net\/benin\/wp-json\/wp\/v2\/tags?post=7282"}],"curies":[{"name":"wp","href":"https:\/\/api.w.org\/{rel}","templated":true}]}}