{"id":7285,"date":"2022-07-27T17:06:11","date_gmt":"2022-07-27T17:06:11","guid":{"rendered":"https:\/\/www.africa-press.net\/benin\/politique\/benin-habib-ahandessi-ecoute-par-le-procureur-special-de-la-criet"},"modified":"2022-07-27T17:18:36","modified_gmt":"2022-07-27T17:18:36","slug":"benin-habib-ahandessi-ecoute-par-le-procureur-special-de-la-criet","status":"publish","type":"post","link":"https:\/\/www.africa-press.net\/benin\/toutes-les-actualites\/benin-habib-ahandessi-ecoute-par-le-procureur-special-de-la-criet","title":{"rendered":"B\u00e9nin: Habib Ahand\u00e9ssi \u00e9cout\u00e9 par le Procureur Sp\u00e9cial de la Criet"},"content":{"rendered":"<p><span style=\"color: #ff6600\"><strong>Africa-Press &#8211; Benin. <\/strong><\/span>En garde \u00e0 vue depuis le samedi 23 juillet 2022, l\u2019activiste politique Habib Ahand\u00e9ssi a \u00e9t\u00e9 pr\u00e9sent\u00e9 au Procureur sp\u00e9cial de la Cour de r\u00e9pression des infractions \u00e9conomiques et du terrorisme (Criet) ce mercredi.<\/p>\n<p>On en sait un peu plus sur ce qui est reproch\u00e9 \u00e0 Habib Ahand\u00e9ssi, activiste politique et jeune opposant au r\u00e9gime en place. Interpell\u00e9 par la police r\u00e9publicaine depuis le samedi, l\u2019int\u00e9ress\u00e9 a \u00e9t\u00e9 \u00e9cout\u00e9 ce mercredi matin sur sa r\u00e9action sur les r\u00e9seaux sociaux en opposition au communiqu\u00e9 du ministre de l\u2019int\u00e9rieur et de la s\u00e9curit\u00e9 publique sur la suppression des \u00ab groupes paramilitaires \u00bb au sein de l\u2019Universit\u00e9 d\u2019Abomey-Calavi (UAC).<\/p>\n<p>L\u2019arrestation d\u2019Habib Ahand\u00e9ssi serait \u00e9galement li\u00e9e \u00e0 la violente bagarre survenue entre responsables d\u2019\u00e9tudiants \u00e0 l\u2019UAC en d\u00e9cembre 2021. Il aurait \u00e9t\u00e9 donc \u00e9cout\u00e9s sur ses faits qui avaient occasionn\u00e9 l\u2019emprisonnement de plusieurs personnes.<\/p>\n<p>Quelques heures apr\u00e8s l\u2019arrestation, un message d\u2019excuses portant la signature d\u2019Habib Ahand\u00e9ssi a fait le tour de la toile. Dans ledit message, \u00ab Le R\u00e9volutionnaire \u00bb comme il se fait appeler, a regrett\u00e9 les mots et expressions utilis\u00e9s dans son poste en r\u00e9action au communiqu\u00e9 du ministre de la s\u00e9curit\u00e9.<\/p>\n<p><strong>Pour plus d&rsquo;informations et d&rsquo;analyses sur la <a href=\"https:\/\/www.africa-press.net\/benin\">Benin<\/a>, suivez <a href=\"https:\/\/www.africa-press.net\/\">Africa-Press<\/a><\/strong><\/p>\n","protected":false},"excerpt":{"rendered":"<p>Africa-Press &#8211; Benin. En garde \u00e0 vue depuis le samedi 23 juillet 2022, l\u2019activiste politique Habib Ahand\u00e9ssi a \u00e9t\u00e9 pr\u00e9sent\u00e9 au Procureur sp\u00e9cial de la Cour de r\u00e9pression des infractions \u00e9conomiques et du terrorisme (Criet) ce mercredi. On en sait un peu plus sur ce qui est reproch\u00e9 \u00e0 Habib Ahand\u00e9ssi, activiste politique et jeune [&hellip;]<\/p>\n","protected":false},"author":82,"featured_media":7284,"comment_status":"open","ping_status":"closed","sticky":false,"template":"","format":"standard","meta":{"footnotes":""},"categories":[21,11,10],"tags":[36,50,45],"class_list":["post-7285","post","type-post","status-publish","format-standard","has-post-thumbnail","hentry","category-communaute","category-homepage-french","category-toutes-les-actualites","tag-africa-press","tag-africa-press-benin","tag-benin"],"yoast_head":"<!-- This site is optimized with the Yoast SEO Premium plugin v26.1 (Yoast SEO v27.0) - https:\/\/yoast.com\/product\/yoast-seo-premium-wordpress\/ -->\n<title>B\u00e9nin: Habib Ahand\u00e9ssi \u00e9cout\u00e9 par le Procureur Sp\u00e9cial de la Criet - B\u00e9nin<\/title>\n<meta name=\"description\" content=\"En garde \u00e0 vue depuis le samedi 23 juillet 2022, l\u2019activiste politique Habib Ahand\u00e9ssi a \u00e9t\u00e9 pr\u00e9sent\u00e9 au Procureur sp\u00e9ci ...\" \/>\n<meta name=\"robots\" content=\"index, follow, max-snippet:-1, max-image-preview:large, max-video-preview:-1\" \/>\n<link rel=\"canonical\" href=\"https:\/\/www.africa-press.net\/benin\/toutes-les-actualites\/benin-habib-ahandessi-ecoute-par-le-procureur-special-de-la-criet\" \/>\n<meta property=\"og:locale\" content=\"fr_FR\" \/>\n<meta property=\"og:type\" content=\"article\" \/>\n<meta property=\"og:title\" content=\"B\u00e9nin: Habib Ahand\u00e9ssi \u00e9cout\u00e9 par le Procureur Sp\u00e9cial de la Criet\" \/>\n<meta property=\"og:description\" content=\"En garde \u00e0 vue depuis le samedi 23 juillet 2022, l\u2019activiste politique Habib Ahand\u00e9ssi a \u00e9t\u00e9 pr\u00e9sent\u00e9 au Procureur sp\u00e9ci ...\" \/>\n<meta property=\"og:url\" content=\"https:\/\/www.africa-press.net\/benin\/toutes-les-actualites\/benin-habib-ahandessi-ecoute-par-le-procureur-special-de-la-criet\" \/>\n<meta property=\"og:site_name\" content=\"B\u00e9nin\" \/>\n<meta property=\"article:published_time\" content=\"2022-07-27T17:06:11+00:00\" \/>\n<meta property=\"article:modified_time\" content=\"2022-07-27T17:18:36+00:00\" \/>\n<meta property=\"og:image\" content=\"https:\/\/static.africa-press.net\/benin\/sites\/46\/2022\/07\/postQueueImg_18-62e17356b451d.jpg\" \/>\n\t<meta property=\"og:image:width\" content=\"1280\" \/>\n\t<meta property=\"og:image:height\" content=\"720\" \/>\n\t<meta property=\"og:image:type\" content=\"image\/jpeg\" \/>\n<meta name=\"author\" content=\"cfeditorfr\" \/>\n<meta name=\"twitter:card\" content=\"summary_large_image\" \/>\n<meta name=\"twitter:label1\" content=\"\u00c9crit par\" \/>\n\t<meta name=\"twitter:data1\" content=\"cfeditorfr\" \/>\n\t<meta name=\"twitter:label2\" content=\"Dur\u00e9e de lecture estim\u00e9e\" \/>\n\t<meta name=\"twitter:data2\" content=\"2 minutes\" \/>\n<script type=\"application\/ld+json\" class=\"yoast-schema-graph\">{\"@context\":\"https:\/\/schema.org\",\"@graph\":[{\"@type\":\"Article\",\"@id\":\"https:\/\/www.africa-press.net\/benin\/toutes-les-actualites\/benin-habib-ahandessi-ecoute-par-le-procureur-special-de-la-criet#article\",\"isPartOf\":{\"@id\":\"https:\/\/www.africa-press.net\/benin\/toutes-les-actualites\/benin-habib-ahandessi-ecoute-par-le-procureur-special-de-la-criet\"},\"author\":{\"name\":\"cfeditorfr\",\"@id\":\"https:\/\/www.africa-press.net\/benin\/#\/schema\/person\/2b1cf3cd81a31e3cd26889ca66d677f1\"},\"headline\":\"B\u00e9nin: Habib Ahand\u00e9ssi \u00e9cout\u00e9 par le Procureur Sp\u00e9cial de la Criet\",\"datePublished\":\"2022-07-27T17:06:11+00:00\",\"dateModified\":\"2022-07-27T17:18:36+00:00\",\"mainEntityOfPage\":{\"@id\":\"https:\/\/www.africa-press.net\/benin\/toutes-les-actualites\/benin-habib-ahandessi-ecoute-par-le-procureur-special-de-la-criet\"},\"wordCount\":243,\"commentCount\":0,\"image\":{\"@id\":\"https:\/\/www.africa-press.net\/benin\/toutes-les-actualites\/benin-habib-ahandessi-ecoute-par-le-procureur-special-de-la-criet#primaryimage\"},\"thumbnailUrl\":\"https:\/\/static.africa-press.net\/benin\/sites\/46\/2022\/07\/postQueueImg_18-62e17356b451d.jpg\",\"keywords\":[\"Africa Press\",\"Africa Press-Benin\",\"B\u00e9nin\"],\"articleSection\":[\"Communaut\u00e9\",\"homepage-french\",\"Toutes les actualit\u00e9s\"],\"inLanguage\":\"fr-FR\",\"potentialAction\":[{\"@type\":\"CommentAction\",\"name\":\"Comment\",\"target\":[\"https:\/\/www.africa-press.net\/benin\/toutes-les-actualites\/benin-habib-ahandessi-ecoute-par-le-procureur-special-de-la-criet#respond\"]}]},{\"@type\":\"WebPage\",\"@id\":\"https:\/\/www.africa-press.net\/benin\/toutes-les-actualites\/benin-habib-ahandessi-ecoute-par-le-procureur-special-de-la-criet\",\"url\":\"https:\/\/www.africa-press.net\/benin\/toutes-les-actualites\/benin-habib-ahandessi-ecoute-par-le-procureur-special-de-la-criet\",\"name\":\"B\u00e9nin: Habib Ahand\u00e9ssi \u00e9cout\u00e9 par le Procureur Sp\u00e9cial de la Criet - B\u00e9nin\",\"isPartOf\":{\"@id\":\"https:\/\/www.africa-press.net\/benin\/#website\"},\"primaryImageOfPage\":{\"@id\":\"https:\/\/www.africa-press.net\/benin\/toutes-les-actualites\/benin-habib-ahandessi-ecoute-par-le-procureur-special-de-la-criet#primaryimage\"},\"image\":{\"@id\":\"https:\/\/www.africa-press.net\/benin\/toutes-les-actualites\/benin-habib-ahandessi-ecoute-par-le-procureur-special-de-la-criet#primaryimage\"},\"thumbnailUrl\":\"https:\/\/static.africa-press.net\/benin\/sites\/46\/2022\/07\/postQueueImg_18-62e17356b451d.jpg\",\"datePublished\":\"2022-07-27T17:06:11+00:00\",\"dateModified\":\"2022-07-27T17:18:36+00:00\",\"author\":{\"@id\":\"https:\/\/www.africa-press.net\/benin\/#\/schema\/person\/2b1cf3cd81a31e3cd26889ca66d677f1\"},\"description\":\"En garde \u00e0 vue depuis le samedi 23 juillet 2022, l\u2019activiste politique Habib Ahand\u00e9ssi a \u00e9t\u00e9 pr\u00e9sent\u00e9 au Procureur sp\u00e9ci ...\",\"breadcrumb\":{\"@id\":\"https:\/\/www.africa-press.net\/benin\/toutes-les-actualites\/benin-habib-ahandessi-ecoute-par-le-procureur-special-de-la-criet#breadcrumb\"},\"inLanguage\":\"fr-FR\",\"potentialAction\":[{\"@type\":\"ReadAction\",\"target\":[\"https:\/\/www.africa-press.net\/benin\/toutes-les-actualites\/benin-habib-ahandessi-ecoute-par-le-procureur-special-de-la-criet\"]}]},{\"@type\":\"ImageObject\",\"inLanguage\":\"fr-FR\",\"@id\":\"https:\/\/www.africa-press.net\/benin\/toutes-les-actualites\/benin-habib-ahandessi-ecoute-par-le-procureur-special-de-la-criet#primaryimage\",\"url\":\"https:\/\/static.africa-press.net\/benin\/sites\/46\/2022\/07\/postQueueImg_18-62e17356b451d.jpg\",\"contentUrl\":\"https:\/\/static.africa-press.net\/benin\/sites\/46\/2022\/07\/postQueueImg_18-62e17356b451d.jpg\",\"width\":1280,\"height\":720,\"caption\":\"B\u00e9nin: Habib Ahand\u00e9ssi \u00e9cout\u00e9 par le Procureur Sp\u00e9cial de la Criet\"},{\"@type\":\"BreadcrumbList\",\"@id\":\"https:\/\/www.africa-press.net\/benin\/toutes-les-actualites\/benin-habib-ahandessi-ecoute-par-le-procureur-special-de-la-criet#breadcrumb\",\"itemListElement\":[{\"@type\":\"ListItem\",\"position\":1,\"name\":\"Accueil\",\"item\":\"https:\/\/www.africa-press.net\/benin\/\"},{\"@type\":\"ListItem\",\"position\":2,\"name\":\"B\u00e9nin: Habib Ahand\u00e9ssi \u00e9cout\u00e9 par le Procureur Sp\u00e9cial de la Criet\"}]},{\"@type\":\"WebSite\",\"@id\":\"https:\/\/www.africa-press.net\/benin\/#website\",\"url\":\"https:\/\/www.africa-press.net\/benin\/\",\"name\":\"B\u00e9nin\",\"description\":\"Just another Africa News Agency Sites site\",\"potentialAction\":[{\"@type\":\"SearchAction\",\"target\":{\"@type\":\"EntryPoint\",\"urlTemplate\":\"https:\/\/www.africa-press.net\/benin\/?s={search_term_string}\"},\"query-input\":{\"@type\":\"PropertyValueSpecification\",\"valueRequired\":true,\"valueName\":\"search_term_string\"}}],\"inLanguage\":\"fr-FR\"},{\"@type\":\"Person\",\"@id\":\"https:\/\/www.africa-press.net\/benin\/#\/schema\/person\/2b1cf3cd81a31e3cd26889ca66d677f1\",\"name\":\"cfeditorfr\"}]}<\/script>\n<!-- \/ Yoast SEO Premium plugin. -->","yoast_head_json":{"title":"B\u00e9nin: Habib Ahand\u00e9ssi \u00e9cout\u00e9 par le Procureur Sp\u00e9cial de la Criet - B\u00e9nin","description":"En garde \u00e0 vue depuis le samedi 23 juillet 2022, l\u2019activiste politique Habib Ahand\u00e9ssi a \u00e9t\u00e9 pr\u00e9sent\u00e9 au Procureur sp\u00e9ci ...","robots":{"index":"index","follow":"follow","max-snippet":"max-snippet:-1","max-image-preview":"max-image-preview:large","max-video-preview":"max-video-preview:-1"},"canonical":"https:\/\/www.africa-press.net\/benin\/toutes-les-actualites\/benin-habib-ahandessi-ecoute-par-le-procureur-special-de-la-criet","og_locale":"fr_FR","og_type":"article","og_title":"B\u00e9nin: Habib Ahand\u00e9ssi \u00e9cout\u00e9 par le Procureur Sp\u00e9cial de la Criet","og_description":"En garde \u00e0 vue depuis le samedi 23 juillet 2022, l\u2019activiste politique Habib Ahand\u00e9ssi a \u00e9t\u00e9 pr\u00e9sent\u00e9 au Procureur sp\u00e9ci ...","og_url":"https:\/\/www.africa-press.net\/benin\/toutes-les-actualites\/benin-habib-ahandessi-ecoute-par-le-procureur-special-de-la-criet","og_site_name":"B\u00e9nin","article_published_time":"2022-07-27T17:06:11+00:00","article_modified_time":"2022-07-27T17:18:36+00:00","og_image":[{"width":1280,"height":720,"url":"https:\/\/static.africa-press.net\/benin\/sites\/46\/2022\/07\/postQueueImg_18-62e17356b451d.jpg","type":"image\/jpeg"}],"author":"cfeditorfr","twitter_card":"summary_large_image","twitter_misc":{"\u00c9crit par":"cfeditorfr","Dur\u00e9e de lecture estim\u00e9e":"2 minutes"},"schema":{"@context":"https:\/\/schema.org","@graph":[{"@type":"Article","@id":"https:\/\/www.africa-press.net\/benin\/toutes-les-actualites\/benin-habib-ahandessi-ecoute-par-le-procureur-special-de-la-criet#article","isPartOf":{"@id":"https:\/\/www.africa-press.net\/benin\/toutes-les-actualites\/benin-habib-ahandessi-ecoute-par-le-procureur-special-de-la-criet"},"author":{"name":"cfeditorfr","@id":"https:\/\/www.africa-press.net\/benin\/#\/schema\/person\/2b1cf3cd81a31e3cd26889ca66d677f1"},"headline":"B\u00e9nin: Habib Ahand\u00e9ssi \u00e9cout\u00e9 par le Procureur Sp\u00e9cial de la Criet","datePublished":"2022-07-27T17:06:11+00:00","dateModified":"2022-07-27T17:18:36+00:00","mainEntityOfPage":{"@id":"https:\/\/www.africa-press.net\/benin\/toutes-les-actualites\/benin-habib-ahandessi-ecoute-par-le-procureur-special-de-la-criet"},"wordCount":243,"commentCount":0,"image":{"@id":"https:\/\/www.africa-press.net\/benin\/toutes-les-actualites\/benin-habib-ahandessi-ecoute-par-le-procureur-special-de-la-criet#primaryimage"},"thumbnailUrl":"https:\/\/static.africa-press.net\/benin\/sites\/46\/2022\/07\/postQueueImg_18-62e17356b451d.jpg","keywords":["Africa Press","Africa Press-Benin","B\u00e9nin"],"articleSection":["Communaut\u00e9","homepage-french","Toutes les actualit\u00e9s"],"inLanguage":"fr-FR","potentialAction":[{"@type":"CommentAction","name":"Comment","target":["https:\/\/www.africa-press.net\/benin\/toutes-les-actualites\/benin-habib-ahandessi-ecoute-par-le-procureur-special-de-la-criet#respond"]}]},{"@type":"WebPage","@id":"https:\/\/www.africa-press.net\/benin\/toutes-les-actualites\/benin-habib-ahandessi-ecoute-par-le-procureur-special-de-la-criet","url":"https:\/\/www.africa-press.net\/benin\/toutes-les-actualites\/benin-habib-ahandessi-ecoute-par-le-procureur-special-de-la-criet","name":"B\u00e9nin: Habib Ahand\u00e9ssi \u00e9cout\u00e9 par le Procureur Sp\u00e9cial de la Criet - B\u00e9nin","isPartOf":{"@id":"https:\/\/www.africa-press.net\/benin\/#website"},"primaryImageOfPage":{"@id":"https:\/\/www.africa-press.net\/benin\/toutes-les-actualites\/benin-habib-ahandessi-ecoute-par-le-procureur-special-de-la-criet#primaryimage"},"image":{"@id":"https:\/\/www.africa-press.net\/benin\/toutes-les-actualites\/benin-habib-ahandessi-ecoute-par-le-procureur-special-de-la-criet#primaryimage"},"thumbnailUrl":"https:\/\/static.africa-press.net\/benin\/sites\/46\/2022\/07\/postQueueImg_18-62e17356b451d.jpg","datePublished":"2022-07-27T17:06:11+00:00","dateModified":"2022-07-27T17:18:36+00:00","author":{"@id":"https:\/\/www.africa-press.net\/benin\/#\/schema\/person\/2b1cf3cd81a31e3cd26889ca66d677f1"},"description":"En garde \u00e0 vue depuis le samedi 23 juillet 2022, l\u2019activiste politique Habib Ahand\u00e9ssi a \u00e9t\u00e9 pr\u00e9sent\u00e9 au Procureur sp\u00e9ci ...","breadcrumb":{"@id":"https:\/\/www.africa-press.net\/benin\/toutes-les-actualites\/benin-habib-ahandessi-ecoute-par-le-procureur-special-de-la-criet#breadcrumb"},"inLanguage":"fr-FR","potentialAction":[{"@type":"ReadAction","target":["https:\/\/www.africa-press.net\/benin\/toutes-les-actualites\/benin-habib-ahandessi-ecoute-par-le-procureur-special-de-la-criet"]}]},{"@type":"ImageObject","inLanguage":"fr-FR","@id":"https:\/\/www.africa-press.net\/benin\/toutes-les-actualites\/benin-habib-ahandessi-ecoute-par-le-procureur-special-de-la-criet#primaryimage","url":"https:\/\/static.africa-press.net\/benin\/sites\/46\/2022\/07\/postQueueImg_18-62e17356b451d.jpg","contentUrl":"https:\/\/static.africa-press.net\/benin\/sites\/46\/2022\/07\/postQueueImg_18-62e17356b451d.jpg","width":1280,"height":720,"caption":"B\u00e9nin: Habib Ahand\u00e9ssi \u00e9cout\u00e9 par le Procureur Sp\u00e9cial de la Criet"},{"@type":"BreadcrumbList","@id":"https:\/\/www.africa-press.net\/benin\/toutes-les-actualites\/benin-habib-ahandessi-ecoute-par-le-procureur-special-de-la-criet#breadcrumb","itemListElement":[{"@type":"ListItem","position":1,"name":"Accueil","item":"https:\/\/www.africa-press.net\/benin\/"},{"@type":"ListItem","position":2,"name":"B\u00e9nin: Habib Ahand\u00e9ssi \u00e9cout\u00e9 par le Procureur Sp\u00e9cial de la Criet"}]},{"@type":"WebSite","@id":"https:\/\/www.africa-press.net\/benin\/#website","url":"https:\/\/www.africa-press.net\/benin\/","name":"B\u00e9nin","description":"Just another Africa News Agency Sites site","potentialAction":[{"@type":"SearchAction","target":{"@type":"EntryPoint","urlTemplate":"https:\/\/www.africa-press.net\/benin\/?s={search_term_string}"},"query-input":{"@type":"PropertyValueSpecification","valueRequired":true,"valueName":"search_term_string"}}],"inLanguage":"fr-FR"},{"@type":"Person","@id":"https:\/\/www.africa-press.net\/benin\/#\/schema\/person\/2b1cf3cd81a31e3cd26889ca66d677f1","name":"cfeditorfr"}]}},"_links":{"self":[{"href":"https:\/\/www.africa-press.net\/benin\/wp-json\/wp\/v2\/posts\/7285","targetHints":{"allow":["GET"]}}],"collection":[{"href":"https:\/\/www.africa-press.net\/benin\/wp-json\/wp\/v2\/posts"}],"about":[{"href":"https:\/\/www.africa-press.net\/benin\/wp-json\/wp\/v2\/types\/post"}],"author":[{"embeddable":true,"href":"https:\/\/www.africa-press.net\/benin\/wp-json\/wp\/v2\/users\/82"}],"replies":[{"embeddable":true,"href":"https:\/\/www.africa-press.net\/benin\/wp-json\/wp\/v2\/comments?post=7285"}],"version-history":[{"count":0,"href":"https:\/\/www.africa-press.net\/benin\/wp-json\/wp\/v2\/posts\/7285\/revisions"}],"wp:featuredmedia":[{"embeddable":true,"href":"https:\/\/www.africa-press.net\/benin\/wp-json\/wp\/v2\/media\/7284"}],"wp:attachment":[{"href":"https:\/\/www.africa-press.net\/benin\/wp-json\/wp\/v2\/media?parent=7285"}],"wp:term":[{"taxonomy":"category","embeddable":true,"href":"https:\/\/www.africa-press.net\/benin\/wp-json\/wp\/v2\/categories?post=7285"},{"taxonomy":"post_tag","embeddable":true,"href":"https:\/\/www.africa-press.net\/benin\/wp-json\/wp\/v2\/tags?post=7285"}],"curies":[{"name":"wp","href":"https:\/\/api.w.org\/{rel}","templated":true}]}}