{"id":7288,"date":"2022-07-27T17:06:18","date_gmt":"2022-07-27T17:06:18","guid":{"rendered":"https:\/\/www.africa-press.net\/benin\/politique\/lutte-anti-terroriste-la-france-va-incessamment-livrer-de-lequipement-au-benin"},"modified":"2022-07-27T17:19:07","modified_gmt":"2022-07-27T17:19:07","slug":"lutte-anti-terroriste-la-france-va-incessamment-livrer-de-lequipement-au-benin","status":"publish","type":"post","link":"https:\/\/www.africa-press.net\/benin\/politique\/lutte-anti-terroriste-la-france-va-incessamment-livrer-de-lequipement-au-benin","title":{"rendered":"Lutte anti-terroriste: la France va incessamment livrer de l\u2019\u00e9quipement au B\u00e9nin"},"content":{"rendered":"<p><span style=\"color: #ff6600\"><strong>Africa-Press &#8211; Benin. <\/strong><\/span>En visite officielle au B\u00e9nin, le pr\u00e9sident Emmanuel Macron n\u2019a pas occult\u00e9 la question s\u00e9curitaire inqui\u00e9tante au nord du pays. Lors de la conf\u00e9rence de presse conjointe tenue ce mercredi 27 juillet 2022 avec le pr\u00e9sident Patrice Talon, Emmanuel Macron a assur\u00e9 que la France va soutenir le B\u00e9nin face au terrorisme.<\/p>\n<p>Le B\u00e9nin a sollicit\u00e9 l\u2019aide de la France dans le cadre de l\u2019acquisition d\u2019\u00e9quipements pour lutter contre le terrorisme. Cette demande a eu un \u00e9cho favorable aupr\u00e8s des autorit\u00e9s fran\u00e7aises. \u00ab La France sera toujours aux c\u00f4t\u00e9s des autorit\u00e9s b\u00e9ninoises pour faire face \u00e0 cette menace. Elle le sera, en r\u00e9pondant \u00e0 vos demandes \u00bb, a d\u00e9clar\u00e9 Emmanuel Macron.<\/p>\n<p>Selon Emmanuel Macron, l\u2019appui de la France en faveur du B\u00e9nin se fera constater dans la livraison d\u2019\u00e9quipements, de formation et de renseignements. Il a annonc\u00e9 que tr\u00e8s incessamment, la France va livrer au B\u00e9nin des \u00e9quipements constitu\u00e9s notamment de gilet pare-balles, de pick-up et autres. Au-del\u00e0 des \u00e9quipements, le B\u00e9nin attend un armement un peu plus lourd. L\u00e0 encore, la France est pr\u00eate \u00e0 accompagner le B\u00e9nin.<\/p>\n<p>Le B\u00e9nin esp\u00e8re des actions concr\u00e8tes de la France<\/p>\n<p>Dans ses propos, le pr\u00e9sident Patrice Talon a pr\u00e9cis\u00e9 que le B\u00e9nin dispose des moyens financiers pour l\u2019acquisition de l\u2019armement, mais attend un accompagnement de la France. Il se r\u00e9jouit de l\u2019engagement de la France \u00e0 d\u00e9bloquer la situation.<\/p>\n<p><strong>Pour plus d&rsquo;informations et d&rsquo;analyses sur la <a href=\"https:\/\/www.africa-press.net\/benin\">Benin<\/a>, suivez <a href=\"https:\/\/www.africa-press.net\/\">Africa-Press<\/a><\/strong><\/p>\n","protected":false},"excerpt":{"rendered":"<p>Africa-Press &#8211; Benin. En visite officielle au B\u00e9nin, le pr\u00e9sident Emmanuel Macron n\u2019a pas occult\u00e9 la question s\u00e9curitaire inqui\u00e9tante au nord du pays. Lors de la conf\u00e9rence de presse conjointe tenue ce mercredi 27 juillet 2022 avec le pr\u00e9sident Patrice Talon, Emmanuel Macron a assur\u00e9 que la France va soutenir le B\u00e9nin face au terrorisme. [&hellip;]<\/p>\n","protected":false},"author":82,"featured_media":7287,"comment_status":"open","ping_status":"closed","sticky":false,"template":"","format":"standard","meta":{"footnotes":""},"categories":[11,2,20,10],"tags":[36,50,45],"class_list":["post-7288","post","type-post","status-publish","format-standard","has-post-thumbnail","hentry","category-homepage-french","category-politique","category-top-nouvelles","category-toutes-les-actualites","tag-africa-press","tag-africa-press-benin","tag-benin"],"yoast_head":"<!-- This site is optimized with the Yoast SEO Premium plugin v26.1 (Yoast SEO v27.0) - https:\/\/yoast.com\/product\/yoast-seo-premium-wordpress\/ -->\n<title>Lutte anti-terroriste: la France va incessamment livrer de l\u2019\u00e9quipement au B\u00e9nin - B\u00e9nin<\/title>\n<meta name=\"description\" content=\"En visite officielle au B\u00e9nin, le pr\u00e9sident Emmanuel Macron n\u2019a pas occult\u00e9 la question s\u00e9curitaire inqui\u00e9tante au nord ...\" \/>\n<meta name=\"robots\" content=\"index, follow, max-snippet:-1, max-image-preview:large, max-video-preview:-1\" \/>\n<link rel=\"canonical\" href=\"https:\/\/www.africa-press.net\/benin\/politique\/lutte-anti-terroriste-la-france-va-incessamment-livrer-de-lequipement-au-benin\" \/>\n<meta property=\"og:locale\" content=\"fr_FR\" \/>\n<meta property=\"og:type\" content=\"article\" \/>\n<meta property=\"og:title\" content=\"Lutte anti-terroriste: la France va incessamment livrer de l\u2019\u00e9quipement au B\u00e9nin\" \/>\n<meta property=\"og:description\" content=\"En visite officielle au B\u00e9nin, le pr\u00e9sident Emmanuel Macron n\u2019a pas occult\u00e9 la question s\u00e9curitaire inqui\u00e9tante au nord ...\" \/>\n<meta property=\"og:url\" content=\"https:\/\/www.africa-press.net\/benin\/politique\/lutte-anti-terroriste-la-france-va-incessamment-livrer-de-lequipement-au-benin\" \/>\n<meta property=\"og:site_name\" content=\"B\u00e9nin\" \/>\n<meta property=\"article:published_time\" content=\"2022-07-27T17:06:18+00:00\" \/>\n<meta property=\"article:modified_time\" content=\"2022-07-27T17:19:07+00:00\" \/>\n<meta property=\"og:image\" content=\"https:\/\/static.africa-press.net\/benin\/sites\/46\/2022\/07\/postQueueImg_19-62e173722511e.jpg\" \/>\n\t<meta property=\"og:image:width\" content=\"1500\" \/>\n\t<meta property=\"og:image:height\" content=\"844\" \/>\n\t<meta property=\"og:image:type\" content=\"image\/jpeg\" \/>\n<meta name=\"author\" content=\"cfeditorfr\" \/>\n<meta name=\"twitter:card\" content=\"summary_large_image\" \/>\n<meta name=\"twitter:label1\" content=\"\u00c9crit par\" \/>\n\t<meta name=\"twitter:data1\" content=\"cfeditorfr\" \/>\n\t<meta name=\"twitter:label2\" content=\"Dur\u00e9e de lecture estim\u00e9e\" \/>\n\t<meta name=\"twitter:data2\" content=\"2 minutes\" \/>\n<script type=\"application\/ld+json\" class=\"yoast-schema-graph\">{\"@context\":\"https:\/\/schema.org\",\"@graph\":[{\"@type\":\"Article\",\"@id\":\"https:\/\/www.africa-press.net\/benin\/politique\/lutte-anti-terroriste-la-france-va-incessamment-livrer-de-lequipement-au-benin#article\",\"isPartOf\":{\"@id\":\"https:\/\/www.africa-press.net\/benin\/politique\/lutte-anti-terroriste-la-france-va-incessamment-livrer-de-lequipement-au-benin\"},\"author\":{\"name\":\"cfeditorfr\",\"@id\":\"https:\/\/www.africa-press.net\/benin\/#\/schema\/person\/2b1cf3cd81a31e3cd26889ca66d677f1\"},\"headline\":\"Lutte anti-terroriste: la France va incessamment livrer de l\u2019\u00e9quipement au B\u00e9nin\",\"datePublished\":\"2022-07-27T17:06:18+00:00\",\"dateModified\":\"2022-07-27T17:19:07+00:00\",\"mainEntityOfPage\":{\"@id\":\"https:\/\/www.africa-press.net\/benin\/politique\/lutte-anti-terroriste-la-france-va-incessamment-livrer-de-lequipement-au-benin\"},\"wordCount\":288,\"commentCount\":0,\"image\":{\"@id\":\"https:\/\/www.africa-press.net\/benin\/politique\/lutte-anti-terroriste-la-france-va-incessamment-livrer-de-lequipement-au-benin#primaryimage\"},\"thumbnailUrl\":\"https:\/\/static.africa-press.net\/benin\/sites\/46\/2022\/07\/postQueueImg_19-62e173722511e.jpg\",\"keywords\":[\"Africa Press\",\"Africa Press-Benin\",\"B\u00e9nin\"],\"articleSection\":[\"homepage-french\",\"Politique\",\"Top Nouvelles\",\"Toutes les actualit\u00e9s\"],\"inLanguage\":\"fr-FR\",\"potentialAction\":[{\"@type\":\"CommentAction\",\"name\":\"Comment\",\"target\":[\"https:\/\/www.africa-press.net\/benin\/politique\/lutte-anti-terroriste-la-france-va-incessamment-livrer-de-lequipement-au-benin#respond\"]}]},{\"@type\":\"WebPage\",\"@id\":\"https:\/\/www.africa-press.net\/benin\/politique\/lutte-anti-terroriste-la-france-va-incessamment-livrer-de-lequipement-au-benin\",\"url\":\"https:\/\/www.africa-press.net\/benin\/politique\/lutte-anti-terroriste-la-france-va-incessamment-livrer-de-lequipement-au-benin\",\"name\":\"Lutte anti-terroriste: la France va incessamment livrer de l\u2019\u00e9quipement au B\u00e9nin - B\u00e9nin\",\"isPartOf\":{\"@id\":\"https:\/\/www.africa-press.net\/benin\/#website\"},\"primaryImageOfPage\":{\"@id\":\"https:\/\/www.africa-press.net\/benin\/politique\/lutte-anti-terroriste-la-france-va-incessamment-livrer-de-lequipement-au-benin#primaryimage\"},\"image\":{\"@id\":\"https:\/\/www.africa-press.net\/benin\/politique\/lutte-anti-terroriste-la-france-va-incessamment-livrer-de-lequipement-au-benin#primaryimage\"},\"thumbnailUrl\":\"https:\/\/static.africa-press.net\/benin\/sites\/46\/2022\/07\/postQueueImg_19-62e173722511e.jpg\",\"datePublished\":\"2022-07-27T17:06:18+00:00\",\"dateModified\":\"2022-07-27T17:19:07+00:00\",\"author\":{\"@id\":\"https:\/\/www.africa-press.net\/benin\/#\/schema\/person\/2b1cf3cd81a31e3cd26889ca66d677f1\"},\"description\":\"En visite officielle au B\u00e9nin, le pr\u00e9sident Emmanuel Macron n\u2019a pas occult\u00e9 la question s\u00e9curitaire inqui\u00e9tante au nord ...\",\"breadcrumb\":{\"@id\":\"https:\/\/www.africa-press.net\/benin\/politique\/lutte-anti-terroriste-la-france-va-incessamment-livrer-de-lequipement-au-benin#breadcrumb\"},\"inLanguage\":\"fr-FR\",\"potentialAction\":[{\"@type\":\"ReadAction\",\"target\":[\"https:\/\/www.africa-press.net\/benin\/politique\/lutte-anti-terroriste-la-france-va-incessamment-livrer-de-lequipement-au-benin\"]}]},{\"@type\":\"ImageObject\",\"inLanguage\":\"fr-FR\",\"@id\":\"https:\/\/www.africa-press.net\/benin\/politique\/lutte-anti-terroriste-la-france-va-incessamment-livrer-de-lequipement-au-benin#primaryimage\",\"url\":\"https:\/\/static.africa-press.net\/benin\/sites\/46\/2022\/07\/postQueueImg_19-62e173722511e.jpg\",\"contentUrl\":\"https:\/\/static.africa-press.net\/benin\/sites\/46\/2022\/07\/postQueueImg_19-62e173722511e.jpg\",\"width\":1500,\"height\":844,\"caption\":\"Lutte anti-terroriste: la France va incessamment livrer de l\u2019\u00e9quipement au B\u00e9nin\"},{\"@type\":\"BreadcrumbList\",\"@id\":\"https:\/\/www.africa-press.net\/benin\/politique\/lutte-anti-terroriste-la-france-va-incessamment-livrer-de-lequipement-au-benin#breadcrumb\",\"itemListElement\":[{\"@type\":\"ListItem\",\"position\":1,\"name\":\"Accueil\",\"item\":\"https:\/\/www.africa-press.net\/benin\/\"},{\"@type\":\"ListItem\",\"position\":2,\"name\":\"Lutte anti-terroriste: la France va incessamment livrer de l\u2019\u00e9quipement au B\u00e9nin\"}]},{\"@type\":\"WebSite\",\"@id\":\"https:\/\/www.africa-press.net\/benin\/#website\",\"url\":\"https:\/\/www.africa-press.net\/benin\/\",\"name\":\"B\u00e9nin\",\"description\":\"Just another Africa News Agency Sites site\",\"potentialAction\":[{\"@type\":\"SearchAction\",\"target\":{\"@type\":\"EntryPoint\",\"urlTemplate\":\"https:\/\/www.africa-press.net\/benin\/?s={search_term_string}\"},\"query-input\":{\"@type\":\"PropertyValueSpecification\",\"valueRequired\":true,\"valueName\":\"search_term_string\"}}],\"inLanguage\":\"fr-FR\"},{\"@type\":\"Person\",\"@id\":\"https:\/\/www.africa-press.net\/benin\/#\/schema\/person\/2b1cf3cd81a31e3cd26889ca66d677f1\",\"name\":\"cfeditorfr\"}]}<\/script>\n<!-- \/ Yoast SEO Premium plugin. -->","yoast_head_json":{"title":"Lutte anti-terroriste: la France va incessamment livrer de l\u2019\u00e9quipement au B\u00e9nin - B\u00e9nin","description":"En visite officielle au B\u00e9nin, le pr\u00e9sident Emmanuel Macron n\u2019a pas occult\u00e9 la question s\u00e9curitaire inqui\u00e9tante au nord ...","robots":{"index":"index","follow":"follow","max-snippet":"max-snippet:-1","max-image-preview":"max-image-preview:large","max-video-preview":"max-video-preview:-1"},"canonical":"https:\/\/www.africa-press.net\/benin\/politique\/lutte-anti-terroriste-la-france-va-incessamment-livrer-de-lequipement-au-benin","og_locale":"fr_FR","og_type":"article","og_title":"Lutte anti-terroriste: la France va incessamment livrer de l\u2019\u00e9quipement au B\u00e9nin","og_description":"En visite officielle au B\u00e9nin, le pr\u00e9sident Emmanuel Macron n\u2019a pas occult\u00e9 la question s\u00e9curitaire inqui\u00e9tante au nord ...","og_url":"https:\/\/www.africa-press.net\/benin\/politique\/lutte-anti-terroriste-la-france-va-incessamment-livrer-de-lequipement-au-benin","og_site_name":"B\u00e9nin","article_published_time":"2022-07-27T17:06:18+00:00","article_modified_time":"2022-07-27T17:19:07+00:00","og_image":[{"width":1500,"height":844,"url":"https:\/\/static.africa-press.net\/benin\/sites\/46\/2022\/07\/postQueueImg_19-62e173722511e.jpg","type":"image\/jpeg"}],"author":"cfeditorfr","twitter_card":"summary_large_image","twitter_misc":{"\u00c9crit par":"cfeditorfr","Dur\u00e9e de lecture estim\u00e9e":"2 minutes"},"schema":{"@context":"https:\/\/schema.org","@graph":[{"@type":"Article","@id":"https:\/\/www.africa-press.net\/benin\/politique\/lutte-anti-terroriste-la-france-va-incessamment-livrer-de-lequipement-au-benin#article","isPartOf":{"@id":"https:\/\/www.africa-press.net\/benin\/politique\/lutte-anti-terroriste-la-france-va-incessamment-livrer-de-lequipement-au-benin"},"author":{"name":"cfeditorfr","@id":"https:\/\/www.africa-press.net\/benin\/#\/schema\/person\/2b1cf3cd81a31e3cd26889ca66d677f1"},"headline":"Lutte anti-terroriste: la France va incessamment livrer de l\u2019\u00e9quipement au B\u00e9nin","datePublished":"2022-07-27T17:06:18+00:00","dateModified":"2022-07-27T17:19:07+00:00","mainEntityOfPage":{"@id":"https:\/\/www.africa-press.net\/benin\/politique\/lutte-anti-terroriste-la-france-va-incessamment-livrer-de-lequipement-au-benin"},"wordCount":288,"commentCount":0,"image":{"@id":"https:\/\/www.africa-press.net\/benin\/politique\/lutte-anti-terroriste-la-france-va-incessamment-livrer-de-lequipement-au-benin#primaryimage"},"thumbnailUrl":"https:\/\/static.africa-press.net\/benin\/sites\/46\/2022\/07\/postQueueImg_19-62e173722511e.jpg","keywords":["Africa Press","Africa Press-Benin","B\u00e9nin"],"articleSection":["homepage-french","Politique","Top Nouvelles","Toutes les actualit\u00e9s"],"inLanguage":"fr-FR","potentialAction":[{"@type":"CommentAction","name":"Comment","target":["https:\/\/www.africa-press.net\/benin\/politique\/lutte-anti-terroriste-la-france-va-incessamment-livrer-de-lequipement-au-benin#respond"]}]},{"@type":"WebPage","@id":"https:\/\/www.africa-press.net\/benin\/politique\/lutte-anti-terroriste-la-france-va-incessamment-livrer-de-lequipement-au-benin","url":"https:\/\/www.africa-press.net\/benin\/politique\/lutte-anti-terroriste-la-france-va-incessamment-livrer-de-lequipement-au-benin","name":"Lutte anti-terroriste: la France va incessamment livrer de l\u2019\u00e9quipement au B\u00e9nin - B\u00e9nin","isPartOf":{"@id":"https:\/\/www.africa-press.net\/benin\/#website"},"primaryImageOfPage":{"@id":"https:\/\/www.africa-press.net\/benin\/politique\/lutte-anti-terroriste-la-france-va-incessamment-livrer-de-lequipement-au-benin#primaryimage"},"image":{"@id":"https:\/\/www.africa-press.net\/benin\/politique\/lutte-anti-terroriste-la-france-va-incessamment-livrer-de-lequipement-au-benin#primaryimage"},"thumbnailUrl":"https:\/\/static.africa-press.net\/benin\/sites\/46\/2022\/07\/postQueueImg_19-62e173722511e.jpg","datePublished":"2022-07-27T17:06:18+00:00","dateModified":"2022-07-27T17:19:07+00:00","author":{"@id":"https:\/\/www.africa-press.net\/benin\/#\/schema\/person\/2b1cf3cd81a31e3cd26889ca66d677f1"},"description":"En visite officielle au B\u00e9nin, le pr\u00e9sident Emmanuel Macron n\u2019a pas occult\u00e9 la question s\u00e9curitaire inqui\u00e9tante au nord ...","breadcrumb":{"@id":"https:\/\/www.africa-press.net\/benin\/politique\/lutte-anti-terroriste-la-france-va-incessamment-livrer-de-lequipement-au-benin#breadcrumb"},"inLanguage":"fr-FR","potentialAction":[{"@type":"ReadAction","target":["https:\/\/www.africa-press.net\/benin\/politique\/lutte-anti-terroriste-la-france-va-incessamment-livrer-de-lequipement-au-benin"]}]},{"@type":"ImageObject","inLanguage":"fr-FR","@id":"https:\/\/www.africa-press.net\/benin\/politique\/lutte-anti-terroriste-la-france-va-incessamment-livrer-de-lequipement-au-benin#primaryimage","url":"https:\/\/static.africa-press.net\/benin\/sites\/46\/2022\/07\/postQueueImg_19-62e173722511e.jpg","contentUrl":"https:\/\/static.africa-press.net\/benin\/sites\/46\/2022\/07\/postQueueImg_19-62e173722511e.jpg","width":1500,"height":844,"caption":"Lutte anti-terroriste: la France va incessamment livrer de l\u2019\u00e9quipement au B\u00e9nin"},{"@type":"BreadcrumbList","@id":"https:\/\/www.africa-press.net\/benin\/politique\/lutte-anti-terroriste-la-france-va-incessamment-livrer-de-lequipement-au-benin#breadcrumb","itemListElement":[{"@type":"ListItem","position":1,"name":"Accueil","item":"https:\/\/www.africa-press.net\/benin\/"},{"@type":"ListItem","position":2,"name":"Lutte anti-terroriste: la France va incessamment livrer de l\u2019\u00e9quipement au B\u00e9nin"}]},{"@type":"WebSite","@id":"https:\/\/www.africa-press.net\/benin\/#website","url":"https:\/\/www.africa-press.net\/benin\/","name":"B\u00e9nin","description":"Just another Africa News Agency Sites site","potentialAction":[{"@type":"SearchAction","target":{"@type":"EntryPoint","urlTemplate":"https:\/\/www.africa-press.net\/benin\/?s={search_term_string}"},"query-input":{"@type":"PropertyValueSpecification","valueRequired":true,"valueName":"search_term_string"}}],"inLanguage":"fr-FR"},{"@type":"Person","@id":"https:\/\/www.africa-press.net\/benin\/#\/schema\/person\/2b1cf3cd81a31e3cd26889ca66d677f1","name":"cfeditorfr"}]}},"_links":{"self":[{"href":"https:\/\/www.africa-press.net\/benin\/wp-json\/wp\/v2\/posts\/7288","targetHints":{"allow":["GET"]}}],"collection":[{"href":"https:\/\/www.africa-press.net\/benin\/wp-json\/wp\/v2\/posts"}],"about":[{"href":"https:\/\/www.africa-press.net\/benin\/wp-json\/wp\/v2\/types\/post"}],"author":[{"embeddable":true,"href":"https:\/\/www.africa-press.net\/benin\/wp-json\/wp\/v2\/users\/82"}],"replies":[{"embeddable":true,"href":"https:\/\/www.africa-press.net\/benin\/wp-json\/wp\/v2\/comments?post=7288"}],"version-history":[{"count":0,"href":"https:\/\/www.africa-press.net\/benin\/wp-json\/wp\/v2\/posts\/7288\/revisions"}],"wp:featuredmedia":[{"embeddable":true,"href":"https:\/\/www.africa-press.net\/benin\/wp-json\/wp\/v2\/media\/7287"}],"wp:attachment":[{"href":"https:\/\/www.africa-press.net\/benin\/wp-json\/wp\/v2\/media?parent=7288"}],"wp:term":[{"taxonomy":"category","embeddable":true,"href":"https:\/\/www.africa-press.net\/benin\/wp-json\/wp\/v2\/categories?post=7288"},{"taxonomy":"post_tag","embeddable":true,"href":"https:\/\/www.africa-press.net\/benin\/wp-json\/wp\/v2\/tags?post=7288"}],"curies":[{"name":"wp","href":"https:\/\/api.w.org\/{rel}","templated":true}]}}