{"id":7291,"date":"2022-07-27T17:06:27","date_gmt":"2022-07-27T17:06:27","guid":{"rendered":"https:\/\/www.africa-press.net\/benin\/politique\/les-liberer-ne-releve-pas-pour-moi-de-louverture-talon-sur-les-prisonniers-politiques"},"modified":"2022-07-27T17:19:34","modified_gmt":"2022-07-27T17:19:34","slug":"les-liberer-ne-releve-pas-pour-moi-de-louverture-talon-sur-les-prisonniers-politiques","status":"publish","type":"post","link":"https:\/\/www.africa-press.net\/benin\/politique\/les-liberer-ne-releve-pas-pour-moi-de-louverture-talon-sur-les-prisonniers-politiques","title":{"rendered":"\u00ab\u00a0Les lib\u00e9rer ne rel\u00e8ve pas pour moi de l\u2019ouverture\u00a0\u00bb, Talon sur les \u00ab\u00a0prisonniers politiques\u00a0\u00bb"},"content":{"rendered":"<p><span style=\"color: #ff6600\"><strong>Africa-Press &#8211; Benin. <\/strong><\/span>En marge du t\u00eate-\u00e0-t\u00eate qu\u2019ils ont eu au palais de la pr\u00e9sidence de la R\u00e9publique, le pr\u00e9sident b\u00e9ninois Patrice Talon et son homologue fran\u00e7ais en visite de travail au B\u00e9nin se sont prononc\u00e9s devant les professionnels des m\u00e9dias. La question des exil\u00e9s et d\u00e9tenus politiques n\u2019ont pas \u00e9t\u00e9 occult\u00e9es. \u00ab Il n\u2019 y a pas de d\u00e9tenus politiques au B\u00e9nin \u00bb, a affirm\u00e9 avec fermet\u00e9, le pr\u00e9sident Patrice Talon.<\/p>\n<p>Au cours de la conf\u00e9rence de presse conjointe qu\u2019il a tenue ce mercredi 27 juillet 2022, le pr\u00e9sident Patrice Talon s\u2019est prononc\u00e9 sur l\u2019un des griefs que certains acteurs politiques ont contre son r\u00e9gime \u00e0 savoir le harc\u00e8lement des opposants contraints \u00e0 l\u2019exil ou emprisonn\u00e9s. Mais devant le pr\u00e9sident fran\u00e7ais ce mercredi, le pr\u00e9sident Patrice Talon persiste et signe: \u00ab il n\u2019 y a pas de d\u00e9tenus politiques ou d\u2019opinion \u00bb au B\u00e9nin. \u00ab Je suis droit dans mes bottes \u00bb, indique-t-il pour donner du poids \u00e0 son affirmation.<\/p>\n<p>\u00ab Au B\u00e9nin, il n\u2019y a pas de d\u00e9tenus politiques. Personne n\u2019est d\u00e9tenue pour son opinion politique. Ce qui s\u2019est pass\u00e9, ce ne sont pas des accusations politiques. Des gens sont d\u00e9tenus pour avoir commis des crimes et d\u00e9lits dans le champ politique\u00ab , a martel\u00e9 le pr\u00e9sident Patrice Talon.<\/p>\n<p>Les lib\u00e9rer ne rel\u00e8ve pas pour moi de l\u2019ouverture\u2026<\/p>\n<p>Cette conf\u00e9rence de presse conjointe du pr\u00e9sident b\u00e9ninois avec son homologue fran\u00e7ais a permis de fixer davantage l\u2019opinion sur la position du locataire de la Marina face aux pressions et aux appels tous azimuts pour la lib\u00e9ration des personnalit\u00e9s politiques d\u00e9tenues et le retour au bercail de ceux qui sont en exil.<\/p>\n<p>\u00ab Vous aurez l\u2019impression que votre cause est juste, mais vous n\u2019avez pas le droit d\u2019utiliser les moyens r\u00e9pr\u00e9hensibles pour la d\u00e9fendre. Or c\u2019est ce qui s\u2019est pass\u00e9 au B\u00e9nin. Il faut que les gens r\u00e9pondent de ce qu\u2019ils ont fait \u00bb, a laiss\u00e9 entendre l\u2019h\u00f4te d\u2019Emmanuel Macron.<\/p>\n<p>Une position du chef de l\u2019Etat b\u00e9ninois qui est une r\u00e9ponse on ne peut plus clair des appels lanc\u00e9s au sein de la classe politique pour la lib\u00e9ration de ces personnalit\u00e9s politiques et le retour de ceux qui sont en exil. En effet, pour plusieurs acteurs politiques notamment de l\u2019opposition, la paix sociale et la coh\u00e9sion nationale d\u00e9pendent de la lib\u00e9ration de ces prisonniers.<\/p>\n<p>Une lecture qui est bien oppos\u00e9e \u00e0 celle du pr\u00e9sident de la r\u00e9publique qui affirme que l\u2019ouverture tant pr\u00f4n\u00e9e par certains ne d\u00e9pendent pas de la lib\u00e9ration des personnalit\u00e9s politiques qui se retrouvent dans les liens de la justice.<\/p>\n<p>\u00bb Les lib\u00e9rer ne rel\u00e8ve pas pour moi de l\u2019ouverture \u00bb, a-t-il martel\u00e9<\/p>\n<p>Le chef de l\u2019Etat b\u00e9ninois n\u2019a pas manqu\u00e9 d\u2019indexer la presse, notamment internationale qui fait des sujets de d\u00e9bat, la d\u00e9tention de ces personnalit\u00e9s politiques b\u00e9ninoises emprisonn\u00e9es pour des \u00ab crimes \u00bb.<\/p>\n<p>Le pr\u00e9sident Patrice Talon d\u00e9plore notamment le traitement qui est fait sur l\u2019actualit\u00e9 de ces personnalit\u00e9s politiques emprisonn\u00e9s pour des faits pr\u00e9cis. A le croire, la presse internationale et des acteurs politiques internationaux \u00e9voquent le sujet \u00bb comme si les actes qui leurs ont \u00e9t\u00e9 reproch\u00e9s n\u2019ont jamais \u00e9t\u00e9 commis \u00bb.<\/p>\n<p>Verbatim\u2026<\/p>\n<p>\u00ab La situation politique dans laquelle le B\u00e9nin \u00e9tait n\u00e9cessitait certaines r\u00e9formes qui ont \u00e9t\u00e9 engag\u00e9es. Et vous savez, une r\u00e9forme qui fait plaisir \u00e0 tout le monde n\u2019est pas une r\u00e9forme. Une r\u00e9forme qui marche, qui apporte du nouveau, qui apporte du positif, forc\u00e9ment enl\u00e8ve des privil\u00e8ges peut-\u00eatre indus, mais privil\u00e8ges quand-m\u00eame. Et ce qui fait qu\u2019en mati\u00e8re politique, tout ce qui enl\u00e8ve des privil\u00e8ges ou tente de corriger les acquis fait toujours l\u2019objet de beaucoup d\u2019histoires, de heurts et de bagarres. Le B\u00e9nin l\u2019a connu, malheureusement.<\/p>\n<p>Mais une chose est de d\u00e9fendre son opinion politique, sa cause. Une autre est d\u2019utiliser ou non des moyens conventionnels ou non r\u00e9pr\u00e9hensibles pour les d\u00e9fendre. Parce que les djihadistes qui d\u00e9fendent une cause religieuse, \u00e0 leur entendement leur cause est juste, plus que juste m\u00eame, servir la cause de Dieu pour celui qui est croyant, c\u2019est au-dessous le tout. Mais est-ce que pour autant, si sa cause lui para\u00eet absolument incontestable, v\u00e9ridique, est-ce que pour autant, tous les moyens sont permis pour d\u00e9fendre cette cause-l\u00e0 ? Mais non !<\/p>\n<p>C\u2019est pareil en politique. Votre cause est juste ou vous avez l\u2019impression que votre cause est juste, mais vous n\u2019avez pas le droit d\u2019utiliser des moyens d\u00e9lictuels, criminels pour la d\u00e9fendre. Or c\u2019est ce qui n\u2019est pass\u00e9 au B\u00e9nin. Je conviens avec vous que ce sont des gens qui ont agi dans le champ politique, mais les actes qui ont accompagn\u00e9 leurs revendications, si ce sont des actes d\u00e9lictuels ou criminels, les actes doivent \u00eatre punis. C\u2019est ce qui s\u2019est ppass\u00e9(\u2026) ce qui s\u2019est pass\u00e9 au B\u00e9nin, ce ne sont pas des accusations politiques mais r\u00e9el\u2026Je conc\u00e8de \u00e0 chacun de croire ce qu\u2019il veut.<\/p>\n<p>Lib\u00e9rer des gens qui ont commis des crimes ne rel\u00e8ve pas pour moi de l\u2019ouverture\u2026 C\u2019est bien que m\u00eame les r\u00e9formes qui sont en cours tiennent compte d\u2019un environnement favorable, plus apais\u00e9 pour que les uns et les autres ne se sentent pas exclus \u00e0 cause des r\u00e9formes. Ce que j\u2019appelle l\u2019ouverture. Il n\u2019en demeure pas moins que les personnes qui sont condamn\u00e9es, qui sont en d\u00e9tention pour les faits qu\u2019il ont commis, des gens qui sont en exil parce qu\u2019is ne veulent pas rentrer r\u00e9pondre de leurs actes, constituent \u00e9galement des sujets de conversation et d\u2019int\u00e9r\u00eat.<\/p>\n<p>Pour moi il n\u2019y n\u2019y a pas de revendications qui tiennent la route, qui vaillent et qui concerne des gens qui ont commis des d\u00e9lits, des crimes\u2026. Je n\u2019ai pris de d\u00e9cret qui ait envoy\u00e9 quelqu\u2019un en exil. Par contre, ceux qui sont en prison, il peut arriver qu\u2019un acte, qu\u2019un geste soit fait pour gracier des gens, pour amnistier. C\u2019est possible.<\/p>\n<p>Parce que parfois certain d\u00e9lits font l\u2019objet de gr\u00e2ce et d\u2019amnistie. Au B\u00e9nin, il n\u2019y a pas de d\u00e9tenus politiques. Personne n\u2019est d\u00e9tenu au B\u00e9nin pour son opinion politique. Mais les gens sont d\u00e9tenus pour avoir commis des d\u00e9lits, des crimes dans le champ politique. Il se pourrait que dans les temps \u00e0 venir, en mon temps ou apr\u00e8s moi, que des actes de gr\u00e2ce o\u00f9 d\u2019amnistie soient pris \u00e0 l\u2019encontre de ces gens-l\u00e0. Mais sur le principe sur la question, je suis droit dans mes bottes et je voudrais que la dynamique en cour au B\u00e9nin continue \u00bb<\/p>\n<p><strong>Pour plus d&rsquo;informations et d&rsquo;analyses sur la <a href=\"https:\/\/www.africa-press.net\/benin\">Benin<\/a>, suivez <a href=\"https:\/\/www.africa-press.net\/\">Africa-Press<\/a><\/strong><\/p>\n","protected":false},"excerpt":{"rendered":"<p>Africa-Press &#8211; Benin. En marge du t\u00eate-\u00e0-t\u00eate qu\u2019ils ont eu au palais de la pr\u00e9sidence de la R\u00e9publique, le pr\u00e9sident b\u00e9ninois Patrice Talon et son homologue fran\u00e7ais en visite de travail au B\u00e9nin se sont prononc\u00e9s devant les professionnels des m\u00e9dias. La question des exil\u00e9s et d\u00e9tenus politiques n\u2019ont pas \u00e9t\u00e9 occult\u00e9es. \u00ab Il n\u2019 [&hellip;]<\/p>\n","protected":false},"author":82,"featured_media":7290,"comment_status":"open","ping_status":"closed","sticky":false,"template":"","format":"standard","meta":{"footnotes":""},"categories":[11,2,10],"tags":[36,50,45],"class_list":["post-7291","post","type-post","status-publish","format-standard","has-post-thumbnail","hentry","category-homepage-french","category-politique","category-toutes-les-actualites","tag-africa-press","tag-africa-press-benin","tag-benin"],"yoast_head":"<!-- This site is optimized with the Yoast SEO Premium plugin v26.1 (Yoast SEO v27.0) - https:\/\/yoast.com\/product\/yoast-seo-premium-wordpress\/ -->\n<title>\u00ab\u00a0Les lib\u00e9rer ne rel\u00e8ve pas pour moi de l\u2019ouverture\u00a0\u00bb, Talon sur les \u00ab\u00a0prisonniers politiques\u00a0\u00bb - B\u00e9nin<\/title>\n<meta name=\"description\" content=\"En marge du t\u00eate-\u00e0-t\u00eate qu\u2019ils ont eu au palais de la pr\u00e9sidence de la R\u00e9publique, le pr\u00e9sident b\u00e9ninois Patrice Talon e ...\" \/>\n<meta name=\"robots\" content=\"index, follow, max-snippet:-1, max-image-preview:large, max-video-preview:-1\" \/>\n<link rel=\"canonical\" href=\"https:\/\/www.africa-press.net\/benin\/politique\/les-liberer-ne-releve-pas-pour-moi-de-louverture-talon-sur-les-prisonniers-politiques\" \/>\n<meta property=\"og:locale\" content=\"fr_FR\" \/>\n<meta property=\"og:type\" content=\"article\" \/>\n<meta property=\"og:title\" content=\"\u00ab\u00a0Les lib\u00e9rer ne rel\u00e8ve pas pour moi de l\u2019ouverture\u00a0\u00bb, Talon sur les \u00ab\u00a0prisonniers politiques\u00a0\u00bb\" \/>\n<meta property=\"og:description\" content=\"En marge du t\u00eate-\u00e0-t\u00eate qu\u2019ils ont eu au palais de la pr\u00e9sidence de la R\u00e9publique, le pr\u00e9sident b\u00e9ninois Patrice Talon e ...\" \/>\n<meta property=\"og:url\" content=\"https:\/\/www.africa-press.net\/benin\/politique\/les-liberer-ne-releve-pas-pour-moi-de-louverture-talon-sur-les-prisonniers-politiques\" \/>\n<meta property=\"og:site_name\" content=\"B\u00e9nin\" \/>\n<meta property=\"article:published_time\" content=\"2022-07-27T17:06:27+00:00\" \/>\n<meta property=\"article:modified_time\" content=\"2022-07-27T17:19:34+00:00\" \/>\n<meta property=\"og:image\" content=\"https:\/\/static.africa-press.net\/benin\/sites\/46\/2022\/07\/postQueueImg_20-62e17390e17c5.jpg\" \/>\n\t<meta property=\"og:image:width\" content=\"1280\" \/>\n\t<meta property=\"og:image:height\" content=\"775\" \/>\n\t<meta property=\"og:image:type\" content=\"image\/jpeg\" \/>\n<meta name=\"author\" content=\"cfeditorfr\" \/>\n<meta name=\"twitter:card\" content=\"summary_large_image\" \/>\n<meta name=\"twitter:label1\" content=\"\u00c9crit par\" \/>\n\t<meta name=\"twitter:data1\" content=\"cfeditorfr\" \/>\n\t<meta name=\"twitter:label2\" content=\"Dur\u00e9e de lecture estim\u00e9e\" \/>\n\t<meta name=\"twitter:data2\" content=\"6 minutes\" \/>\n<script type=\"application\/ld+json\" class=\"yoast-schema-graph\">{\"@context\":\"https:\/\/schema.org\",\"@graph\":[{\"@type\":\"Article\",\"@id\":\"https:\/\/www.africa-press.net\/benin\/politique\/les-liberer-ne-releve-pas-pour-moi-de-louverture-talon-sur-les-prisonniers-politiques#article\",\"isPartOf\":{\"@id\":\"https:\/\/www.africa-press.net\/benin\/politique\/les-liberer-ne-releve-pas-pour-moi-de-louverture-talon-sur-les-prisonniers-politiques\"},\"author\":{\"name\":\"cfeditorfr\",\"@id\":\"https:\/\/www.africa-press.net\/benin\/#\/schema\/person\/2b1cf3cd81a31e3cd26889ca66d677f1\"},\"headline\":\"\u00ab\u00a0Les lib\u00e9rer ne rel\u00e8ve pas pour moi de l\u2019ouverture\u00a0\u00bb, Talon sur les \u00ab\u00a0prisonniers politiques\u00a0\u00bb\",\"datePublished\":\"2022-07-27T17:06:27+00:00\",\"dateModified\":\"2022-07-27T17:19:34+00:00\",\"mainEntityOfPage\":{\"@id\":\"https:\/\/www.africa-press.net\/benin\/politique\/les-liberer-ne-releve-pas-pour-moi-de-louverture-talon-sur-les-prisonniers-politiques\"},\"wordCount\":1260,\"commentCount\":0,\"image\":{\"@id\":\"https:\/\/www.africa-press.net\/benin\/politique\/les-liberer-ne-releve-pas-pour-moi-de-louverture-talon-sur-les-prisonniers-politiques#primaryimage\"},\"thumbnailUrl\":\"https:\/\/static.africa-press.net\/benin\/sites\/46\/2022\/07\/postQueueImg_20-62e17390e17c5.jpg\",\"keywords\":[\"Africa Press\",\"Africa Press-Benin\",\"B\u00e9nin\"],\"articleSection\":[\"homepage-french\",\"Politique\",\"Toutes les actualit\u00e9s\"],\"inLanguage\":\"fr-FR\",\"potentialAction\":[{\"@type\":\"CommentAction\",\"name\":\"Comment\",\"target\":[\"https:\/\/www.africa-press.net\/benin\/politique\/les-liberer-ne-releve-pas-pour-moi-de-louverture-talon-sur-les-prisonniers-politiques#respond\"]}]},{\"@type\":\"WebPage\",\"@id\":\"https:\/\/www.africa-press.net\/benin\/politique\/les-liberer-ne-releve-pas-pour-moi-de-louverture-talon-sur-les-prisonniers-politiques\",\"url\":\"https:\/\/www.africa-press.net\/benin\/politique\/les-liberer-ne-releve-pas-pour-moi-de-louverture-talon-sur-les-prisonniers-politiques\",\"name\":\"\u00ab\u00a0Les lib\u00e9rer ne rel\u00e8ve pas pour moi de l\u2019ouverture\u00a0\u00bb, Talon sur les \u00ab\u00a0prisonniers politiques\u00a0\u00bb - B\u00e9nin\",\"isPartOf\":{\"@id\":\"https:\/\/www.africa-press.net\/benin\/#website\"},\"primaryImageOfPage\":{\"@id\":\"https:\/\/www.africa-press.net\/benin\/politique\/les-liberer-ne-releve-pas-pour-moi-de-louverture-talon-sur-les-prisonniers-politiques#primaryimage\"},\"image\":{\"@id\":\"https:\/\/www.africa-press.net\/benin\/politique\/les-liberer-ne-releve-pas-pour-moi-de-louverture-talon-sur-les-prisonniers-politiques#primaryimage\"},\"thumbnailUrl\":\"https:\/\/static.africa-press.net\/benin\/sites\/46\/2022\/07\/postQueueImg_20-62e17390e17c5.jpg\",\"datePublished\":\"2022-07-27T17:06:27+00:00\",\"dateModified\":\"2022-07-27T17:19:34+00:00\",\"author\":{\"@id\":\"https:\/\/www.africa-press.net\/benin\/#\/schema\/person\/2b1cf3cd81a31e3cd26889ca66d677f1\"},\"description\":\"En marge du t\u00eate-\u00e0-t\u00eate qu\u2019ils ont eu au palais de la pr\u00e9sidence de la R\u00e9publique, le pr\u00e9sident b\u00e9ninois Patrice Talon e ...\",\"breadcrumb\":{\"@id\":\"https:\/\/www.africa-press.net\/benin\/politique\/les-liberer-ne-releve-pas-pour-moi-de-louverture-talon-sur-les-prisonniers-politiques#breadcrumb\"},\"inLanguage\":\"fr-FR\",\"potentialAction\":[{\"@type\":\"ReadAction\",\"target\":[\"https:\/\/www.africa-press.net\/benin\/politique\/les-liberer-ne-releve-pas-pour-moi-de-louverture-talon-sur-les-prisonniers-politiques\"]}]},{\"@type\":\"ImageObject\",\"inLanguage\":\"fr-FR\",\"@id\":\"https:\/\/www.africa-press.net\/benin\/politique\/les-liberer-ne-releve-pas-pour-moi-de-louverture-talon-sur-les-prisonniers-politiques#primaryimage\",\"url\":\"https:\/\/static.africa-press.net\/benin\/sites\/46\/2022\/07\/postQueueImg_20-62e17390e17c5.jpg\",\"contentUrl\":\"https:\/\/static.africa-press.net\/benin\/sites\/46\/2022\/07\/postQueueImg_20-62e17390e17c5.jpg\",\"width\":1280,\"height\":775,\"caption\":\"\u00ab\u00a0Les lib\u00e9rer ne rel\u00e8ve pas pour moi de l\u2019ouverture\u00a0\u00bb, Talon sur les \u00ab\u00a0prisonniers politiques\u00a0\u00bb\"},{\"@type\":\"BreadcrumbList\",\"@id\":\"https:\/\/www.africa-press.net\/benin\/politique\/les-liberer-ne-releve-pas-pour-moi-de-louverture-talon-sur-les-prisonniers-politiques#breadcrumb\",\"itemListElement\":[{\"@type\":\"ListItem\",\"position\":1,\"name\":\"Accueil\",\"item\":\"https:\/\/www.africa-press.net\/benin\/\"},{\"@type\":\"ListItem\",\"position\":2,\"name\":\"\u00ab\u00a0Les lib\u00e9rer ne rel\u00e8ve pas pour moi de l\u2019ouverture\u00a0\u00bb, Talon sur les \u00ab\u00a0prisonniers politiques\u00a0\u00bb\"}]},{\"@type\":\"WebSite\",\"@id\":\"https:\/\/www.africa-press.net\/benin\/#website\",\"url\":\"https:\/\/www.africa-press.net\/benin\/\",\"name\":\"B\u00e9nin\",\"description\":\"Just another Africa News Agency Sites site\",\"potentialAction\":[{\"@type\":\"SearchAction\",\"target\":{\"@type\":\"EntryPoint\",\"urlTemplate\":\"https:\/\/www.africa-press.net\/benin\/?s={search_term_string}\"},\"query-input\":{\"@type\":\"PropertyValueSpecification\",\"valueRequired\":true,\"valueName\":\"search_term_string\"}}],\"inLanguage\":\"fr-FR\"},{\"@type\":\"Person\",\"@id\":\"https:\/\/www.africa-press.net\/benin\/#\/schema\/person\/2b1cf3cd81a31e3cd26889ca66d677f1\",\"name\":\"cfeditorfr\"}]}<\/script>\n<!-- \/ Yoast SEO Premium plugin. -->","yoast_head_json":{"title":"\u00ab\u00a0Les lib\u00e9rer ne rel\u00e8ve pas pour moi de l\u2019ouverture\u00a0\u00bb, Talon sur les \u00ab\u00a0prisonniers politiques\u00a0\u00bb - B\u00e9nin","description":"En marge du t\u00eate-\u00e0-t\u00eate qu\u2019ils ont eu au palais de la pr\u00e9sidence de la R\u00e9publique, le pr\u00e9sident b\u00e9ninois Patrice Talon e ...","robots":{"index":"index","follow":"follow","max-snippet":"max-snippet:-1","max-image-preview":"max-image-preview:large","max-video-preview":"max-video-preview:-1"},"canonical":"https:\/\/www.africa-press.net\/benin\/politique\/les-liberer-ne-releve-pas-pour-moi-de-louverture-talon-sur-les-prisonniers-politiques","og_locale":"fr_FR","og_type":"article","og_title":"\u00ab\u00a0Les lib\u00e9rer ne rel\u00e8ve pas pour moi de l\u2019ouverture\u00a0\u00bb, Talon sur les \u00ab\u00a0prisonniers politiques\u00a0\u00bb","og_description":"En marge du t\u00eate-\u00e0-t\u00eate qu\u2019ils ont eu au palais de la pr\u00e9sidence de la R\u00e9publique, le pr\u00e9sident b\u00e9ninois Patrice Talon e ...","og_url":"https:\/\/www.africa-press.net\/benin\/politique\/les-liberer-ne-releve-pas-pour-moi-de-louverture-talon-sur-les-prisonniers-politiques","og_site_name":"B\u00e9nin","article_published_time":"2022-07-27T17:06:27+00:00","article_modified_time":"2022-07-27T17:19:34+00:00","og_image":[{"width":1280,"height":775,"url":"https:\/\/static.africa-press.net\/benin\/sites\/46\/2022\/07\/postQueueImg_20-62e17390e17c5.jpg","type":"image\/jpeg"}],"author":"cfeditorfr","twitter_card":"summary_large_image","twitter_misc":{"\u00c9crit par":"cfeditorfr","Dur\u00e9e de lecture estim\u00e9e":"6 minutes"},"schema":{"@context":"https:\/\/schema.org","@graph":[{"@type":"Article","@id":"https:\/\/www.africa-press.net\/benin\/politique\/les-liberer-ne-releve-pas-pour-moi-de-louverture-talon-sur-les-prisonniers-politiques#article","isPartOf":{"@id":"https:\/\/www.africa-press.net\/benin\/politique\/les-liberer-ne-releve-pas-pour-moi-de-louverture-talon-sur-les-prisonniers-politiques"},"author":{"name":"cfeditorfr","@id":"https:\/\/www.africa-press.net\/benin\/#\/schema\/person\/2b1cf3cd81a31e3cd26889ca66d677f1"},"headline":"\u00ab\u00a0Les lib\u00e9rer ne rel\u00e8ve pas pour moi de l\u2019ouverture\u00a0\u00bb, Talon sur les \u00ab\u00a0prisonniers politiques\u00a0\u00bb","datePublished":"2022-07-27T17:06:27+00:00","dateModified":"2022-07-27T17:19:34+00:00","mainEntityOfPage":{"@id":"https:\/\/www.africa-press.net\/benin\/politique\/les-liberer-ne-releve-pas-pour-moi-de-louverture-talon-sur-les-prisonniers-politiques"},"wordCount":1260,"commentCount":0,"image":{"@id":"https:\/\/www.africa-press.net\/benin\/politique\/les-liberer-ne-releve-pas-pour-moi-de-louverture-talon-sur-les-prisonniers-politiques#primaryimage"},"thumbnailUrl":"https:\/\/static.africa-press.net\/benin\/sites\/46\/2022\/07\/postQueueImg_20-62e17390e17c5.jpg","keywords":["Africa Press","Africa Press-Benin","B\u00e9nin"],"articleSection":["homepage-french","Politique","Toutes les actualit\u00e9s"],"inLanguage":"fr-FR","potentialAction":[{"@type":"CommentAction","name":"Comment","target":["https:\/\/www.africa-press.net\/benin\/politique\/les-liberer-ne-releve-pas-pour-moi-de-louverture-talon-sur-les-prisonniers-politiques#respond"]}]},{"@type":"WebPage","@id":"https:\/\/www.africa-press.net\/benin\/politique\/les-liberer-ne-releve-pas-pour-moi-de-louverture-talon-sur-les-prisonniers-politiques","url":"https:\/\/www.africa-press.net\/benin\/politique\/les-liberer-ne-releve-pas-pour-moi-de-louverture-talon-sur-les-prisonniers-politiques","name":"\u00ab\u00a0Les lib\u00e9rer ne rel\u00e8ve pas pour moi de l\u2019ouverture\u00a0\u00bb, Talon sur les \u00ab\u00a0prisonniers politiques\u00a0\u00bb - B\u00e9nin","isPartOf":{"@id":"https:\/\/www.africa-press.net\/benin\/#website"},"primaryImageOfPage":{"@id":"https:\/\/www.africa-press.net\/benin\/politique\/les-liberer-ne-releve-pas-pour-moi-de-louverture-talon-sur-les-prisonniers-politiques#primaryimage"},"image":{"@id":"https:\/\/www.africa-press.net\/benin\/politique\/les-liberer-ne-releve-pas-pour-moi-de-louverture-talon-sur-les-prisonniers-politiques#primaryimage"},"thumbnailUrl":"https:\/\/static.africa-press.net\/benin\/sites\/46\/2022\/07\/postQueueImg_20-62e17390e17c5.jpg","datePublished":"2022-07-27T17:06:27+00:00","dateModified":"2022-07-27T17:19:34+00:00","author":{"@id":"https:\/\/www.africa-press.net\/benin\/#\/schema\/person\/2b1cf3cd81a31e3cd26889ca66d677f1"},"description":"En marge du t\u00eate-\u00e0-t\u00eate qu\u2019ils ont eu au palais de la pr\u00e9sidence de la R\u00e9publique, le pr\u00e9sident b\u00e9ninois Patrice Talon e ...","breadcrumb":{"@id":"https:\/\/www.africa-press.net\/benin\/politique\/les-liberer-ne-releve-pas-pour-moi-de-louverture-talon-sur-les-prisonniers-politiques#breadcrumb"},"inLanguage":"fr-FR","potentialAction":[{"@type":"ReadAction","target":["https:\/\/www.africa-press.net\/benin\/politique\/les-liberer-ne-releve-pas-pour-moi-de-louverture-talon-sur-les-prisonniers-politiques"]}]},{"@type":"ImageObject","inLanguage":"fr-FR","@id":"https:\/\/www.africa-press.net\/benin\/politique\/les-liberer-ne-releve-pas-pour-moi-de-louverture-talon-sur-les-prisonniers-politiques#primaryimage","url":"https:\/\/static.africa-press.net\/benin\/sites\/46\/2022\/07\/postQueueImg_20-62e17390e17c5.jpg","contentUrl":"https:\/\/static.africa-press.net\/benin\/sites\/46\/2022\/07\/postQueueImg_20-62e17390e17c5.jpg","width":1280,"height":775,"caption":"\u00ab\u00a0Les lib\u00e9rer ne rel\u00e8ve pas pour moi de l\u2019ouverture\u00a0\u00bb, Talon sur les \u00ab\u00a0prisonniers politiques\u00a0\u00bb"},{"@type":"BreadcrumbList","@id":"https:\/\/www.africa-press.net\/benin\/politique\/les-liberer-ne-releve-pas-pour-moi-de-louverture-talon-sur-les-prisonniers-politiques#breadcrumb","itemListElement":[{"@type":"ListItem","position":1,"name":"Accueil","item":"https:\/\/www.africa-press.net\/benin\/"},{"@type":"ListItem","position":2,"name":"\u00ab\u00a0Les lib\u00e9rer ne rel\u00e8ve pas pour moi de l\u2019ouverture\u00a0\u00bb, Talon sur les \u00ab\u00a0prisonniers politiques\u00a0\u00bb"}]},{"@type":"WebSite","@id":"https:\/\/www.africa-press.net\/benin\/#website","url":"https:\/\/www.africa-press.net\/benin\/","name":"B\u00e9nin","description":"Just another Africa News Agency Sites site","potentialAction":[{"@type":"SearchAction","target":{"@type":"EntryPoint","urlTemplate":"https:\/\/www.africa-press.net\/benin\/?s={search_term_string}"},"query-input":{"@type":"PropertyValueSpecification","valueRequired":true,"valueName":"search_term_string"}}],"inLanguage":"fr-FR"},{"@type":"Person","@id":"https:\/\/www.africa-press.net\/benin\/#\/schema\/person\/2b1cf3cd81a31e3cd26889ca66d677f1","name":"cfeditorfr"}]}},"_links":{"self":[{"href":"https:\/\/www.africa-press.net\/benin\/wp-json\/wp\/v2\/posts\/7291","targetHints":{"allow":["GET"]}}],"collection":[{"href":"https:\/\/www.africa-press.net\/benin\/wp-json\/wp\/v2\/posts"}],"about":[{"href":"https:\/\/www.africa-press.net\/benin\/wp-json\/wp\/v2\/types\/post"}],"author":[{"embeddable":true,"href":"https:\/\/www.africa-press.net\/benin\/wp-json\/wp\/v2\/users\/82"}],"replies":[{"embeddable":true,"href":"https:\/\/www.africa-press.net\/benin\/wp-json\/wp\/v2\/comments?post=7291"}],"version-history":[{"count":0,"href":"https:\/\/www.africa-press.net\/benin\/wp-json\/wp\/v2\/posts\/7291\/revisions"}],"wp:featuredmedia":[{"embeddable":true,"href":"https:\/\/www.africa-press.net\/benin\/wp-json\/wp\/v2\/media\/7290"}],"wp:attachment":[{"href":"https:\/\/www.africa-press.net\/benin\/wp-json\/wp\/v2\/media?parent=7291"}],"wp:term":[{"taxonomy":"category","embeddable":true,"href":"https:\/\/www.africa-press.net\/benin\/wp-json\/wp\/v2\/categories?post=7291"},{"taxonomy":"post_tag","embeddable":true,"href":"https:\/\/www.africa-press.net\/benin\/wp-json\/wp\/v2\/tags?post=7291"}],"curies":[{"name":"wp","href":"https:\/\/api.w.org\/{rel}","templated":true}]}}