{"id":7294,"date":"2022-07-27T17:06:36","date_gmt":"2022-07-27T17:06:36","guid":{"rendered":"https:\/\/www.africa-press.net\/benin\/politique\/benin-emmanuel-macron-demande-les-oeuvres-dart-contemporain-exposees-a-la-presidence"},"modified":"2022-07-27T17:20:02","modified_gmt":"2022-07-27T17:20:02","slug":"benin-emmanuel-macron-demande-les-oeuvres-dart-contemporain-exposees-a-la-presidence","status":"publish","type":"post","link":"https:\/\/www.africa-press.net\/benin\/politique\/benin-emmanuel-macron-demande-les-oeuvres-dart-contemporain-exposees-a-la-presidence","title":{"rendered":"B\u00e9nin: Emmanuel Macron demande les \u0153uvres d\u2019art contemporain, expos\u00e9es \u00e0 la Pr\u00e9sidence"},"content":{"rendered":"<p><span style=\"color: #ff6600\"><strong>Africa-Press &#8211; Benin. <\/strong><\/span>En visite officielle au B\u00e9nin, Emmanuel Macron a visit\u00e9 l\u2019exposition \u00ab Art du B\u00e9nin, d\u2019hier et d\u2019aujourd\u2019hui, de la restitution \u00e0 la r\u00e9v\u00e9lation \u00bb. Lors d\u2019une conf\u00e9rence de presse conjointe entre les deux chefs d\u2019\u00c9tat, le pr\u00e9sident fran\u00e7ais a exprim\u00e9 son v\u0153u pour que les \u0153uvres d\u2019art contemporain, expos\u00e9es \u00e0 la Pr\u00e9sidence, soient \u00e9galement expos\u00e9s en France.<\/p>\n<p>Emmanuel Macron est en visite officielle au B\u00e9nin, mercredi, pour des discussions avec le pr\u00e9sident Patrice Talon, sur la lutte contre le terrorisme, la restitution d\u2019\u0153uvres d\u2019art ainsi que les partenariats \u00e9conomiques. Apr\u00e8s avoir visit\u00e9 l\u2019exposition \u00ab Art du B\u00e9nin, d\u2019hier et d\u2019aujourd\u2019hui, de la restitution \u00e0 la r\u00e9v\u00e9lation \u00bb, Emmanuel Macron a exprim\u00e9 sa joie.<\/p>\n<p>\u00ab Nous sommes fiers de nous engager avec le B\u00e9nin \u00bb<\/p>\n<p>\u00ab Je suis \u00e9mu \u00e0 vos c\u00f4t\u00e9s de pouvoir admirer dans leur pays les 26 \u0153uvres des tr\u00e9sors royaux d\u2019Abomey que La France vous a restitu\u00e9, il y a quelques mois. Depuis, ce sont plus de 200.000 personnes qui sont venues les admirer, les retrouver dans des sc\u00e8nes \u00e9mouvantes de fiert\u00e9, de gravit\u00e9, d\u2019effervescence, de dignit\u00e9 \u00bb, a d\u00e9clar\u00e9 Emmanuel Macron lors de la conf\u00e9rence de presse conjointe entre les deux chefs d\u2019\u00c9tat. Et de continuer, \u00ab Face \u00e0 un tel engouement, vous avez fait le choix de prolonger cette exposition. Ce qui en dit beaucoup sur la longue attente qui avait pr\u00e9c\u00e9d\u00e9 leur retour. \u00bb<\/p>\n<p>\u00ab Gr\u00e2ce \u00e0 l\u2019exposition d\u2019artistes contemporains b\u00e9ninois, je suis extr\u00eamement heureux d\u2019avoir pu vivre \u00e0 vos c\u00f4t\u00e9s cette forme de g\u00e9n\u00e9alogie de la cr\u00e9ation b\u00e9ninoise. Nous sommes fiers de nous engager avec le B\u00e9nin dans un partenariat culturel d\u2019exception, au coeur de cette r\u00e9gion de Lagos \u00e0 Abidjan, qui a tout pour devenir un des c\u0153urs vibrants de la culture du continent africain et du monde. \u00bb a t-il d\u00e9clar\u00e9.<\/p>\n<p>\u00ab accueillir \u00e0 Paris l\u2019exposition\u00ab<\/p>\n<p>Poursuivant dans ce sens, celui qui est devenu \u00e0 39 ans le plus jeune pr\u00e9sident fran\u00e7ais a exprim\u00e9 son v\u0153u de voir, sur les terres fran\u00e7aises, les \u0153uvres d\u2019art contemporain. \u00ab Je serai extr\u00eamement fier, Mr le Pr\u00e9sident, si cela est possible et on arrive \u00e0 l\u2019am\u00e9nager, s\u2019il n\u2019y a pas de r\u00e9serve de votre c\u00f4t\u00e9, de pouvoir accueillir \u00e0 Paris l\u2019exposition que nous venons de voir \u00e0 Cotonou des artistes contemporains. Ce serait une bonne mani\u00e8re de poursuivre le chemin et de montrer ce dialogue, cet \u00e9change qui se poursuit \u00bb.<\/p>\n<p><strong>Pour plus d&rsquo;informations et d&rsquo;analyses sur la <a href=\"https:\/\/www.africa-press.net\/benin\">Benin<\/a>, suivez <a href=\"https:\/\/www.africa-press.net\/\">Africa-Press<\/a><\/strong><\/p>\n","protected":false},"excerpt":{"rendered":"<p>Africa-Press &#8211; Benin. En visite officielle au B\u00e9nin, Emmanuel Macron a visit\u00e9 l\u2019exposition \u00ab Art du B\u00e9nin, d\u2019hier et d\u2019aujourd\u2019hui, de la restitution \u00e0 la r\u00e9v\u00e9lation \u00bb. Lors d\u2019une conf\u00e9rence de presse conjointe entre les deux chefs d\u2019\u00c9tat, le pr\u00e9sident fran\u00e7ais a exprim\u00e9 son v\u0153u pour que les \u0153uvres d\u2019art contemporain, expos\u00e9es \u00e0 la Pr\u00e9sidence, [&hellip;]<\/p>\n","protected":false},"author":82,"featured_media":7293,"comment_status":"open","ping_status":"closed","sticky":false,"template":"","format":"standard","meta":{"footnotes":""},"categories":[11,2,10],"tags":[36,50,45],"class_list":["post-7294","post","type-post","status-publish","format-standard","has-post-thumbnail","hentry","category-homepage-french","category-politique","category-toutes-les-actualites","tag-africa-press","tag-africa-press-benin","tag-benin"],"yoast_head":"<!-- This site is optimized with the Yoast SEO Premium plugin v26.1 (Yoast SEO v27.0) - https:\/\/yoast.com\/product\/yoast-seo-premium-wordpress\/ -->\n<title>B\u00e9nin: Emmanuel Macron demande les \u0153uvres d\u2019art contemporain, expos\u00e9es \u00e0 la Pr\u00e9sidence - B\u00e9nin<\/title>\n<meta name=\"description\" content=\"En visite officielle au B\u00e9nin, Emmanuel Macron a visit\u00e9 l\u2019exposition \u00ab Art du B\u00e9nin, d\u2019hier et d\u2019aujourd\u2019hui, de la rest ...\" \/>\n<meta name=\"robots\" content=\"index, follow, max-snippet:-1, max-image-preview:large, max-video-preview:-1\" \/>\n<link rel=\"canonical\" href=\"https:\/\/www.africa-press.net\/benin\/politique\/benin-emmanuel-macron-demande-les-oeuvres-dart-contemporain-exposees-a-la-presidence\" \/>\n<meta property=\"og:locale\" content=\"fr_FR\" \/>\n<meta property=\"og:type\" content=\"article\" \/>\n<meta property=\"og:title\" content=\"B\u00e9nin: Emmanuel Macron demande les \u0153uvres d\u2019art contemporain, expos\u00e9es \u00e0 la Pr\u00e9sidence\" \/>\n<meta property=\"og:description\" content=\"En visite officielle au B\u00e9nin, Emmanuel Macron a visit\u00e9 l\u2019exposition \u00ab Art du B\u00e9nin, d\u2019hier et d\u2019aujourd\u2019hui, de la rest ...\" \/>\n<meta property=\"og:url\" content=\"https:\/\/www.africa-press.net\/benin\/politique\/benin-emmanuel-macron-demande-les-oeuvres-dart-contemporain-exposees-a-la-presidence\" \/>\n<meta property=\"og:site_name\" content=\"B\u00e9nin\" \/>\n<meta property=\"article:published_time\" content=\"2022-07-27T17:06:36+00:00\" \/>\n<meta property=\"article:modified_time\" content=\"2022-07-27T17:20:02+00:00\" \/>\n<meta property=\"og:image\" content=\"https:\/\/static.africa-press.net\/benin\/sites\/46\/2022\/07\/postQueueImg_21-62e173ad14696.jpg\" \/>\n\t<meta property=\"og:image:width\" content=\"770\" \/>\n\t<meta property=\"og:image:height\" content=\"513\" \/>\n\t<meta property=\"og:image:type\" content=\"image\/jpeg\" \/>\n<meta name=\"author\" content=\"cfeditorfr\" \/>\n<meta name=\"twitter:card\" content=\"summary_large_image\" \/>\n<meta name=\"twitter:label1\" content=\"\u00c9crit par\" \/>\n\t<meta name=\"twitter:data1\" content=\"cfeditorfr\" \/>\n\t<meta name=\"twitter:label2\" content=\"Dur\u00e9e de lecture estim\u00e9e\" \/>\n\t<meta name=\"twitter:data2\" content=\"3 minutes\" \/>\n<script type=\"application\/ld+json\" class=\"yoast-schema-graph\">{\"@context\":\"https:\/\/schema.org\",\"@graph\":[{\"@type\":\"Article\",\"@id\":\"https:\/\/www.africa-press.net\/benin\/politique\/benin-emmanuel-macron-demande-les-oeuvres-dart-contemporain-exposees-a-la-presidence#article\",\"isPartOf\":{\"@id\":\"https:\/\/www.africa-press.net\/benin\/politique\/benin-emmanuel-macron-demande-les-oeuvres-dart-contemporain-exposees-a-la-presidence\"},\"author\":{\"name\":\"cfeditorfr\",\"@id\":\"https:\/\/www.africa-press.net\/benin\/#\/schema\/person\/2b1cf3cd81a31e3cd26889ca66d677f1\"},\"headline\":\"B\u00e9nin: Emmanuel Macron demande les \u0153uvres d\u2019art contemporain, expos\u00e9es \u00e0 la Pr\u00e9sidence\",\"datePublished\":\"2022-07-27T17:06:36+00:00\",\"dateModified\":\"2022-07-27T17:20:02+00:00\",\"mainEntityOfPage\":{\"@id\":\"https:\/\/www.africa-press.net\/benin\/politique\/benin-emmanuel-macron-demande-les-oeuvres-dart-contemporain-exposees-a-la-presidence\"},\"wordCount\":471,\"commentCount\":0,\"image\":{\"@id\":\"https:\/\/www.africa-press.net\/benin\/politique\/benin-emmanuel-macron-demande-les-oeuvres-dart-contemporain-exposees-a-la-presidence#primaryimage\"},\"thumbnailUrl\":\"https:\/\/static.africa-press.net\/benin\/sites\/46\/2022\/07\/postQueueImg_21-62e173ad14696.jpg\",\"keywords\":[\"Africa Press\",\"Africa Press-Benin\",\"B\u00e9nin\"],\"articleSection\":[\"homepage-french\",\"Politique\",\"Toutes les actualit\u00e9s\"],\"inLanguage\":\"fr-FR\",\"potentialAction\":[{\"@type\":\"CommentAction\",\"name\":\"Comment\",\"target\":[\"https:\/\/www.africa-press.net\/benin\/politique\/benin-emmanuel-macron-demande-les-oeuvres-dart-contemporain-exposees-a-la-presidence#respond\"]}]},{\"@type\":\"WebPage\",\"@id\":\"https:\/\/www.africa-press.net\/benin\/politique\/benin-emmanuel-macron-demande-les-oeuvres-dart-contemporain-exposees-a-la-presidence\",\"url\":\"https:\/\/www.africa-press.net\/benin\/politique\/benin-emmanuel-macron-demande-les-oeuvres-dart-contemporain-exposees-a-la-presidence\",\"name\":\"B\u00e9nin: Emmanuel Macron demande les \u0153uvres d\u2019art contemporain, expos\u00e9es \u00e0 la Pr\u00e9sidence - B\u00e9nin\",\"isPartOf\":{\"@id\":\"https:\/\/www.africa-press.net\/benin\/#website\"},\"primaryImageOfPage\":{\"@id\":\"https:\/\/www.africa-press.net\/benin\/politique\/benin-emmanuel-macron-demande-les-oeuvres-dart-contemporain-exposees-a-la-presidence#primaryimage\"},\"image\":{\"@id\":\"https:\/\/www.africa-press.net\/benin\/politique\/benin-emmanuel-macron-demande-les-oeuvres-dart-contemporain-exposees-a-la-presidence#primaryimage\"},\"thumbnailUrl\":\"https:\/\/static.africa-press.net\/benin\/sites\/46\/2022\/07\/postQueueImg_21-62e173ad14696.jpg\",\"datePublished\":\"2022-07-27T17:06:36+00:00\",\"dateModified\":\"2022-07-27T17:20:02+00:00\",\"author\":{\"@id\":\"https:\/\/www.africa-press.net\/benin\/#\/schema\/person\/2b1cf3cd81a31e3cd26889ca66d677f1\"},\"description\":\"En visite officielle au B\u00e9nin, Emmanuel Macron a visit\u00e9 l\u2019exposition \u00ab Art du B\u00e9nin, d\u2019hier et d\u2019aujourd\u2019hui, de la rest ...\",\"breadcrumb\":{\"@id\":\"https:\/\/www.africa-press.net\/benin\/politique\/benin-emmanuel-macron-demande-les-oeuvres-dart-contemporain-exposees-a-la-presidence#breadcrumb\"},\"inLanguage\":\"fr-FR\",\"potentialAction\":[{\"@type\":\"ReadAction\",\"target\":[\"https:\/\/www.africa-press.net\/benin\/politique\/benin-emmanuel-macron-demande-les-oeuvres-dart-contemporain-exposees-a-la-presidence\"]}]},{\"@type\":\"ImageObject\",\"inLanguage\":\"fr-FR\",\"@id\":\"https:\/\/www.africa-press.net\/benin\/politique\/benin-emmanuel-macron-demande-les-oeuvres-dart-contemporain-exposees-a-la-presidence#primaryimage\",\"url\":\"https:\/\/static.africa-press.net\/benin\/sites\/46\/2022\/07\/postQueueImg_21-62e173ad14696.jpg\",\"contentUrl\":\"https:\/\/static.africa-press.net\/benin\/sites\/46\/2022\/07\/postQueueImg_21-62e173ad14696.jpg\",\"width\":770,\"height\":513,\"caption\":\"B\u00e9nin: Emmanuel Macron demande les \u0153uvres d\u2019art contemporain, expos\u00e9es \u00e0 la Pr\u00e9sidence\"},{\"@type\":\"BreadcrumbList\",\"@id\":\"https:\/\/www.africa-press.net\/benin\/politique\/benin-emmanuel-macron-demande-les-oeuvres-dart-contemporain-exposees-a-la-presidence#breadcrumb\",\"itemListElement\":[{\"@type\":\"ListItem\",\"position\":1,\"name\":\"Accueil\",\"item\":\"https:\/\/www.africa-press.net\/benin\/\"},{\"@type\":\"ListItem\",\"position\":2,\"name\":\"B\u00e9nin: Emmanuel Macron demande les \u0153uvres d\u2019art contemporain, expos\u00e9es \u00e0 la Pr\u00e9sidence\"}]},{\"@type\":\"WebSite\",\"@id\":\"https:\/\/www.africa-press.net\/benin\/#website\",\"url\":\"https:\/\/www.africa-press.net\/benin\/\",\"name\":\"B\u00e9nin\",\"description\":\"Just another Africa News Agency Sites site\",\"potentialAction\":[{\"@type\":\"SearchAction\",\"target\":{\"@type\":\"EntryPoint\",\"urlTemplate\":\"https:\/\/www.africa-press.net\/benin\/?s={search_term_string}\"},\"query-input\":{\"@type\":\"PropertyValueSpecification\",\"valueRequired\":true,\"valueName\":\"search_term_string\"}}],\"inLanguage\":\"fr-FR\"},{\"@type\":\"Person\",\"@id\":\"https:\/\/www.africa-press.net\/benin\/#\/schema\/person\/2b1cf3cd81a31e3cd26889ca66d677f1\",\"name\":\"cfeditorfr\"}]}<\/script>\n<!-- \/ Yoast SEO Premium plugin. -->","yoast_head_json":{"title":"B\u00e9nin: Emmanuel Macron demande les \u0153uvres d\u2019art contemporain, expos\u00e9es \u00e0 la Pr\u00e9sidence - B\u00e9nin","description":"En visite officielle au B\u00e9nin, Emmanuel Macron a visit\u00e9 l\u2019exposition \u00ab Art du B\u00e9nin, d\u2019hier et d\u2019aujourd\u2019hui, de la rest ...","robots":{"index":"index","follow":"follow","max-snippet":"max-snippet:-1","max-image-preview":"max-image-preview:large","max-video-preview":"max-video-preview:-1"},"canonical":"https:\/\/www.africa-press.net\/benin\/politique\/benin-emmanuel-macron-demande-les-oeuvres-dart-contemporain-exposees-a-la-presidence","og_locale":"fr_FR","og_type":"article","og_title":"B\u00e9nin: Emmanuel Macron demande les \u0153uvres d\u2019art contemporain, expos\u00e9es \u00e0 la Pr\u00e9sidence","og_description":"En visite officielle au B\u00e9nin, Emmanuel Macron a visit\u00e9 l\u2019exposition \u00ab Art du B\u00e9nin, d\u2019hier et d\u2019aujourd\u2019hui, de la rest ...","og_url":"https:\/\/www.africa-press.net\/benin\/politique\/benin-emmanuel-macron-demande-les-oeuvres-dart-contemporain-exposees-a-la-presidence","og_site_name":"B\u00e9nin","article_published_time":"2022-07-27T17:06:36+00:00","article_modified_time":"2022-07-27T17:20:02+00:00","og_image":[{"width":770,"height":513,"url":"https:\/\/static.africa-press.net\/benin\/sites\/46\/2022\/07\/postQueueImg_21-62e173ad14696.jpg","type":"image\/jpeg"}],"author":"cfeditorfr","twitter_card":"summary_large_image","twitter_misc":{"\u00c9crit par":"cfeditorfr","Dur\u00e9e de lecture estim\u00e9e":"3 minutes"},"schema":{"@context":"https:\/\/schema.org","@graph":[{"@type":"Article","@id":"https:\/\/www.africa-press.net\/benin\/politique\/benin-emmanuel-macron-demande-les-oeuvres-dart-contemporain-exposees-a-la-presidence#article","isPartOf":{"@id":"https:\/\/www.africa-press.net\/benin\/politique\/benin-emmanuel-macron-demande-les-oeuvres-dart-contemporain-exposees-a-la-presidence"},"author":{"name":"cfeditorfr","@id":"https:\/\/www.africa-press.net\/benin\/#\/schema\/person\/2b1cf3cd81a31e3cd26889ca66d677f1"},"headline":"B\u00e9nin: Emmanuel Macron demande les \u0153uvres d\u2019art contemporain, expos\u00e9es \u00e0 la Pr\u00e9sidence","datePublished":"2022-07-27T17:06:36+00:00","dateModified":"2022-07-27T17:20:02+00:00","mainEntityOfPage":{"@id":"https:\/\/www.africa-press.net\/benin\/politique\/benin-emmanuel-macron-demande-les-oeuvres-dart-contemporain-exposees-a-la-presidence"},"wordCount":471,"commentCount":0,"image":{"@id":"https:\/\/www.africa-press.net\/benin\/politique\/benin-emmanuel-macron-demande-les-oeuvres-dart-contemporain-exposees-a-la-presidence#primaryimage"},"thumbnailUrl":"https:\/\/static.africa-press.net\/benin\/sites\/46\/2022\/07\/postQueueImg_21-62e173ad14696.jpg","keywords":["Africa Press","Africa Press-Benin","B\u00e9nin"],"articleSection":["homepage-french","Politique","Toutes les actualit\u00e9s"],"inLanguage":"fr-FR","potentialAction":[{"@type":"CommentAction","name":"Comment","target":["https:\/\/www.africa-press.net\/benin\/politique\/benin-emmanuel-macron-demande-les-oeuvres-dart-contemporain-exposees-a-la-presidence#respond"]}]},{"@type":"WebPage","@id":"https:\/\/www.africa-press.net\/benin\/politique\/benin-emmanuel-macron-demande-les-oeuvres-dart-contemporain-exposees-a-la-presidence","url":"https:\/\/www.africa-press.net\/benin\/politique\/benin-emmanuel-macron-demande-les-oeuvres-dart-contemporain-exposees-a-la-presidence","name":"B\u00e9nin: Emmanuel Macron demande les \u0153uvres d\u2019art contemporain, expos\u00e9es \u00e0 la Pr\u00e9sidence - B\u00e9nin","isPartOf":{"@id":"https:\/\/www.africa-press.net\/benin\/#website"},"primaryImageOfPage":{"@id":"https:\/\/www.africa-press.net\/benin\/politique\/benin-emmanuel-macron-demande-les-oeuvres-dart-contemporain-exposees-a-la-presidence#primaryimage"},"image":{"@id":"https:\/\/www.africa-press.net\/benin\/politique\/benin-emmanuel-macron-demande-les-oeuvres-dart-contemporain-exposees-a-la-presidence#primaryimage"},"thumbnailUrl":"https:\/\/static.africa-press.net\/benin\/sites\/46\/2022\/07\/postQueueImg_21-62e173ad14696.jpg","datePublished":"2022-07-27T17:06:36+00:00","dateModified":"2022-07-27T17:20:02+00:00","author":{"@id":"https:\/\/www.africa-press.net\/benin\/#\/schema\/person\/2b1cf3cd81a31e3cd26889ca66d677f1"},"description":"En visite officielle au B\u00e9nin, Emmanuel Macron a visit\u00e9 l\u2019exposition \u00ab Art du B\u00e9nin, d\u2019hier et d\u2019aujourd\u2019hui, de la rest ...","breadcrumb":{"@id":"https:\/\/www.africa-press.net\/benin\/politique\/benin-emmanuel-macron-demande-les-oeuvres-dart-contemporain-exposees-a-la-presidence#breadcrumb"},"inLanguage":"fr-FR","potentialAction":[{"@type":"ReadAction","target":["https:\/\/www.africa-press.net\/benin\/politique\/benin-emmanuel-macron-demande-les-oeuvres-dart-contemporain-exposees-a-la-presidence"]}]},{"@type":"ImageObject","inLanguage":"fr-FR","@id":"https:\/\/www.africa-press.net\/benin\/politique\/benin-emmanuel-macron-demande-les-oeuvres-dart-contemporain-exposees-a-la-presidence#primaryimage","url":"https:\/\/static.africa-press.net\/benin\/sites\/46\/2022\/07\/postQueueImg_21-62e173ad14696.jpg","contentUrl":"https:\/\/static.africa-press.net\/benin\/sites\/46\/2022\/07\/postQueueImg_21-62e173ad14696.jpg","width":770,"height":513,"caption":"B\u00e9nin: Emmanuel Macron demande les \u0153uvres d\u2019art contemporain, expos\u00e9es \u00e0 la Pr\u00e9sidence"},{"@type":"BreadcrumbList","@id":"https:\/\/www.africa-press.net\/benin\/politique\/benin-emmanuel-macron-demande-les-oeuvres-dart-contemporain-exposees-a-la-presidence#breadcrumb","itemListElement":[{"@type":"ListItem","position":1,"name":"Accueil","item":"https:\/\/www.africa-press.net\/benin\/"},{"@type":"ListItem","position":2,"name":"B\u00e9nin: Emmanuel Macron demande les \u0153uvres d\u2019art contemporain, expos\u00e9es \u00e0 la Pr\u00e9sidence"}]},{"@type":"WebSite","@id":"https:\/\/www.africa-press.net\/benin\/#website","url":"https:\/\/www.africa-press.net\/benin\/","name":"B\u00e9nin","description":"Just another Africa News Agency Sites site","potentialAction":[{"@type":"SearchAction","target":{"@type":"EntryPoint","urlTemplate":"https:\/\/www.africa-press.net\/benin\/?s={search_term_string}"},"query-input":{"@type":"PropertyValueSpecification","valueRequired":true,"valueName":"search_term_string"}}],"inLanguage":"fr-FR"},{"@type":"Person","@id":"https:\/\/www.africa-press.net\/benin\/#\/schema\/person\/2b1cf3cd81a31e3cd26889ca66d677f1","name":"cfeditorfr"}]}},"_links":{"self":[{"href":"https:\/\/www.africa-press.net\/benin\/wp-json\/wp\/v2\/posts\/7294","targetHints":{"allow":["GET"]}}],"collection":[{"href":"https:\/\/www.africa-press.net\/benin\/wp-json\/wp\/v2\/posts"}],"about":[{"href":"https:\/\/www.africa-press.net\/benin\/wp-json\/wp\/v2\/types\/post"}],"author":[{"embeddable":true,"href":"https:\/\/www.africa-press.net\/benin\/wp-json\/wp\/v2\/users\/82"}],"replies":[{"embeddable":true,"href":"https:\/\/www.africa-press.net\/benin\/wp-json\/wp\/v2\/comments?post=7294"}],"version-history":[{"count":0,"href":"https:\/\/www.africa-press.net\/benin\/wp-json\/wp\/v2\/posts\/7294\/revisions"}],"wp:featuredmedia":[{"embeddable":true,"href":"https:\/\/www.africa-press.net\/benin\/wp-json\/wp\/v2\/media\/7293"}],"wp:attachment":[{"href":"https:\/\/www.africa-press.net\/benin\/wp-json\/wp\/v2\/media?parent=7294"}],"wp:term":[{"taxonomy":"category","embeddable":true,"href":"https:\/\/www.africa-press.net\/benin\/wp-json\/wp\/v2\/categories?post=7294"},{"taxonomy":"post_tag","embeddable":true,"href":"https:\/\/www.africa-press.net\/benin\/wp-json\/wp\/v2\/tags?post=7294"}],"curies":[{"name":"wp","href":"https:\/\/api.w.org\/{rel}","templated":true}]}}