{"id":7297,"date":"2022-07-27T17:07:42","date_gmt":"2022-07-27T17:07:42","guid":{"rendered":"https:\/\/www.africa-press.net\/benin\/politique\/macron-a-cotonou-le-grain-de-pili-pili-de-lopposition-francaise"},"modified":"2022-07-27T17:20:33","modified_gmt":"2022-07-27T17:20:33","slug":"macron-a-cotonou-le-grain-de-pili-pili-de-lopposition-francaise","status":"publish","type":"post","link":"https:\/\/www.africa-press.net\/benin\/politique\/macron-a-cotonou-le-grain-de-pili-pili-de-lopposition-francaise","title":{"rendered":"Macron \u00e0 Cotonou : le grain de pili-pili de l\u2019opposition fran\u00e7aise"},"content":{"rendered":"<p><span style=\"color: #ff6600\"><strong>Africa-Press &#8211; Benin. <\/strong><\/span>Un pr\u00e9sident voyageur doit surveiller ses arri\u00e8res tout autant que ses \u00ab avants \u00bb. Si c\u2019est \u00e0 son point de destination camerounaise qu\u2019Emmanuel Macron recevait, en d\u00e9but de semaine, un topo de d\u00e9fenseurs des droits humains sur l\u2019emprisonnement de \u00ab leaders s\u00e9paratistes et opposants \u00bb, c\u2019est de la France qu\u2019il recevait un courrier, au moment o\u00f9 il posait les pieds au B\u00e9nin, ce mercredi 27 juillet.<\/p>\n<p>\u00ab Nous souhaitons attirer votre attention sur la situation politique dans ce pays \u00bb o\u00f9 \u00ab la situation des opposants politiques au r\u00e9gime \u00bb est \u00ab de plus en plus alarmante \u00bb, avec des \u00ab parodies de proc\u00e8s \u00bb, notamment ceux de l\u2019ancienne garde des Sceaux Reckya Madougou et du constitutionnaliste Jo\u00ebl A\u00efvo : dat\u00e9e du 26 juillet, la lettre qui d\u00e9nonce des \u00ab d\u00e9rives autoritaires \u00bb du r\u00e9gime de Patrice Talon est sign\u00e9e par pr\u00e8s de 80 d\u00e9put\u00e9s fran\u00e7ais. Ces \u00e9lus craignent que le faste du d\u00e9placement pr\u00e9sidentiel serve de caution \u00e0 un pays dont la r\u00e9putation de Quartier latin de l\u2019Afrique semble un peu ternie par les r\u00e9centes d\u00e9convenues de l\u2019opposition. Et ceci m\u00eame si un air de d\u00e9crispation semble souffler, ces derni\u00e8res semaines, sur l\u2019ex-Dahomey.<\/p>\n<p>Fronde domestique ?<\/p>\n<p>Certainement blas\u00e9, le chef de l\u2019\u00c9tat fran\u00e7ais sait que les missives \u00e9crites sous les lambris de son Assembl\u00e9e nationale ont une vocation\u2026 nationale. Nombre des signataires de la lettre sont membres de la \u00ab Nupes \u00bb, cette coalition de gauche que mena Jean-Luc M\u00e9lenchon et qui entend animer la nouvelle l\u00e9gislature : l\u2019initiateur \u00e9cologiste Hubert Julien-Laferri\u00e8re, membre de la commission des Affaires \u00e9trang\u00e8res, les \u00e9cologistes tr\u00e8s en vue Julien Bayou et Sandrine Rousseau, les communistes Fabien Roussel et Andr\u00e9 Chassaigne, les socialistes Olivier Faure et J\u00e9r\u00f4me Guedj ou encore l\u2019insoumise Cl\u00e9mentine Autain. \u00c0 l\u2019heure o\u00f9 le bloc l\u00e9gislatif macronien s\u2019est r\u00e9duit comme peau de chagrin \u2013 pass\u00e9 de majorit\u00e9 absolue \u00e0 majorit\u00e9 relative \u2013, il est plus inqui\u00e9tant que certains signataires de la lettre appartiennent \u00e0 une formation politique qui \u00e9volue toujours dans le giron de ladite majorit\u00e9 : le parti \u00ab En commun ! \u00bb de l\u2019ancienne ministre de Macron Barbara Pompili.<\/p>\n<p>\u00c0 propos du B\u00e9nin, le secr\u00e9taire d\u2019\u00c9tat fran\u00e7ais aupr\u00e8s de la ministre de l\u2019Europe et des Affaires \u00e9trang\u00e8res s\u2019est content\u00e9 de rappeler les sujets du d\u00e9placement \u00e9lys\u00e9en : la lutte antiterroriste, la s\u00e9curit\u00e9 alimentaire et la coop\u00e9ration artistique et culturelle. Plus globalement, sur la nouvelle strat\u00e9gie d\u2019Emmanuel Macron en Afrique \u2013 le traitement du nouvel \u00ab illib\u00e9ralisme \u00bb politique africain par des \u00e9changes directs avec ses homologues \u2013, l\u2019\u00c9lys\u00e9e a d\u00e9j\u00e0 balay\u00e9 du revers de la main toute \u00ab injonction m\u00e9diatique \u00bb. M\u00eame publi\u00e9e dans la presse, une lettre d\u2019\u00e9lus est un peu plus que \u00ab m\u00e9diatique \u00bb.<\/p>\n<p><strong>Pour plus d&rsquo;informations et d&rsquo;analyses sur la <a href=\"https:\/\/www.africa-press.net\/benin\">Benin<\/a>, suivez <a href=\"https:\/\/www.africa-press.net\/\">Africa-Press<\/a><\/strong><\/p>\n","protected":false},"excerpt":{"rendered":"<p>Africa-Press &#8211; Benin. Un pr\u00e9sident voyageur doit surveiller ses arri\u00e8res tout autant que ses \u00ab avants \u00bb. Si c\u2019est \u00e0 son point de destination camerounaise qu\u2019Emmanuel Macron recevait, en d\u00e9but de semaine, un topo de d\u00e9fenseurs des droits humains sur l\u2019emprisonnement de \u00ab leaders s\u00e9paratistes et opposants \u00bb, c\u2019est de la France qu\u2019il recevait un [&hellip;]<\/p>\n","protected":false},"author":82,"featured_media":7296,"comment_status":"open","ping_status":"closed","sticky":false,"template":"","format":"standard","meta":{"footnotes":""},"categories":[7,11,2,10],"tags":[36,50,45],"class_list":["post-7297","post","type-post","status-publish","format-standard","has-post-thumbnail","hentry","category-dossiers","category-homepage-french","category-politique","category-toutes-les-actualites","tag-africa-press","tag-africa-press-benin","tag-benin"],"yoast_head":"<!-- This site is optimized with the Yoast SEO Premium plugin v26.1 (Yoast SEO v27.0) - https:\/\/yoast.com\/product\/yoast-seo-premium-wordpress\/ -->\n<title>Macron \u00e0 Cotonou : le grain de pili-pili de l\u2019opposition fran\u00e7aise - B\u00e9nin<\/title>\n<meta name=\"description\" content=\"Un pr\u00e9sident voyageur doit surveiller ses arri\u00e8res tout autant que ses \u00ab avants \u00bb. Si c\u2019est \u00e0 son point de destination c ...\" \/>\n<meta name=\"robots\" content=\"index, follow, max-snippet:-1, max-image-preview:large, max-video-preview:-1\" \/>\n<link rel=\"canonical\" href=\"https:\/\/www.africa-press.net\/benin\/politique\/macron-a-cotonou-le-grain-de-pili-pili-de-lopposition-francaise\" \/>\n<meta property=\"og:locale\" content=\"fr_FR\" \/>\n<meta property=\"og:type\" content=\"article\" \/>\n<meta property=\"og:title\" content=\"Macron \u00e0 Cotonou : le grain de pili-pili de l\u2019opposition fran\u00e7aise\" \/>\n<meta property=\"og:description\" content=\"Un pr\u00e9sident voyageur doit surveiller ses arri\u00e8res tout autant que ses \u00ab avants \u00bb. Si c\u2019est \u00e0 son point de destination c ...\" \/>\n<meta property=\"og:url\" content=\"https:\/\/www.africa-press.net\/benin\/politique\/macron-a-cotonou-le-grain-de-pili-pili-de-lopposition-francaise\" \/>\n<meta property=\"og:site_name\" content=\"B\u00e9nin\" \/>\n<meta property=\"article:published_time\" content=\"2022-07-27T17:07:42+00:00\" \/>\n<meta property=\"article:modified_time\" content=\"2022-07-27T17:20:33+00:00\" \/>\n<meta property=\"og:image\" content=\"https:\/\/static.africa-press.net\/benin\/sites\/46\/2022\/07\/postQueueImg_22-62e173c972d05.jpg\" \/>\n\t<meta property=\"og:image:width\" content=\"1256\" \/>\n\t<meta property=\"og:image:height\" content=\"628\" \/>\n\t<meta property=\"og:image:type\" content=\"image\/jpeg\" \/>\n<meta name=\"author\" content=\"cfeditorfr\" \/>\n<meta name=\"twitter:card\" content=\"summary_large_image\" \/>\n<meta name=\"twitter:label1\" content=\"\u00c9crit par\" \/>\n\t<meta name=\"twitter:data1\" content=\"cfeditorfr\" \/>\n\t<meta name=\"twitter:label2\" content=\"Dur\u00e9e de lecture estim\u00e9e\" \/>\n\t<meta name=\"twitter:data2\" content=\"3 minutes\" \/>\n<script type=\"application\/ld+json\" class=\"yoast-schema-graph\">{\"@context\":\"https:\/\/schema.org\",\"@graph\":[{\"@type\":\"Article\",\"@id\":\"https:\/\/www.africa-press.net\/benin\/politique\/macron-a-cotonou-le-grain-de-pili-pili-de-lopposition-francaise#article\",\"isPartOf\":{\"@id\":\"https:\/\/www.africa-press.net\/benin\/politique\/macron-a-cotonou-le-grain-de-pili-pili-de-lopposition-francaise\"},\"author\":{\"name\":\"cfeditorfr\",\"@id\":\"https:\/\/www.africa-press.net\/benin\/#\/schema\/person\/2b1cf3cd81a31e3cd26889ca66d677f1\"},\"headline\":\"Macron \u00e0 Cotonou : le grain de pili-pili de l\u2019opposition fran\u00e7aise\",\"datePublished\":\"2022-07-27T17:07:42+00:00\",\"dateModified\":\"2022-07-27T17:20:33+00:00\",\"mainEntityOfPage\":{\"@id\":\"https:\/\/www.africa-press.net\/benin\/politique\/macron-a-cotonou-le-grain-de-pili-pili-de-lopposition-francaise\"},\"wordCount\":509,\"commentCount\":0,\"image\":{\"@id\":\"https:\/\/www.africa-press.net\/benin\/politique\/macron-a-cotonou-le-grain-de-pili-pili-de-lopposition-francaise#primaryimage\"},\"thumbnailUrl\":\"https:\/\/static.africa-press.net\/benin\/sites\/46\/2022\/07\/postQueueImg_22-62e173c972d05.jpg\",\"keywords\":[\"Africa Press\",\"Africa Press-Benin\",\"B\u00e9nin\"],\"articleSection\":[\"Dossiers\",\"homepage-french\",\"Politique\",\"Toutes les actualit\u00e9s\"],\"inLanguage\":\"fr-FR\",\"potentialAction\":[{\"@type\":\"CommentAction\",\"name\":\"Comment\",\"target\":[\"https:\/\/www.africa-press.net\/benin\/politique\/macron-a-cotonou-le-grain-de-pili-pili-de-lopposition-francaise#respond\"]}]},{\"@type\":\"WebPage\",\"@id\":\"https:\/\/www.africa-press.net\/benin\/politique\/macron-a-cotonou-le-grain-de-pili-pili-de-lopposition-francaise\",\"url\":\"https:\/\/www.africa-press.net\/benin\/politique\/macron-a-cotonou-le-grain-de-pili-pili-de-lopposition-francaise\",\"name\":\"Macron \u00e0 Cotonou : le grain de pili-pili de l\u2019opposition fran\u00e7aise - B\u00e9nin\",\"isPartOf\":{\"@id\":\"https:\/\/www.africa-press.net\/benin\/#website\"},\"primaryImageOfPage\":{\"@id\":\"https:\/\/www.africa-press.net\/benin\/politique\/macron-a-cotonou-le-grain-de-pili-pili-de-lopposition-francaise#primaryimage\"},\"image\":{\"@id\":\"https:\/\/www.africa-press.net\/benin\/politique\/macron-a-cotonou-le-grain-de-pili-pili-de-lopposition-francaise#primaryimage\"},\"thumbnailUrl\":\"https:\/\/static.africa-press.net\/benin\/sites\/46\/2022\/07\/postQueueImg_22-62e173c972d05.jpg\",\"datePublished\":\"2022-07-27T17:07:42+00:00\",\"dateModified\":\"2022-07-27T17:20:33+00:00\",\"author\":{\"@id\":\"https:\/\/www.africa-press.net\/benin\/#\/schema\/person\/2b1cf3cd81a31e3cd26889ca66d677f1\"},\"description\":\"Un pr\u00e9sident voyageur doit surveiller ses arri\u00e8res tout autant que ses \u00ab avants \u00bb. Si c\u2019est \u00e0 son point de destination c ...\",\"breadcrumb\":{\"@id\":\"https:\/\/www.africa-press.net\/benin\/politique\/macron-a-cotonou-le-grain-de-pili-pili-de-lopposition-francaise#breadcrumb\"},\"inLanguage\":\"fr-FR\",\"potentialAction\":[{\"@type\":\"ReadAction\",\"target\":[\"https:\/\/www.africa-press.net\/benin\/politique\/macron-a-cotonou-le-grain-de-pili-pili-de-lopposition-francaise\"]}]},{\"@type\":\"ImageObject\",\"inLanguage\":\"fr-FR\",\"@id\":\"https:\/\/www.africa-press.net\/benin\/politique\/macron-a-cotonou-le-grain-de-pili-pili-de-lopposition-francaise#primaryimage\",\"url\":\"https:\/\/static.africa-press.net\/benin\/sites\/46\/2022\/07\/postQueueImg_22-62e173c972d05.jpg\",\"contentUrl\":\"https:\/\/static.africa-press.net\/benin\/sites\/46\/2022\/07\/postQueueImg_22-62e173c972d05.jpg\",\"width\":1256,\"height\":628,\"caption\":\"Macron \u00e0 Cotonou : le grain de pili-pili de l\u2019opposition fran\u00e7aise\"},{\"@type\":\"BreadcrumbList\",\"@id\":\"https:\/\/www.africa-press.net\/benin\/politique\/macron-a-cotonou-le-grain-de-pili-pili-de-lopposition-francaise#breadcrumb\",\"itemListElement\":[{\"@type\":\"ListItem\",\"position\":1,\"name\":\"Accueil\",\"item\":\"https:\/\/www.africa-press.net\/benin\/\"},{\"@type\":\"ListItem\",\"position\":2,\"name\":\"Macron \u00e0 Cotonou : le grain de pili-pili de l\u2019opposition fran\u00e7aise\"}]},{\"@type\":\"WebSite\",\"@id\":\"https:\/\/www.africa-press.net\/benin\/#website\",\"url\":\"https:\/\/www.africa-press.net\/benin\/\",\"name\":\"B\u00e9nin\",\"description\":\"Just another Africa News Agency Sites site\",\"potentialAction\":[{\"@type\":\"SearchAction\",\"target\":{\"@type\":\"EntryPoint\",\"urlTemplate\":\"https:\/\/www.africa-press.net\/benin\/?s={search_term_string}\"},\"query-input\":{\"@type\":\"PropertyValueSpecification\",\"valueRequired\":true,\"valueName\":\"search_term_string\"}}],\"inLanguage\":\"fr-FR\"},{\"@type\":\"Person\",\"@id\":\"https:\/\/www.africa-press.net\/benin\/#\/schema\/person\/2b1cf3cd81a31e3cd26889ca66d677f1\",\"name\":\"cfeditorfr\"}]}<\/script>\n<!-- \/ Yoast SEO Premium plugin. -->","yoast_head_json":{"title":"Macron \u00e0 Cotonou : le grain de pili-pili de l\u2019opposition fran\u00e7aise - B\u00e9nin","description":"Un pr\u00e9sident voyageur doit surveiller ses arri\u00e8res tout autant que ses \u00ab avants \u00bb. Si c\u2019est \u00e0 son point de destination c ...","robots":{"index":"index","follow":"follow","max-snippet":"max-snippet:-1","max-image-preview":"max-image-preview:large","max-video-preview":"max-video-preview:-1"},"canonical":"https:\/\/www.africa-press.net\/benin\/politique\/macron-a-cotonou-le-grain-de-pili-pili-de-lopposition-francaise","og_locale":"fr_FR","og_type":"article","og_title":"Macron \u00e0 Cotonou : le grain de pili-pili de l\u2019opposition fran\u00e7aise","og_description":"Un pr\u00e9sident voyageur doit surveiller ses arri\u00e8res tout autant que ses \u00ab avants \u00bb. Si c\u2019est \u00e0 son point de destination c ...","og_url":"https:\/\/www.africa-press.net\/benin\/politique\/macron-a-cotonou-le-grain-de-pili-pili-de-lopposition-francaise","og_site_name":"B\u00e9nin","article_published_time":"2022-07-27T17:07:42+00:00","article_modified_time":"2022-07-27T17:20:33+00:00","og_image":[{"width":1256,"height":628,"url":"https:\/\/static.africa-press.net\/benin\/sites\/46\/2022\/07\/postQueueImg_22-62e173c972d05.jpg","type":"image\/jpeg"}],"author":"cfeditorfr","twitter_card":"summary_large_image","twitter_misc":{"\u00c9crit par":"cfeditorfr","Dur\u00e9e de lecture estim\u00e9e":"3 minutes"},"schema":{"@context":"https:\/\/schema.org","@graph":[{"@type":"Article","@id":"https:\/\/www.africa-press.net\/benin\/politique\/macron-a-cotonou-le-grain-de-pili-pili-de-lopposition-francaise#article","isPartOf":{"@id":"https:\/\/www.africa-press.net\/benin\/politique\/macron-a-cotonou-le-grain-de-pili-pili-de-lopposition-francaise"},"author":{"name":"cfeditorfr","@id":"https:\/\/www.africa-press.net\/benin\/#\/schema\/person\/2b1cf3cd81a31e3cd26889ca66d677f1"},"headline":"Macron \u00e0 Cotonou : le grain de pili-pili de l\u2019opposition fran\u00e7aise","datePublished":"2022-07-27T17:07:42+00:00","dateModified":"2022-07-27T17:20:33+00:00","mainEntityOfPage":{"@id":"https:\/\/www.africa-press.net\/benin\/politique\/macron-a-cotonou-le-grain-de-pili-pili-de-lopposition-francaise"},"wordCount":509,"commentCount":0,"image":{"@id":"https:\/\/www.africa-press.net\/benin\/politique\/macron-a-cotonou-le-grain-de-pili-pili-de-lopposition-francaise#primaryimage"},"thumbnailUrl":"https:\/\/static.africa-press.net\/benin\/sites\/46\/2022\/07\/postQueueImg_22-62e173c972d05.jpg","keywords":["Africa Press","Africa Press-Benin","B\u00e9nin"],"articleSection":["Dossiers","homepage-french","Politique","Toutes les actualit\u00e9s"],"inLanguage":"fr-FR","potentialAction":[{"@type":"CommentAction","name":"Comment","target":["https:\/\/www.africa-press.net\/benin\/politique\/macron-a-cotonou-le-grain-de-pili-pili-de-lopposition-francaise#respond"]}]},{"@type":"WebPage","@id":"https:\/\/www.africa-press.net\/benin\/politique\/macron-a-cotonou-le-grain-de-pili-pili-de-lopposition-francaise","url":"https:\/\/www.africa-press.net\/benin\/politique\/macron-a-cotonou-le-grain-de-pili-pili-de-lopposition-francaise","name":"Macron \u00e0 Cotonou : le grain de pili-pili de l\u2019opposition fran\u00e7aise - B\u00e9nin","isPartOf":{"@id":"https:\/\/www.africa-press.net\/benin\/#website"},"primaryImageOfPage":{"@id":"https:\/\/www.africa-press.net\/benin\/politique\/macron-a-cotonou-le-grain-de-pili-pili-de-lopposition-francaise#primaryimage"},"image":{"@id":"https:\/\/www.africa-press.net\/benin\/politique\/macron-a-cotonou-le-grain-de-pili-pili-de-lopposition-francaise#primaryimage"},"thumbnailUrl":"https:\/\/static.africa-press.net\/benin\/sites\/46\/2022\/07\/postQueueImg_22-62e173c972d05.jpg","datePublished":"2022-07-27T17:07:42+00:00","dateModified":"2022-07-27T17:20:33+00:00","author":{"@id":"https:\/\/www.africa-press.net\/benin\/#\/schema\/person\/2b1cf3cd81a31e3cd26889ca66d677f1"},"description":"Un pr\u00e9sident voyageur doit surveiller ses arri\u00e8res tout autant que ses \u00ab avants \u00bb. Si c\u2019est \u00e0 son point de destination c ...","breadcrumb":{"@id":"https:\/\/www.africa-press.net\/benin\/politique\/macron-a-cotonou-le-grain-de-pili-pili-de-lopposition-francaise#breadcrumb"},"inLanguage":"fr-FR","potentialAction":[{"@type":"ReadAction","target":["https:\/\/www.africa-press.net\/benin\/politique\/macron-a-cotonou-le-grain-de-pili-pili-de-lopposition-francaise"]}]},{"@type":"ImageObject","inLanguage":"fr-FR","@id":"https:\/\/www.africa-press.net\/benin\/politique\/macron-a-cotonou-le-grain-de-pili-pili-de-lopposition-francaise#primaryimage","url":"https:\/\/static.africa-press.net\/benin\/sites\/46\/2022\/07\/postQueueImg_22-62e173c972d05.jpg","contentUrl":"https:\/\/static.africa-press.net\/benin\/sites\/46\/2022\/07\/postQueueImg_22-62e173c972d05.jpg","width":1256,"height":628,"caption":"Macron \u00e0 Cotonou : le grain de pili-pili de l\u2019opposition fran\u00e7aise"},{"@type":"BreadcrumbList","@id":"https:\/\/www.africa-press.net\/benin\/politique\/macron-a-cotonou-le-grain-de-pili-pili-de-lopposition-francaise#breadcrumb","itemListElement":[{"@type":"ListItem","position":1,"name":"Accueil","item":"https:\/\/www.africa-press.net\/benin\/"},{"@type":"ListItem","position":2,"name":"Macron \u00e0 Cotonou : le grain de pili-pili de l\u2019opposition fran\u00e7aise"}]},{"@type":"WebSite","@id":"https:\/\/www.africa-press.net\/benin\/#website","url":"https:\/\/www.africa-press.net\/benin\/","name":"B\u00e9nin","description":"Just another Africa News Agency Sites site","potentialAction":[{"@type":"SearchAction","target":{"@type":"EntryPoint","urlTemplate":"https:\/\/www.africa-press.net\/benin\/?s={search_term_string}"},"query-input":{"@type":"PropertyValueSpecification","valueRequired":true,"valueName":"search_term_string"}}],"inLanguage":"fr-FR"},{"@type":"Person","@id":"https:\/\/www.africa-press.net\/benin\/#\/schema\/person\/2b1cf3cd81a31e3cd26889ca66d677f1","name":"cfeditorfr"}]}},"_links":{"self":[{"href":"https:\/\/www.africa-press.net\/benin\/wp-json\/wp\/v2\/posts\/7297","targetHints":{"allow":["GET"]}}],"collection":[{"href":"https:\/\/www.africa-press.net\/benin\/wp-json\/wp\/v2\/posts"}],"about":[{"href":"https:\/\/www.africa-press.net\/benin\/wp-json\/wp\/v2\/types\/post"}],"author":[{"embeddable":true,"href":"https:\/\/www.africa-press.net\/benin\/wp-json\/wp\/v2\/users\/82"}],"replies":[{"embeddable":true,"href":"https:\/\/www.africa-press.net\/benin\/wp-json\/wp\/v2\/comments?post=7297"}],"version-history":[{"count":0,"href":"https:\/\/www.africa-press.net\/benin\/wp-json\/wp\/v2\/posts\/7297\/revisions"}],"wp:featuredmedia":[{"embeddable":true,"href":"https:\/\/www.africa-press.net\/benin\/wp-json\/wp\/v2\/media\/7296"}],"wp:attachment":[{"href":"https:\/\/www.africa-press.net\/benin\/wp-json\/wp\/v2\/media?parent=7297"}],"wp:term":[{"taxonomy":"category","embeddable":true,"href":"https:\/\/www.africa-press.net\/benin\/wp-json\/wp\/v2\/categories?post=7297"},{"taxonomy":"post_tag","embeddable":true,"href":"https:\/\/www.africa-press.net\/benin\/wp-json\/wp\/v2\/tags?post=7297"}],"curies":[{"name":"wp","href":"https:\/\/api.w.org\/{rel}","templated":true}]}}