{"id":7312,"date":"2022-07-28T20:02:33","date_gmt":"2022-07-28T20:02:33","guid":{"rendered":"https:\/\/www.africa-press.net\/benin\/politique\/equipements-militaires-nouvelles-restitutions-ce-que-talon-et-macron-ont-convenu"},"modified":"2022-07-28T20:19:08","modified_gmt":"2022-07-28T20:19:08","slug":"equipements-militaires-nouvelles-restitutions-ce-que-talon-et-macron-ont-convenu","status":"publish","type":"post","link":"https:\/\/www.africa-press.net\/benin\/politique\/equipements-militaires-nouvelles-restitutions-ce-que-talon-et-macron-ont-convenu","title":{"rendered":"\u00c9quipements militaires, nouvelles restitutions\u2026 Ce que Talon et Macron ont convenu"},"content":{"rendered":"<p><span style=\"color: #ff6600\"><strong>Africa-Press &#8211; Benin. <\/strong><\/span>Patrice Talon et Emmanuel Macron se sont entretenus en t\u00eate-\u00e0-t\u00eate pendant une heure au palais de la Marina, dans une salle autrefois appel\u00e9e les \u00ab Pas perdus de la pr\u00e9sidence \u00bb, attenante au bureau du chef de l\u2019\u00c9tat b\u00e9ninois. Puis ils ont \u00e9t\u00e9 rejoints par leurs \u00e9quipes respectives, avec leurs ministres et conseillers concern\u00e9s par les sujets de coop\u00e9ration \u00e9voqu\u00e9s.<\/p>\n<p>En mati\u00e8re de d\u00e9fense et de s\u00e9curit\u00e9, Patrice Talon s\u2019est dit impatient d\u2019obtenir d\u00e8s que possible de nouveaux \u00e9quipements militaires. D\u00e8s 2021, le pr\u00e9sident s\u2019\u00e9tait rapproch\u00e9 de la Turquie (\u00e0 qui il a achet\u00e9 trois drones, en cours de livraison) et de la Chine. Son arm\u00e9e souhaite en effet acqu\u00e9rir des drones, mais aussi des h\u00e9licopt\u00e8res, des v\u00e9hicules blind\u00e9s et du petit mat\u00e9riel de surveillance pour stopper la menace jihadiste qui gagne le nord du pays. Et ce, sans interm\u00e9diaires.<\/p>\n<p><b>Unit\u00e9s de Barkhane<\/b><\/p>\n<p>Pour faciliter leur achat aupr\u00e8s d\u2019industriels de l\u2019armement fran\u00e7ais, Emmanuel Macron lui a donc propos\u00e9 d\u2019envoyer \u00e0 Cotonou, dans les prochaines semaines, des experts de la Direction g\u00e9n\u00e9rale de l\u2019armement pour aider les autorit\u00e9s \u00e0 structurer leur processus d\u2019acquisition de mat\u00e9riel de d\u00e9fense.<\/p>\n<p>Toujours selon nos sources, Patrice Talon a alors \u00e9mis l\u2019id\u00e9e de mettre en place dans son pays une Direction g\u00e9n\u00e9rale de l\u2019armement, ce que \u00e0 quoi son homologue lui a r\u00e9pondu que la France lui apporterait une assistance technique. Enfin, des unit\u00e9s sp\u00e9cialis\u00e9es vont venir au B\u00e9nin pour appuyer l\u2019arm\u00e9e en mati\u00e8re de renseignement et de formation au d\u00e9minage.<\/p>\n<p><b>Nouvelles restitutions<\/b><\/p>\n<p>Les deux pr\u00e9sidents ont aussi largement discut\u00e9 de la coop\u00e9ration culturelle. Comme l\u2019a annonc\u00e9 Emmanuel Macron, une future loi cadre sur les restitutions de biens culturels sera bient\u00f4t adopt\u00e9e en France. Et de nouvelles \u0153uvres devraient bient\u00f4t \u00eatre rendues, y compris au B\u00e9nin.<\/p>\n<p>Ils ont aussi \u00e9voqu\u00e9 la cr\u00e9ation d\u2019un futur Institut franco-b\u00e9ninois \u00e0 Cotonou, qui sera codirig\u00e9 par des repr\u00e9sentants des deux pays et qui remplacera l\u2019actuel Institut fran\u00e7ais \u2013 une premi\u00e8re sur le continent. Une villa d\u00e9di\u00e9e aux r\u00e9sidences d\u2019artistes va aussi y \u00eatre fond\u00e9e, un peu sur le mod\u00e8le de la Villa M\u00e9dicis \u00e0 Rome. Un projet sur lequel travaille Marie-C\u00e9cile Zinsou.<\/p>\n<p><b>Projet de campus<\/b><\/p>\n<p>Enfin, comme l\u2019avait demand\u00e9 Patrice Talon, les questions de formation professionnelle ont \u00e9galement \u00e9t\u00e9 mises \u00e0 l\u2019ordre du jour. Le pr\u00e9sident b\u00e9ninois a sollicit\u00e9 un appui accru de Paris dans ce domaine.<\/p>\n<p>Il a notamment pour ambition de cr\u00e9er un hub r\u00e9gional de l\u2019innovation et du savoir via son projet de campus S\u00e8m\u00e8 City, qui proposera de nombreuses formations dans diff\u00e9rents secteurs \u2013 informatique, manutention, tourisme, gastronomie\u2026 \u2013 et qui devrait, \u00e0 terme, s\u2019implanter \u00e0 Ouidah.<\/p>\n<p><strong>Pour plus d&rsquo;informations et d&rsquo;analyses sur la <a href=\"https:\/\/www.africa-press.net\/benin\">Benin<\/a>, suivez <a href=\"https:\/\/www.africa-press.net\/\">Africa-Press<\/a><\/strong><\/p>\n","protected":false},"excerpt":{"rendered":"<p>Africa-Press &#8211; Benin. Patrice Talon et Emmanuel Macron se sont entretenus en t\u00eate-\u00e0-t\u00eate pendant une heure au palais de la Marina, dans une salle autrefois appel\u00e9e les \u00ab Pas perdus de la pr\u00e9sidence \u00bb, attenante au bureau du chef de l\u2019\u00c9tat b\u00e9ninois. Puis ils ont \u00e9t\u00e9 rejoints par leurs \u00e9quipes respectives, avec leurs ministres et [&hellip;]<\/p>\n","protected":false},"author":82,"featured_media":7311,"comment_status":"open","ping_status":"closed","sticky":false,"template":"","format":"standard","meta":{"footnotes":""},"categories":[11,2,20,10],"tags":[36,50,45],"class_list":["post-7312","post","type-post","status-publish","format-standard","has-post-thumbnail","hentry","category-homepage-french","category-politique","category-top-nouvelles","category-toutes-les-actualites","tag-africa-press","tag-africa-press-benin","tag-benin"],"yoast_head":"<!-- This site is optimized with the Yoast SEO Premium plugin v26.1 (Yoast SEO v27.0) - https:\/\/yoast.com\/product\/yoast-seo-premium-wordpress\/ -->\n<title>\u00c9quipements militaires, nouvelles restitutions\u2026 Ce que Talon et Macron ont convenu - B\u00e9nin<\/title>\n<meta name=\"description\" content=\"Patrice Talon et Emmanuel Macron se sont entretenus en t\u00eate-\u00e0-t\u00eate pendant une heure au palais de la Marina, dans une sa ...\" \/>\n<meta name=\"robots\" content=\"index, follow, max-snippet:-1, max-image-preview:large, max-video-preview:-1\" \/>\n<link rel=\"canonical\" href=\"https:\/\/www.africa-press.net\/benin\/politique\/equipements-militaires-nouvelles-restitutions-ce-que-talon-et-macron-ont-convenu\" \/>\n<meta property=\"og:locale\" content=\"fr_FR\" \/>\n<meta property=\"og:type\" content=\"article\" \/>\n<meta property=\"og:title\" content=\"\u00c9quipements militaires, nouvelles restitutions\u2026 Ce que Talon et Macron ont convenu\" \/>\n<meta property=\"og:description\" content=\"Patrice Talon et Emmanuel Macron se sont entretenus en t\u00eate-\u00e0-t\u00eate pendant une heure au palais de la Marina, dans une sa ...\" \/>\n<meta property=\"og:url\" content=\"https:\/\/www.africa-press.net\/benin\/politique\/equipements-militaires-nouvelles-restitutions-ce-que-talon-et-macron-ont-convenu\" \/>\n<meta property=\"og:site_name\" content=\"B\u00e9nin\" \/>\n<meta property=\"article:published_time\" content=\"2022-07-28T20:02:33+00:00\" \/>\n<meta property=\"article:modified_time\" content=\"2022-07-28T20:19:08+00:00\" \/>\n<meta property=\"og:image\" content=\"https:\/\/static.africa-press.net\/benin\/sites\/46\/2022\/07\/postQueueImg_15-62e2ef14de7b9.jpg\" \/>\n\t<meta property=\"og:image:width\" content=\"1256\" \/>\n\t<meta property=\"og:image:height\" content=\"628\" \/>\n\t<meta property=\"og:image:type\" content=\"image\/jpeg\" \/>\n<meta name=\"author\" content=\"cfeditorfr\" \/>\n<meta name=\"twitter:card\" content=\"summary_large_image\" \/>\n<meta name=\"twitter:label1\" content=\"\u00c9crit par\" \/>\n\t<meta name=\"twitter:data1\" content=\"cfeditorfr\" \/>\n\t<meta name=\"twitter:label2\" content=\"Dur\u00e9e de lecture estim\u00e9e\" \/>\n\t<meta name=\"twitter:data2\" content=\"3 minutes\" \/>\n<script type=\"application\/ld+json\" class=\"yoast-schema-graph\">{\"@context\":\"https:\/\/schema.org\",\"@graph\":[{\"@type\":\"Article\",\"@id\":\"https:\/\/www.africa-press.net\/benin\/politique\/equipements-militaires-nouvelles-restitutions-ce-que-talon-et-macron-ont-convenu#article\",\"isPartOf\":{\"@id\":\"https:\/\/www.africa-press.net\/benin\/politique\/equipements-militaires-nouvelles-restitutions-ce-que-talon-et-macron-ont-convenu\"},\"author\":{\"name\":\"cfeditorfr\",\"@id\":\"https:\/\/www.africa-press.net\/benin\/#\/schema\/person\/2b1cf3cd81a31e3cd26889ca66d677f1\"},\"headline\":\"\u00c9quipements militaires, nouvelles restitutions\u2026 Ce que Talon et Macron ont convenu\",\"datePublished\":\"2022-07-28T20:02:33+00:00\",\"dateModified\":\"2022-07-28T20:19:08+00:00\",\"mainEntityOfPage\":{\"@id\":\"https:\/\/www.africa-press.net\/benin\/politique\/equipements-militaires-nouvelles-restitutions-ce-que-talon-et-macron-ont-convenu\"},\"wordCount\":528,\"commentCount\":0,\"image\":{\"@id\":\"https:\/\/www.africa-press.net\/benin\/politique\/equipements-militaires-nouvelles-restitutions-ce-que-talon-et-macron-ont-convenu#primaryimage\"},\"thumbnailUrl\":\"https:\/\/static.africa-press.net\/benin\/sites\/46\/2022\/07\/postQueueImg_15-62e2ef14de7b9.jpg\",\"keywords\":[\"Africa Press\",\"Africa Press-Benin\",\"B\u00e9nin\"],\"articleSection\":[\"homepage-french\",\"Politique\",\"Top Nouvelles\",\"Toutes les actualit\u00e9s\"],\"inLanguage\":\"fr-FR\",\"potentialAction\":[{\"@type\":\"CommentAction\",\"name\":\"Comment\",\"target\":[\"https:\/\/www.africa-press.net\/benin\/politique\/equipements-militaires-nouvelles-restitutions-ce-que-talon-et-macron-ont-convenu#respond\"]}]},{\"@type\":\"WebPage\",\"@id\":\"https:\/\/www.africa-press.net\/benin\/politique\/equipements-militaires-nouvelles-restitutions-ce-que-talon-et-macron-ont-convenu\",\"url\":\"https:\/\/www.africa-press.net\/benin\/politique\/equipements-militaires-nouvelles-restitutions-ce-que-talon-et-macron-ont-convenu\",\"name\":\"\u00c9quipements militaires, nouvelles restitutions\u2026 Ce que Talon et Macron ont convenu - B\u00e9nin\",\"isPartOf\":{\"@id\":\"https:\/\/www.africa-press.net\/benin\/#website\"},\"primaryImageOfPage\":{\"@id\":\"https:\/\/www.africa-press.net\/benin\/politique\/equipements-militaires-nouvelles-restitutions-ce-que-talon-et-macron-ont-convenu#primaryimage\"},\"image\":{\"@id\":\"https:\/\/www.africa-press.net\/benin\/politique\/equipements-militaires-nouvelles-restitutions-ce-que-talon-et-macron-ont-convenu#primaryimage\"},\"thumbnailUrl\":\"https:\/\/static.africa-press.net\/benin\/sites\/46\/2022\/07\/postQueueImg_15-62e2ef14de7b9.jpg\",\"datePublished\":\"2022-07-28T20:02:33+00:00\",\"dateModified\":\"2022-07-28T20:19:08+00:00\",\"author\":{\"@id\":\"https:\/\/www.africa-press.net\/benin\/#\/schema\/person\/2b1cf3cd81a31e3cd26889ca66d677f1\"},\"description\":\"Patrice Talon et Emmanuel Macron se sont entretenus en t\u00eate-\u00e0-t\u00eate pendant une heure au palais de la Marina, dans une sa ...\",\"breadcrumb\":{\"@id\":\"https:\/\/www.africa-press.net\/benin\/politique\/equipements-militaires-nouvelles-restitutions-ce-que-talon-et-macron-ont-convenu#breadcrumb\"},\"inLanguage\":\"fr-FR\",\"potentialAction\":[{\"@type\":\"ReadAction\",\"target\":[\"https:\/\/www.africa-press.net\/benin\/politique\/equipements-militaires-nouvelles-restitutions-ce-que-talon-et-macron-ont-convenu\"]}]},{\"@type\":\"ImageObject\",\"inLanguage\":\"fr-FR\",\"@id\":\"https:\/\/www.africa-press.net\/benin\/politique\/equipements-militaires-nouvelles-restitutions-ce-que-talon-et-macron-ont-convenu#primaryimage\",\"url\":\"https:\/\/static.africa-press.net\/benin\/sites\/46\/2022\/07\/postQueueImg_15-62e2ef14de7b9.jpg\",\"contentUrl\":\"https:\/\/static.africa-press.net\/benin\/sites\/46\/2022\/07\/postQueueImg_15-62e2ef14de7b9.jpg\",\"width\":1256,\"height\":628,\"caption\":\"\u00c9quipements militaires, nouvelles restitutions\u2026 Ce que Talon et Macron ont convenu\"},{\"@type\":\"BreadcrumbList\",\"@id\":\"https:\/\/www.africa-press.net\/benin\/politique\/equipements-militaires-nouvelles-restitutions-ce-que-talon-et-macron-ont-convenu#breadcrumb\",\"itemListElement\":[{\"@type\":\"ListItem\",\"position\":1,\"name\":\"Accueil\",\"item\":\"https:\/\/www.africa-press.net\/benin\/\"},{\"@type\":\"ListItem\",\"position\":2,\"name\":\"\u00c9quipements militaires, nouvelles restitutions\u2026 Ce que Talon et Macron ont convenu\"}]},{\"@type\":\"WebSite\",\"@id\":\"https:\/\/www.africa-press.net\/benin\/#website\",\"url\":\"https:\/\/www.africa-press.net\/benin\/\",\"name\":\"B\u00e9nin\",\"description\":\"Just another Africa News Agency Sites site\",\"potentialAction\":[{\"@type\":\"SearchAction\",\"target\":{\"@type\":\"EntryPoint\",\"urlTemplate\":\"https:\/\/www.africa-press.net\/benin\/?s={search_term_string}\"},\"query-input\":{\"@type\":\"PropertyValueSpecification\",\"valueRequired\":true,\"valueName\":\"search_term_string\"}}],\"inLanguage\":\"fr-FR\"},{\"@type\":\"Person\",\"@id\":\"https:\/\/www.africa-press.net\/benin\/#\/schema\/person\/2b1cf3cd81a31e3cd26889ca66d677f1\",\"name\":\"cfeditorfr\"}]}<\/script>\n<!-- \/ Yoast SEO Premium plugin. -->","yoast_head_json":{"title":"\u00c9quipements militaires, nouvelles restitutions\u2026 Ce que Talon et Macron ont convenu - B\u00e9nin","description":"Patrice Talon et Emmanuel Macron se sont entretenus en t\u00eate-\u00e0-t\u00eate pendant une heure au palais de la Marina, dans une sa ...","robots":{"index":"index","follow":"follow","max-snippet":"max-snippet:-1","max-image-preview":"max-image-preview:large","max-video-preview":"max-video-preview:-1"},"canonical":"https:\/\/www.africa-press.net\/benin\/politique\/equipements-militaires-nouvelles-restitutions-ce-que-talon-et-macron-ont-convenu","og_locale":"fr_FR","og_type":"article","og_title":"\u00c9quipements militaires, nouvelles restitutions\u2026 Ce que Talon et Macron ont convenu","og_description":"Patrice Talon et Emmanuel Macron se sont entretenus en t\u00eate-\u00e0-t\u00eate pendant une heure au palais de la Marina, dans une sa ...","og_url":"https:\/\/www.africa-press.net\/benin\/politique\/equipements-militaires-nouvelles-restitutions-ce-que-talon-et-macron-ont-convenu","og_site_name":"B\u00e9nin","article_published_time":"2022-07-28T20:02:33+00:00","article_modified_time":"2022-07-28T20:19:08+00:00","og_image":[{"width":1256,"height":628,"url":"https:\/\/static.africa-press.net\/benin\/sites\/46\/2022\/07\/postQueueImg_15-62e2ef14de7b9.jpg","type":"image\/jpeg"}],"author":"cfeditorfr","twitter_card":"summary_large_image","twitter_misc":{"\u00c9crit par":"cfeditorfr","Dur\u00e9e de lecture estim\u00e9e":"3 minutes"},"schema":{"@context":"https:\/\/schema.org","@graph":[{"@type":"Article","@id":"https:\/\/www.africa-press.net\/benin\/politique\/equipements-militaires-nouvelles-restitutions-ce-que-talon-et-macron-ont-convenu#article","isPartOf":{"@id":"https:\/\/www.africa-press.net\/benin\/politique\/equipements-militaires-nouvelles-restitutions-ce-que-talon-et-macron-ont-convenu"},"author":{"name":"cfeditorfr","@id":"https:\/\/www.africa-press.net\/benin\/#\/schema\/person\/2b1cf3cd81a31e3cd26889ca66d677f1"},"headline":"\u00c9quipements militaires, nouvelles restitutions\u2026 Ce que Talon et Macron ont convenu","datePublished":"2022-07-28T20:02:33+00:00","dateModified":"2022-07-28T20:19:08+00:00","mainEntityOfPage":{"@id":"https:\/\/www.africa-press.net\/benin\/politique\/equipements-militaires-nouvelles-restitutions-ce-que-talon-et-macron-ont-convenu"},"wordCount":528,"commentCount":0,"image":{"@id":"https:\/\/www.africa-press.net\/benin\/politique\/equipements-militaires-nouvelles-restitutions-ce-que-talon-et-macron-ont-convenu#primaryimage"},"thumbnailUrl":"https:\/\/static.africa-press.net\/benin\/sites\/46\/2022\/07\/postQueueImg_15-62e2ef14de7b9.jpg","keywords":["Africa Press","Africa Press-Benin","B\u00e9nin"],"articleSection":["homepage-french","Politique","Top Nouvelles","Toutes les actualit\u00e9s"],"inLanguage":"fr-FR","potentialAction":[{"@type":"CommentAction","name":"Comment","target":["https:\/\/www.africa-press.net\/benin\/politique\/equipements-militaires-nouvelles-restitutions-ce-que-talon-et-macron-ont-convenu#respond"]}]},{"@type":"WebPage","@id":"https:\/\/www.africa-press.net\/benin\/politique\/equipements-militaires-nouvelles-restitutions-ce-que-talon-et-macron-ont-convenu","url":"https:\/\/www.africa-press.net\/benin\/politique\/equipements-militaires-nouvelles-restitutions-ce-que-talon-et-macron-ont-convenu","name":"\u00c9quipements militaires, nouvelles restitutions\u2026 Ce que Talon et Macron ont convenu - B\u00e9nin","isPartOf":{"@id":"https:\/\/www.africa-press.net\/benin\/#website"},"primaryImageOfPage":{"@id":"https:\/\/www.africa-press.net\/benin\/politique\/equipements-militaires-nouvelles-restitutions-ce-que-talon-et-macron-ont-convenu#primaryimage"},"image":{"@id":"https:\/\/www.africa-press.net\/benin\/politique\/equipements-militaires-nouvelles-restitutions-ce-que-talon-et-macron-ont-convenu#primaryimage"},"thumbnailUrl":"https:\/\/static.africa-press.net\/benin\/sites\/46\/2022\/07\/postQueueImg_15-62e2ef14de7b9.jpg","datePublished":"2022-07-28T20:02:33+00:00","dateModified":"2022-07-28T20:19:08+00:00","author":{"@id":"https:\/\/www.africa-press.net\/benin\/#\/schema\/person\/2b1cf3cd81a31e3cd26889ca66d677f1"},"description":"Patrice Talon et Emmanuel Macron se sont entretenus en t\u00eate-\u00e0-t\u00eate pendant une heure au palais de la Marina, dans une sa ...","breadcrumb":{"@id":"https:\/\/www.africa-press.net\/benin\/politique\/equipements-militaires-nouvelles-restitutions-ce-que-talon-et-macron-ont-convenu#breadcrumb"},"inLanguage":"fr-FR","potentialAction":[{"@type":"ReadAction","target":["https:\/\/www.africa-press.net\/benin\/politique\/equipements-militaires-nouvelles-restitutions-ce-que-talon-et-macron-ont-convenu"]}]},{"@type":"ImageObject","inLanguage":"fr-FR","@id":"https:\/\/www.africa-press.net\/benin\/politique\/equipements-militaires-nouvelles-restitutions-ce-que-talon-et-macron-ont-convenu#primaryimage","url":"https:\/\/static.africa-press.net\/benin\/sites\/46\/2022\/07\/postQueueImg_15-62e2ef14de7b9.jpg","contentUrl":"https:\/\/static.africa-press.net\/benin\/sites\/46\/2022\/07\/postQueueImg_15-62e2ef14de7b9.jpg","width":1256,"height":628,"caption":"\u00c9quipements militaires, nouvelles restitutions\u2026 Ce que Talon et Macron ont convenu"},{"@type":"BreadcrumbList","@id":"https:\/\/www.africa-press.net\/benin\/politique\/equipements-militaires-nouvelles-restitutions-ce-que-talon-et-macron-ont-convenu#breadcrumb","itemListElement":[{"@type":"ListItem","position":1,"name":"Accueil","item":"https:\/\/www.africa-press.net\/benin\/"},{"@type":"ListItem","position":2,"name":"\u00c9quipements militaires, nouvelles restitutions\u2026 Ce que Talon et Macron ont convenu"}]},{"@type":"WebSite","@id":"https:\/\/www.africa-press.net\/benin\/#website","url":"https:\/\/www.africa-press.net\/benin\/","name":"B\u00e9nin","description":"Just another Africa News Agency Sites site","potentialAction":[{"@type":"SearchAction","target":{"@type":"EntryPoint","urlTemplate":"https:\/\/www.africa-press.net\/benin\/?s={search_term_string}"},"query-input":{"@type":"PropertyValueSpecification","valueRequired":true,"valueName":"search_term_string"}}],"inLanguage":"fr-FR"},{"@type":"Person","@id":"https:\/\/www.africa-press.net\/benin\/#\/schema\/person\/2b1cf3cd81a31e3cd26889ca66d677f1","name":"cfeditorfr"}]}},"_links":{"self":[{"href":"https:\/\/www.africa-press.net\/benin\/wp-json\/wp\/v2\/posts\/7312","targetHints":{"allow":["GET"]}}],"collection":[{"href":"https:\/\/www.africa-press.net\/benin\/wp-json\/wp\/v2\/posts"}],"about":[{"href":"https:\/\/www.africa-press.net\/benin\/wp-json\/wp\/v2\/types\/post"}],"author":[{"embeddable":true,"href":"https:\/\/www.africa-press.net\/benin\/wp-json\/wp\/v2\/users\/82"}],"replies":[{"embeddable":true,"href":"https:\/\/www.africa-press.net\/benin\/wp-json\/wp\/v2\/comments?post=7312"}],"version-history":[{"count":0,"href":"https:\/\/www.africa-press.net\/benin\/wp-json\/wp\/v2\/posts\/7312\/revisions"}],"wp:featuredmedia":[{"embeddable":true,"href":"https:\/\/www.africa-press.net\/benin\/wp-json\/wp\/v2\/media\/7311"}],"wp:attachment":[{"href":"https:\/\/www.africa-press.net\/benin\/wp-json\/wp\/v2\/media?parent=7312"}],"wp:term":[{"taxonomy":"category","embeddable":true,"href":"https:\/\/www.africa-press.net\/benin\/wp-json\/wp\/v2\/categories?post=7312"},{"taxonomy":"post_tag","embeddable":true,"href":"https:\/\/www.africa-press.net\/benin\/wp-json\/wp\/v2\/tags?post=7312"}],"curies":[{"name":"wp","href":"https:\/\/api.w.org\/{rel}","templated":true}]}}