{"id":7315,"date":"2022-07-28T20:04:00","date_gmt":"2022-07-28T20:04:00","guid":{"rendered":"https:\/\/www.africa-press.net\/benin\/politique\/la-croissance-du-benin-impressionne-le-monde-lionel-zinsou"},"modified":"2022-07-28T20:21:23","modified_gmt":"2022-07-28T20:21:23","slug":"la-croissance-du-benin-impressionne-le-monde-lionel-zinsou","status":"publish","type":"post","link":"https:\/\/www.africa-press.net\/benin\/politique\/la-croissance-du-benin-impressionne-le-monde-lionel-zinsou","title":{"rendered":"\u00ab\u00a0La croissance du B\u00e9nin impressionne le monde\u00a0\u00bb, Lionel Zinsou"},"content":{"rendered":"<p><span style=\"color: #ff6600\"><strong>Africa-Press &#8211; Benin. <\/strong><\/span>A Cotonou \u00e0 c\u00f4t\u00e9 du pr\u00e9sident fran\u00e7ais Emmanuel Macron et de son challenger de 2016, le pr\u00e9sident Patrice Talon, l\u2019ancien premier ministre de Boni Yayi, Lionel Zinsou a justifi\u00e9 la pr\u00e9sence au B\u00e9nin du locataire de l\u2019Elys\u00e9e par le fait que le pays a aujourd\u2019hui une performance \u00e9conomique qui impressionne le monde.<\/p>\n<p>L\u2019ancien premier ministre b\u00e9ninois, Lionel Zinsou \u00e9tait ce mercredi 27 Juillet 2022 au palais de la pr\u00e9sidence de la R\u00e9publique o\u00f9 aux c\u00f4t\u00e9s du pr\u00e9sident Marcon et Patrice Talon, il a visit\u00e9 les 26 tr\u00e9sors royaux.<\/p>\n<p>Interrog\u00e9 par les professionnels des m\u00e9dias sur les raisons de la pr\u00e9sence du pr\u00e9sident fran\u00e7ais dans sa seconde patrie; Lionel Zinsou affirme que le B\u00e9nin est devenu une curiosit\u00e9 du fait de la performance \u00e9conomique qu\u2019il affiche et qui impressionne le monde.<\/p>\n<p>\u00ab La croissance du B\u00e9nin impressionne le monde et il se trouve que la France est une partie prenante dans ce domaine comme d\u2019autres pays\u00ab , a indiqu\u00e9 Lionel Zinsou<\/p>\n<p>Pour ce qui est de sa pr\u00e9sence personnelle au palais de la R\u00e9publique, le banquier d\u2019affaire Lionel Zinsou indique qu\u2019il a \u00e9t\u00e9 invit\u00e9 par le chef de l\u2019Etat, le pr\u00e9sident Patrice Talon.<\/p>\n<p>Cette invitation dont il a b\u00e9n\u00e9fici\u00e9 de la part du pr\u00e9sident de la R\u00e9publique du B\u00e9nin clarifie-t-il, est due \u00e0 la place accord\u00e9e \u00e0 la culture dans l\u2019agenda d\u2019accueil du pr\u00e9sident fran\u00e7ais. L\u2019ancien premier ministre de Boni Yayi \u00e9voque notamment la place accord\u00e9e aux tr\u00e9sors royaux pour lesquels sa fille Marie C\u00e9cile a jou\u00e9 un grand r\u00f4le dans le processus qui a conduit \u00e0 leur restitution.<\/p>\n<p><strong>Pour plus d&rsquo;informations et d&rsquo;analyses sur la <a href=\"https:\/\/www.africa-press.net\/benin\">Benin<\/a>, suivez <a href=\"https:\/\/www.africa-press.net\/\">Africa-Press<\/a><\/strong><\/p>\n","protected":false},"excerpt":{"rendered":"<p>Africa-Press &#8211; Benin. A Cotonou \u00e0 c\u00f4t\u00e9 du pr\u00e9sident fran\u00e7ais Emmanuel Macron et de son challenger de 2016, le pr\u00e9sident Patrice Talon, l\u2019ancien premier ministre de Boni Yayi, Lionel Zinsou a justifi\u00e9 la pr\u00e9sence au B\u00e9nin du locataire de l\u2019Elys\u00e9e par le fait que le pays a aujourd\u2019hui une performance \u00e9conomique qui impressionne le monde. [&hellip;]<\/p>\n","protected":false},"author":82,"featured_media":7314,"comment_status":"open","ping_status":"closed","sticky":false,"template":"","format":"standard","meta":{"footnotes":""},"categories":[11,2,10],"tags":[36,50,45],"class_list":["post-7315","post","type-post","status-publish","format-standard","has-post-thumbnail","hentry","category-homepage-french","category-politique","category-toutes-les-actualites","tag-africa-press","tag-africa-press-benin","tag-benin"],"yoast_head":"<!-- This site is optimized with the Yoast SEO Premium plugin v26.1 (Yoast SEO v27.0) - https:\/\/yoast.com\/product\/yoast-seo-premium-wordpress\/ -->\n<title>\u00ab\u00a0La croissance du B\u00e9nin impressionne le monde\u00a0\u00bb, Lionel Zinsou - B\u00e9nin<\/title>\n<meta name=\"description\" content=\"A Cotonou \u00e0 c\u00f4t\u00e9 du pr\u00e9sident fran\u00e7ais Emmanuel Macron et de son challenger de 2016, le pr\u00e9sident Patrice Talon, l\u2019ancie ...\" \/>\n<meta name=\"robots\" content=\"index, follow, max-snippet:-1, max-image-preview:large, max-video-preview:-1\" \/>\n<link rel=\"canonical\" href=\"https:\/\/www.africa-press.net\/benin\/politique\/la-croissance-du-benin-impressionne-le-monde-lionel-zinsou\" \/>\n<meta property=\"og:locale\" content=\"fr_FR\" \/>\n<meta property=\"og:type\" content=\"article\" \/>\n<meta property=\"og:title\" content=\"\u00ab\u00a0La croissance du B\u00e9nin impressionne le monde\u00a0\u00bb, Lionel Zinsou\" \/>\n<meta property=\"og:description\" content=\"A Cotonou \u00e0 c\u00f4t\u00e9 du pr\u00e9sident fran\u00e7ais Emmanuel Macron et de son challenger de 2016, le pr\u00e9sident Patrice Talon, l\u2019ancie ...\" \/>\n<meta property=\"og:url\" content=\"https:\/\/www.africa-press.net\/benin\/politique\/la-croissance-du-benin-impressionne-le-monde-lionel-zinsou\" \/>\n<meta property=\"og:site_name\" content=\"B\u00e9nin\" \/>\n<meta property=\"article:published_time\" content=\"2022-07-28T20:04:00+00:00\" \/>\n<meta property=\"article:modified_time\" content=\"2022-07-28T20:21:23+00:00\" \/>\n<meta property=\"og:image\" content=\"https:\/\/static.africa-press.net\/benin\/sites\/46\/2022\/07\/postQueueImg_17-62e2efa035a82.jpg\" \/>\n\t<meta property=\"og:image:width\" content=\"1011\" \/>\n\t<meta property=\"og:image:height\" content=\"594\" \/>\n\t<meta property=\"og:image:type\" content=\"image\/jpeg\" \/>\n<meta name=\"author\" content=\"cfeditorfr\" \/>\n<meta name=\"twitter:card\" content=\"summary_large_image\" \/>\n<meta name=\"twitter:label1\" content=\"\u00c9crit par\" \/>\n\t<meta name=\"twitter:data1\" content=\"cfeditorfr\" \/>\n\t<meta name=\"twitter:label2\" content=\"Dur\u00e9e de lecture estim\u00e9e\" \/>\n\t<meta name=\"twitter:data2\" content=\"2 minutes\" \/>\n<script type=\"application\/ld+json\" class=\"yoast-schema-graph\">{\"@context\":\"https:\/\/schema.org\",\"@graph\":[{\"@type\":\"Article\",\"@id\":\"https:\/\/www.africa-press.net\/benin\/politique\/la-croissance-du-benin-impressionne-le-monde-lionel-zinsou#article\",\"isPartOf\":{\"@id\":\"https:\/\/www.africa-press.net\/benin\/politique\/la-croissance-du-benin-impressionne-le-monde-lionel-zinsou\"},\"author\":{\"name\":\"cfeditorfr\",\"@id\":\"https:\/\/www.africa-press.net\/benin\/#\/schema\/person\/2b1cf3cd81a31e3cd26889ca66d677f1\"},\"headline\":\"\u00ab\u00a0La croissance du B\u00e9nin impressionne le monde\u00a0\u00bb, Lionel Zinsou\",\"datePublished\":\"2022-07-28T20:04:00+00:00\",\"dateModified\":\"2022-07-28T20:21:23+00:00\",\"mainEntityOfPage\":{\"@id\":\"https:\/\/www.africa-press.net\/benin\/politique\/la-croissance-du-benin-impressionne-le-monde-lionel-zinsou\"},\"wordCount\":320,\"commentCount\":0,\"image\":{\"@id\":\"https:\/\/www.africa-press.net\/benin\/politique\/la-croissance-du-benin-impressionne-le-monde-lionel-zinsou#primaryimage\"},\"thumbnailUrl\":\"https:\/\/static.africa-press.net\/benin\/sites\/46\/2022\/07\/postQueueImg_17-62e2efa035a82.jpg\",\"keywords\":[\"Africa Press\",\"Africa Press-Benin\",\"B\u00e9nin\"],\"articleSection\":[\"homepage-french\",\"Politique\",\"Toutes les actualit\u00e9s\"],\"inLanguage\":\"fr-FR\",\"potentialAction\":[{\"@type\":\"CommentAction\",\"name\":\"Comment\",\"target\":[\"https:\/\/www.africa-press.net\/benin\/politique\/la-croissance-du-benin-impressionne-le-monde-lionel-zinsou#respond\"]}]},{\"@type\":\"WebPage\",\"@id\":\"https:\/\/www.africa-press.net\/benin\/politique\/la-croissance-du-benin-impressionne-le-monde-lionel-zinsou\",\"url\":\"https:\/\/www.africa-press.net\/benin\/politique\/la-croissance-du-benin-impressionne-le-monde-lionel-zinsou\",\"name\":\"\u00ab\u00a0La croissance du B\u00e9nin impressionne le monde\u00a0\u00bb, Lionel Zinsou - B\u00e9nin\",\"isPartOf\":{\"@id\":\"https:\/\/www.africa-press.net\/benin\/#website\"},\"primaryImageOfPage\":{\"@id\":\"https:\/\/www.africa-press.net\/benin\/politique\/la-croissance-du-benin-impressionne-le-monde-lionel-zinsou#primaryimage\"},\"image\":{\"@id\":\"https:\/\/www.africa-press.net\/benin\/politique\/la-croissance-du-benin-impressionne-le-monde-lionel-zinsou#primaryimage\"},\"thumbnailUrl\":\"https:\/\/static.africa-press.net\/benin\/sites\/46\/2022\/07\/postQueueImg_17-62e2efa035a82.jpg\",\"datePublished\":\"2022-07-28T20:04:00+00:00\",\"dateModified\":\"2022-07-28T20:21:23+00:00\",\"author\":{\"@id\":\"https:\/\/www.africa-press.net\/benin\/#\/schema\/person\/2b1cf3cd81a31e3cd26889ca66d677f1\"},\"description\":\"A Cotonou \u00e0 c\u00f4t\u00e9 du pr\u00e9sident fran\u00e7ais Emmanuel Macron et de son challenger de 2016, le pr\u00e9sident Patrice Talon, l\u2019ancie ...\",\"breadcrumb\":{\"@id\":\"https:\/\/www.africa-press.net\/benin\/politique\/la-croissance-du-benin-impressionne-le-monde-lionel-zinsou#breadcrumb\"},\"inLanguage\":\"fr-FR\",\"potentialAction\":[{\"@type\":\"ReadAction\",\"target\":[\"https:\/\/www.africa-press.net\/benin\/politique\/la-croissance-du-benin-impressionne-le-monde-lionel-zinsou\"]}]},{\"@type\":\"ImageObject\",\"inLanguage\":\"fr-FR\",\"@id\":\"https:\/\/www.africa-press.net\/benin\/politique\/la-croissance-du-benin-impressionne-le-monde-lionel-zinsou#primaryimage\",\"url\":\"https:\/\/static.africa-press.net\/benin\/sites\/46\/2022\/07\/postQueueImg_17-62e2efa035a82.jpg\",\"contentUrl\":\"https:\/\/static.africa-press.net\/benin\/sites\/46\/2022\/07\/postQueueImg_17-62e2efa035a82.jpg\",\"width\":1011,\"height\":594,\"caption\":\"\u00ab\u00a0La croissance du B\u00e9nin impressionne le monde\u00a0\u00bb, Lionel Zinsou\"},{\"@type\":\"BreadcrumbList\",\"@id\":\"https:\/\/www.africa-press.net\/benin\/politique\/la-croissance-du-benin-impressionne-le-monde-lionel-zinsou#breadcrumb\",\"itemListElement\":[{\"@type\":\"ListItem\",\"position\":1,\"name\":\"Accueil\",\"item\":\"https:\/\/www.africa-press.net\/benin\/\"},{\"@type\":\"ListItem\",\"position\":2,\"name\":\"\u00ab\u00a0La croissance du B\u00e9nin impressionne le monde\u00a0\u00bb, Lionel Zinsou\"}]},{\"@type\":\"WebSite\",\"@id\":\"https:\/\/www.africa-press.net\/benin\/#website\",\"url\":\"https:\/\/www.africa-press.net\/benin\/\",\"name\":\"B\u00e9nin\",\"description\":\"Just another Africa News Agency Sites site\",\"potentialAction\":[{\"@type\":\"SearchAction\",\"target\":{\"@type\":\"EntryPoint\",\"urlTemplate\":\"https:\/\/www.africa-press.net\/benin\/?s={search_term_string}\"},\"query-input\":{\"@type\":\"PropertyValueSpecification\",\"valueRequired\":true,\"valueName\":\"search_term_string\"}}],\"inLanguage\":\"fr-FR\"},{\"@type\":\"Person\",\"@id\":\"https:\/\/www.africa-press.net\/benin\/#\/schema\/person\/2b1cf3cd81a31e3cd26889ca66d677f1\",\"name\":\"cfeditorfr\"}]}<\/script>\n<!-- \/ Yoast SEO Premium plugin. -->","yoast_head_json":{"title":"\u00ab\u00a0La croissance du B\u00e9nin impressionne le monde\u00a0\u00bb, Lionel Zinsou - B\u00e9nin","description":"A Cotonou \u00e0 c\u00f4t\u00e9 du pr\u00e9sident fran\u00e7ais Emmanuel Macron et de son challenger de 2016, le pr\u00e9sident Patrice Talon, l\u2019ancie ...","robots":{"index":"index","follow":"follow","max-snippet":"max-snippet:-1","max-image-preview":"max-image-preview:large","max-video-preview":"max-video-preview:-1"},"canonical":"https:\/\/www.africa-press.net\/benin\/politique\/la-croissance-du-benin-impressionne-le-monde-lionel-zinsou","og_locale":"fr_FR","og_type":"article","og_title":"\u00ab\u00a0La croissance du B\u00e9nin impressionne le monde\u00a0\u00bb, Lionel Zinsou","og_description":"A Cotonou \u00e0 c\u00f4t\u00e9 du pr\u00e9sident fran\u00e7ais Emmanuel Macron et de son challenger de 2016, le pr\u00e9sident Patrice Talon, l\u2019ancie ...","og_url":"https:\/\/www.africa-press.net\/benin\/politique\/la-croissance-du-benin-impressionne-le-monde-lionel-zinsou","og_site_name":"B\u00e9nin","article_published_time":"2022-07-28T20:04:00+00:00","article_modified_time":"2022-07-28T20:21:23+00:00","og_image":[{"width":1011,"height":594,"url":"https:\/\/static.africa-press.net\/benin\/sites\/46\/2022\/07\/postQueueImg_17-62e2efa035a82.jpg","type":"image\/jpeg"}],"author":"cfeditorfr","twitter_card":"summary_large_image","twitter_misc":{"\u00c9crit par":"cfeditorfr","Dur\u00e9e de lecture estim\u00e9e":"2 minutes"},"schema":{"@context":"https:\/\/schema.org","@graph":[{"@type":"Article","@id":"https:\/\/www.africa-press.net\/benin\/politique\/la-croissance-du-benin-impressionne-le-monde-lionel-zinsou#article","isPartOf":{"@id":"https:\/\/www.africa-press.net\/benin\/politique\/la-croissance-du-benin-impressionne-le-monde-lionel-zinsou"},"author":{"name":"cfeditorfr","@id":"https:\/\/www.africa-press.net\/benin\/#\/schema\/person\/2b1cf3cd81a31e3cd26889ca66d677f1"},"headline":"\u00ab\u00a0La croissance du B\u00e9nin impressionne le monde\u00a0\u00bb, Lionel Zinsou","datePublished":"2022-07-28T20:04:00+00:00","dateModified":"2022-07-28T20:21:23+00:00","mainEntityOfPage":{"@id":"https:\/\/www.africa-press.net\/benin\/politique\/la-croissance-du-benin-impressionne-le-monde-lionel-zinsou"},"wordCount":320,"commentCount":0,"image":{"@id":"https:\/\/www.africa-press.net\/benin\/politique\/la-croissance-du-benin-impressionne-le-monde-lionel-zinsou#primaryimage"},"thumbnailUrl":"https:\/\/static.africa-press.net\/benin\/sites\/46\/2022\/07\/postQueueImg_17-62e2efa035a82.jpg","keywords":["Africa Press","Africa Press-Benin","B\u00e9nin"],"articleSection":["homepage-french","Politique","Toutes les actualit\u00e9s"],"inLanguage":"fr-FR","potentialAction":[{"@type":"CommentAction","name":"Comment","target":["https:\/\/www.africa-press.net\/benin\/politique\/la-croissance-du-benin-impressionne-le-monde-lionel-zinsou#respond"]}]},{"@type":"WebPage","@id":"https:\/\/www.africa-press.net\/benin\/politique\/la-croissance-du-benin-impressionne-le-monde-lionel-zinsou","url":"https:\/\/www.africa-press.net\/benin\/politique\/la-croissance-du-benin-impressionne-le-monde-lionel-zinsou","name":"\u00ab\u00a0La croissance du B\u00e9nin impressionne le monde\u00a0\u00bb, Lionel Zinsou - B\u00e9nin","isPartOf":{"@id":"https:\/\/www.africa-press.net\/benin\/#website"},"primaryImageOfPage":{"@id":"https:\/\/www.africa-press.net\/benin\/politique\/la-croissance-du-benin-impressionne-le-monde-lionel-zinsou#primaryimage"},"image":{"@id":"https:\/\/www.africa-press.net\/benin\/politique\/la-croissance-du-benin-impressionne-le-monde-lionel-zinsou#primaryimage"},"thumbnailUrl":"https:\/\/static.africa-press.net\/benin\/sites\/46\/2022\/07\/postQueueImg_17-62e2efa035a82.jpg","datePublished":"2022-07-28T20:04:00+00:00","dateModified":"2022-07-28T20:21:23+00:00","author":{"@id":"https:\/\/www.africa-press.net\/benin\/#\/schema\/person\/2b1cf3cd81a31e3cd26889ca66d677f1"},"description":"A Cotonou \u00e0 c\u00f4t\u00e9 du pr\u00e9sident fran\u00e7ais Emmanuel Macron et de son challenger de 2016, le pr\u00e9sident Patrice Talon, l\u2019ancie ...","breadcrumb":{"@id":"https:\/\/www.africa-press.net\/benin\/politique\/la-croissance-du-benin-impressionne-le-monde-lionel-zinsou#breadcrumb"},"inLanguage":"fr-FR","potentialAction":[{"@type":"ReadAction","target":["https:\/\/www.africa-press.net\/benin\/politique\/la-croissance-du-benin-impressionne-le-monde-lionel-zinsou"]}]},{"@type":"ImageObject","inLanguage":"fr-FR","@id":"https:\/\/www.africa-press.net\/benin\/politique\/la-croissance-du-benin-impressionne-le-monde-lionel-zinsou#primaryimage","url":"https:\/\/static.africa-press.net\/benin\/sites\/46\/2022\/07\/postQueueImg_17-62e2efa035a82.jpg","contentUrl":"https:\/\/static.africa-press.net\/benin\/sites\/46\/2022\/07\/postQueueImg_17-62e2efa035a82.jpg","width":1011,"height":594,"caption":"\u00ab\u00a0La croissance du B\u00e9nin impressionne le monde\u00a0\u00bb, Lionel Zinsou"},{"@type":"BreadcrumbList","@id":"https:\/\/www.africa-press.net\/benin\/politique\/la-croissance-du-benin-impressionne-le-monde-lionel-zinsou#breadcrumb","itemListElement":[{"@type":"ListItem","position":1,"name":"Accueil","item":"https:\/\/www.africa-press.net\/benin\/"},{"@type":"ListItem","position":2,"name":"\u00ab\u00a0La croissance du B\u00e9nin impressionne le monde\u00a0\u00bb, Lionel Zinsou"}]},{"@type":"WebSite","@id":"https:\/\/www.africa-press.net\/benin\/#website","url":"https:\/\/www.africa-press.net\/benin\/","name":"B\u00e9nin","description":"Just another Africa News Agency Sites site","potentialAction":[{"@type":"SearchAction","target":{"@type":"EntryPoint","urlTemplate":"https:\/\/www.africa-press.net\/benin\/?s={search_term_string}"},"query-input":{"@type":"PropertyValueSpecification","valueRequired":true,"valueName":"search_term_string"}}],"inLanguage":"fr-FR"},{"@type":"Person","@id":"https:\/\/www.africa-press.net\/benin\/#\/schema\/person\/2b1cf3cd81a31e3cd26889ca66d677f1","name":"cfeditorfr"}]}},"_links":{"self":[{"href":"https:\/\/www.africa-press.net\/benin\/wp-json\/wp\/v2\/posts\/7315","targetHints":{"allow":["GET"]}}],"collection":[{"href":"https:\/\/www.africa-press.net\/benin\/wp-json\/wp\/v2\/posts"}],"about":[{"href":"https:\/\/www.africa-press.net\/benin\/wp-json\/wp\/v2\/types\/post"}],"author":[{"embeddable":true,"href":"https:\/\/www.africa-press.net\/benin\/wp-json\/wp\/v2\/users\/82"}],"replies":[{"embeddable":true,"href":"https:\/\/www.africa-press.net\/benin\/wp-json\/wp\/v2\/comments?post=7315"}],"version-history":[{"count":0,"href":"https:\/\/www.africa-press.net\/benin\/wp-json\/wp\/v2\/posts\/7315\/revisions"}],"wp:featuredmedia":[{"embeddable":true,"href":"https:\/\/www.africa-press.net\/benin\/wp-json\/wp\/v2\/media\/7314"}],"wp:attachment":[{"href":"https:\/\/www.africa-press.net\/benin\/wp-json\/wp\/v2\/media?parent=7315"}],"wp:term":[{"taxonomy":"category","embeddable":true,"href":"https:\/\/www.africa-press.net\/benin\/wp-json\/wp\/v2\/categories?post=7315"},{"taxonomy":"post_tag","embeddable":true,"href":"https:\/\/www.africa-press.net\/benin\/wp-json\/wp\/v2\/tags?post=7315"}],"curies":[{"name":"wp","href":"https:\/\/api.w.org\/{rel}","templated":true}]}}