{"id":7318,"date":"2022-07-28T20:04:09","date_gmt":"2022-07-28T20:04:09","guid":{"rendered":"https:\/\/www.africa-press.net\/benin\/politique\/benin-accuse-dempoisonnement-en-2011-il-est-acquitte-au-benefice-du-doute"},"modified":"2022-07-28T20:22:06","modified_gmt":"2022-07-28T20:22:06","slug":"benin-accuse-dempoisonnement-en-2011-il-est-acquitte-au-benefice-du-doute","status":"publish","type":"post","link":"https:\/\/www.africa-press.net\/benin\/photo\/benin-accuse-dempoisonnement-en-2011-il-est-acquitte-au-benefice-du-doute","title":{"rendered":"B\u00e9nin: accus\u00e9 d\u2019empoisonnement en 2011, il est acquitt\u00e9 au b\u00e9n\u00e9fice du doute"},"content":{"rendered":"<p><span style=\"color: #ff6600\"><strong>Africa-Press &#8211; Benin. <\/strong><\/span>Accus\u00e9 d\u2019empoisonnement en 2011, un agent d\u2019entretien a \u00e9t\u00e9 acquitt\u00e9 ce mercredi 27 Juillet 2022 par le tribunal de premi\u00e8re instance de premi\u00e8re classe de Cotonou.<\/p>\n<p>La session criminelle en cours au tribunal de Cotonou a connu hier mercredi 27 Juillet 2022 un dossier d\u2019empoisonnement. L\u2019accus\u00e9, un agent d\u2019entretien a \u00e9t\u00e9 arr\u00eat\u00e9 et plac\u00e9 sous mandat de d\u00e9p\u00f4t le 10 Mars 2011. Jouissant d\u2019une libert\u00e9 provisoire qu\u2019il a obtenu le 20 Janvier 2012, il ne s\u2019est pas pr\u00e9sent\u00e9 \u00e0 l\u2019audience de ce mercredi.<\/p>\n<p>A l\u2019ouverture de ladite audience, le repr\u00e9sentant du minist\u00e8re public a demand\u00e9 de statuer par d\u00e9faut sur le dossier. Une demande qui n\u2019a fait objet d\u2019aucune contestation ni de la part de la d\u00e9fense, ni du tribunal.<\/p>\n<p>Dans sa r\u00e9quisition, le minist\u00e8re public a demand\u00e9 au tribunal de relaxer l\u2019accus\u00e9 au b\u00e9n\u00e9fice du doute. Le tribunal de Cotonou est all\u00e9 dans le sens du minist\u00e8re public, l\u2019agent d\u2019entretien fut acquitt\u00e9 au b\u00e9n\u00e9fice du doute 11 ans apr\u00e8s les faits.<\/p>\n<p>Retour sur les faits\u2026<\/p>\n<p>Le 22 F\u00e9vrier 2011, l\u2019accus\u00e9 a invit\u00e9 la victime au carrefour le b\u00e9lier \u00e0 Cotonou o\u00f9 il lui a donn\u00e9 un plat d\u2019un bouillon de patate douce. La victime m\u00e9fiante de cette marque de g\u00e9n\u00e9rosit\u00e9 et sur les conseils de sa s\u0153ur n\u2019a pas mang\u00e9 le repas du g\u00e9n\u00e9reux donateur.<\/p>\n<p>Il aurait sur demande d\u2019un agent de police contact\u00e9, donn\u00e9 le repas \u00e0 une poule qui en est morte quelques instants apr\u00e8s. Le lendemain, la victime a re\u00e7u un coup de fil de l\u2019agent d\u2019entretien qui voulait s\u2019enqu\u00e9rir de ses nouvelles.<\/p>\n<p>Le 7 Mars 2021, l\u2019agent d\u2019entretien fut appr\u00e9hend\u00e9 par la victime qui l\u2019a conduit \u00e0 un poste de police. Poursuivi pour empoisonnement, l\u2019agent d\u2019entretien a ni\u00e9 les faits \u00e0 tous les niveaux de la proc\u00e9dure.<\/p>\n<p>Au cours du proc\u00e8s ce mercredi, le repr\u00e9sentant du minist\u00e8re public a fait savoir que le poulet est mort au domicile de la victime et qu\u2019il n\u2019y a aucune base sur laquelle s\u2019appuyer pour dire que la patate douce contenait des substances mortelles. Il conclut en affirmant qu\u2019il y a trop de doutes qui planent sur les accusations de la victime. Il demande alors le relaxe de l\u2019accus\u00e9 au b\u00e9n\u00e9fice du doute.<\/p>\n<p><strong>Pour plus d&rsquo;informations et d&rsquo;analyses sur la <a href=\"https:\/\/www.africa-press.net\/benin\">Benin<\/a>, suivez <a href=\"https:\/\/www.africa-press.net\/\">Africa-Press<\/a><\/strong><\/p>\n","protected":false},"excerpt":{"rendered":"<p>Africa-Press &#8211; Benin. Accus\u00e9 d\u2019empoisonnement en 2011, un agent d\u2019entretien a \u00e9t\u00e9 acquitt\u00e9 ce mercredi 27 Juillet 2022 par le tribunal de premi\u00e8re instance de premi\u00e8re classe de Cotonou. La session criminelle en cours au tribunal de Cotonou a connu hier mercredi 27 Juillet 2022 un dossier d\u2019empoisonnement. L\u2019accus\u00e9, un agent d\u2019entretien a \u00e9t\u00e9 arr\u00eat\u00e9 [&hellip;]<\/p>\n","protected":false},"author":82,"featured_media":7317,"comment_status":"open","ping_status":"closed","sticky":false,"template":"","format":"standard","meta":{"footnotes":""},"categories":[21,11,8,10],"tags":[36,50,45],"class_list":["post-7318","post","type-post","status-publish","format-standard","has-post-thumbnail","hentry","category-communaute","category-homepage-french","category-photo","category-toutes-les-actualites","tag-africa-press","tag-africa-press-benin","tag-benin"],"yoast_head":"<!-- This site is optimized with the Yoast SEO Premium plugin v26.1 (Yoast SEO v27.0) - https:\/\/yoast.com\/product\/yoast-seo-premium-wordpress\/ -->\n<title>B\u00e9nin: accus\u00e9 d\u2019empoisonnement en 2011, il est acquitt\u00e9 au b\u00e9n\u00e9fice du doute - B\u00e9nin<\/title>\n<meta name=\"description\" content=\"Accus\u00e9 d\u2019empoisonnement en 2011, un agent d\u2019entretien a \u00e9t\u00e9 acquitt\u00e9 ce mercredi 27 Juillet 2022 par le tribunal de prem ...\" \/>\n<meta name=\"robots\" content=\"index, follow, max-snippet:-1, max-image-preview:large, max-video-preview:-1\" \/>\n<link rel=\"canonical\" href=\"https:\/\/www.africa-press.net\/benin\/photo\/benin-accuse-dempoisonnement-en-2011-il-est-acquitte-au-benefice-du-doute\" \/>\n<meta property=\"og:locale\" content=\"fr_FR\" \/>\n<meta property=\"og:type\" content=\"article\" \/>\n<meta property=\"og:title\" content=\"B\u00e9nin: accus\u00e9 d\u2019empoisonnement en 2011, il est acquitt\u00e9 au b\u00e9n\u00e9fice du doute\" \/>\n<meta property=\"og:description\" content=\"Accus\u00e9 d\u2019empoisonnement en 2011, un agent d\u2019entretien a \u00e9t\u00e9 acquitt\u00e9 ce mercredi 27 Juillet 2022 par le tribunal de prem ...\" \/>\n<meta property=\"og:url\" content=\"https:\/\/www.africa-press.net\/benin\/photo\/benin-accuse-dempoisonnement-en-2011-il-est-acquitte-au-benefice-du-doute\" \/>\n<meta property=\"og:site_name\" content=\"B\u00e9nin\" \/>\n<meta property=\"article:published_time\" content=\"2022-07-28T20:04:09+00:00\" \/>\n<meta property=\"article:modified_time\" content=\"2022-07-28T20:22:06+00:00\" \/>\n<meta property=\"og:image\" content=\"https:\/\/static.africa-press.net\/benin\/sites\/46\/2022\/07\/postQueueImg_18-62e2efc822fa9.jpg\" \/>\n\t<meta property=\"og:image:width\" content=\"1500\" \/>\n\t<meta property=\"og:image:height\" content=\"845\" \/>\n\t<meta property=\"og:image:type\" content=\"image\/jpeg\" \/>\n<meta name=\"author\" content=\"cfeditorfr\" \/>\n<meta name=\"twitter:card\" content=\"summary_large_image\" \/>\n<meta name=\"twitter:label1\" content=\"\u00c9crit par\" \/>\n\t<meta name=\"twitter:data1\" content=\"cfeditorfr\" \/>\n\t<meta name=\"twitter:label2\" content=\"Dur\u00e9e de lecture estim\u00e9e\" \/>\n\t<meta name=\"twitter:data2\" content=\"2 minutes\" \/>\n<script type=\"application\/ld+json\" class=\"yoast-schema-graph\">{\"@context\":\"https:\/\/schema.org\",\"@graph\":[{\"@type\":\"Article\",\"@id\":\"https:\/\/www.africa-press.net\/benin\/photo\/benin-accuse-dempoisonnement-en-2011-il-est-acquitte-au-benefice-du-doute#article\",\"isPartOf\":{\"@id\":\"https:\/\/www.africa-press.net\/benin\/photo\/benin-accuse-dempoisonnement-en-2011-il-est-acquitte-au-benefice-du-doute\"},\"author\":{\"name\":\"cfeditorfr\",\"@id\":\"https:\/\/www.africa-press.net\/benin\/#\/schema\/person\/2b1cf3cd81a31e3cd26889ca66d677f1\"},\"headline\":\"B\u00e9nin: accus\u00e9 d\u2019empoisonnement en 2011, il est acquitt\u00e9 au b\u00e9n\u00e9fice du doute\",\"datePublished\":\"2022-07-28T20:04:09+00:00\",\"dateModified\":\"2022-07-28T20:22:06+00:00\",\"mainEntityOfPage\":{\"@id\":\"https:\/\/www.africa-press.net\/benin\/photo\/benin-accuse-dempoisonnement-en-2011-il-est-acquitte-au-benefice-du-doute\"},\"wordCount\":443,\"commentCount\":0,\"image\":{\"@id\":\"https:\/\/www.africa-press.net\/benin\/photo\/benin-accuse-dempoisonnement-en-2011-il-est-acquitte-au-benefice-du-doute#primaryimage\"},\"thumbnailUrl\":\"https:\/\/static.africa-press.net\/benin\/sites\/46\/2022\/07\/postQueueImg_18-62e2efc822fa9.jpg\",\"keywords\":[\"Africa Press\",\"Africa Press-Benin\",\"B\u00e9nin\"],\"articleSection\":[\"Communaut\u00e9\",\"homepage-french\",\"Photo\",\"Toutes les actualit\u00e9s\"],\"inLanguage\":\"fr-FR\",\"potentialAction\":[{\"@type\":\"CommentAction\",\"name\":\"Comment\",\"target\":[\"https:\/\/www.africa-press.net\/benin\/photo\/benin-accuse-dempoisonnement-en-2011-il-est-acquitte-au-benefice-du-doute#respond\"]}]},{\"@type\":\"WebPage\",\"@id\":\"https:\/\/www.africa-press.net\/benin\/photo\/benin-accuse-dempoisonnement-en-2011-il-est-acquitte-au-benefice-du-doute\",\"url\":\"https:\/\/www.africa-press.net\/benin\/photo\/benin-accuse-dempoisonnement-en-2011-il-est-acquitte-au-benefice-du-doute\",\"name\":\"B\u00e9nin: accus\u00e9 d\u2019empoisonnement en 2011, il est acquitt\u00e9 au b\u00e9n\u00e9fice du doute - B\u00e9nin\",\"isPartOf\":{\"@id\":\"https:\/\/www.africa-press.net\/benin\/#website\"},\"primaryImageOfPage\":{\"@id\":\"https:\/\/www.africa-press.net\/benin\/photo\/benin-accuse-dempoisonnement-en-2011-il-est-acquitte-au-benefice-du-doute#primaryimage\"},\"image\":{\"@id\":\"https:\/\/www.africa-press.net\/benin\/photo\/benin-accuse-dempoisonnement-en-2011-il-est-acquitte-au-benefice-du-doute#primaryimage\"},\"thumbnailUrl\":\"https:\/\/static.africa-press.net\/benin\/sites\/46\/2022\/07\/postQueueImg_18-62e2efc822fa9.jpg\",\"datePublished\":\"2022-07-28T20:04:09+00:00\",\"dateModified\":\"2022-07-28T20:22:06+00:00\",\"author\":{\"@id\":\"https:\/\/www.africa-press.net\/benin\/#\/schema\/person\/2b1cf3cd81a31e3cd26889ca66d677f1\"},\"description\":\"Accus\u00e9 d\u2019empoisonnement en 2011, un agent d\u2019entretien a \u00e9t\u00e9 acquitt\u00e9 ce mercredi 27 Juillet 2022 par le tribunal de prem ...\",\"breadcrumb\":{\"@id\":\"https:\/\/www.africa-press.net\/benin\/photo\/benin-accuse-dempoisonnement-en-2011-il-est-acquitte-au-benefice-du-doute#breadcrumb\"},\"inLanguage\":\"fr-FR\",\"potentialAction\":[{\"@type\":\"ReadAction\",\"target\":[\"https:\/\/www.africa-press.net\/benin\/photo\/benin-accuse-dempoisonnement-en-2011-il-est-acquitte-au-benefice-du-doute\"]}]},{\"@type\":\"ImageObject\",\"inLanguage\":\"fr-FR\",\"@id\":\"https:\/\/www.africa-press.net\/benin\/photo\/benin-accuse-dempoisonnement-en-2011-il-est-acquitte-au-benefice-du-doute#primaryimage\",\"url\":\"https:\/\/static.africa-press.net\/benin\/sites\/46\/2022\/07\/postQueueImg_18-62e2efc822fa9.jpg\",\"contentUrl\":\"https:\/\/static.africa-press.net\/benin\/sites\/46\/2022\/07\/postQueueImg_18-62e2efc822fa9.jpg\",\"width\":1500,\"height\":845,\"caption\":\"B\u00e9nin: accus\u00e9 d\u2019empoisonnement en 2011, il est acquitt\u00e9 au b\u00e9n\u00e9fice du doute\"},{\"@type\":\"BreadcrumbList\",\"@id\":\"https:\/\/www.africa-press.net\/benin\/photo\/benin-accuse-dempoisonnement-en-2011-il-est-acquitte-au-benefice-du-doute#breadcrumb\",\"itemListElement\":[{\"@type\":\"ListItem\",\"position\":1,\"name\":\"Accueil\",\"item\":\"https:\/\/www.africa-press.net\/benin\/\"},{\"@type\":\"ListItem\",\"position\":2,\"name\":\"B\u00e9nin: accus\u00e9 d\u2019empoisonnement en 2011, il est acquitt\u00e9 au b\u00e9n\u00e9fice du doute\"}]},{\"@type\":\"WebSite\",\"@id\":\"https:\/\/www.africa-press.net\/benin\/#website\",\"url\":\"https:\/\/www.africa-press.net\/benin\/\",\"name\":\"B\u00e9nin\",\"description\":\"Just another Africa News Agency Sites site\",\"potentialAction\":[{\"@type\":\"SearchAction\",\"target\":{\"@type\":\"EntryPoint\",\"urlTemplate\":\"https:\/\/www.africa-press.net\/benin\/?s={search_term_string}\"},\"query-input\":{\"@type\":\"PropertyValueSpecification\",\"valueRequired\":true,\"valueName\":\"search_term_string\"}}],\"inLanguage\":\"fr-FR\"},{\"@type\":\"Person\",\"@id\":\"https:\/\/www.africa-press.net\/benin\/#\/schema\/person\/2b1cf3cd81a31e3cd26889ca66d677f1\",\"name\":\"cfeditorfr\"}]}<\/script>\n<!-- \/ Yoast SEO Premium plugin. -->","yoast_head_json":{"title":"B\u00e9nin: accus\u00e9 d\u2019empoisonnement en 2011, il est acquitt\u00e9 au b\u00e9n\u00e9fice du doute - B\u00e9nin","description":"Accus\u00e9 d\u2019empoisonnement en 2011, un agent d\u2019entretien a \u00e9t\u00e9 acquitt\u00e9 ce mercredi 27 Juillet 2022 par le tribunal de prem ...","robots":{"index":"index","follow":"follow","max-snippet":"max-snippet:-1","max-image-preview":"max-image-preview:large","max-video-preview":"max-video-preview:-1"},"canonical":"https:\/\/www.africa-press.net\/benin\/photo\/benin-accuse-dempoisonnement-en-2011-il-est-acquitte-au-benefice-du-doute","og_locale":"fr_FR","og_type":"article","og_title":"B\u00e9nin: accus\u00e9 d\u2019empoisonnement en 2011, il est acquitt\u00e9 au b\u00e9n\u00e9fice du doute","og_description":"Accus\u00e9 d\u2019empoisonnement en 2011, un agent d\u2019entretien a \u00e9t\u00e9 acquitt\u00e9 ce mercredi 27 Juillet 2022 par le tribunal de prem ...","og_url":"https:\/\/www.africa-press.net\/benin\/photo\/benin-accuse-dempoisonnement-en-2011-il-est-acquitte-au-benefice-du-doute","og_site_name":"B\u00e9nin","article_published_time":"2022-07-28T20:04:09+00:00","article_modified_time":"2022-07-28T20:22:06+00:00","og_image":[{"width":1500,"height":845,"url":"https:\/\/static.africa-press.net\/benin\/sites\/46\/2022\/07\/postQueueImg_18-62e2efc822fa9.jpg","type":"image\/jpeg"}],"author":"cfeditorfr","twitter_card":"summary_large_image","twitter_misc":{"\u00c9crit par":"cfeditorfr","Dur\u00e9e de lecture estim\u00e9e":"2 minutes"},"schema":{"@context":"https:\/\/schema.org","@graph":[{"@type":"Article","@id":"https:\/\/www.africa-press.net\/benin\/photo\/benin-accuse-dempoisonnement-en-2011-il-est-acquitte-au-benefice-du-doute#article","isPartOf":{"@id":"https:\/\/www.africa-press.net\/benin\/photo\/benin-accuse-dempoisonnement-en-2011-il-est-acquitte-au-benefice-du-doute"},"author":{"name":"cfeditorfr","@id":"https:\/\/www.africa-press.net\/benin\/#\/schema\/person\/2b1cf3cd81a31e3cd26889ca66d677f1"},"headline":"B\u00e9nin: accus\u00e9 d\u2019empoisonnement en 2011, il est acquitt\u00e9 au b\u00e9n\u00e9fice du doute","datePublished":"2022-07-28T20:04:09+00:00","dateModified":"2022-07-28T20:22:06+00:00","mainEntityOfPage":{"@id":"https:\/\/www.africa-press.net\/benin\/photo\/benin-accuse-dempoisonnement-en-2011-il-est-acquitte-au-benefice-du-doute"},"wordCount":443,"commentCount":0,"image":{"@id":"https:\/\/www.africa-press.net\/benin\/photo\/benin-accuse-dempoisonnement-en-2011-il-est-acquitte-au-benefice-du-doute#primaryimage"},"thumbnailUrl":"https:\/\/static.africa-press.net\/benin\/sites\/46\/2022\/07\/postQueueImg_18-62e2efc822fa9.jpg","keywords":["Africa Press","Africa Press-Benin","B\u00e9nin"],"articleSection":["Communaut\u00e9","homepage-french","Photo","Toutes les actualit\u00e9s"],"inLanguage":"fr-FR","potentialAction":[{"@type":"CommentAction","name":"Comment","target":["https:\/\/www.africa-press.net\/benin\/photo\/benin-accuse-dempoisonnement-en-2011-il-est-acquitte-au-benefice-du-doute#respond"]}]},{"@type":"WebPage","@id":"https:\/\/www.africa-press.net\/benin\/photo\/benin-accuse-dempoisonnement-en-2011-il-est-acquitte-au-benefice-du-doute","url":"https:\/\/www.africa-press.net\/benin\/photo\/benin-accuse-dempoisonnement-en-2011-il-est-acquitte-au-benefice-du-doute","name":"B\u00e9nin: accus\u00e9 d\u2019empoisonnement en 2011, il est acquitt\u00e9 au b\u00e9n\u00e9fice du doute - B\u00e9nin","isPartOf":{"@id":"https:\/\/www.africa-press.net\/benin\/#website"},"primaryImageOfPage":{"@id":"https:\/\/www.africa-press.net\/benin\/photo\/benin-accuse-dempoisonnement-en-2011-il-est-acquitte-au-benefice-du-doute#primaryimage"},"image":{"@id":"https:\/\/www.africa-press.net\/benin\/photo\/benin-accuse-dempoisonnement-en-2011-il-est-acquitte-au-benefice-du-doute#primaryimage"},"thumbnailUrl":"https:\/\/static.africa-press.net\/benin\/sites\/46\/2022\/07\/postQueueImg_18-62e2efc822fa9.jpg","datePublished":"2022-07-28T20:04:09+00:00","dateModified":"2022-07-28T20:22:06+00:00","author":{"@id":"https:\/\/www.africa-press.net\/benin\/#\/schema\/person\/2b1cf3cd81a31e3cd26889ca66d677f1"},"description":"Accus\u00e9 d\u2019empoisonnement en 2011, un agent d\u2019entretien a \u00e9t\u00e9 acquitt\u00e9 ce mercredi 27 Juillet 2022 par le tribunal de prem ...","breadcrumb":{"@id":"https:\/\/www.africa-press.net\/benin\/photo\/benin-accuse-dempoisonnement-en-2011-il-est-acquitte-au-benefice-du-doute#breadcrumb"},"inLanguage":"fr-FR","potentialAction":[{"@type":"ReadAction","target":["https:\/\/www.africa-press.net\/benin\/photo\/benin-accuse-dempoisonnement-en-2011-il-est-acquitte-au-benefice-du-doute"]}]},{"@type":"ImageObject","inLanguage":"fr-FR","@id":"https:\/\/www.africa-press.net\/benin\/photo\/benin-accuse-dempoisonnement-en-2011-il-est-acquitte-au-benefice-du-doute#primaryimage","url":"https:\/\/static.africa-press.net\/benin\/sites\/46\/2022\/07\/postQueueImg_18-62e2efc822fa9.jpg","contentUrl":"https:\/\/static.africa-press.net\/benin\/sites\/46\/2022\/07\/postQueueImg_18-62e2efc822fa9.jpg","width":1500,"height":845,"caption":"B\u00e9nin: accus\u00e9 d\u2019empoisonnement en 2011, il est acquitt\u00e9 au b\u00e9n\u00e9fice du doute"},{"@type":"BreadcrumbList","@id":"https:\/\/www.africa-press.net\/benin\/photo\/benin-accuse-dempoisonnement-en-2011-il-est-acquitte-au-benefice-du-doute#breadcrumb","itemListElement":[{"@type":"ListItem","position":1,"name":"Accueil","item":"https:\/\/www.africa-press.net\/benin\/"},{"@type":"ListItem","position":2,"name":"B\u00e9nin: accus\u00e9 d\u2019empoisonnement en 2011, il est acquitt\u00e9 au b\u00e9n\u00e9fice du doute"}]},{"@type":"WebSite","@id":"https:\/\/www.africa-press.net\/benin\/#website","url":"https:\/\/www.africa-press.net\/benin\/","name":"B\u00e9nin","description":"Just another Africa News Agency Sites site","potentialAction":[{"@type":"SearchAction","target":{"@type":"EntryPoint","urlTemplate":"https:\/\/www.africa-press.net\/benin\/?s={search_term_string}"},"query-input":{"@type":"PropertyValueSpecification","valueRequired":true,"valueName":"search_term_string"}}],"inLanguage":"fr-FR"},{"@type":"Person","@id":"https:\/\/www.africa-press.net\/benin\/#\/schema\/person\/2b1cf3cd81a31e3cd26889ca66d677f1","name":"cfeditorfr"}]}},"_links":{"self":[{"href":"https:\/\/www.africa-press.net\/benin\/wp-json\/wp\/v2\/posts\/7318","targetHints":{"allow":["GET"]}}],"collection":[{"href":"https:\/\/www.africa-press.net\/benin\/wp-json\/wp\/v2\/posts"}],"about":[{"href":"https:\/\/www.africa-press.net\/benin\/wp-json\/wp\/v2\/types\/post"}],"author":[{"embeddable":true,"href":"https:\/\/www.africa-press.net\/benin\/wp-json\/wp\/v2\/users\/82"}],"replies":[{"embeddable":true,"href":"https:\/\/www.africa-press.net\/benin\/wp-json\/wp\/v2\/comments?post=7318"}],"version-history":[{"count":0,"href":"https:\/\/www.africa-press.net\/benin\/wp-json\/wp\/v2\/posts\/7318\/revisions"}],"wp:featuredmedia":[{"embeddable":true,"href":"https:\/\/www.africa-press.net\/benin\/wp-json\/wp\/v2\/media\/7317"}],"wp:attachment":[{"href":"https:\/\/www.africa-press.net\/benin\/wp-json\/wp\/v2\/media?parent=7318"}],"wp:term":[{"taxonomy":"category","embeddable":true,"href":"https:\/\/www.africa-press.net\/benin\/wp-json\/wp\/v2\/categories?post=7318"},{"taxonomy":"post_tag","embeddable":true,"href":"https:\/\/www.africa-press.net\/benin\/wp-json\/wp\/v2\/tags?post=7318"}],"curies":[{"name":"wp","href":"https:\/\/api.w.org\/{rel}","templated":true}]}}