{"id":7321,"date":"2022-07-28T20:04:22","date_gmt":"2022-07-28T20:04:22","guid":{"rendered":"https:\/\/www.africa-press.net\/benin\/politique\/je-lencourage-a-aller-jusquau-bout-alassane-tigri-a-talon-apres-la-liberation-de-30-detenus"},"modified":"2022-07-28T20:22:47","modified_gmt":"2022-07-28T20:22:47","slug":"je-lencourage-a-aller-jusquau-bout-alassane-tigri-a-talon-apres-la-liberation-de-30-detenus","status":"publish","type":"post","link":"https:\/\/www.africa-press.net\/benin\/politique\/je-lencourage-a-aller-jusquau-bout-alassane-tigri-a-talon-apres-la-liberation-de-30-detenus","title":{"rendered":"\u00ab\u00a0Je l\u2019encourage \u00e0 aller jusqu\u2019au bout\u00a0\u00bb, Alassane Tigri \u00e0 Talon apr\u00e8s la lib\u00e9ration de 30 d\u00e9tenus"},"content":{"rendered":"<p><span style=\"color: #ff6600\"><strong>Africa-Press &#8211; Benin. <\/strong><\/span>Le Mercredi 27 Juillet 2022, une trentaine de personnalit\u00e9s et activistes politiques d\u00e9pos\u00e9s en prison depuis un an, ont recouvert leur libert\u00e9. Ils \u00e9taient poursuivis suite aux violences qui ont pr\u00e9c\u00e9d\u00e9 la tenue de la pr\u00e9sidentielle de 2021. Satisfait de ce pas vers la d\u00e9crispation politique, Alassane Tigri, vice-pr\u00e9sident des d\u00e9mocrates invite le chef de l\u2019Etat \u00e0 ne pas s\u2019arr\u00eater en si bon chemin.<\/p>\n<p>\u00ab La justice vient de lib\u00e9rer une trentaine de d\u00e9tenus. On ne peut que dire que le pr\u00e9sident Talon est dans la bonne direction. Trente lib\u00e9rations, il en reste certainement encore dans les prisons\u2026\u00ab , a confi\u00e9 Alassane Tigri dans un entretien apr\u00e8s l\u2019annonce ce mercredi de la lib\u00e9ration de 30 d\u00e9tenus politiques.<\/p>\n<p>Pour l\u2019opposant au r\u00e9gime de la rupture, les d\u00e9mocrates ont toujours demand\u00e9 \u00e0 ce que les d\u00e9tenus politiques soient lib\u00e9r\u00e9s et que les exil\u00e9s politiques reviennent au pays pour apporter leur contribution au d\u00e9veloppement et que les \u00e9lections l\u00e9gislatives soient inclusives, transparentes et paisibles.<\/p>\n<p>Pour le vice pr\u00e9sident des d\u00e9mocrates, le pouvoir en place a commenc\u00e9 par entendre les appels lanc\u00e9s \u00e0 son endroit et il faut l\u2019encourager \u00e0 ne pas s\u2019arr\u00eater en de si bon chemin mais \u00e0 aller jusqu\u2019au bout.<\/p>\n<p>\u00ab Je l\u2019encourage \u00e0 faire un bond en avant et \u00e0 aller jusqu\u2019au bout. La meilleure mani\u00e8re d\u2019aller au bout de cette situation qui grippe la d\u00e9mocratie b\u00e9ninoise, les droits de la personne humaine et l\u2019Etat de droit dans notre pays, c\u2019est d\u2019aller \u00e0 une amnistie g\u00e9n\u00e9rale\u00ab , a pr\u00e9cis\u00e9 l\u2019opposant \u00e0 Talon.<\/p>\n<p>Sur les propos de Talon devant Macron<\/p>\n<p>En conf\u00e9rence de presse conjointe ce mercredi apr\u00e8s leur t\u00eate-\u00e0-t\u00eate, le pr\u00e9sident Patrice Talon a martel\u00e9 devant son homologue fran\u00e7ais qu\u2019il n\u2019y a pas de d\u00e9tenus politiques au B\u00e9nin. Des propos qui ne semblent guere surprendre Alassane Tigri qui estime qu\u2019on est au B\u00e9nin et que beaucoup certainement se souviendront que dans les moments difficiles du Prpb, tout l\u2019appareil du parti disait qu\u2019il n\u2019y avait pas de d\u00e9tenus et d\u2019exil\u00e9s politiques et que les communistes qui se sont retrouv\u00e9s \u00e0 S\u00e9gbana \u00e9taient des cacheurs.<\/p>\n<p>\u00ab Mais lorsque la situation politique s\u2019\u00e9tait aggrav\u00e9e, indique Alassane Tigri, le pr\u00e9sident Mathieu K\u00e9r\u00e9kou avait pris ses responsabilit\u00e9s. Avec l\u2019Anr d\u2019alors, une loi d\u2019amnistie avait \u00e9t\u00e9 prise en faveur des d\u00e9tenus et exil\u00e9s politiques \u00bb.<\/p>\n<p>Il esp\u00e8re que la m\u00eame chose puisse se r\u00e9p\u00e9ter avec l\u2019actuel pr\u00e9sident de la R\u00e9publique qui selon lui, devrait aussi prendre ses responsabilit\u00e9s. \u00ab Nous encourageons le pr\u00e9sident \u00e0 prendre une loi d\u2019amnistie qui permet aux d\u00e9tenus de sortir et aux exil\u00e9s de rentrer et que dans la concorde nationale on puisse voir ensemble les probl\u00e8mes de notre pays et qu\u2019on puisse continuer \u00e0 le construire. Le B\u00e9nin est notre pays, notre patrie commune\u00ab , a martel\u00e9 Alassane Tigri.<\/p>\n<p><strong>Pour plus d&rsquo;informations et d&rsquo;analyses sur la <a href=\"https:\/\/www.africa-press.net\/benin\">Benin<\/a>, suivez <a href=\"https:\/\/www.africa-press.net\/\">Africa-Press<\/a><\/strong><\/p>\n","protected":false},"excerpt":{"rendered":"<p>Africa-Press &#8211; Benin. Le Mercredi 27 Juillet 2022, une trentaine de personnalit\u00e9s et activistes politiques d\u00e9pos\u00e9s en prison depuis un an, ont recouvert leur libert\u00e9. Ils \u00e9taient poursuivis suite aux violences qui ont pr\u00e9c\u00e9d\u00e9 la tenue de la pr\u00e9sidentielle de 2021. Satisfait de ce pas vers la d\u00e9crispation politique, Alassane Tigri, vice-pr\u00e9sident des d\u00e9mocrates invite [&hellip;]<\/p>\n","protected":false},"author":82,"featured_media":7320,"comment_status":"open","ping_status":"closed","sticky":false,"template":"","format":"standard","meta":{"footnotes":""},"categories":[11,2,10],"tags":[36,50,45],"class_list":["post-7321","post","type-post","status-publish","format-standard","has-post-thumbnail","hentry","category-homepage-french","category-politique","category-toutes-les-actualites","tag-africa-press","tag-africa-press-benin","tag-benin"],"yoast_head":"<!-- This site is optimized with the Yoast SEO Premium plugin v26.1 (Yoast SEO v27.0) - https:\/\/yoast.com\/product\/yoast-seo-premium-wordpress\/ -->\n<title>\u00ab\u00a0Je l\u2019encourage \u00e0 aller jusqu\u2019au bout\u00a0\u00bb, Alassane Tigri \u00e0 Talon apr\u00e8s la lib\u00e9ration de 30 d\u00e9tenus - B\u00e9nin<\/title>\n<meta name=\"description\" content=\"Le Mercredi 27 Juillet 2022, une trentaine de personnalit\u00e9s et activistes politiques d\u00e9pos\u00e9s en prison depuis un an, ont ...\" \/>\n<meta name=\"robots\" content=\"index, follow, max-snippet:-1, max-image-preview:large, max-video-preview:-1\" \/>\n<link rel=\"canonical\" href=\"https:\/\/www.africa-press.net\/benin\/politique\/je-lencourage-a-aller-jusquau-bout-alassane-tigri-a-talon-apres-la-liberation-de-30-detenus\" \/>\n<meta property=\"og:locale\" content=\"fr_FR\" \/>\n<meta property=\"og:type\" content=\"article\" \/>\n<meta property=\"og:title\" content=\"\u00ab\u00a0Je l\u2019encourage \u00e0 aller jusqu\u2019au bout\u00a0\u00bb, Alassane Tigri \u00e0 Talon apr\u00e8s la lib\u00e9ration de 30 d\u00e9tenus\" \/>\n<meta property=\"og:description\" content=\"Le Mercredi 27 Juillet 2022, une trentaine de personnalit\u00e9s et activistes politiques d\u00e9pos\u00e9s en prison depuis un an, ont ...\" \/>\n<meta property=\"og:url\" content=\"https:\/\/www.africa-press.net\/benin\/politique\/je-lencourage-a-aller-jusquau-bout-alassane-tigri-a-talon-apres-la-liberation-de-30-detenus\" \/>\n<meta property=\"og:site_name\" content=\"B\u00e9nin\" \/>\n<meta property=\"article:published_time\" content=\"2022-07-28T20:04:22+00:00\" \/>\n<meta property=\"article:modified_time\" content=\"2022-07-28T20:22:47+00:00\" \/>\n<meta property=\"og:image\" content=\"https:\/\/static.africa-press.net\/benin\/sites\/46\/2022\/07\/postQueueImg_19-62e2eff5333aa.jpg\" \/>\n\t<meta property=\"og:image:width\" content=\"1200\" \/>\n\t<meta property=\"og:image:height\" content=\"675\" \/>\n\t<meta property=\"og:image:type\" content=\"image\/jpeg\" \/>\n<meta name=\"author\" content=\"cfeditorfr\" \/>\n<meta name=\"twitter:card\" content=\"summary_large_image\" \/>\n<meta name=\"twitter:label1\" content=\"\u00c9crit par\" \/>\n\t<meta name=\"twitter:data1\" content=\"cfeditorfr\" \/>\n\t<meta name=\"twitter:label2\" content=\"Dur\u00e9e de lecture estim\u00e9e\" \/>\n\t<meta name=\"twitter:data2\" content=\"3 minutes\" \/>\n<script type=\"application\/ld+json\" class=\"yoast-schema-graph\">{\"@context\":\"https:\/\/schema.org\",\"@graph\":[{\"@type\":\"Article\",\"@id\":\"https:\/\/www.africa-press.net\/benin\/politique\/je-lencourage-a-aller-jusquau-bout-alassane-tigri-a-talon-apres-la-liberation-de-30-detenus#article\",\"isPartOf\":{\"@id\":\"https:\/\/www.africa-press.net\/benin\/politique\/je-lencourage-a-aller-jusquau-bout-alassane-tigri-a-talon-apres-la-liberation-de-30-detenus\"},\"author\":{\"name\":\"cfeditorfr\",\"@id\":\"https:\/\/www.africa-press.net\/benin\/#\/schema\/person\/2b1cf3cd81a31e3cd26889ca66d677f1\"},\"headline\":\"\u00ab\u00a0Je l\u2019encourage \u00e0 aller jusqu\u2019au bout\u00a0\u00bb, Alassane Tigri \u00e0 Talon apr\u00e8s la lib\u00e9ration de 30 d\u00e9tenus\",\"datePublished\":\"2022-07-28T20:04:22+00:00\",\"dateModified\":\"2022-07-28T20:22:47+00:00\",\"mainEntityOfPage\":{\"@id\":\"https:\/\/www.africa-press.net\/benin\/politique\/je-lencourage-a-aller-jusquau-bout-alassane-tigri-a-talon-apres-la-liberation-de-30-detenus\"},\"wordCount\":563,\"commentCount\":0,\"image\":{\"@id\":\"https:\/\/www.africa-press.net\/benin\/politique\/je-lencourage-a-aller-jusquau-bout-alassane-tigri-a-talon-apres-la-liberation-de-30-detenus#primaryimage\"},\"thumbnailUrl\":\"https:\/\/static.africa-press.net\/benin\/sites\/46\/2022\/07\/postQueueImg_19-62e2eff5333aa.jpg\",\"keywords\":[\"Africa Press\",\"Africa Press-Benin\",\"B\u00e9nin\"],\"articleSection\":[\"homepage-french\",\"Politique\",\"Toutes les actualit\u00e9s\"],\"inLanguage\":\"fr-FR\",\"potentialAction\":[{\"@type\":\"CommentAction\",\"name\":\"Comment\",\"target\":[\"https:\/\/www.africa-press.net\/benin\/politique\/je-lencourage-a-aller-jusquau-bout-alassane-tigri-a-talon-apres-la-liberation-de-30-detenus#respond\"]}]},{\"@type\":\"WebPage\",\"@id\":\"https:\/\/www.africa-press.net\/benin\/politique\/je-lencourage-a-aller-jusquau-bout-alassane-tigri-a-talon-apres-la-liberation-de-30-detenus\",\"url\":\"https:\/\/www.africa-press.net\/benin\/politique\/je-lencourage-a-aller-jusquau-bout-alassane-tigri-a-talon-apres-la-liberation-de-30-detenus\",\"name\":\"\u00ab\u00a0Je l\u2019encourage \u00e0 aller jusqu\u2019au bout\u00a0\u00bb, Alassane Tigri \u00e0 Talon apr\u00e8s la lib\u00e9ration de 30 d\u00e9tenus - B\u00e9nin\",\"isPartOf\":{\"@id\":\"https:\/\/www.africa-press.net\/benin\/#website\"},\"primaryImageOfPage\":{\"@id\":\"https:\/\/www.africa-press.net\/benin\/politique\/je-lencourage-a-aller-jusquau-bout-alassane-tigri-a-talon-apres-la-liberation-de-30-detenus#primaryimage\"},\"image\":{\"@id\":\"https:\/\/www.africa-press.net\/benin\/politique\/je-lencourage-a-aller-jusquau-bout-alassane-tigri-a-talon-apres-la-liberation-de-30-detenus#primaryimage\"},\"thumbnailUrl\":\"https:\/\/static.africa-press.net\/benin\/sites\/46\/2022\/07\/postQueueImg_19-62e2eff5333aa.jpg\",\"datePublished\":\"2022-07-28T20:04:22+00:00\",\"dateModified\":\"2022-07-28T20:22:47+00:00\",\"author\":{\"@id\":\"https:\/\/www.africa-press.net\/benin\/#\/schema\/person\/2b1cf3cd81a31e3cd26889ca66d677f1\"},\"description\":\"Le Mercredi 27 Juillet 2022, une trentaine de personnalit\u00e9s et activistes politiques d\u00e9pos\u00e9s en prison depuis un an, ont ...\",\"breadcrumb\":{\"@id\":\"https:\/\/www.africa-press.net\/benin\/politique\/je-lencourage-a-aller-jusquau-bout-alassane-tigri-a-talon-apres-la-liberation-de-30-detenus#breadcrumb\"},\"inLanguage\":\"fr-FR\",\"potentialAction\":[{\"@type\":\"ReadAction\",\"target\":[\"https:\/\/www.africa-press.net\/benin\/politique\/je-lencourage-a-aller-jusquau-bout-alassane-tigri-a-talon-apres-la-liberation-de-30-detenus\"]}]},{\"@type\":\"ImageObject\",\"inLanguage\":\"fr-FR\",\"@id\":\"https:\/\/www.africa-press.net\/benin\/politique\/je-lencourage-a-aller-jusquau-bout-alassane-tigri-a-talon-apres-la-liberation-de-30-detenus#primaryimage\",\"url\":\"https:\/\/static.africa-press.net\/benin\/sites\/46\/2022\/07\/postQueueImg_19-62e2eff5333aa.jpg\",\"contentUrl\":\"https:\/\/static.africa-press.net\/benin\/sites\/46\/2022\/07\/postQueueImg_19-62e2eff5333aa.jpg\",\"width\":1200,\"height\":675,\"caption\":\"\u00ab\u00a0Je l\u2019encourage \u00e0 aller jusqu\u2019au bout\u00a0\u00bb, Alassane Tigri \u00e0 Talon apr\u00e8s la lib\u00e9ration de 30 d\u00e9tenus\"},{\"@type\":\"BreadcrumbList\",\"@id\":\"https:\/\/www.africa-press.net\/benin\/politique\/je-lencourage-a-aller-jusquau-bout-alassane-tigri-a-talon-apres-la-liberation-de-30-detenus#breadcrumb\",\"itemListElement\":[{\"@type\":\"ListItem\",\"position\":1,\"name\":\"Accueil\",\"item\":\"https:\/\/www.africa-press.net\/benin\/\"},{\"@type\":\"ListItem\",\"position\":2,\"name\":\"\u00ab\u00a0Je l\u2019encourage \u00e0 aller jusqu\u2019au bout\u00a0\u00bb, Alassane Tigri \u00e0 Talon apr\u00e8s la lib\u00e9ration de 30 d\u00e9tenus\"}]},{\"@type\":\"WebSite\",\"@id\":\"https:\/\/www.africa-press.net\/benin\/#website\",\"url\":\"https:\/\/www.africa-press.net\/benin\/\",\"name\":\"B\u00e9nin\",\"description\":\"Just another Africa News Agency Sites site\",\"potentialAction\":[{\"@type\":\"SearchAction\",\"target\":{\"@type\":\"EntryPoint\",\"urlTemplate\":\"https:\/\/www.africa-press.net\/benin\/?s={search_term_string}\"},\"query-input\":{\"@type\":\"PropertyValueSpecification\",\"valueRequired\":true,\"valueName\":\"search_term_string\"}}],\"inLanguage\":\"fr-FR\"},{\"@type\":\"Person\",\"@id\":\"https:\/\/www.africa-press.net\/benin\/#\/schema\/person\/2b1cf3cd81a31e3cd26889ca66d677f1\",\"name\":\"cfeditorfr\"}]}<\/script>\n<!-- \/ Yoast SEO Premium plugin. -->","yoast_head_json":{"title":"\u00ab\u00a0Je l\u2019encourage \u00e0 aller jusqu\u2019au bout\u00a0\u00bb, Alassane Tigri \u00e0 Talon apr\u00e8s la lib\u00e9ration de 30 d\u00e9tenus - B\u00e9nin","description":"Le Mercredi 27 Juillet 2022, une trentaine de personnalit\u00e9s et activistes politiques d\u00e9pos\u00e9s en prison depuis un an, ont ...","robots":{"index":"index","follow":"follow","max-snippet":"max-snippet:-1","max-image-preview":"max-image-preview:large","max-video-preview":"max-video-preview:-1"},"canonical":"https:\/\/www.africa-press.net\/benin\/politique\/je-lencourage-a-aller-jusquau-bout-alassane-tigri-a-talon-apres-la-liberation-de-30-detenus","og_locale":"fr_FR","og_type":"article","og_title":"\u00ab\u00a0Je l\u2019encourage \u00e0 aller jusqu\u2019au bout\u00a0\u00bb, Alassane Tigri \u00e0 Talon apr\u00e8s la lib\u00e9ration de 30 d\u00e9tenus","og_description":"Le Mercredi 27 Juillet 2022, une trentaine de personnalit\u00e9s et activistes politiques d\u00e9pos\u00e9s en prison depuis un an, ont ...","og_url":"https:\/\/www.africa-press.net\/benin\/politique\/je-lencourage-a-aller-jusquau-bout-alassane-tigri-a-talon-apres-la-liberation-de-30-detenus","og_site_name":"B\u00e9nin","article_published_time":"2022-07-28T20:04:22+00:00","article_modified_time":"2022-07-28T20:22:47+00:00","og_image":[{"width":1200,"height":675,"url":"https:\/\/static.africa-press.net\/benin\/sites\/46\/2022\/07\/postQueueImg_19-62e2eff5333aa.jpg","type":"image\/jpeg"}],"author":"cfeditorfr","twitter_card":"summary_large_image","twitter_misc":{"\u00c9crit par":"cfeditorfr","Dur\u00e9e de lecture estim\u00e9e":"3 minutes"},"schema":{"@context":"https:\/\/schema.org","@graph":[{"@type":"Article","@id":"https:\/\/www.africa-press.net\/benin\/politique\/je-lencourage-a-aller-jusquau-bout-alassane-tigri-a-talon-apres-la-liberation-de-30-detenus#article","isPartOf":{"@id":"https:\/\/www.africa-press.net\/benin\/politique\/je-lencourage-a-aller-jusquau-bout-alassane-tigri-a-talon-apres-la-liberation-de-30-detenus"},"author":{"name":"cfeditorfr","@id":"https:\/\/www.africa-press.net\/benin\/#\/schema\/person\/2b1cf3cd81a31e3cd26889ca66d677f1"},"headline":"\u00ab\u00a0Je l\u2019encourage \u00e0 aller jusqu\u2019au bout\u00a0\u00bb, Alassane Tigri \u00e0 Talon apr\u00e8s la lib\u00e9ration de 30 d\u00e9tenus","datePublished":"2022-07-28T20:04:22+00:00","dateModified":"2022-07-28T20:22:47+00:00","mainEntityOfPage":{"@id":"https:\/\/www.africa-press.net\/benin\/politique\/je-lencourage-a-aller-jusquau-bout-alassane-tigri-a-talon-apres-la-liberation-de-30-detenus"},"wordCount":563,"commentCount":0,"image":{"@id":"https:\/\/www.africa-press.net\/benin\/politique\/je-lencourage-a-aller-jusquau-bout-alassane-tigri-a-talon-apres-la-liberation-de-30-detenus#primaryimage"},"thumbnailUrl":"https:\/\/static.africa-press.net\/benin\/sites\/46\/2022\/07\/postQueueImg_19-62e2eff5333aa.jpg","keywords":["Africa Press","Africa Press-Benin","B\u00e9nin"],"articleSection":["homepage-french","Politique","Toutes les actualit\u00e9s"],"inLanguage":"fr-FR","potentialAction":[{"@type":"CommentAction","name":"Comment","target":["https:\/\/www.africa-press.net\/benin\/politique\/je-lencourage-a-aller-jusquau-bout-alassane-tigri-a-talon-apres-la-liberation-de-30-detenus#respond"]}]},{"@type":"WebPage","@id":"https:\/\/www.africa-press.net\/benin\/politique\/je-lencourage-a-aller-jusquau-bout-alassane-tigri-a-talon-apres-la-liberation-de-30-detenus","url":"https:\/\/www.africa-press.net\/benin\/politique\/je-lencourage-a-aller-jusquau-bout-alassane-tigri-a-talon-apres-la-liberation-de-30-detenus","name":"\u00ab\u00a0Je l\u2019encourage \u00e0 aller jusqu\u2019au bout\u00a0\u00bb, Alassane Tigri \u00e0 Talon apr\u00e8s la lib\u00e9ration de 30 d\u00e9tenus - B\u00e9nin","isPartOf":{"@id":"https:\/\/www.africa-press.net\/benin\/#website"},"primaryImageOfPage":{"@id":"https:\/\/www.africa-press.net\/benin\/politique\/je-lencourage-a-aller-jusquau-bout-alassane-tigri-a-talon-apres-la-liberation-de-30-detenus#primaryimage"},"image":{"@id":"https:\/\/www.africa-press.net\/benin\/politique\/je-lencourage-a-aller-jusquau-bout-alassane-tigri-a-talon-apres-la-liberation-de-30-detenus#primaryimage"},"thumbnailUrl":"https:\/\/static.africa-press.net\/benin\/sites\/46\/2022\/07\/postQueueImg_19-62e2eff5333aa.jpg","datePublished":"2022-07-28T20:04:22+00:00","dateModified":"2022-07-28T20:22:47+00:00","author":{"@id":"https:\/\/www.africa-press.net\/benin\/#\/schema\/person\/2b1cf3cd81a31e3cd26889ca66d677f1"},"description":"Le Mercredi 27 Juillet 2022, une trentaine de personnalit\u00e9s et activistes politiques d\u00e9pos\u00e9s en prison depuis un an, ont ...","breadcrumb":{"@id":"https:\/\/www.africa-press.net\/benin\/politique\/je-lencourage-a-aller-jusquau-bout-alassane-tigri-a-talon-apres-la-liberation-de-30-detenus#breadcrumb"},"inLanguage":"fr-FR","potentialAction":[{"@type":"ReadAction","target":["https:\/\/www.africa-press.net\/benin\/politique\/je-lencourage-a-aller-jusquau-bout-alassane-tigri-a-talon-apres-la-liberation-de-30-detenus"]}]},{"@type":"ImageObject","inLanguage":"fr-FR","@id":"https:\/\/www.africa-press.net\/benin\/politique\/je-lencourage-a-aller-jusquau-bout-alassane-tigri-a-talon-apres-la-liberation-de-30-detenus#primaryimage","url":"https:\/\/static.africa-press.net\/benin\/sites\/46\/2022\/07\/postQueueImg_19-62e2eff5333aa.jpg","contentUrl":"https:\/\/static.africa-press.net\/benin\/sites\/46\/2022\/07\/postQueueImg_19-62e2eff5333aa.jpg","width":1200,"height":675,"caption":"\u00ab\u00a0Je l\u2019encourage \u00e0 aller jusqu\u2019au bout\u00a0\u00bb, Alassane Tigri \u00e0 Talon apr\u00e8s la lib\u00e9ration de 30 d\u00e9tenus"},{"@type":"BreadcrumbList","@id":"https:\/\/www.africa-press.net\/benin\/politique\/je-lencourage-a-aller-jusquau-bout-alassane-tigri-a-talon-apres-la-liberation-de-30-detenus#breadcrumb","itemListElement":[{"@type":"ListItem","position":1,"name":"Accueil","item":"https:\/\/www.africa-press.net\/benin\/"},{"@type":"ListItem","position":2,"name":"\u00ab\u00a0Je l\u2019encourage \u00e0 aller jusqu\u2019au bout\u00a0\u00bb, Alassane Tigri \u00e0 Talon apr\u00e8s la lib\u00e9ration de 30 d\u00e9tenus"}]},{"@type":"WebSite","@id":"https:\/\/www.africa-press.net\/benin\/#website","url":"https:\/\/www.africa-press.net\/benin\/","name":"B\u00e9nin","description":"Just another Africa News Agency Sites site","potentialAction":[{"@type":"SearchAction","target":{"@type":"EntryPoint","urlTemplate":"https:\/\/www.africa-press.net\/benin\/?s={search_term_string}"},"query-input":{"@type":"PropertyValueSpecification","valueRequired":true,"valueName":"search_term_string"}}],"inLanguage":"fr-FR"},{"@type":"Person","@id":"https:\/\/www.africa-press.net\/benin\/#\/schema\/person\/2b1cf3cd81a31e3cd26889ca66d677f1","name":"cfeditorfr"}]}},"_links":{"self":[{"href":"https:\/\/www.africa-press.net\/benin\/wp-json\/wp\/v2\/posts\/7321","targetHints":{"allow":["GET"]}}],"collection":[{"href":"https:\/\/www.africa-press.net\/benin\/wp-json\/wp\/v2\/posts"}],"about":[{"href":"https:\/\/www.africa-press.net\/benin\/wp-json\/wp\/v2\/types\/post"}],"author":[{"embeddable":true,"href":"https:\/\/www.africa-press.net\/benin\/wp-json\/wp\/v2\/users\/82"}],"replies":[{"embeddable":true,"href":"https:\/\/www.africa-press.net\/benin\/wp-json\/wp\/v2\/comments?post=7321"}],"version-history":[{"count":0,"href":"https:\/\/www.africa-press.net\/benin\/wp-json\/wp\/v2\/posts\/7321\/revisions"}],"wp:featuredmedia":[{"embeddable":true,"href":"https:\/\/www.africa-press.net\/benin\/wp-json\/wp\/v2\/media\/7320"}],"wp:attachment":[{"href":"https:\/\/www.africa-press.net\/benin\/wp-json\/wp\/v2\/media?parent=7321"}],"wp:term":[{"taxonomy":"category","embeddable":true,"href":"https:\/\/www.africa-press.net\/benin\/wp-json\/wp\/v2\/categories?post=7321"},{"taxonomy":"post_tag","embeddable":true,"href":"https:\/\/www.africa-press.net\/benin\/wp-json\/wp\/v2\/tags?post=7321"}],"curies":[{"name":"wp","href":"https:\/\/api.w.org\/{rel}","templated":true}]}}