{"id":7324,"date":"2022-07-28T20:04:34","date_gmt":"2022-07-28T20:04:34","guid":{"rendered":"https:\/\/www.africa-press.net\/benin\/politique\/benin-aguyl-chabi-lafia-nomme-conseiller-technique-a-la-promotion-des-pme-par-patrice-talon"},"modified":"2022-07-28T20:23:33","modified_gmt":"2022-07-28T20:23:33","slug":"benin-aguyl-chabi-lafia-nomme-conseiller-technique-a-la-promotion-des-pme-par-patrice-talon","status":"publish","type":"post","link":"https:\/\/www.africa-press.net\/benin\/politique\/benin-aguyl-chabi-lafia-nomme-conseiller-technique-a-la-promotion-des-pme-par-patrice-talon","title":{"rendered":"B\u00e9nin: Aguyl Chabi Lafia nomm\u00e9 Conseiller Technique \u00e0 la Promotion des PME par Patrice Talon"},"content":{"rendered":"<p><span style=\"color: #ff6600\"><strong>Africa-Press &#8211; Benin. <\/strong><\/span>Peu avant son t\u00eate-\u00e0-t\u00eate avec le Chef de l\u2019\u00c9tat Fran\u00e7ais, le Pr\u00e9sident Emmanuel MACRON, au Palais de la Marina, le Pr\u00e9sident de la R\u00e9publique, Patrice TALON, a pr\u00e9sid\u00e9 la s\u00e9ance hebdomadaire du Conseil des Ministres de ce mercredi 27 juillet 2022. Cette rencontre a permis d\u2019adopter d\u2019importantes mesures normatives ainsi que des mesures individuelles dont celle relative \u00e0 la nomination de Mohamed Aguyl Chabi Lafia au poste de Conseiller Technique \u00e0 la Promotion des Petites et Moyennes Entreprises (PME) sur proposition du Ministre des Petites et Moyennes Entreprises et de la Promotion de l\u2019Emploi (MPMEPE).<\/p>\n<p>Chabi Lafia Mohamed Aguyl, encore appel\u00e9\u00ab Pr\u00e9sident Aguyl \u00bb au sein des diasporas africaines, est l\u2019un des jeunes leaders de la diaspora b\u00e9ninoise du Canada. Ag\u00e9 de quarante ans, le jeunes technocrates a \u00e0 son actif, plus d\u2019une quinzaine d\u2019ann\u00e9es d\u2019exp\u00e9riences professionnelles. De la soci\u00e9t\u00e9 civile \u00e0 la fonction publique en passant par le secteur priv\u00e9, Chabi Lafia a occup\u00e9 divers postes de responsabilit\u00e9s, notamment \u00e0 l\u2019ext\u00e9rieur du B\u00e9nin et pr\u00e9cis\u00e9ment au Canada.<\/p>\n<p>Titulaire d\u2019un Baccalaur\u00e9at en sciences \u00e9conomiques et de gestion obtenu en Tunisie, cet ancien \u00e9l\u00e8ve du Lyc\u00e9e Technique Coulibaly de Cotonou d\u00e9tient \u00e9galement une Ma\u00eetrise en administration des affaires, option Entrepreneuriat &amp; Gestion des PME obtenu \u00e0 la Facult\u00e9 des Sciences de l\u2019Administration (FSA) de l\u2019Universit\u00e9 Laval de Qu\u00e9bec. Il s\u2019est aussi sp\u00e9cialis\u00e9 en D\u00e9veloppement international et actions humanitaires avant de rejoindre l\u2019\u00c9cole Nationale d\u2019Administration Publique (ENAP) de Qu\u00e9bec.<\/p>\n<p>Le jeune \u00e9narque est \u00e9galement titulaire d\u2019un Dipl\u00f4me d\u2019\u00c9tudes Sup\u00e9rieures Sp\u00e9cialis\u00e9es (DESS), profil pour gestionnaires en gestion publique et un Master II en administration publique (MAP), profil pour professionnels, de second cycle universitaire de l\u2019\u00c9NAP de l\u2019Universit\u00e9 du Qu\u00e9bec. Apr\u00e8s cinq ann\u00e9es de services au sein d\u2019une entreprise qu\u00e9b\u00e9coise de gestion de projets et de d\u00e9veloppement de l\u2019employabilit\u00e9, il a d\u2019abord servi durant plus de deux ans dans l\u2019une des plus grandes institutions financi\u00e8res du Qu\u00e9bec avant de rejoindre la fonction publique depuis mars 2013.<\/p>\n<p>Malgr\u00e9 la tr\u00e8s grande discr\u00e9tion qui caract\u00e9rise sa personne, il est aussi tr\u00e8s pr\u00e9sent et bien connu dans la vie publique, notamment dans les milieux administratifs, \u00e9conomiques, politiques et diplomatiques du B\u00e9nin et d\u2019ailleurs. Il a toujours \u00e9t\u00e9 captiv\u00e9 par le management et le d\u00e9veloppement des organisations. Au-del\u00e0 de son impressionnant profil personnel et professionnel, il nourrit depuis sa tendre enfance, un amour pour sa patrie et une passion pour le service public, la gestion des entreprises et la gouvernance d\u2019\u00c9tat. Il ne cesse de s\u2019impliquer dans divers efforts et actions de d\u00e9veloppement socio\u00e9conomique au B\u00e9nin et \u00e0 l\u2019ext\u00e9rieur.<\/p>\n<p><strong>Pour plus d&rsquo;informations et d&rsquo;analyses sur la <a href=\"https:\/\/www.africa-press.net\/benin\">Benin<\/a>, suivez <a href=\"https:\/\/www.africa-press.net\/\">Africa-Press<\/a><\/strong><\/p>\n","protected":false},"excerpt":{"rendered":"<p>Africa-Press &#8211; Benin. Peu avant son t\u00eate-\u00e0-t\u00eate avec le Chef de l\u2019\u00c9tat Fran\u00e7ais, le Pr\u00e9sident Emmanuel MACRON, au Palais de la Marina, le Pr\u00e9sident de la R\u00e9publique, Patrice TALON, a pr\u00e9sid\u00e9 la s\u00e9ance hebdomadaire du Conseil des Ministres de ce mercredi 27 juillet 2022. Cette rencontre a permis d\u2019adopter d\u2019importantes mesures normatives ainsi que des [&hellip;]<\/p>\n","protected":false},"author":82,"featured_media":7323,"comment_status":"open","ping_status":"closed","sticky":false,"template":"","format":"standard","meta":{"footnotes":""},"categories":[11,2,10],"tags":[36,50,45],"class_list":["post-7324","post","type-post","status-publish","format-standard","has-post-thumbnail","hentry","category-homepage-french","category-politique","category-toutes-les-actualites","tag-africa-press","tag-africa-press-benin","tag-benin"],"yoast_head":"<!-- This site is optimized with the Yoast SEO Premium plugin v26.1 (Yoast SEO v27.0) - https:\/\/yoast.com\/product\/yoast-seo-premium-wordpress\/ -->\n<title>B\u00e9nin: Aguyl Chabi Lafia nomm\u00e9 Conseiller Technique \u00e0 la Promotion des PME par Patrice Talon - B\u00e9nin<\/title>\n<meta name=\"description\" content=\"Peu avant son t\u00eate-\u00e0-t\u00eate avec le Chef de l\u2019\u00c9tat Fran\u00e7ais, le Pr\u00e9sident Emmanuel MACRON, au Palais de la Marina, le Pr\u00e9s ...\" \/>\n<meta name=\"robots\" content=\"index, follow, max-snippet:-1, max-image-preview:large, max-video-preview:-1\" \/>\n<link rel=\"canonical\" href=\"https:\/\/www.africa-press.net\/benin\/politique\/benin-aguyl-chabi-lafia-nomme-conseiller-technique-a-la-promotion-des-pme-par-patrice-talon\" \/>\n<meta property=\"og:locale\" content=\"fr_FR\" \/>\n<meta property=\"og:type\" content=\"article\" \/>\n<meta property=\"og:title\" content=\"B\u00e9nin: Aguyl Chabi Lafia nomm\u00e9 Conseiller Technique \u00e0 la Promotion des PME par Patrice Talon\" \/>\n<meta property=\"og:description\" content=\"Peu avant son t\u00eate-\u00e0-t\u00eate avec le Chef de l\u2019\u00c9tat Fran\u00e7ais, le Pr\u00e9sident Emmanuel MACRON, au Palais de la Marina, le Pr\u00e9s ...\" \/>\n<meta property=\"og:url\" content=\"https:\/\/www.africa-press.net\/benin\/politique\/benin-aguyl-chabi-lafia-nomme-conseiller-technique-a-la-promotion-des-pme-par-patrice-talon\" \/>\n<meta property=\"og:site_name\" content=\"B\u00e9nin\" \/>\n<meta property=\"article:published_time\" content=\"2022-07-28T20:04:34+00:00\" \/>\n<meta property=\"article:modified_time\" content=\"2022-07-28T20:23:33+00:00\" \/>\n<meta property=\"og:image\" content=\"https:\/\/static.africa-press.net\/benin\/sites\/46\/2022\/07\/postQueueImg_20-62e2f01ca5dbf.jpg\" \/>\n\t<meta property=\"og:image:width\" content=\"1280\" \/>\n\t<meta property=\"og:image:height\" content=\"720\" \/>\n\t<meta property=\"og:image:type\" content=\"image\/jpeg\" \/>\n<meta name=\"author\" content=\"cfeditorfr\" \/>\n<meta name=\"twitter:card\" content=\"summary_large_image\" \/>\n<meta name=\"twitter:label1\" content=\"\u00c9crit par\" \/>\n\t<meta name=\"twitter:data1\" content=\"cfeditorfr\" \/>\n\t<meta name=\"twitter:label2\" content=\"Dur\u00e9e de lecture estim\u00e9e\" \/>\n\t<meta name=\"twitter:data2\" content=\"3 minutes\" \/>\n<script type=\"application\/ld+json\" class=\"yoast-schema-graph\">{\"@context\":\"https:\/\/schema.org\",\"@graph\":[{\"@type\":\"Article\",\"@id\":\"https:\/\/www.africa-press.net\/benin\/politique\/benin-aguyl-chabi-lafia-nomme-conseiller-technique-a-la-promotion-des-pme-par-patrice-talon#article\",\"isPartOf\":{\"@id\":\"https:\/\/www.africa-press.net\/benin\/politique\/benin-aguyl-chabi-lafia-nomme-conseiller-technique-a-la-promotion-des-pme-par-patrice-talon\"},\"author\":{\"name\":\"cfeditorfr\",\"@id\":\"https:\/\/www.africa-press.net\/benin\/#\/schema\/person\/2b1cf3cd81a31e3cd26889ca66d677f1\"},\"headline\":\"B\u00e9nin: Aguyl Chabi Lafia nomm\u00e9 Conseiller Technique \u00e0 la Promotion des PME par Patrice Talon\",\"datePublished\":\"2022-07-28T20:04:34+00:00\",\"dateModified\":\"2022-07-28T20:23:33+00:00\",\"mainEntityOfPage\":{\"@id\":\"https:\/\/www.africa-press.net\/benin\/politique\/benin-aguyl-chabi-lafia-nomme-conseiller-technique-a-la-promotion-des-pme-par-patrice-talon\"},\"wordCount\":518,\"commentCount\":0,\"image\":{\"@id\":\"https:\/\/www.africa-press.net\/benin\/politique\/benin-aguyl-chabi-lafia-nomme-conseiller-technique-a-la-promotion-des-pme-par-patrice-talon#primaryimage\"},\"thumbnailUrl\":\"https:\/\/static.africa-press.net\/benin\/sites\/46\/2022\/07\/postQueueImg_20-62e2f01ca5dbf.jpg\",\"keywords\":[\"Africa Press\",\"Africa Press-Benin\",\"B\u00e9nin\"],\"articleSection\":[\"homepage-french\",\"Politique\",\"Toutes les actualit\u00e9s\"],\"inLanguage\":\"fr-FR\",\"potentialAction\":[{\"@type\":\"CommentAction\",\"name\":\"Comment\",\"target\":[\"https:\/\/www.africa-press.net\/benin\/politique\/benin-aguyl-chabi-lafia-nomme-conseiller-technique-a-la-promotion-des-pme-par-patrice-talon#respond\"]}]},{\"@type\":\"WebPage\",\"@id\":\"https:\/\/www.africa-press.net\/benin\/politique\/benin-aguyl-chabi-lafia-nomme-conseiller-technique-a-la-promotion-des-pme-par-patrice-talon\",\"url\":\"https:\/\/www.africa-press.net\/benin\/politique\/benin-aguyl-chabi-lafia-nomme-conseiller-technique-a-la-promotion-des-pme-par-patrice-talon\",\"name\":\"B\u00e9nin: Aguyl Chabi Lafia nomm\u00e9 Conseiller Technique \u00e0 la Promotion des PME par Patrice Talon - B\u00e9nin\",\"isPartOf\":{\"@id\":\"https:\/\/www.africa-press.net\/benin\/#website\"},\"primaryImageOfPage\":{\"@id\":\"https:\/\/www.africa-press.net\/benin\/politique\/benin-aguyl-chabi-lafia-nomme-conseiller-technique-a-la-promotion-des-pme-par-patrice-talon#primaryimage\"},\"image\":{\"@id\":\"https:\/\/www.africa-press.net\/benin\/politique\/benin-aguyl-chabi-lafia-nomme-conseiller-technique-a-la-promotion-des-pme-par-patrice-talon#primaryimage\"},\"thumbnailUrl\":\"https:\/\/static.africa-press.net\/benin\/sites\/46\/2022\/07\/postQueueImg_20-62e2f01ca5dbf.jpg\",\"datePublished\":\"2022-07-28T20:04:34+00:00\",\"dateModified\":\"2022-07-28T20:23:33+00:00\",\"author\":{\"@id\":\"https:\/\/www.africa-press.net\/benin\/#\/schema\/person\/2b1cf3cd81a31e3cd26889ca66d677f1\"},\"description\":\"Peu avant son t\u00eate-\u00e0-t\u00eate avec le Chef de l\u2019\u00c9tat Fran\u00e7ais, le Pr\u00e9sident Emmanuel MACRON, au Palais de la Marina, le Pr\u00e9s ...\",\"breadcrumb\":{\"@id\":\"https:\/\/www.africa-press.net\/benin\/politique\/benin-aguyl-chabi-lafia-nomme-conseiller-technique-a-la-promotion-des-pme-par-patrice-talon#breadcrumb\"},\"inLanguage\":\"fr-FR\",\"potentialAction\":[{\"@type\":\"ReadAction\",\"target\":[\"https:\/\/www.africa-press.net\/benin\/politique\/benin-aguyl-chabi-lafia-nomme-conseiller-technique-a-la-promotion-des-pme-par-patrice-talon\"]}]},{\"@type\":\"ImageObject\",\"inLanguage\":\"fr-FR\",\"@id\":\"https:\/\/www.africa-press.net\/benin\/politique\/benin-aguyl-chabi-lafia-nomme-conseiller-technique-a-la-promotion-des-pme-par-patrice-talon#primaryimage\",\"url\":\"https:\/\/static.africa-press.net\/benin\/sites\/46\/2022\/07\/postQueueImg_20-62e2f01ca5dbf.jpg\",\"contentUrl\":\"https:\/\/static.africa-press.net\/benin\/sites\/46\/2022\/07\/postQueueImg_20-62e2f01ca5dbf.jpg\",\"width\":1280,\"height\":720,\"caption\":\"B\u00e9nin: Aguyl Chabi Lafia nomm\u00e9 Conseiller Technique \u00e0 la Promotion des PME par Patrice Talon\"},{\"@type\":\"BreadcrumbList\",\"@id\":\"https:\/\/www.africa-press.net\/benin\/politique\/benin-aguyl-chabi-lafia-nomme-conseiller-technique-a-la-promotion-des-pme-par-patrice-talon#breadcrumb\",\"itemListElement\":[{\"@type\":\"ListItem\",\"position\":1,\"name\":\"Accueil\",\"item\":\"https:\/\/www.africa-press.net\/benin\/\"},{\"@type\":\"ListItem\",\"position\":2,\"name\":\"B\u00e9nin: Aguyl Chabi Lafia nomm\u00e9 Conseiller Technique \u00e0 la Promotion des PME par Patrice Talon\"}]},{\"@type\":\"WebSite\",\"@id\":\"https:\/\/www.africa-press.net\/benin\/#website\",\"url\":\"https:\/\/www.africa-press.net\/benin\/\",\"name\":\"B\u00e9nin\",\"description\":\"Just another Africa News Agency Sites site\",\"potentialAction\":[{\"@type\":\"SearchAction\",\"target\":{\"@type\":\"EntryPoint\",\"urlTemplate\":\"https:\/\/www.africa-press.net\/benin\/?s={search_term_string}\"},\"query-input\":{\"@type\":\"PropertyValueSpecification\",\"valueRequired\":true,\"valueName\":\"search_term_string\"}}],\"inLanguage\":\"fr-FR\"},{\"@type\":\"Person\",\"@id\":\"https:\/\/www.africa-press.net\/benin\/#\/schema\/person\/2b1cf3cd81a31e3cd26889ca66d677f1\",\"name\":\"cfeditorfr\"}]}<\/script>\n<!-- \/ Yoast SEO Premium plugin. -->","yoast_head_json":{"title":"B\u00e9nin: Aguyl Chabi Lafia nomm\u00e9 Conseiller Technique \u00e0 la Promotion des PME par Patrice Talon - B\u00e9nin","description":"Peu avant son t\u00eate-\u00e0-t\u00eate avec le Chef de l\u2019\u00c9tat Fran\u00e7ais, le Pr\u00e9sident Emmanuel MACRON, au Palais de la Marina, le Pr\u00e9s ...","robots":{"index":"index","follow":"follow","max-snippet":"max-snippet:-1","max-image-preview":"max-image-preview:large","max-video-preview":"max-video-preview:-1"},"canonical":"https:\/\/www.africa-press.net\/benin\/politique\/benin-aguyl-chabi-lafia-nomme-conseiller-technique-a-la-promotion-des-pme-par-patrice-talon","og_locale":"fr_FR","og_type":"article","og_title":"B\u00e9nin: Aguyl Chabi Lafia nomm\u00e9 Conseiller Technique \u00e0 la Promotion des PME par Patrice Talon","og_description":"Peu avant son t\u00eate-\u00e0-t\u00eate avec le Chef de l\u2019\u00c9tat Fran\u00e7ais, le Pr\u00e9sident Emmanuel MACRON, au Palais de la Marina, le Pr\u00e9s ...","og_url":"https:\/\/www.africa-press.net\/benin\/politique\/benin-aguyl-chabi-lafia-nomme-conseiller-technique-a-la-promotion-des-pme-par-patrice-talon","og_site_name":"B\u00e9nin","article_published_time":"2022-07-28T20:04:34+00:00","article_modified_time":"2022-07-28T20:23:33+00:00","og_image":[{"width":1280,"height":720,"url":"https:\/\/static.africa-press.net\/benin\/sites\/46\/2022\/07\/postQueueImg_20-62e2f01ca5dbf.jpg","type":"image\/jpeg"}],"author":"cfeditorfr","twitter_card":"summary_large_image","twitter_misc":{"\u00c9crit par":"cfeditorfr","Dur\u00e9e de lecture estim\u00e9e":"3 minutes"},"schema":{"@context":"https:\/\/schema.org","@graph":[{"@type":"Article","@id":"https:\/\/www.africa-press.net\/benin\/politique\/benin-aguyl-chabi-lafia-nomme-conseiller-technique-a-la-promotion-des-pme-par-patrice-talon#article","isPartOf":{"@id":"https:\/\/www.africa-press.net\/benin\/politique\/benin-aguyl-chabi-lafia-nomme-conseiller-technique-a-la-promotion-des-pme-par-patrice-talon"},"author":{"name":"cfeditorfr","@id":"https:\/\/www.africa-press.net\/benin\/#\/schema\/person\/2b1cf3cd81a31e3cd26889ca66d677f1"},"headline":"B\u00e9nin: Aguyl Chabi Lafia nomm\u00e9 Conseiller Technique \u00e0 la Promotion des PME par Patrice Talon","datePublished":"2022-07-28T20:04:34+00:00","dateModified":"2022-07-28T20:23:33+00:00","mainEntityOfPage":{"@id":"https:\/\/www.africa-press.net\/benin\/politique\/benin-aguyl-chabi-lafia-nomme-conseiller-technique-a-la-promotion-des-pme-par-patrice-talon"},"wordCount":518,"commentCount":0,"image":{"@id":"https:\/\/www.africa-press.net\/benin\/politique\/benin-aguyl-chabi-lafia-nomme-conseiller-technique-a-la-promotion-des-pme-par-patrice-talon#primaryimage"},"thumbnailUrl":"https:\/\/static.africa-press.net\/benin\/sites\/46\/2022\/07\/postQueueImg_20-62e2f01ca5dbf.jpg","keywords":["Africa Press","Africa Press-Benin","B\u00e9nin"],"articleSection":["homepage-french","Politique","Toutes les actualit\u00e9s"],"inLanguage":"fr-FR","potentialAction":[{"@type":"CommentAction","name":"Comment","target":["https:\/\/www.africa-press.net\/benin\/politique\/benin-aguyl-chabi-lafia-nomme-conseiller-technique-a-la-promotion-des-pme-par-patrice-talon#respond"]}]},{"@type":"WebPage","@id":"https:\/\/www.africa-press.net\/benin\/politique\/benin-aguyl-chabi-lafia-nomme-conseiller-technique-a-la-promotion-des-pme-par-patrice-talon","url":"https:\/\/www.africa-press.net\/benin\/politique\/benin-aguyl-chabi-lafia-nomme-conseiller-technique-a-la-promotion-des-pme-par-patrice-talon","name":"B\u00e9nin: Aguyl Chabi Lafia nomm\u00e9 Conseiller Technique \u00e0 la Promotion des PME par Patrice Talon - B\u00e9nin","isPartOf":{"@id":"https:\/\/www.africa-press.net\/benin\/#website"},"primaryImageOfPage":{"@id":"https:\/\/www.africa-press.net\/benin\/politique\/benin-aguyl-chabi-lafia-nomme-conseiller-technique-a-la-promotion-des-pme-par-patrice-talon#primaryimage"},"image":{"@id":"https:\/\/www.africa-press.net\/benin\/politique\/benin-aguyl-chabi-lafia-nomme-conseiller-technique-a-la-promotion-des-pme-par-patrice-talon#primaryimage"},"thumbnailUrl":"https:\/\/static.africa-press.net\/benin\/sites\/46\/2022\/07\/postQueueImg_20-62e2f01ca5dbf.jpg","datePublished":"2022-07-28T20:04:34+00:00","dateModified":"2022-07-28T20:23:33+00:00","author":{"@id":"https:\/\/www.africa-press.net\/benin\/#\/schema\/person\/2b1cf3cd81a31e3cd26889ca66d677f1"},"description":"Peu avant son t\u00eate-\u00e0-t\u00eate avec le Chef de l\u2019\u00c9tat Fran\u00e7ais, le Pr\u00e9sident Emmanuel MACRON, au Palais de la Marina, le Pr\u00e9s ...","breadcrumb":{"@id":"https:\/\/www.africa-press.net\/benin\/politique\/benin-aguyl-chabi-lafia-nomme-conseiller-technique-a-la-promotion-des-pme-par-patrice-talon#breadcrumb"},"inLanguage":"fr-FR","potentialAction":[{"@type":"ReadAction","target":["https:\/\/www.africa-press.net\/benin\/politique\/benin-aguyl-chabi-lafia-nomme-conseiller-technique-a-la-promotion-des-pme-par-patrice-talon"]}]},{"@type":"ImageObject","inLanguage":"fr-FR","@id":"https:\/\/www.africa-press.net\/benin\/politique\/benin-aguyl-chabi-lafia-nomme-conseiller-technique-a-la-promotion-des-pme-par-patrice-talon#primaryimage","url":"https:\/\/static.africa-press.net\/benin\/sites\/46\/2022\/07\/postQueueImg_20-62e2f01ca5dbf.jpg","contentUrl":"https:\/\/static.africa-press.net\/benin\/sites\/46\/2022\/07\/postQueueImg_20-62e2f01ca5dbf.jpg","width":1280,"height":720,"caption":"B\u00e9nin: Aguyl Chabi Lafia nomm\u00e9 Conseiller Technique \u00e0 la Promotion des PME par Patrice Talon"},{"@type":"BreadcrumbList","@id":"https:\/\/www.africa-press.net\/benin\/politique\/benin-aguyl-chabi-lafia-nomme-conseiller-technique-a-la-promotion-des-pme-par-patrice-talon#breadcrumb","itemListElement":[{"@type":"ListItem","position":1,"name":"Accueil","item":"https:\/\/www.africa-press.net\/benin\/"},{"@type":"ListItem","position":2,"name":"B\u00e9nin: Aguyl Chabi Lafia nomm\u00e9 Conseiller Technique \u00e0 la Promotion des PME par Patrice Talon"}]},{"@type":"WebSite","@id":"https:\/\/www.africa-press.net\/benin\/#website","url":"https:\/\/www.africa-press.net\/benin\/","name":"B\u00e9nin","description":"Just another Africa News Agency Sites site","potentialAction":[{"@type":"SearchAction","target":{"@type":"EntryPoint","urlTemplate":"https:\/\/www.africa-press.net\/benin\/?s={search_term_string}"},"query-input":{"@type":"PropertyValueSpecification","valueRequired":true,"valueName":"search_term_string"}}],"inLanguage":"fr-FR"},{"@type":"Person","@id":"https:\/\/www.africa-press.net\/benin\/#\/schema\/person\/2b1cf3cd81a31e3cd26889ca66d677f1","name":"cfeditorfr"}]}},"_links":{"self":[{"href":"https:\/\/www.africa-press.net\/benin\/wp-json\/wp\/v2\/posts\/7324","targetHints":{"allow":["GET"]}}],"collection":[{"href":"https:\/\/www.africa-press.net\/benin\/wp-json\/wp\/v2\/posts"}],"about":[{"href":"https:\/\/www.africa-press.net\/benin\/wp-json\/wp\/v2\/types\/post"}],"author":[{"embeddable":true,"href":"https:\/\/www.africa-press.net\/benin\/wp-json\/wp\/v2\/users\/82"}],"replies":[{"embeddable":true,"href":"https:\/\/www.africa-press.net\/benin\/wp-json\/wp\/v2\/comments?post=7324"}],"version-history":[{"count":0,"href":"https:\/\/www.africa-press.net\/benin\/wp-json\/wp\/v2\/posts\/7324\/revisions"}],"wp:featuredmedia":[{"embeddable":true,"href":"https:\/\/www.africa-press.net\/benin\/wp-json\/wp\/v2\/media\/7323"}],"wp:attachment":[{"href":"https:\/\/www.africa-press.net\/benin\/wp-json\/wp\/v2\/media?parent=7324"}],"wp:term":[{"taxonomy":"category","embeddable":true,"href":"https:\/\/www.africa-press.net\/benin\/wp-json\/wp\/v2\/categories?post=7324"},{"taxonomy":"post_tag","embeddable":true,"href":"https:\/\/www.africa-press.net\/benin\/wp-json\/wp\/v2\/tags?post=7324"}],"curies":[{"name":"wp","href":"https:\/\/api.w.org\/{rel}","templated":true}]}}