{"id":7327,"date":"2022-07-28T20:04:50","date_gmt":"2022-07-28T20:04:50","guid":{"rendered":"https:\/\/www.africa-press.net\/benin\/politique\/il-y-a-encore-des-prisonniers-politiques-au-benin-geraldo-gomez-persiste-et-sexplique"},"modified":"2022-07-28T20:24:09","modified_gmt":"2022-07-28T20:24:09","slug":"il-y-a-encore-des-prisonniers-politiques-au-benin-geraldo-gomez-persiste-et-sexplique","status":"publish","type":"post","link":"https:\/\/www.africa-press.net\/benin\/politique\/il-y-a-encore-des-prisonniers-politiques-au-benin-geraldo-gomez-persiste-et-sexplique","title":{"rendered":"\u00ab\u00a0Il y a encore des prisonniers politiques au B\u00e9nin\u00a0\u00bb, G\u00e9raldo Gomez persiste et s\u2019explique"},"content":{"rendered":"<p><span style=\"color: #ff6600\"><strong>Africa-Press &#8211; Benin. <\/strong><\/span>G\u00e9raldo Gomez, secr\u00e9taire g\u00e9n\u00e9ral adjoint charg\u00e9 des questions strat\u00e9giques du parti union sociale lib\u00e9rale (USL) ne s\u2019accorde pas avec le chef de l\u2019Etat b\u00e9ninois sur la d\u00e9finition de prisonnier politique. Il persiste et signe sur l\u2019existence de prisonniers politiques dans le pays et s\u2019explique.<\/p>\n<p>S\u2019appuyant sur une d\u00e9finition d\u2019Amnesty International, G\u00e9raldo Gomez affirme qu\u2019il est absurde de dire qu\u2019il n\u2019y a pas d\u2019exil\u00e9s ou de prisonniers politiques au B\u00e9nin. Pour lui, un prisonnier politique selon la d\u00e9finition de l\u2019Amnesty Internationale est \u00ab une personne emprisonn\u00e9e pour des motifs politiques, c\u2019est-\u00e0-dire pour s\u2019\u00eatre oppos\u00e9e par des actions (violentes ou non) au pouvoir en place (autoritaire ou moins) de leur pays (internationalement reconnu ou non) \u00bb.<\/p>\n<p>Il fait la nuance avec le prisonnier d\u2019opinion qui est une personne emprisonn\u00e9e non pour avoir agi, mais pour avoir simplement exprim\u00e9 ses opinions ou convictions.<\/p>\n<p>Apr\u00e8s avoir \u00e9tabli cette nuance, le secr\u00e9taire g\u00e9n\u00e9ral adjoint charg\u00e9 des questions strat\u00e9giques de l\u2019USL estime qu\u2019il est nettement clair que la d\u00e9finition du \u00ab d\u00e9tenu politique \u00bb mise en d\u00e9bat est plut\u00f4t ce qu\u2019il convient d\u2019appeler un \u00ab d\u00e9tenu ou prisonnier d\u2019opinion \u00bb selon les cat\u00e9gories universelles.<\/p>\n<p>A ce titre, conclut-il, nous en connaissons bon nombre qui ont \u00e9t\u00e9 poursuivis, arr\u00eat\u00e9s et emprisonn\u00e9s pour des opinions \u00e9mises sur les r\u00e9seaux sociaux, dans les m\u00e9dias ou au nom de certaines formations politiques. \u00ab Les exemples foisonnent. Il y a donc au Benin, aujourd\u2019hui encore, des \u00ab d\u00e9tenus d\u2019opinion\u00ab , insiste-t-il.<\/p>\n<p>Qu\u2019en est-il alors des d\u00e9tenus politiques ?<\/p>\n<p>S\u2019appuyant toujours sur la d\u00e9finition de l\u2019Amnesty Internationale, G\u00e9raldo Gomez indique que le \u00ab d\u00e9tenu politique \u00bb r\u00e9pond \u00e0 trois crit\u00e8res. Selon lui, il est le citoyen qui est fait prisonnier parce que:<\/p>\n<p>A croire G\u00e9raldo Gomez, il y a dans le rang des b\u00e9ninois plusieurs qui se sont oppos\u00e9s au pouvoir ex\u00e9cutif. Certains ont utilis\u00e9 des voies d\u00e9mocratiques pour exprimer leur opposition ou leurs contestations. \u00ab C\u2019est ce qu\u2019on peut appeler des actions non violentes\u00ab , explique-t-il.<\/p>\n<p>Par ailleurs, poursuit G\u00e9raldo Gomez, \u00ab Nous avons \u00e9galement \u00e9t\u00e9 tous t\u00e9moins de nombreuses arrestations en 2019, 2020 puis 2021 de citoyens dont le pouvoir ex\u00e9cutif, \u00e0 travers son chef, dit qu\u2019ils auraient choisi des actions violentes pour s\u2019opposer aux choix faits concernant les \u00e9lections politiques des ann\u00e9es concern\u00e9es. Il s\u2019agissait bien d\u2019une opposition au pouvoir ex\u00e9cutif qui dit lui-m\u00eame que les mis en cause ont utilis\u00e9 des actions violentes. Les deux premi\u00e8res caract\u00e9ristiques d\u00e9finissant le d\u00e9tenu politique r\u00e9unies, il ne reste plus qu\u2019\u00e0 v\u00e9rifier le statut du Benin : reconnu comme un \u00c9tat au sein de la communaut\u00e9 internationale\u00ab .<\/p>\n<p>Tirant la conclusion sur la base de ses analyses, le secr\u00e9taire g\u00e9n\u00e9ral adjoint charg\u00e9 des questions strat\u00e9giques du parti de S\u00e9bastien Ajavon signe et persiste que le Benin compte aujourd\u2019hui encore des prisonniers politiques et des prisonniers d\u2019opinion.<\/p>\n<p><strong>Pour plus d&rsquo;informations et d&rsquo;analyses sur la <a href=\"https:\/\/www.africa-press.net\/benin\">Benin<\/a>, suivez <a href=\"https:\/\/www.africa-press.net\/\">Africa-Press<\/a><\/strong><\/p>\n","protected":false},"excerpt":{"rendered":"<p>Africa-Press &#8211; Benin. G\u00e9raldo Gomez, secr\u00e9taire g\u00e9n\u00e9ral adjoint charg\u00e9 des questions strat\u00e9giques du parti union sociale lib\u00e9rale (USL) ne s\u2019accorde pas avec le chef de l\u2019Etat b\u00e9ninois sur la d\u00e9finition de prisonnier politique. Il persiste et signe sur l\u2019existence de prisonniers politiques dans le pays et s\u2019explique. S\u2019appuyant sur une d\u00e9finition d\u2019Amnesty International, G\u00e9raldo Gomez [&hellip;]<\/p>\n","protected":false},"author":82,"featured_media":7326,"comment_status":"open","ping_status":"closed","sticky":false,"template":"","format":"standard","meta":{"footnotes":""},"categories":[11,2,10],"tags":[36,50,45],"class_list":["post-7327","post","type-post","status-publish","format-standard","has-post-thumbnail","hentry","category-homepage-french","category-politique","category-toutes-les-actualites","tag-africa-press","tag-africa-press-benin","tag-benin"],"yoast_head":"<!-- This site is optimized with the Yoast SEO Premium plugin v26.1 (Yoast SEO v27.0) - https:\/\/yoast.com\/product\/yoast-seo-premium-wordpress\/ -->\n<title>\u00ab\u00a0Il y a encore des prisonniers politiques au B\u00e9nin\u00a0\u00bb, G\u00e9raldo Gomez persiste et s\u2019explique - B\u00e9nin<\/title>\n<meta name=\"description\" content=\"G\u00e9raldo Gomez, secr\u00e9taire g\u00e9n\u00e9ral adjoint charg\u00e9 des questions strat\u00e9giques du parti union sociale lib\u00e9rale (USL) ne s\u2019a ...\" \/>\n<meta name=\"robots\" content=\"index, follow, max-snippet:-1, max-image-preview:large, max-video-preview:-1\" \/>\n<link rel=\"canonical\" href=\"https:\/\/www.africa-press.net\/benin\/politique\/il-y-a-encore-des-prisonniers-politiques-au-benin-geraldo-gomez-persiste-et-sexplique\" \/>\n<meta property=\"og:locale\" content=\"fr_FR\" \/>\n<meta property=\"og:type\" content=\"article\" \/>\n<meta property=\"og:title\" content=\"\u00ab\u00a0Il y a encore des prisonniers politiques au B\u00e9nin\u00a0\u00bb, G\u00e9raldo Gomez persiste et s\u2019explique\" \/>\n<meta property=\"og:description\" content=\"G\u00e9raldo Gomez, secr\u00e9taire g\u00e9n\u00e9ral adjoint charg\u00e9 des questions strat\u00e9giques du parti union sociale lib\u00e9rale (USL) ne s\u2019a ...\" \/>\n<meta property=\"og:url\" content=\"https:\/\/www.africa-press.net\/benin\/politique\/il-y-a-encore-des-prisonniers-politiques-au-benin-geraldo-gomez-persiste-et-sexplique\" \/>\n<meta property=\"og:site_name\" content=\"B\u00e9nin\" \/>\n<meta property=\"article:published_time\" content=\"2022-07-28T20:04:50+00:00\" \/>\n<meta property=\"article:modified_time\" content=\"2022-07-28T20:24:09+00:00\" \/>\n<meta property=\"og:image\" content=\"https:\/\/static.africa-press.net\/benin\/sites\/46\/2022\/07\/postQueueImg_21-62e2f0487f936.jpg\" \/>\n\t<meta property=\"og:image:width\" content=\"1280\" \/>\n\t<meta property=\"og:image:height\" content=\"720\" \/>\n\t<meta property=\"og:image:type\" content=\"image\/jpeg\" \/>\n<meta name=\"author\" content=\"cfeditorfr\" \/>\n<meta name=\"twitter:card\" content=\"summary_large_image\" \/>\n<meta name=\"twitter:label1\" content=\"\u00c9crit par\" \/>\n\t<meta name=\"twitter:data1\" content=\"cfeditorfr\" \/>\n\t<meta name=\"twitter:label2\" content=\"Dur\u00e9e de lecture estim\u00e9e\" \/>\n\t<meta name=\"twitter:data2\" content=\"3 minutes\" \/>\n<script type=\"application\/ld+json\" class=\"yoast-schema-graph\">{\"@context\":\"https:\/\/schema.org\",\"@graph\":[{\"@type\":\"Article\",\"@id\":\"https:\/\/www.africa-press.net\/benin\/politique\/il-y-a-encore-des-prisonniers-politiques-au-benin-geraldo-gomez-persiste-et-sexplique#article\",\"isPartOf\":{\"@id\":\"https:\/\/www.africa-press.net\/benin\/politique\/il-y-a-encore-des-prisonniers-politiques-au-benin-geraldo-gomez-persiste-et-sexplique\"},\"author\":{\"name\":\"cfeditorfr\",\"@id\":\"https:\/\/www.africa-press.net\/benin\/#\/schema\/person\/2b1cf3cd81a31e3cd26889ca66d677f1\"},\"headline\":\"\u00ab\u00a0Il y a encore des prisonniers politiques au B\u00e9nin\u00a0\u00bb, G\u00e9raldo Gomez persiste et s\u2019explique\",\"datePublished\":\"2022-07-28T20:04:50+00:00\",\"dateModified\":\"2022-07-28T20:24:09+00:00\",\"mainEntityOfPage\":{\"@id\":\"https:\/\/www.africa-press.net\/benin\/politique\/il-y-a-encore-des-prisonniers-politiques-au-benin-geraldo-gomez-persiste-et-sexplique\"},\"wordCount\":569,\"commentCount\":0,\"image\":{\"@id\":\"https:\/\/www.africa-press.net\/benin\/politique\/il-y-a-encore-des-prisonniers-politiques-au-benin-geraldo-gomez-persiste-et-sexplique#primaryimage\"},\"thumbnailUrl\":\"https:\/\/static.africa-press.net\/benin\/sites\/46\/2022\/07\/postQueueImg_21-62e2f0487f936.jpg\",\"keywords\":[\"Africa Press\",\"Africa Press-Benin\",\"B\u00e9nin\"],\"articleSection\":[\"homepage-french\",\"Politique\",\"Toutes les actualit\u00e9s\"],\"inLanguage\":\"fr-FR\",\"potentialAction\":[{\"@type\":\"CommentAction\",\"name\":\"Comment\",\"target\":[\"https:\/\/www.africa-press.net\/benin\/politique\/il-y-a-encore-des-prisonniers-politiques-au-benin-geraldo-gomez-persiste-et-sexplique#respond\"]}]},{\"@type\":\"WebPage\",\"@id\":\"https:\/\/www.africa-press.net\/benin\/politique\/il-y-a-encore-des-prisonniers-politiques-au-benin-geraldo-gomez-persiste-et-sexplique\",\"url\":\"https:\/\/www.africa-press.net\/benin\/politique\/il-y-a-encore-des-prisonniers-politiques-au-benin-geraldo-gomez-persiste-et-sexplique\",\"name\":\"\u00ab\u00a0Il y a encore des prisonniers politiques au B\u00e9nin\u00a0\u00bb, G\u00e9raldo Gomez persiste et s\u2019explique - B\u00e9nin\",\"isPartOf\":{\"@id\":\"https:\/\/www.africa-press.net\/benin\/#website\"},\"primaryImageOfPage\":{\"@id\":\"https:\/\/www.africa-press.net\/benin\/politique\/il-y-a-encore-des-prisonniers-politiques-au-benin-geraldo-gomez-persiste-et-sexplique#primaryimage\"},\"image\":{\"@id\":\"https:\/\/www.africa-press.net\/benin\/politique\/il-y-a-encore-des-prisonniers-politiques-au-benin-geraldo-gomez-persiste-et-sexplique#primaryimage\"},\"thumbnailUrl\":\"https:\/\/static.africa-press.net\/benin\/sites\/46\/2022\/07\/postQueueImg_21-62e2f0487f936.jpg\",\"datePublished\":\"2022-07-28T20:04:50+00:00\",\"dateModified\":\"2022-07-28T20:24:09+00:00\",\"author\":{\"@id\":\"https:\/\/www.africa-press.net\/benin\/#\/schema\/person\/2b1cf3cd81a31e3cd26889ca66d677f1\"},\"description\":\"G\u00e9raldo Gomez, secr\u00e9taire g\u00e9n\u00e9ral adjoint charg\u00e9 des questions strat\u00e9giques du parti union sociale lib\u00e9rale (USL) ne s\u2019a ...\",\"breadcrumb\":{\"@id\":\"https:\/\/www.africa-press.net\/benin\/politique\/il-y-a-encore-des-prisonniers-politiques-au-benin-geraldo-gomez-persiste-et-sexplique#breadcrumb\"},\"inLanguage\":\"fr-FR\",\"potentialAction\":[{\"@type\":\"ReadAction\",\"target\":[\"https:\/\/www.africa-press.net\/benin\/politique\/il-y-a-encore-des-prisonniers-politiques-au-benin-geraldo-gomez-persiste-et-sexplique\"]}]},{\"@type\":\"ImageObject\",\"inLanguage\":\"fr-FR\",\"@id\":\"https:\/\/www.africa-press.net\/benin\/politique\/il-y-a-encore-des-prisonniers-politiques-au-benin-geraldo-gomez-persiste-et-sexplique#primaryimage\",\"url\":\"https:\/\/static.africa-press.net\/benin\/sites\/46\/2022\/07\/postQueueImg_21-62e2f0487f936.jpg\",\"contentUrl\":\"https:\/\/static.africa-press.net\/benin\/sites\/46\/2022\/07\/postQueueImg_21-62e2f0487f936.jpg\",\"width\":1280,\"height\":720,\"caption\":\"\u00ab\u00a0Il y a encore des prisonniers politiques au B\u00e9nin\u00a0\u00bb, G\u00e9raldo Gomez persiste et s\u2019explique\"},{\"@type\":\"BreadcrumbList\",\"@id\":\"https:\/\/www.africa-press.net\/benin\/politique\/il-y-a-encore-des-prisonniers-politiques-au-benin-geraldo-gomez-persiste-et-sexplique#breadcrumb\",\"itemListElement\":[{\"@type\":\"ListItem\",\"position\":1,\"name\":\"Accueil\",\"item\":\"https:\/\/www.africa-press.net\/benin\/\"},{\"@type\":\"ListItem\",\"position\":2,\"name\":\"\u00ab\u00a0Il y a encore des prisonniers politiques au B\u00e9nin\u00a0\u00bb, G\u00e9raldo Gomez persiste et s\u2019explique\"}]},{\"@type\":\"WebSite\",\"@id\":\"https:\/\/www.africa-press.net\/benin\/#website\",\"url\":\"https:\/\/www.africa-press.net\/benin\/\",\"name\":\"B\u00e9nin\",\"description\":\"Just another Africa News Agency Sites site\",\"potentialAction\":[{\"@type\":\"SearchAction\",\"target\":{\"@type\":\"EntryPoint\",\"urlTemplate\":\"https:\/\/www.africa-press.net\/benin\/?s={search_term_string}\"},\"query-input\":{\"@type\":\"PropertyValueSpecification\",\"valueRequired\":true,\"valueName\":\"search_term_string\"}}],\"inLanguage\":\"fr-FR\"},{\"@type\":\"Person\",\"@id\":\"https:\/\/www.africa-press.net\/benin\/#\/schema\/person\/2b1cf3cd81a31e3cd26889ca66d677f1\",\"name\":\"cfeditorfr\"}]}<\/script>\n<!-- \/ Yoast SEO Premium plugin. -->","yoast_head_json":{"title":"\u00ab\u00a0Il y a encore des prisonniers politiques au B\u00e9nin\u00a0\u00bb, G\u00e9raldo Gomez persiste et s\u2019explique - B\u00e9nin","description":"G\u00e9raldo Gomez, secr\u00e9taire g\u00e9n\u00e9ral adjoint charg\u00e9 des questions strat\u00e9giques du parti union sociale lib\u00e9rale (USL) ne s\u2019a ...","robots":{"index":"index","follow":"follow","max-snippet":"max-snippet:-1","max-image-preview":"max-image-preview:large","max-video-preview":"max-video-preview:-1"},"canonical":"https:\/\/www.africa-press.net\/benin\/politique\/il-y-a-encore-des-prisonniers-politiques-au-benin-geraldo-gomez-persiste-et-sexplique","og_locale":"fr_FR","og_type":"article","og_title":"\u00ab\u00a0Il y a encore des prisonniers politiques au B\u00e9nin\u00a0\u00bb, G\u00e9raldo Gomez persiste et s\u2019explique","og_description":"G\u00e9raldo Gomez, secr\u00e9taire g\u00e9n\u00e9ral adjoint charg\u00e9 des questions strat\u00e9giques du parti union sociale lib\u00e9rale (USL) ne s\u2019a ...","og_url":"https:\/\/www.africa-press.net\/benin\/politique\/il-y-a-encore-des-prisonniers-politiques-au-benin-geraldo-gomez-persiste-et-sexplique","og_site_name":"B\u00e9nin","article_published_time":"2022-07-28T20:04:50+00:00","article_modified_time":"2022-07-28T20:24:09+00:00","og_image":[{"width":1280,"height":720,"url":"https:\/\/static.africa-press.net\/benin\/sites\/46\/2022\/07\/postQueueImg_21-62e2f0487f936.jpg","type":"image\/jpeg"}],"author":"cfeditorfr","twitter_card":"summary_large_image","twitter_misc":{"\u00c9crit par":"cfeditorfr","Dur\u00e9e de lecture estim\u00e9e":"3 minutes"},"schema":{"@context":"https:\/\/schema.org","@graph":[{"@type":"Article","@id":"https:\/\/www.africa-press.net\/benin\/politique\/il-y-a-encore-des-prisonniers-politiques-au-benin-geraldo-gomez-persiste-et-sexplique#article","isPartOf":{"@id":"https:\/\/www.africa-press.net\/benin\/politique\/il-y-a-encore-des-prisonniers-politiques-au-benin-geraldo-gomez-persiste-et-sexplique"},"author":{"name":"cfeditorfr","@id":"https:\/\/www.africa-press.net\/benin\/#\/schema\/person\/2b1cf3cd81a31e3cd26889ca66d677f1"},"headline":"\u00ab\u00a0Il y a encore des prisonniers politiques au B\u00e9nin\u00a0\u00bb, G\u00e9raldo Gomez persiste et s\u2019explique","datePublished":"2022-07-28T20:04:50+00:00","dateModified":"2022-07-28T20:24:09+00:00","mainEntityOfPage":{"@id":"https:\/\/www.africa-press.net\/benin\/politique\/il-y-a-encore-des-prisonniers-politiques-au-benin-geraldo-gomez-persiste-et-sexplique"},"wordCount":569,"commentCount":0,"image":{"@id":"https:\/\/www.africa-press.net\/benin\/politique\/il-y-a-encore-des-prisonniers-politiques-au-benin-geraldo-gomez-persiste-et-sexplique#primaryimage"},"thumbnailUrl":"https:\/\/static.africa-press.net\/benin\/sites\/46\/2022\/07\/postQueueImg_21-62e2f0487f936.jpg","keywords":["Africa Press","Africa Press-Benin","B\u00e9nin"],"articleSection":["homepage-french","Politique","Toutes les actualit\u00e9s"],"inLanguage":"fr-FR","potentialAction":[{"@type":"CommentAction","name":"Comment","target":["https:\/\/www.africa-press.net\/benin\/politique\/il-y-a-encore-des-prisonniers-politiques-au-benin-geraldo-gomez-persiste-et-sexplique#respond"]}]},{"@type":"WebPage","@id":"https:\/\/www.africa-press.net\/benin\/politique\/il-y-a-encore-des-prisonniers-politiques-au-benin-geraldo-gomez-persiste-et-sexplique","url":"https:\/\/www.africa-press.net\/benin\/politique\/il-y-a-encore-des-prisonniers-politiques-au-benin-geraldo-gomez-persiste-et-sexplique","name":"\u00ab\u00a0Il y a encore des prisonniers politiques au B\u00e9nin\u00a0\u00bb, G\u00e9raldo Gomez persiste et s\u2019explique - B\u00e9nin","isPartOf":{"@id":"https:\/\/www.africa-press.net\/benin\/#website"},"primaryImageOfPage":{"@id":"https:\/\/www.africa-press.net\/benin\/politique\/il-y-a-encore-des-prisonniers-politiques-au-benin-geraldo-gomez-persiste-et-sexplique#primaryimage"},"image":{"@id":"https:\/\/www.africa-press.net\/benin\/politique\/il-y-a-encore-des-prisonniers-politiques-au-benin-geraldo-gomez-persiste-et-sexplique#primaryimage"},"thumbnailUrl":"https:\/\/static.africa-press.net\/benin\/sites\/46\/2022\/07\/postQueueImg_21-62e2f0487f936.jpg","datePublished":"2022-07-28T20:04:50+00:00","dateModified":"2022-07-28T20:24:09+00:00","author":{"@id":"https:\/\/www.africa-press.net\/benin\/#\/schema\/person\/2b1cf3cd81a31e3cd26889ca66d677f1"},"description":"G\u00e9raldo Gomez, secr\u00e9taire g\u00e9n\u00e9ral adjoint charg\u00e9 des questions strat\u00e9giques du parti union sociale lib\u00e9rale (USL) ne s\u2019a ...","breadcrumb":{"@id":"https:\/\/www.africa-press.net\/benin\/politique\/il-y-a-encore-des-prisonniers-politiques-au-benin-geraldo-gomez-persiste-et-sexplique#breadcrumb"},"inLanguage":"fr-FR","potentialAction":[{"@type":"ReadAction","target":["https:\/\/www.africa-press.net\/benin\/politique\/il-y-a-encore-des-prisonniers-politiques-au-benin-geraldo-gomez-persiste-et-sexplique"]}]},{"@type":"ImageObject","inLanguage":"fr-FR","@id":"https:\/\/www.africa-press.net\/benin\/politique\/il-y-a-encore-des-prisonniers-politiques-au-benin-geraldo-gomez-persiste-et-sexplique#primaryimage","url":"https:\/\/static.africa-press.net\/benin\/sites\/46\/2022\/07\/postQueueImg_21-62e2f0487f936.jpg","contentUrl":"https:\/\/static.africa-press.net\/benin\/sites\/46\/2022\/07\/postQueueImg_21-62e2f0487f936.jpg","width":1280,"height":720,"caption":"\u00ab\u00a0Il y a encore des prisonniers politiques au B\u00e9nin\u00a0\u00bb, G\u00e9raldo Gomez persiste et s\u2019explique"},{"@type":"BreadcrumbList","@id":"https:\/\/www.africa-press.net\/benin\/politique\/il-y-a-encore-des-prisonniers-politiques-au-benin-geraldo-gomez-persiste-et-sexplique#breadcrumb","itemListElement":[{"@type":"ListItem","position":1,"name":"Accueil","item":"https:\/\/www.africa-press.net\/benin\/"},{"@type":"ListItem","position":2,"name":"\u00ab\u00a0Il y a encore des prisonniers politiques au B\u00e9nin\u00a0\u00bb, G\u00e9raldo Gomez persiste et s\u2019explique"}]},{"@type":"WebSite","@id":"https:\/\/www.africa-press.net\/benin\/#website","url":"https:\/\/www.africa-press.net\/benin\/","name":"B\u00e9nin","description":"Just another Africa News Agency Sites site","potentialAction":[{"@type":"SearchAction","target":{"@type":"EntryPoint","urlTemplate":"https:\/\/www.africa-press.net\/benin\/?s={search_term_string}"},"query-input":{"@type":"PropertyValueSpecification","valueRequired":true,"valueName":"search_term_string"}}],"inLanguage":"fr-FR"},{"@type":"Person","@id":"https:\/\/www.africa-press.net\/benin\/#\/schema\/person\/2b1cf3cd81a31e3cd26889ca66d677f1","name":"cfeditorfr"}]}},"_links":{"self":[{"href":"https:\/\/www.africa-press.net\/benin\/wp-json\/wp\/v2\/posts\/7327","targetHints":{"allow":["GET"]}}],"collection":[{"href":"https:\/\/www.africa-press.net\/benin\/wp-json\/wp\/v2\/posts"}],"about":[{"href":"https:\/\/www.africa-press.net\/benin\/wp-json\/wp\/v2\/types\/post"}],"author":[{"embeddable":true,"href":"https:\/\/www.africa-press.net\/benin\/wp-json\/wp\/v2\/users\/82"}],"replies":[{"embeddable":true,"href":"https:\/\/www.africa-press.net\/benin\/wp-json\/wp\/v2\/comments?post=7327"}],"version-history":[{"count":0,"href":"https:\/\/www.africa-press.net\/benin\/wp-json\/wp\/v2\/posts\/7327\/revisions"}],"wp:featuredmedia":[{"embeddable":true,"href":"https:\/\/www.africa-press.net\/benin\/wp-json\/wp\/v2\/media\/7326"}],"wp:attachment":[{"href":"https:\/\/www.africa-press.net\/benin\/wp-json\/wp\/v2\/media?parent=7327"}],"wp:term":[{"taxonomy":"category","embeddable":true,"href":"https:\/\/www.africa-press.net\/benin\/wp-json\/wp\/v2\/categories?post=7327"},{"taxonomy":"post_tag","embeddable":true,"href":"https:\/\/www.africa-press.net\/benin\/wp-json\/wp\/v2\/tags?post=7327"}],"curies":[{"name":"wp","href":"https:\/\/api.w.org\/{rel}","templated":true}]}}