{"id":7330,"date":"2022-07-28T20:04:58","date_gmt":"2022-07-28T20:04:58","guid":{"rendered":"https:\/\/www.africa-press.net\/benin\/politique\/benin-les-etudiants-de-la-promotion-espoir-2022-de-leids-recoivent-leurs-parchemins"},"modified":"2022-07-28T20:24:55","modified_gmt":"2022-07-28T20:24:55","slug":"benin-les-etudiants-de-la-promotion-espoir-2022-de-leids-recoivent-leurs-parchemins","status":"publish","type":"post","link":"https:\/\/www.africa-press.net\/benin\/toutes-les-actualites\/benin-les-etudiants-de-la-promotion-espoir-2022-de-leids-recoivent-leurs-parchemins","title":{"rendered":"B\u00e9nin : les \u00e9tudiants de la promotion Espoir 2022 de l\u2019EIDS re\u00e7oivent leurs parchemins"},"content":{"rendered":"<p><span style=\"color: #ff6600\"><strong>Africa-Press &#8211; Benin. <\/strong><\/span>L\u2019Ecole internationale de d\u00e9tective et de strat\u00e9gie (l\u2019EIDS) que dirige le contr\u00f4leur g\u00e9n\u00e9ral de la police Clovis Adanzounon depuis 2013, a proc\u00e9d\u00e9 \u00e0 la remise officielle de dipl\u00f4me \u00e0 ses \u00e9tudiants de la promotion 2022 ce jeudi 28 juillet 2022.<\/p>\n<p>Lentement mais surement, l\u2019Ecole internationale de d\u00e9tective et de strat\u00e9gie, un \u00e9tablissement de formation professionnelle \u00e9litiste en mati\u00e8re d\u2019investigations, de management, d\u2019analyses politiques et strat\u00e9giques continue inexorablement son parcours.<\/p>\n<p>Ainsi, ce jeudi 28 juillet 2022, s\u2019est tenue la neuvi\u00e8me \u00e9dition de la c\u00e9r\u00e9monie de remise des dipl\u00f4mes aux \u00e9tudiants. Lors de ce rituel initi\u00e9 depuis 2013, le fond\u00e9 de l\u2019EIDS, Clovis Adanzounon a reconnu que les r\u00e9cipiendaires ont fait preuve de discipline et d\u2019abn\u00e9gation pour r\u00e9ussir toutes les \u00e9preuves qu\u2019ils ont subies tant en pratique qu\u2019en th\u00e9orie. \u00ab Le dipl\u00f4me que vous recevez aujourd\u2019hui n\u2019est pas une fin en soi. Vous devez continuer la formation pour acqu\u00e9rir les r\u00e9flexes du m\u00e9tier \u00bb, a-t-il recommand\u00e9.<\/p>\n<p>D\u2019apr\u00e8s Clovis Adanzounon, les dipl\u00f4mes obtenus permettront aux \u00e9tudiants de prendre en charge et de travailler partout dans le monde \u00e0 la seule condition qu\u2019ils soient inscrits d\u00e8s leurs arriv\u00e9es, dans l\u2019ordre des d\u00e9tectives priv\u00e9s du pays d\u2019accueil conform\u00e9ment aux dispositions l\u00e9gales de ce pays. Dans son allocution, le fondateur de l\u2019EIDS, le contr\u00f4leur g\u00e9n\u00e9ral de la police Clovis Adanzounon a annonc\u00e9 la mise sur le march\u00e9 depuis mai 2022 de l\u2019ouvrage intitul\u00e9 le Guide de l\u2019Investigateur \u00bb qui permettra aux \u00e9tudiants dipl\u00f4m\u00e9s de poursuivre leur formation en continu.<\/p>\n<p>La 1\u00e8re femme de l\u2019EIDS<\/p>\n<p>Le proc\u00e8s verbal qui a sanctionn\u00e9 les r\u00e9sultats de fin d\u2019ann\u00e9e a \u00e9t\u00e9 lu par le directeur des \u00e9tudes, Alfred Noud\u00e9finin. A l\u2019en croire, au total, 07 \u00e9tudiants se sont inscrits dans les diff\u00e9rentes sp\u00e9cialit\u00e9 au cours de cette ann\u00e9e et ont planch\u00e9. C\u2019est ainsi qu\u2019apr\u00e8s d\u00e9lib\u00e9ration et conform\u00e9ment aux dispositions r\u00e8glementaires exigeant 12\/20 comme moyenne minimum, les 07 \u00e9tudiants sont d\u00e9clar\u00e9s admis, soit un taux de r\u00e9ussite de 100%.<\/p>\n<p>Les r\u00e9sultats indiquent que l\u2019\u00e9tudiant Nyankoye Balamou est d\u00e9clar\u00e9 Major de la promotion Espoir 2022 alors que Michelle Migan est la premi\u00e8re femme enregistr\u00e9e par l\u2019EIDS depuis 2013.<\/p>\n<p>Les dol\u00e9ances des r\u00e9cipiendaires\u2026<\/p>\n<p>A l\u2019issue de cette c\u00e9r\u00e9monie, le r\u00e9cipiendaire Nyankoye Balamou, 1er et major de la promotion Espoir 2022 a exprim\u00e9 son sentiment de satisfaction au nom de ses coll\u00e8gues et confr\u00e8res. \u00ab Les jours pass\u00e9s dans cette \u00e9cole furent denses non seulement en pratique mais aussi en \u00e9motions fortes et rencontres. Toutes ces formations sont assur\u00e9es par des professeurs d\u2019universit\u00e9 et des fonctionnaires de police de haut niveau dont des magistrats, sp\u00e9cialis\u00e9s en droit, criminologie, en police technique et scientifique, en topographie et des experts en intelligence \u00e9conomique \u00bb, a-t-il salu\u00e9.<\/p>\n<p>Pour le repr\u00e9sentant des r\u00e9cipiendaires, ses coll\u00e8gues et lui ont appris \u00e0 collecter, traiter et analyser les informations \u00e9conomiquement strat\u00e9giques et dit-il \u00ab comme on le dit souvent \u00bb celui qui d\u00e9tient l\u2019information d\u00e9tient le pouvoir. Nous sommes \u00e0 m\u00eame de contribuer efficacement au d\u00e9veloppement \u00e9conomique de nos pays respectifs \u00bb.<\/p>\n<p>Mais pour y parvenir, ils ont formul\u00e9 des dol\u00e9ances \u00e0 l\u2019endroit de l\u2019EIDS dont la possibilit\u00e9 de leur offrir des stages professionnels en vue de leur permettre une immersion dans la r\u00e9alit\u00e9, la possibilit\u00e9 de participer aux s\u00e9ances de renforcement de capacit\u00e9s au sein de l\u2019EIDS et la possibilit\u00e9 d\u2019assister les professeurs en vue d\u2019apprendre le m\u00e9tier de formateur.<\/p>\n<p>Formation dans plusieurs sp\u00e9cialit\u00e9s<\/p>\n<p>Il est \u00e0 noter que l\u2019Ecole internationale de d\u00e9tective et de strat\u00e9gie (l\u2019EIDS) est agr\u00e9\u00e9 par le gouvernement b\u00e9ninois et assure des formations dans plusieurs sp\u00e9cialit\u00e9s dont la filature, la surveillance et la s\u00e9curit\u00e9, l\u2019investigations civiles, \u00e9conomiques et p\u00e9nales, l\u2019intelligence \u00e9conomique, la strat\u00e9gique militaire et la strat\u00e9gie d\u2019entreprise.<\/p>\n<p>La rentr\u00e9e 2021-2022 \u00e9tant finie, la prochaine rentr\u00e9e de l\u2019Ecole internationale de d\u00e9tective et de strat\u00e9gie aura lieu le lundi 05 septembre 2022 \u00e0 09h au si\u00e8ge de l\u2019institution \u00e0 Cotonou.<\/p>\n<p><strong>Pour plus d&rsquo;informations et d&rsquo;analyses sur la <a href=\"https:\/\/www.africa-press.net\/benin\">Benin<\/a>, suivez <a href=\"https:\/\/www.africa-press.net\/\">Africa-Press<\/a><\/strong><\/p>\n","protected":false},"excerpt":{"rendered":"<p>Africa-Press &#8211; Benin. L\u2019Ecole internationale de d\u00e9tective et de strat\u00e9gie (l\u2019EIDS) que dirige le contr\u00f4leur g\u00e9n\u00e9ral de la police Clovis Adanzounon depuis 2013, a proc\u00e9d\u00e9 \u00e0 la remise officielle de dipl\u00f4me \u00e0 ses \u00e9tudiants de la promotion 2022 ce jeudi 28 juillet 2022. Lentement mais surement, l\u2019Ecole internationale de d\u00e9tective et de strat\u00e9gie, un \u00e9tablissement [&hellip;]<\/p>\n","protected":false},"author":82,"featured_media":7329,"comment_status":"open","ping_status":"closed","sticky":false,"template":"","format":"standard","meta":{"footnotes":""},"categories":[21,11,10],"tags":[36,50,45],"class_list":["post-7330","post","type-post","status-publish","format-standard","has-post-thumbnail","hentry","category-communaute","category-homepage-french","category-toutes-les-actualites","tag-africa-press","tag-africa-press-benin","tag-benin"],"yoast_head":"<!-- This site is optimized with the Yoast SEO Premium plugin v26.1 (Yoast SEO v27.0) - https:\/\/yoast.com\/product\/yoast-seo-premium-wordpress\/ -->\n<title>B\u00e9nin : les \u00e9tudiants de la promotion Espoir 2022 de l\u2019EIDS re\u00e7oivent leurs parchemins - B\u00e9nin<\/title>\n<meta name=\"description\" content=\"L\u2019Ecole internationale de d\u00e9tective et de strat\u00e9gie (l\u2019EIDS) que dirige le contr\u00f4leur g\u00e9n\u00e9ral de la police Clovis Adanzo ...\" \/>\n<meta name=\"robots\" content=\"index, follow, max-snippet:-1, max-image-preview:large, max-video-preview:-1\" \/>\n<link rel=\"canonical\" href=\"https:\/\/www.africa-press.net\/benin\/toutes-les-actualites\/benin-les-etudiants-de-la-promotion-espoir-2022-de-leids-recoivent-leurs-parchemins\" \/>\n<meta property=\"og:locale\" content=\"fr_FR\" \/>\n<meta property=\"og:type\" content=\"article\" \/>\n<meta property=\"og:title\" content=\"B\u00e9nin : les \u00e9tudiants de la promotion Espoir 2022 de l\u2019EIDS re\u00e7oivent leurs parchemins\" \/>\n<meta property=\"og:description\" content=\"L\u2019Ecole internationale de d\u00e9tective et de strat\u00e9gie (l\u2019EIDS) que dirige le contr\u00f4leur g\u00e9n\u00e9ral de la police Clovis Adanzo ...\" \/>\n<meta property=\"og:url\" content=\"https:\/\/www.africa-press.net\/benin\/toutes-les-actualites\/benin-les-etudiants-de-la-promotion-espoir-2022-de-leids-recoivent-leurs-parchemins\" \/>\n<meta property=\"og:site_name\" content=\"B\u00e9nin\" \/>\n<meta property=\"article:published_time\" content=\"2022-07-28T20:04:58+00:00\" \/>\n<meta property=\"article:modified_time\" content=\"2022-07-28T20:24:55+00:00\" \/>\n<meta property=\"og:image\" content=\"https:\/\/static.africa-press.net\/benin\/sites\/46\/2022\/07\/postQueueImg_22-62e2f071eac65.jpg\" \/>\n\t<meta property=\"og:image:width\" content=\"1522\" \/>\n\t<meta property=\"og:image:height\" content=\"856\" \/>\n\t<meta property=\"og:image:type\" content=\"image\/jpeg\" \/>\n<meta name=\"author\" content=\"cfeditorfr\" \/>\n<meta name=\"twitter:card\" content=\"summary_large_image\" \/>\n<meta name=\"twitter:label1\" content=\"\u00c9crit par\" \/>\n\t<meta name=\"twitter:data1\" content=\"cfeditorfr\" \/>\n\t<meta name=\"twitter:label2\" content=\"Dur\u00e9e de lecture estim\u00e9e\" \/>\n\t<meta name=\"twitter:data2\" content=\"4 minutes\" \/>\n<script type=\"application\/ld+json\" class=\"yoast-schema-graph\">{\"@context\":\"https:\/\/schema.org\",\"@graph\":[{\"@type\":\"Article\",\"@id\":\"https:\/\/www.africa-press.net\/benin\/toutes-les-actualites\/benin-les-etudiants-de-la-promotion-espoir-2022-de-leids-recoivent-leurs-parchemins#article\",\"isPartOf\":{\"@id\":\"https:\/\/www.africa-press.net\/benin\/toutes-les-actualites\/benin-les-etudiants-de-la-promotion-espoir-2022-de-leids-recoivent-leurs-parchemins\"},\"author\":{\"name\":\"cfeditorfr\",\"@id\":\"https:\/\/www.africa-press.net\/benin\/#\/schema\/person\/2b1cf3cd81a31e3cd26889ca66d677f1\"},\"headline\":\"B\u00e9nin : les \u00e9tudiants de la promotion Espoir 2022 de l\u2019EIDS re\u00e7oivent leurs parchemins\",\"datePublished\":\"2022-07-28T20:04:58+00:00\",\"dateModified\":\"2022-07-28T20:24:55+00:00\",\"mainEntityOfPage\":{\"@id\":\"https:\/\/www.africa-press.net\/benin\/toutes-les-actualites\/benin-les-etudiants-de-la-promotion-espoir-2022-de-leids-recoivent-leurs-parchemins\"},\"wordCount\":765,\"commentCount\":0,\"image\":{\"@id\":\"https:\/\/www.africa-press.net\/benin\/toutes-les-actualites\/benin-les-etudiants-de-la-promotion-espoir-2022-de-leids-recoivent-leurs-parchemins#primaryimage\"},\"thumbnailUrl\":\"https:\/\/static.africa-press.net\/benin\/sites\/46\/2022\/07\/postQueueImg_22-62e2f071eac65.jpg\",\"keywords\":[\"Africa Press\",\"Africa Press-Benin\",\"B\u00e9nin\"],\"articleSection\":[\"Communaut\u00e9\",\"homepage-french\",\"Toutes les actualit\u00e9s\"],\"inLanguage\":\"fr-FR\",\"potentialAction\":[{\"@type\":\"CommentAction\",\"name\":\"Comment\",\"target\":[\"https:\/\/www.africa-press.net\/benin\/toutes-les-actualites\/benin-les-etudiants-de-la-promotion-espoir-2022-de-leids-recoivent-leurs-parchemins#respond\"]}]},{\"@type\":\"WebPage\",\"@id\":\"https:\/\/www.africa-press.net\/benin\/toutes-les-actualites\/benin-les-etudiants-de-la-promotion-espoir-2022-de-leids-recoivent-leurs-parchemins\",\"url\":\"https:\/\/www.africa-press.net\/benin\/toutes-les-actualites\/benin-les-etudiants-de-la-promotion-espoir-2022-de-leids-recoivent-leurs-parchemins\",\"name\":\"B\u00e9nin : les \u00e9tudiants de la promotion Espoir 2022 de l\u2019EIDS re\u00e7oivent leurs parchemins - B\u00e9nin\",\"isPartOf\":{\"@id\":\"https:\/\/www.africa-press.net\/benin\/#website\"},\"primaryImageOfPage\":{\"@id\":\"https:\/\/www.africa-press.net\/benin\/toutes-les-actualites\/benin-les-etudiants-de-la-promotion-espoir-2022-de-leids-recoivent-leurs-parchemins#primaryimage\"},\"image\":{\"@id\":\"https:\/\/www.africa-press.net\/benin\/toutes-les-actualites\/benin-les-etudiants-de-la-promotion-espoir-2022-de-leids-recoivent-leurs-parchemins#primaryimage\"},\"thumbnailUrl\":\"https:\/\/static.africa-press.net\/benin\/sites\/46\/2022\/07\/postQueueImg_22-62e2f071eac65.jpg\",\"datePublished\":\"2022-07-28T20:04:58+00:00\",\"dateModified\":\"2022-07-28T20:24:55+00:00\",\"author\":{\"@id\":\"https:\/\/www.africa-press.net\/benin\/#\/schema\/person\/2b1cf3cd81a31e3cd26889ca66d677f1\"},\"description\":\"L\u2019Ecole internationale de d\u00e9tective et de strat\u00e9gie (l\u2019EIDS) que dirige le contr\u00f4leur g\u00e9n\u00e9ral de la police Clovis Adanzo ...\",\"breadcrumb\":{\"@id\":\"https:\/\/www.africa-press.net\/benin\/toutes-les-actualites\/benin-les-etudiants-de-la-promotion-espoir-2022-de-leids-recoivent-leurs-parchemins#breadcrumb\"},\"inLanguage\":\"fr-FR\",\"potentialAction\":[{\"@type\":\"ReadAction\",\"target\":[\"https:\/\/www.africa-press.net\/benin\/toutes-les-actualites\/benin-les-etudiants-de-la-promotion-espoir-2022-de-leids-recoivent-leurs-parchemins\"]}]},{\"@type\":\"ImageObject\",\"inLanguage\":\"fr-FR\",\"@id\":\"https:\/\/www.africa-press.net\/benin\/toutes-les-actualites\/benin-les-etudiants-de-la-promotion-espoir-2022-de-leids-recoivent-leurs-parchemins#primaryimage\",\"url\":\"https:\/\/static.africa-press.net\/benin\/sites\/46\/2022\/07\/postQueueImg_22-62e2f071eac65.jpg\",\"contentUrl\":\"https:\/\/static.africa-press.net\/benin\/sites\/46\/2022\/07\/postQueueImg_22-62e2f071eac65.jpg\",\"width\":1522,\"height\":856,\"caption\":\"B\u00e9nin : les \u00e9tudiants de la promotion Espoir 2022 de l\u2019EIDS re\u00e7oivent leurs parchemins\"},{\"@type\":\"BreadcrumbList\",\"@id\":\"https:\/\/www.africa-press.net\/benin\/toutes-les-actualites\/benin-les-etudiants-de-la-promotion-espoir-2022-de-leids-recoivent-leurs-parchemins#breadcrumb\",\"itemListElement\":[{\"@type\":\"ListItem\",\"position\":1,\"name\":\"Accueil\",\"item\":\"https:\/\/www.africa-press.net\/benin\/\"},{\"@type\":\"ListItem\",\"position\":2,\"name\":\"B\u00e9nin : les \u00e9tudiants de la promotion Espoir 2022 de l\u2019EIDS re\u00e7oivent leurs parchemins\"}]},{\"@type\":\"WebSite\",\"@id\":\"https:\/\/www.africa-press.net\/benin\/#website\",\"url\":\"https:\/\/www.africa-press.net\/benin\/\",\"name\":\"B\u00e9nin\",\"description\":\"Just another Africa News Agency Sites site\",\"potentialAction\":[{\"@type\":\"SearchAction\",\"target\":{\"@type\":\"EntryPoint\",\"urlTemplate\":\"https:\/\/www.africa-press.net\/benin\/?s={search_term_string}\"},\"query-input\":{\"@type\":\"PropertyValueSpecification\",\"valueRequired\":true,\"valueName\":\"search_term_string\"}}],\"inLanguage\":\"fr-FR\"},{\"@type\":\"Person\",\"@id\":\"https:\/\/www.africa-press.net\/benin\/#\/schema\/person\/2b1cf3cd81a31e3cd26889ca66d677f1\",\"name\":\"cfeditorfr\"}]}<\/script>\n<!-- \/ Yoast SEO Premium plugin. -->","yoast_head_json":{"title":"B\u00e9nin : les \u00e9tudiants de la promotion Espoir 2022 de l\u2019EIDS re\u00e7oivent leurs parchemins - B\u00e9nin","description":"L\u2019Ecole internationale de d\u00e9tective et de strat\u00e9gie (l\u2019EIDS) que dirige le contr\u00f4leur g\u00e9n\u00e9ral de la police Clovis Adanzo ...","robots":{"index":"index","follow":"follow","max-snippet":"max-snippet:-1","max-image-preview":"max-image-preview:large","max-video-preview":"max-video-preview:-1"},"canonical":"https:\/\/www.africa-press.net\/benin\/toutes-les-actualites\/benin-les-etudiants-de-la-promotion-espoir-2022-de-leids-recoivent-leurs-parchemins","og_locale":"fr_FR","og_type":"article","og_title":"B\u00e9nin : les \u00e9tudiants de la promotion Espoir 2022 de l\u2019EIDS re\u00e7oivent leurs parchemins","og_description":"L\u2019Ecole internationale de d\u00e9tective et de strat\u00e9gie (l\u2019EIDS) que dirige le contr\u00f4leur g\u00e9n\u00e9ral de la police Clovis Adanzo ...","og_url":"https:\/\/www.africa-press.net\/benin\/toutes-les-actualites\/benin-les-etudiants-de-la-promotion-espoir-2022-de-leids-recoivent-leurs-parchemins","og_site_name":"B\u00e9nin","article_published_time":"2022-07-28T20:04:58+00:00","article_modified_time":"2022-07-28T20:24:55+00:00","og_image":[{"width":1522,"height":856,"url":"https:\/\/static.africa-press.net\/benin\/sites\/46\/2022\/07\/postQueueImg_22-62e2f071eac65.jpg","type":"image\/jpeg"}],"author":"cfeditorfr","twitter_card":"summary_large_image","twitter_misc":{"\u00c9crit par":"cfeditorfr","Dur\u00e9e de lecture estim\u00e9e":"4 minutes"},"schema":{"@context":"https:\/\/schema.org","@graph":[{"@type":"Article","@id":"https:\/\/www.africa-press.net\/benin\/toutes-les-actualites\/benin-les-etudiants-de-la-promotion-espoir-2022-de-leids-recoivent-leurs-parchemins#article","isPartOf":{"@id":"https:\/\/www.africa-press.net\/benin\/toutes-les-actualites\/benin-les-etudiants-de-la-promotion-espoir-2022-de-leids-recoivent-leurs-parchemins"},"author":{"name":"cfeditorfr","@id":"https:\/\/www.africa-press.net\/benin\/#\/schema\/person\/2b1cf3cd81a31e3cd26889ca66d677f1"},"headline":"B\u00e9nin : les \u00e9tudiants de la promotion Espoir 2022 de l\u2019EIDS re\u00e7oivent leurs parchemins","datePublished":"2022-07-28T20:04:58+00:00","dateModified":"2022-07-28T20:24:55+00:00","mainEntityOfPage":{"@id":"https:\/\/www.africa-press.net\/benin\/toutes-les-actualites\/benin-les-etudiants-de-la-promotion-espoir-2022-de-leids-recoivent-leurs-parchemins"},"wordCount":765,"commentCount":0,"image":{"@id":"https:\/\/www.africa-press.net\/benin\/toutes-les-actualites\/benin-les-etudiants-de-la-promotion-espoir-2022-de-leids-recoivent-leurs-parchemins#primaryimage"},"thumbnailUrl":"https:\/\/static.africa-press.net\/benin\/sites\/46\/2022\/07\/postQueueImg_22-62e2f071eac65.jpg","keywords":["Africa Press","Africa Press-Benin","B\u00e9nin"],"articleSection":["Communaut\u00e9","homepage-french","Toutes les actualit\u00e9s"],"inLanguage":"fr-FR","potentialAction":[{"@type":"CommentAction","name":"Comment","target":["https:\/\/www.africa-press.net\/benin\/toutes-les-actualites\/benin-les-etudiants-de-la-promotion-espoir-2022-de-leids-recoivent-leurs-parchemins#respond"]}]},{"@type":"WebPage","@id":"https:\/\/www.africa-press.net\/benin\/toutes-les-actualites\/benin-les-etudiants-de-la-promotion-espoir-2022-de-leids-recoivent-leurs-parchemins","url":"https:\/\/www.africa-press.net\/benin\/toutes-les-actualites\/benin-les-etudiants-de-la-promotion-espoir-2022-de-leids-recoivent-leurs-parchemins","name":"B\u00e9nin : les \u00e9tudiants de la promotion Espoir 2022 de l\u2019EIDS re\u00e7oivent leurs parchemins - B\u00e9nin","isPartOf":{"@id":"https:\/\/www.africa-press.net\/benin\/#website"},"primaryImageOfPage":{"@id":"https:\/\/www.africa-press.net\/benin\/toutes-les-actualites\/benin-les-etudiants-de-la-promotion-espoir-2022-de-leids-recoivent-leurs-parchemins#primaryimage"},"image":{"@id":"https:\/\/www.africa-press.net\/benin\/toutes-les-actualites\/benin-les-etudiants-de-la-promotion-espoir-2022-de-leids-recoivent-leurs-parchemins#primaryimage"},"thumbnailUrl":"https:\/\/static.africa-press.net\/benin\/sites\/46\/2022\/07\/postQueueImg_22-62e2f071eac65.jpg","datePublished":"2022-07-28T20:04:58+00:00","dateModified":"2022-07-28T20:24:55+00:00","author":{"@id":"https:\/\/www.africa-press.net\/benin\/#\/schema\/person\/2b1cf3cd81a31e3cd26889ca66d677f1"},"description":"L\u2019Ecole internationale de d\u00e9tective et de strat\u00e9gie (l\u2019EIDS) que dirige le contr\u00f4leur g\u00e9n\u00e9ral de la police Clovis Adanzo ...","breadcrumb":{"@id":"https:\/\/www.africa-press.net\/benin\/toutes-les-actualites\/benin-les-etudiants-de-la-promotion-espoir-2022-de-leids-recoivent-leurs-parchemins#breadcrumb"},"inLanguage":"fr-FR","potentialAction":[{"@type":"ReadAction","target":["https:\/\/www.africa-press.net\/benin\/toutes-les-actualites\/benin-les-etudiants-de-la-promotion-espoir-2022-de-leids-recoivent-leurs-parchemins"]}]},{"@type":"ImageObject","inLanguage":"fr-FR","@id":"https:\/\/www.africa-press.net\/benin\/toutes-les-actualites\/benin-les-etudiants-de-la-promotion-espoir-2022-de-leids-recoivent-leurs-parchemins#primaryimage","url":"https:\/\/static.africa-press.net\/benin\/sites\/46\/2022\/07\/postQueueImg_22-62e2f071eac65.jpg","contentUrl":"https:\/\/static.africa-press.net\/benin\/sites\/46\/2022\/07\/postQueueImg_22-62e2f071eac65.jpg","width":1522,"height":856,"caption":"B\u00e9nin : les \u00e9tudiants de la promotion Espoir 2022 de l\u2019EIDS re\u00e7oivent leurs parchemins"},{"@type":"BreadcrumbList","@id":"https:\/\/www.africa-press.net\/benin\/toutes-les-actualites\/benin-les-etudiants-de-la-promotion-espoir-2022-de-leids-recoivent-leurs-parchemins#breadcrumb","itemListElement":[{"@type":"ListItem","position":1,"name":"Accueil","item":"https:\/\/www.africa-press.net\/benin\/"},{"@type":"ListItem","position":2,"name":"B\u00e9nin : les \u00e9tudiants de la promotion Espoir 2022 de l\u2019EIDS re\u00e7oivent leurs parchemins"}]},{"@type":"WebSite","@id":"https:\/\/www.africa-press.net\/benin\/#website","url":"https:\/\/www.africa-press.net\/benin\/","name":"B\u00e9nin","description":"Just another Africa News Agency Sites site","potentialAction":[{"@type":"SearchAction","target":{"@type":"EntryPoint","urlTemplate":"https:\/\/www.africa-press.net\/benin\/?s={search_term_string}"},"query-input":{"@type":"PropertyValueSpecification","valueRequired":true,"valueName":"search_term_string"}}],"inLanguage":"fr-FR"},{"@type":"Person","@id":"https:\/\/www.africa-press.net\/benin\/#\/schema\/person\/2b1cf3cd81a31e3cd26889ca66d677f1","name":"cfeditorfr"}]}},"_links":{"self":[{"href":"https:\/\/www.africa-press.net\/benin\/wp-json\/wp\/v2\/posts\/7330","targetHints":{"allow":["GET"]}}],"collection":[{"href":"https:\/\/www.africa-press.net\/benin\/wp-json\/wp\/v2\/posts"}],"about":[{"href":"https:\/\/www.africa-press.net\/benin\/wp-json\/wp\/v2\/types\/post"}],"author":[{"embeddable":true,"href":"https:\/\/www.africa-press.net\/benin\/wp-json\/wp\/v2\/users\/82"}],"replies":[{"embeddable":true,"href":"https:\/\/www.africa-press.net\/benin\/wp-json\/wp\/v2\/comments?post=7330"}],"version-history":[{"count":0,"href":"https:\/\/www.africa-press.net\/benin\/wp-json\/wp\/v2\/posts\/7330\/revisions"}],"wp:featuredmedia":[{"embeddable":true,"href":"https:\/\/www.africa-press.net\/benin\/wp-json\/wp\/v2\/media\/7329"}],"wp:attachment":[{"href":"https:\/\/www.africa-press.net\/benin\/wp-json\/wp\/v2\/media?parent=7330"}],"wp:term":[{"taxonomy":"category","embeddable":true,"href":"https:\/\/www.africa-press.net\/benin\/wp-json\/wp\/v2\/categories?post=7330"},{"taxonomy":"post_tag","embeddable":true,"href":"https:\/\/www.africa-press.net\/benin\/wp-json\/wp\/v2\/tags?post=7330"}],"curies":[{"name":"wp","href":"https:\/\/api.w.org\/{rel}","templated":true}]}}