{"id":7333,"date":"2022-07-28T20:05:09","date_gmt":"2022-07-28T20:05:09","guid":{"rendered":"https:\/\/www.africa-press.net\/benin\/politique\/benin-le-ministre-jean-michel-abimbola-fait-chevalier-de-la-legion-dhonneur-francaise"},"modified":"2022-07-28T20:25:41","modified_gmt":"2022-07-28T20:25:41","slug":"benin-le-ministre-jean-michel-abimbola-fait-chevalier-de-la-legion-dhonneur-francaise","status":"publish","type":"post","link":"https:\/\/www.africa-press.net\/benin\/toutes-les-actualites\/benin-le-ministre-jean-michel-abimbola-fait-chevalier-de-la-legion-dhonneur-francaise","title":{"rendered":"B\u00e9nin: le ministre Jean-Michel Abimbola fait chevalier de la l\u00e9gion d\u2019honneur fran\u00e7aise"},"content":{"rendered":"<p><span style=\"color: #ff6600\"><strong>Africa-Press &#8211; Benin. <\/strong><\/span>Le ministre b\u00e9ninois du Tourisme, de la culture et des arts, Jean-Michel Abimbola, a \u00e9t\u00e9 fait chevalier de la l\u00e9gion d\u2019honneur fran\u00e7aise. Il a re\u00e7u la m\u00e9daille des mains de Rima Abdul-Malak, ministre de la Culture de la R\u00e9publique fran\u00e7aise, le mardi 26 juillet 2022 \u00e0 Cotonou.<\/p>\n<p>Jean-Michel Abimbola est d\u00e9sormais chevalier de la l\u00e9gion d\u2019honneur fran\u00e7aise. Il s\u2019agit d\u2019une distinction honorifique qui vient couronner les efforts du ministre b\u00e9ninois dans le secteur du tourisme, de la culture et des arts. Il a accueilli cette distinction avec joie et justifie sa d\u00e9termination au quotidien pour l\u2019atteinte de r\u00e9sultats probants.<\/p>\n<p>\u00ab Dans notre parcours, il nous arrive souvent de tr\u00e9bucher, de tomber et m\u00eame parfois, de nous blesser. Le plus important, dit-on, ce n\u2019est pas de s\u2019attarder sur ces blessures, mais de se relever et de recommencer la marche en avant, en \u00e9vitant les obstacles ayant provoqu\u00e9 la chute. Le plus important, c\u2019est aussi de toujours croire en soi, de s\u2019investir avec la m\u00eame d\u00e9termination tout en ayant, chevill\u00e9e au corps, la foi qui autorise tous les espoirs \u00bb, a d\u00e9clar\u00e9 Jean-Michel Abimbola.<\/p>\n<p>Pour Jean-Michel Abimbola, cette distinction honorifique t\u00e9moigne de l\u2019int\u00e9r\u00eat port\u00e9 \u00e0 son parcours, pas en tant que chef, \u00ab mais en tant qu\u2019humble serviteur de l\u2019Etat b\u00e9ninois aupr\u00e8s du minist\u00e8re du Tourisme, de la culture et des arts, l\u2019un des piliers du B\u00e9nin r\u00e9v\u00e9l\u00e9 \u00bb.<\/p>\n<p><strong>Pour plus d&rsquo;informations et d&rsquo;analyses sur la <a href=\"https:\/\/www.africa-press.net\/benin\">Benin<\/a>, suivez <a href=\"https:\/\/www.africa-press.net\/\">Africa-Press<\/a><\/strong><\/p>\n","protected":false},"excerpt":{"rendered":"<p>Africa-Press &#8211; Benin. Le ministre b\u00e9ninois du Tourisme, de la culture et des arts, Jean-Michel Abimbola, a \u00e9t\u00e9 fait chevalier de la l\u00e9gion d\u2019honneur fran\u00e7aise. Il a re\u00e7u la m\u00e9daille des mains de Rima Abdul-Malak, ministre de la Culture de la R\u00e9publique fran\u00e7aise, le mardi 26 juillet 2022 \u00e0 Cotonou. Jean-Michel Abimbola est d\u00e9sormais chevalier [&hellip;]<\/p>\n","protected":false},"author":82,"featured_media":7332,"comment_status":"open","ping_status":"closed","sticky":false,"template":"","format":"standard","meta":{"footnotes":""},"categories":[21,11,10],"tags":[36,50,45],"class_list":["post-7333","post","type-post","status-publish","format-standard","has-post-thumbnail","hentry","category-communaute","category-homepage-french","category-toutes-les-actualites","tag-africa-press","tag-africa-press-benin","tag-benin"],"yoast_head":"<!-- This site is optimized with the Yoast SEO Premium plugin v26.1 (Yoast SEO v27.0) - https:\/\/yoast.com\/product\/yoast-seo-premium-wordpress\/ -->\n<title>B\u00e9nin: le ministre Jean-Michel Abimbola fait chevalier de la l\u00e9gion d\u2019honneur fran\u00e7aise - B\u00e9nin<\/title>\n<meta name=\"description\" content=\"Le ministre b\u00e9ninois du Tourisme, de la culture et des arts, Jean-Michel Abimbola, a \u00e9t\u00e9 fait chevalier de la l\u00e9gion d\u2019h ...\" \/>\n<meta name=\"robots\" content=\"index, follow, max-snippet:-1, max-image-preview:large, max-video-preview:-1\" \/>\n<link rel=\"canonical\" href=\"https:\/\/www.africa-press.net\/benin\/toutes-les-actualites\/benin-le-ministre-jean-michel-abimbola-fait-chevalier-de-la-legion-dhonneur-francaise\" \/>\n<meta property=\"og:locale\" content=\"fr_FR\" \/>\n<meta property=\"og:type\" content=\"article\" \/>\n<meta property=\"og:title\" content=\"B\u00e9nin: le ministre Jean-Michel Abimbola fait chevalier de la l\u00e9gion d\u2019honneur fran\u00e7aise\" \/>\n<meta property=\"og:description\" content=\"Le ministre b\u00e9ninois du Tourisme, de la culture et des arts, Jean-Michel Abimbola, a \u00e9t\u00e9 fait chevalier de la l\u00e9gion d\u2019h ...\" \/>\n<meta property=\"og:url\" content=\"https:\/\/www.africa-press.net\/benin\/toutes-les-actualites\/benin-le-ministre-jean-michel-abimbola-fait-chevalier-de-la-legion-dhonneur-francaise\" \/>\n<meta property=\"og:site_name\" content=\"B\u00e9nin\" \/>\n<meta property=\"article:published_time\" content=\"2022-07-28T20:05:09+00:00\" \/>\n<meta property=\"article:modified_time\" content=\"2022-07-28T20:25:41+00:00\" \/>\n<meta property=\"og:image\" content=\"https:\/\/static.africa-press.net\/benin\/sites\/46\/2022\/07\/postQueueImg_23-62e2f09c0509f.jpg\" \/>\n\t<meta property=\"og:image:width\" content=\"1200\" \/>\n\t<meta property=\"og:image:height\" content=\"800\" \/>\n\t<meta property=\"og:image:type\" content=\"image\/jpeg\" \/>\n<meta name=\"author\" content=\"cfeditorfr\" \/>\n<meta name=\"twitter:card\" content=\"summary_large_image\" \/>\n<meta name=\"twitter:label1\" content=\"\u00c9crit par\" \/>\n\t<meta name=\"twitter:data1\" content=\"cfeditorfr\" \/>\n\t<meta name=\"twitter:label2\" content=\"Dur\u00e9e de lecture estim\u00e9e\" \/>\n\t<meta name=\"twitter:data2\" content=\"2 minutes\" \/>\n<script type=\"application\/ld+json\" class=\"yoast-schema-graph\">{\"@context\":\"https:\/\/schema.org\",\"@graph\":[{\"@type\":\"Article\",\"@id\":\"https:\/\/www.africa-press.net\/benin\/toutes-les-actualites\/benin-le-ministre-jean-michel-abimbola-fait-chevalier-de-la-legion-dhonneur-francaise#article\",\"isPartOf\":{\"@id\":\"https:\/\/www.africa-press.net\/benin\/toutes-les-actualites\/benin-le-ministre-jean-michel-abimbola-fait-chevalier-de-la-legion-dhonneur-francaise\"},\"author\":{\"name\":\"cfeditorfr\",\"@id\":\"https:\/\/www.africa-press.net\/benin\/#\/schema\/person\/2b1cf3cd81a31e3cd26889ca66d677f1\"},\"headline\":\"B\u00e9nin: le ministre Jean-Michel Abimbola fait chevalier de la l\u00e9gion d\u2019honneur fran\u00e7aise\",\"datePublished\":\"2022-07-28T20:05:09+00:00\",\"dateModified\":\"2022-07-28T20:25:41+00:00\",\"mainEntityOfPage\":{\"@id\":\"https:\/\/www.africa-press.net\/benin\/toutes-les-actualites\/benin-le-ministre-jean-michel-abimbola-fait-chevalier-de-la-legion-dhonneur-francaise\"},\"wordCount\":291,\"commentCount\":0,\"image\":{\"@id\":\"https:\/\/www.africa-press.net\/benin\/toutes-les-actualites\/benin-le-ministre-jean-michel-abimbola-fait-chevalier-de-la-legion-dhonneur-francaise#primaryimage\"},\"thumbnailUrl\":\"https:\/\/static.africa-press.net\/benin\/sites\/46\/2022\/07\/postQueueImg_23-62e2f09c0509f.jpg\",\"keywords\":[\"Africa Press\",\"Africa Press-Benin\",\"B\u00e9nin\"],\"articleSection\":[\"Communaut\u00e9\",\"homepage-french\",\"Toutes les actualit\u00e9s\"],\"inLanguage\":\"fr-FR\",\"potentialAction\":[{\"@type\":\"CommentAction\",\"name\":\"Comment\",\"target\":[\"https:\/\/www.africa-press.net\/benin\/toutes-les-actualites\/benin-le-ministre-jean-michel-abimbola-fait-chevalier-de-la-legion-dhonneur-francaise#respond\"]}]},{\"@type\":\"WebPage\",\"@id\":\"https:\/\/www.africa-press.net\/benin\/toutes-les-actualites\/benin-le-ministre-jean-michel-abimbola-fait-chevalier-de-la-legion-dhonneur-francaise\",\"url\":\"https:\/\/www.africa-press.net\/benin\/toutes-les-actualites\/benin-le-ministre-jean-michel-abimbola-fait-chevalier-de-la-legion-dhonneur-francaise\",\"name\":\"B\u00e9nin: le ministre Jean-Michel Abimbola fait chevalier de la l\u00e9gion d\u2019honneur fran\u00e7aise - B\u00e9nin\",\"isPartOf\":{\"@id\":\"https:\/\/www.africa-press.net\/benin\/#website\"},\"primaryImageOfPage\":{\"@id\":\"https:\/\/www.africa-press.net\/benin\/toutes-les-actualites\/benin-le-ministre-jean-michel-abimbola-fait-chevalier-de-la-legion-dhonneur-francaise#primaryimage\"},\"image\":{\"@id\":\"https:\/\/www.africa-press.net\/benin\/toutes-les-actualites\/benin-le-ministre-jean-michel-abimbola-fait-chevalier-de-la-legion-dhonneur-francaise#primaryimage\"},\"thumbnailUrl\":\"https:\/\/static.africa-press.net\/benin\/sites\/46\/2022\/07\/postQueueImg_23-62e2f09c0509f.jpg\",\"datePublished\":\"2022-07-28T20:05:09+00:00\",\"dateModified\":\"2022-07-28T20:25:41+00:00\",\"author\":{\"@id\":\"https:\/\/www.africa-press.net\/benin\/#\/schema\/person\/2b1cf3cd81a31e3cd26889ca66d677f1\"},\"description\":\"Le ministre b\u00e9ninois du Tourisme, de la culture et des arts, Jean-Michel Abimbola, a \u00e9t\u00e9 fait chevalier de la l\u00e9gion d\u2019h ...\",\"breadcrumb\":{\"@id\":\"https:\/\/www.africa-press.net\/benin\/toutes-les-actualites\/benin-le-ministre-jean-michel-abimbola-fait-chevalier-de-la-legion-dhonneur-francaise#breadcrumb\"},\"inLanguage\":\"fr-FR\",\"potentialAction\":[{\"@type\":\"ReadAction\",\"target\":[\"https:\/\/www.africa-press.net\/benin\/toutes-les-actualites\/benin-le-ministre-jean-michel-abimbola-fait-chevalier-de-la-legion-dhonneur-francaise\"]}]},{\"@type\":\"ImageObject\",\"inLanguage\":\"fr-FR\",\"@id\":\"https:\/\/www.africa-press.net\/benin\/toutes-les-actualites\/benin-le-ministre-jean-michel-abimbola-fait-chevalier-de-la-legion-dhonneur-francaise#primaryimage\",\"url\":\"https:\/\/static.africa-press.net\/benin\/sites\/46\/2022\/07\/postQueueImg_23-62e2f09c0509f.jpg\",\"contentUrl\":\"https:\/\/static.africa-press.net\/benin\/sites\/46\/2022\/07\/postQueueImg_23-62e2f09c0509f.jpg\",\"width\":1200,\"height\":800,\"caption\":\"B\u00e9nin: le ministre Jean-Michel Abimbola fait chevalier de la l\u00e9gion d\u2019honneur fran\u00e7aise\"},{\"@type\":\"BreadcrumbList\",\"@id\":\"https:\/\/www.africa-press.net\/benin\/toutes-les-actualites\/benin-le-ministre-jean-michel-abimbola-fait-chevalier-de-la-legion-dhonneur-francaise#breadcrumb\",\"itemListElement\":[{\"@type\":\"ListItem\",\"position\":1,\"name\":\"Accueil\",\"item\":\"https:\/\/www.africa-press.net\/benin\/\"},{\"@type\":\"ListItem\",\"position\":2,\"name\":\"B\u00e9nin: le ministre Jean-Michel Abimbola fait chevalier de la l\u00e9gion d\u2019honneur fran\u00e7aise\"}]},{\"@type\":\"WebSite\",\"@id\":\"https:\/\/www.africa-press.net\/benin\/#website\",\"url\":\"https:\/\/www.africa-press.net\/benin\/\",\"name\":\"B\u00e9nin\",\"description\":\"Just another Africa News Agency Sites site\",\"potentialAction\":[{\"@type\":\"SearchAction\",\"target\":{\"@type\":\"EntryPoint\",\"urlTemplate\":\"https:\/\/www.africa-press.net\/benin\/?s={search_term_string}\"},\"query-input\":{\"@type\":\"PropertyValueSpecification\",\"valueRequired\":true,\"valueName\":\"search_term_string\"}}],\"inLanguage\":\"fr-FR\"},{\"@type\":\"Person\",\"@id\":\"https:\/\/www.africa-press.net\/benin\/#\/schema\/person\/2b1cf3cd81a31e3cd26889ca66d677f1\",\"name\":\"cfeditorfr\"}]}<\/script>\n<!-- \/ Yoast SEO Premium plugin. -->","yoast_head_json":{"title":"B\u00e9nin: le ministre Jean-Michel Abimbola fait chevalier de la l\u00e9gion d\u2019honneur fran\u00e7aise - B\u00e9nin","description":"Le ministre b\u00e9ninois du Tourisme, de la culture et des arts, Jean-Michel Abimbola, a \u00e9t\u00e9 fait chevalier de la l\u00e9gion d\u2019h ...","robots":{"index":"index","follow":"follow","max-snippet":"max-snippet:-1","max-image-preview":"max-image-preview:large","max-video-preview":"max-video-preview:-1"},"canonical":"https:\/\/www.africa-press.net\/benin\/toutes-les-actualites\/benin-le-ministre-jean-michel-abimbola-fait-chevalier-de-la-legion-dhonneur-francaise","og_locale":"fr_FR","og_type":"article","og_title":"B\u00e9nin: le ministre Jean-Michel Abimbola fait chevalier de la l\u00e9gion d\u2019honneur fran\u00e7aise","og_description":"Le ministre b\u00e9ninois du Tourisme, de la culture et des arts, Jean-Michel Abimbola, a \u00e9t\u00e9 fait chevalier de la l\u00e9gion d\u2019h ...","og_url":"https:\/\/www.africa-press.net\/benin\/toutes-les-actualites\/benin-le-ministre-jean-michel-abimbola-fait-chevalier-de-la-legion-dhonneur-francaise","og_site_name":"B\u00e9nin","article_published_time":"2022-07-28T20:05:09+00:00","article_modified_time":"2022-07-28T20:25:41+00:00","og_image":[{"width":1200,"height":800,"url":"https:\/\/static.africa-press.net\/benin\/sites\/46\/2022\/07\/postQueueImg_23-62e2f09c0509f.jpg","type":"image\/jpeg"}],"author":"cfeditorfr","twitter_card":"summary_large_image","twitter_misc":{"\u00c9crit par":"cfeditorfr","Dur\u00e9e de lecture estim\u00e9e":"2 minutes"},"schema":{"@context":"https:\/\/schema.org","@graph":[{"@type":"Article","@id":"https:\/\/www.africa-press.net\/benin\/toutes-les-actualites\/benin-le-ministre-jean-michel-abimbola-fait-chevalier-de-la-legion-dhonneur-francaise#article","isPartOf":{"@id":"https:\/\/www.africa-press.net\/benin\/toutes-les-actualites\/benin-le-ministre-jean-michel-abimbola-fait-chevalier-de-la-legion-dhonneur-francaise"},"author":{"name":"cfeditorfr","@id":"https:\/\/www.africa-press.net\/benin\/#\/schema\/person\/2b1cf3cd81a31e3cd26889ca66d677f1"},"headline":"B\u00e9nin: le ministre Jean-Michel Abimbola fait chevalier de la l\u00e9gion d\u2019honneur fran\u00e7aise","datePublished":"2022-07-28T20:05:09+00:00","dateModified":"2022-07-28T20:25:41+00:00","mainEntityOfPage":{"@id":"https:\/\/www.africa-press.net\/benin\/toutes-les-actualites\/benin-le-ministre-jean-michel-abimbola-fait-chevalier-de-la-legion-dhonneur-francaise"},"wordCount":291,"commentCount":0,"image":{"@id":"https:\/\/www.africa-press.net\/benin\/toutes-les-actualites\/benin-le-ministre-jean-michel-abimbola-fait-chevalier-de-la-legion-dhonneur-francaise#primaryimage"},"thumbnailUrl":"https:\/\/static.africa-press.net\/benin\/sites\/46\/2022\/07\/postQueueImg_23-62e2f09c0509f.jpg","keywords":["Africa Press","Africa Press-Benin","B\u00e9nin"],"articleSection":["Communaut\u00e9","homepage-french","Toutes les actualit\u00e9s"],"inLanguage":"fr-FR","potentialAction":[{"@type":"CommentAction","name":"Comment","target":["https:\/\/www.africa-press.net\/benin\/toutes-les-actualites\/benin-le-ministre-jean-michel-abimbola-fait-chevalier-de-la-legion-dhonneur-francaise#respond"]}]},{"@type":"WebPage","@id":"https:\/\/www.africa-press.net\/benin\/toutes-les-actualites\/benin-le-ministre-jean-michel-abimbola-fait-chevalier-de-la-legion-dhonneur-francaise","url":"https:\/\/www.africa-press.net\/benin\/toutes-les-actualites\/benin-le-ministre-jean-michel-abimbola-fait-chevalier-de-la-legion-dhonneur-francaise","name":"B\u00e9nin: le ministre Jean-Michel Abimbola fait chevalier de la l\u00e9gion d\u2019honneur fran\u00e7aise - B\u00e9nin","isPartOf":{"@id":"https:\/\/www.africa-press.net\/benin\/#website"},"primaryImageOfPage":{"@id":"https:\/\/www.africa-press.net\/benin\/toutes-les-actualites\/benin-le-ministre-jean-michel-abimbola-fait-chevalier-de-la-legion-dhonneur-francaise#primaryimage"},"image":{"@id":"https:\/\/www.africa-press.net\/benin\/toutes-les-actualites\/benin-le-ministre-jean-michel-abimbola-fait-chevalier-de-la-legion-dhonneur-francaise#primaryimage"},"thumbnailUrl":"https:\/\/static.africa-press.net\/benin\/sites\/46\/2022\/07\/postQueueImg_23-62e2f09c0509f.jpg","datePublished":"2022-07-28T20:05:09+00:00","dateModified":"2022-07-28T20:25:41+00:00","author":{"@id":"https:\/\/www.africa-press.net\/benin\/#\/schema\/person\/2b1cf3cd81a31e3cd26889ca66d677f1"},"description":"Le ministre b\u00e9ninois du Tourisme, de la culture et des arts, Jean-Michel Abimbola, a \u00e9t\u00e9 fait chevalier de la l\u00e9gion d\u2019h ...","breadcrumb":{"@id":"https:\/\/www.africa-press.net\/benin\/toutes-les-actualites\/benin-le-ministre-jean-michel-abimbola-fait-chevalier-de-la-legion-dhonneur-francaise#breadcrumb"},"inLanguage":"fr-FR","potentialAction":[{"@type":"ReadAction","target":["https:\/\/www.africa-press.net\/benin\/toutes-les-actualites\/benin-le-ministre-jean-michel-abimbola-fait-chevalier-de-la-legion-dhonneur-francaise"]}]},{"@type":"ImageObject","inLanguage":"fr-FR","@id":"https:\/\/www.africa-press.net\/benin\/toutes-les-actualites\/benin-le-ministre-jean-michel-abimbola-fait-chevalier-de-la-legion-dhonneur-francaise#primaryimage","url":"https:\/\/static.africa-press.net\/benin\/sites\/46\/2022\/07\/postQueueImg_23-62e2f09c0509f.jpg","contentUrl":"https:\/\/static.africa-press.net\/benin\/sites\/46\/2022\/07\/postQueueImg_23-62e2f09c0509f.jpg","width":1200,"height":800,"caption":"B\u00e9nin: le ministre Jean-Michel Abimbola fait chevalier de la l\u00e9gion d\u2019honneur fran\u00e7aise"},{"@type":"BreadcrumbList","@id":"https:\/\/www.africa-press.net\/benin\/toutes-les-actualites\/benin-le-ministre-jean-michel-abimbola-fait-chevalier-de-la-legion-dhonneur-francaise#breadcrumb","itemListElement":[{"@type":"ListItem","position":1,"name":"Accueil","item":"https:\/\/www.africa-press.net\/benin\/"},{"@type":"ListItem","position":2,"name":"B\u00e9nin: le ministre Jean-Michel Abimbola fait chevalier de la l\u00e9gion d\u2019honneur fran\u00e7aise"}]},{"@type":"WebSite","@id":"https:\/\/www.africa-press.net\/benin\/#website","url":"https:\/\/www.africa-press.net\/benin\/","name":"B\u00e9nin","description":"Just another Africa News Agency Sites site","potentialAction":[{"@type":"SearchAction","target":{"@type":"EntryPoint","urlTemplate":"https:\/\/www.africa-press.net\/benin\/?s={search_term_string}"},"query-input":{"@type":"PropertyValueSpecification","valueRequired":true,"valueName":"search_term_string"}}],"inLanguage":"fr-FR"},{"@type":"Person","@id":"https:\/\/www.africa-press.net\/benin\/#\/schema\/person\/2b1cf3cd81a31e3cd26889ca66d677f1","name":"cfeditorfr"}]}},"_links":{"self":[{"href":"https:\/\/www.africa-press.net\/benin\/wp-json\/wp\/v2\/posts\/7333","targetHints":{"allow":["GET"]}}],"collection":[{"href":"https:\/\/www.africa-press.net\/benin\/wp-json\/wp\/v2\/posts"}],"about":[{"href":"https:\/\/www.africa-press.net\/benin\/wp-json\/wp\/v2\/types\/post"}],"author":[{"embeddable":true,"href":"https:\/\/www.africa-press.net\/benin\/wp-json\/wp\/v2\/users\/82"}],"replies":[{"embeddable":true,"href":"https:\/\/www.africa-press.net\/benin\/wp-json\/wp\/v2\/comments?post=7333"}],"version-history":[{"count":0,"href":"https:\/\/www.africa-press.net\/benin\/wp-json\/wp\/v2\/posts\/7333\/revisions"}],"wp:featuredmedia":[{"embeddable":true,"href":"https:\/\/www.africa-press.net\/benin\/wp-json\/wp\/v2\/media\/7332"}],"wp:attachment":[{"href":"https:\/\/www.africa-press.net\/benin\/wp-json\/wp\/v2\/media?parent=7333"}],"wp:term":[{"taxonomy":"category","embeddable":true,"href":"https:\/\/www.africa-press.net\/benin\/wp-json\/wp\/v2\/categories?post=7333"},{"taxonomy":"post_tag","embeddable":true,"href":"https:\/\/www.africa-press.net\/benin\/wp-json\/wp\/v2\/tags?post=7333"}],"curies":[{"name":"wp","href":"https:\/\/api.w.org\/{rel}","templated":true}]}}