{"id":7357,"date":"2022-07-29T21:27:41","date_gmt":"2022-07-29T21:27:41","guid":{"rendered":"https:\/\/www.africa-press.net\/benin\/politique\/benin-affaire-145-kg-de-cocaine-le-francais-hubert-goutay-libere-de-prison"},"modified":"2022-07-29T21:45:27","modified_gmt":"2022-07-29T21:45:27","slug":"benin-affaire-145-kg-de-cocaine-le-francais-hubert-goutay-libere-de-prison","status":"publish","type":"post","link":"https:\/\/www.africa-press.net\/benin\/toutes-les-actualites\/benin-affaire-145-kg-de-cocaine-le-francais-hubert-goutay-libere-de-prison","title":{"rendered":"B\u00e9nin \u2013 Affaire 145 kg de coca\u00efne: le fran\u00e7ais Hubert Goutay lib\u00e9r\u00e9 de prison"},"content":{"rendered":"<p><span style=\"color: #ff6600\"><strong>Africa-Press &#8211; Benin. <\/strong><\/span>La Cour de r\u00e9pression des infractions \u00e9conomiques et du terrorisme (Criet) a tranch\u00e9 l\u2019affaire 145 kg de coca\u00efne ce jeudi 28 juillet 2022. Les mis en cause dans ce dossier, qui \u00e9taient encore en d\u00e9tention ont \u00e9t\u00e9 fix\u00e9s sur leur sort.<\/p>\n<p>S\u00e9raphin Yeto et l\u2019homme d\u2019affaires fran\u00e7ais Hubert Goutay, les deux principaux accus\u00e9s dans le dossier 154 kg de coca\u00efne, ont \u00e9t\u00e9 lib\u00e9r\u00e9s ce jeudi, sans aucun fait retenu contre eux. Tous les autres accus\u00e9s, dont le commissaire Constant Badet, ex-patron de l\u2019Office Central de R\u00e9pression du Trafic Illicite des Drogues et des Pr\u00e9curseurs (Ocertid), avaient \u00e9t\u00e9 d\u00e9j\u00e0 rel\u00e2ch\u00e9s suite \u00e0 une d\u00e9cision de non-lieu.<\/p>\n<p>Dans cette rocambolesque affaire de coca\u00efne, qui a secou\u00e9 Cotonou, c\u2019est finalement un seul pr\u00e9venu qui a \u00e9t\u00e9 condamn\u00e9. Il s\u2019agit d\u2019un Nig\u00e9rian, qui a \u00e9cop\u00e9 de 15 ans de prison ferme. Les agents de Bollor\u00e9, cit\u00e9s au d\u00e9part dans le dossier, ont \u00e9t\u00e9 \u00e9galement lib\u00e9r\u00e9s.<\/p>\n<p>Hubert Goutay arr\u00eat\u00e9 au Maroc et extrad\u00e9 vers le B\u00e9nin<\/p>\n<p>Au d\u00e9but de l\u2019affaire, l\u2019homme d\u2019affaires fran\u00e7ais, patron de la soci\u00e9t\u00e9 Goodness SAS, avait pris la cl\u00e9 des champs. Il n\u2019avait pas \u00e9t\u00e9 appr\u00e9hend\u00e9 au m\u00eame moment que les autres personnes cit\u00e9es. C\u2019est finalement au Maroc, qu\u2019il a \u00e9t\u00e9 interpell\u00e9 et extrad\u00e9 \u00e0 Cotonou sur demande des autorit\u00e9s judiciaires b\u00e9ninoises.<\/p>\n<p>Propri\u00e9taire du conteneur des 145 kg de coca\u00efne, le fran\u00e7ais a ni\u00e9 sur toute la ligne les accusations de trafic de drogue port\u00e9es contre sa personne. Selon ses dires, il s\u2019est procur\u00e9 le fameux conteneur alors que ce dernier \u00e9tait d\u00e9j\u00e0 dans un navire en mer. Mieux, il a confi\u00e9, l\u2019avoir revendu avant m\u00eame l\u2019arriv\u00e9e \u00e0 d\u00e9stabilisation du navire transporteur.<\/p>\n<p>Ses arguments ont visiblement convaincu les juges de la Cour de r\u00e9pression des infractions \u00e9conomiques et du terrorisme (Criet). La preuve en est, qu\u2019il a \u00e9t\u00e9 lib\u00e9r\u00e9 par cette juridiction sp\u00e9ciale, connue pour sa rigueur dans la gestion de ces genres de faits.<\/p>\n<p>Il faut souligner que la lib\u00e9ration de Hubert Goutay est intervenue quelques heures seulement apr\u00e8s la visite officielle du pr\u00e9sident fran\u00e7ais Emmanuel Macron au B\u00e9nin. Le patron de l\u2019Elys\u00e9e aurait-il plaid\u00e9 en sa faveur ? La justice a son calendrier, a-t-on coutume de dire. N\u00e9anmoins, la co\u00efncidence entre la visite de Macron et la lib\u00e9ration de Goutay n\u2019est pas pass\u00e9e inaper\u00e7ue.<\/p>\n<p>Retour sur les faits\u2026<\/p>\n<p>L\u2019affaire remonte \u00e0 2021 o\u00f9 145 kg ont \u00e9t\u00e9 d\u00e9couverts dans un conteneur qui \u00e9tait destin\u00e9 \u00e0 l\u2019homme d\u2019affaires b\u00e9ninois S\u00e9raphin Yeto, PDG de SONIMEX. Le conteneur incrimin\u00e9 \u00e9tait dans un lot de 20 conteneurs de sucre.<\/p>\n<p>Les conteneurs en provenance du Br\u00e9sil avec un d\u00e9tour par l\u2019Espagne, appartiendraient au d\u00e9part \u00e0 un expatri\u00e9 fran\u00e7ais. Ce dernier les a revendu au patron de la Sonimex. Aux premi\u00e8res heures de l\u2019affaire, l\u2019Ocertid et l\u2019Unit\u00e9 mixte de contr\u00f4le des conteneurs sont intervenus.<\/p>\n<p>Comme en de pareilles circonstances, les conteneurs ont \u00e9t\u00e9 bloqu\u00e9s et le passeport de l\u2019expatri\u00e9 fran\u00e7ais saisi. Mais \u00e0 la surprise g\u00e9n\u00e9rale, le passeport a \u00e9t\u00e9 restitu\u00e9 au revendeur des conteneurs. Il y a eu \u00e9galement main lev\u00e9e, pour favoriser la sortie des conteneurs du port. Les premi\u00e8res interpellations dans ce dossier ont \u00e9t\u00e9 effectu\u00e9es en juin 2021.<\/p>\n<p><strong>Pour plus d&rsquo;informations et d&rsquo;analyses sur la <a href=\"https:\/\/www.africa-press.net\/benin\">Benin<\/a>, suivez <a href=\"https:\/\/www.africa-press.net\/\">Africa-Press<\/a><\/strong><\/p>\n","protected":false},"excerpt":{"rendered":"<p>Africa-Press &#8211; Benin. La Cour de r\u00e9pression des infractions \u00e9conomiques et du terrorisme (Criet) a tranch\u00e9 l\u2019affaire 145 kg de coca\u00efne ce jeudi 28 juillet 2022. Les mis en cause dans ce dossier, qui \u00e9taient encore en d\u00e9tention ont \u00e9t\u00e9 fix\u00e9s sur leur sort. S\u00e9raphin Yeto et l\u2019homme d\u2019affaires fran\u00e7ais Hubert Goutay, les deux principaux [&hellip;]<\/p>\n","protected":false},"author":82,"featured_media":7356,"comment_status":"open","ping_status":"closed","sticky":false,"template":"","format":"standard","meta":{"footnotes":""},"categories":[21,11,10],"tags":[36,50,45],"class_list":["post-7357","post","type-post","status-publish","format-standard","has-post-thumbnail","hentry","category-communaute","category-homepage-french","category-toutes-les-actualites","tag-africa-press","tag-africa-press-benin","tag-benin"],"yoast_head":"<!-- This site is optimized with the Yoast SEO Premium plugin v26.1 (Yoast SEO v27.0) - https:\/\/yoast.com\/product\/yoast-seo-premium-wordpress\/ -->\n<title>B\u00e9nin \u2013 Affaire 145 kg de coca\u00efne: le fran\u00e7ais Hubert Goutay lib\u00e9r\u00e9 de prison - B\u00e9nin<\/title>\n<meta name=\"description\" content=\"La Cour de r\u00e9pression des infractions \u00e9conomiques et du terrorisme (Criet) a tranch\u00e9 l\u2019affaire 145 kg de coca\u00efne ce jeud ...\" \/>\n<meta name=\"robots\" content=\"index, follow, max-snippet:-1, max-image-preview:large, max-video-preview:-1\" \/>\n<link rel=\"canonical\" href=\"https:\/\/www.africa-press.net\/benin\/toutes-les-actualites\/benin-affaire-145-kg-de-cocaine-le-francais-hubert-goutay-libere-de-prison\" \/>\n<meta property=\"og:locale\" content=\"fr_FR\" \/>\n<meta property=\"og:type\" content=\"article\" \/>\n<meta property=\"og:title\" content=\"B\u00e9nin \u2013 Affaire 145 kg de coca\u00efne: le fran\u00e7ais Hubert Goutay lib\u00e9r\u00e9 de prison\" \/>\n<meta property=\"og:description\" content=\"La Cour de r\u00e9pression des infractions \u00e9conomiques et du terrorisme (Criet) a tranch\u00e9 l\u2019affaire 145 kg de coca\u00efne ce jeud ...\" \/>\n<meta property=\"og:url\" content=\"https:\/\/www.africa-press.net\/benin\/toutes-les-actualites\/benin-affaire-145-kg-de-cocaine-le-francais-hubert-goutay-libere-de-prison\" \/>\n<meta property=\"og:site_name\" content=\"B\u00e9nin\" \/>\n<meta property=\"article:published_time\" content=\"2022-07-29T21:27:41+00:00\" \/>\n<meta property=\"article:modified_time\" content=\"2022-07-29T21:45:27+00:00\" \/>\n<meta property=\"og:image\" content=\"https:\/\/static.africa-press.net\/benin\/sites\/46\/2022\/07\/postQueueImg_16-62e454dfe2447.jpg\" \/>\n\t<meta property=\"og:image:width\" content=\"1200\" \/>\n\t<meta property=\"og:image:height\" content=\"644\" \/>\n\t<meta property=\"og:image:type\" content=\"image\/jpeg\" \/>\n<meta name=\"author\" content=\"cfeditorfr\" \/>\n<meta name=\"twitter:card\" content=\"summary_large_image\" \/>\n<meta name=\"twitter:label1\" content=\"\u00c9crit par\" \/>\n\t<meta name=\"twitter:data1\" content=\"cfeditorfr\" \/>\n\t<meta name=\"twitter:label2\" content=\"Dur\u00e9e de lecture estim\u00e9e\" \/>\n\t<meta name=\"twitter:data2\" content=\"3 minutes\" \/>\n<script type=\"application\/ld+json\" class=\"yoast-schema-graph\">{\"@context\":\"https:\/\/schema.org\",\"@graph\":[{\"@type\":\"Article\",\"@id\":\"https:\/\/www.africa-press.net\/benin\/toutes-les-actualites\/benin-affaire-145-kg-de-cocaine-le-francais-hubert-goutay-libere-de-prison#article\",\"isPartOf\":{\"@id\":\"https:\/\/www.africa-press.net\/benin\/toutes-les-actualites\/benin-affaire-145-kg-de-cocaine-le-francais-hubert-goutay-libere-de-prison\"},\"author\":{\"name\":\"cfeditorfr\",\"@id\":\"https:\/\/www.africa-press.net\/benin\/#\/schema\/person\/2b1cf3cd81a31e3cd26889ca66d677f1\"},\"headline\":\"B\u00e9nin \u2013 Affaire 145 kg de coca\u00efne: le fran\u00e7ais Hubert Goutay lib\u00e9r\u00e9 de prison\",\"datePublished\":\"2022-07-29T21:27:41+00:00\",\"dateModified\":\"2022-07-29T21:45:27+00:00\",\"mainEntityOfPage\":{\"@id\":\"https:\/\/www.africa-press.net\/benin\/toutes-les-actualites\/benin-affaire-145-kg-de-cocaine-le-francais-hubert-goutay-libere-de-prison\"},\"wordCount\":629,\"commentCount\":0,\"image\":{\"@id\":\"https:\/\/www.africa-press.net\/benin\/toutes-les-actualites\/benin-affaire-145-kg-de-cocaine-le-francais-hubert-goutay-libere-de-prison#primaryimage\"},\"thumbnailUrl\":\"https:\/\/static.africa-press.net\/benin\/sites\/46\/2022\/07\/postQueueImg_16-62e454dfe2447.jpg\",\"keywords\":[\"Africa Press\",\"Africa Press-Benin\",\"B\u00e9nin\"],\"articleSection\":[\"Communaut\u00e9\",\"homepage-french\",\"Toutes les actualit\u00e9s\"],\"inLanguage\":\"fr-FR\",\"potentialAction\":[{\"@type\":\"CommentAction\",\"name\":\"Comment\",\"target\":[\"https:\/\/www.africa-press.net\/benin\/toutes-les-actualites\/benin-affaire-145-kg-de-cocaine-le-francais-hubert-goutay-libere-de-prison#respond\"]}]},{\"@type\":\"WebPage\",\"@id\":\"https:\/\/www.africa-press.net\/benin\/toutes-les-actualites\/benin-affaire-145-kg-de-cocaine-le-francais-hubert-goutay-libere-de-prison\",\"url\":\"https:\/\/www.africa-press.net\/benin\/toutes-les-actualites\/benin-affaire-145-kg-de-cocaine-le-francais-hubert-goutay-libere-de-prison\",\"name\":\"B\u00e9nin \u2013 Affaire 145 kg de coca\u00efne: le fran\u00e7ais Hubert Goutay lib\u00e9r\u00e9 de prison - B\u00e9nin\",\"isPartOf\":{\"@id\":\"https:\/\/www.africa-press.net\/benin\/#website\"},\"primaryImageOfPage\":{\"@id\":\"https:\/\/www.africa-press.net\/benin\/toutes-les-actualites\/benin-affaire-145-kg-de-cocaine-le-francais-hubert-goutay-libere-de-prison#primaryimage\"},\"image\":{\"@id\":\"https:\/\/www.africa-press.net\/benin\/toutes-les-actualites\/benin-affaire-145-kg-de-cocaine-le-francais-hubert-goutay-libere-de-prison#primaryimage\"},\"thumbnailUrl\":\"https:\/\/static.africa-press.net\/benin\/sites\/46\/2022\/07\/postQueueImg_16-62e454dfe2447.jpg\",\"datePublished\":\"2022-07-29T21:27:41+00:00\",\"dateModified\":\"2022-07-29T21:45:27+00:00\",\"author\":{\"@id\":\"https:\/\/www.africa-press.net\/benin\/#\/schema\/person\/2b1cf3cd81a31e3cd26889ca66d677f1\"},\"description\":\"La Cour de r\u00e9pression des infractions \u00e9conomiques et du terrorisme (Criet) a tranch\u00e9 l\u2019affaire 145 kg de coca\u00efne ce jeud ...\",\"breadcrumb\":{\"@id\":\"https:\/\/www.africa-press.net\/benin\/toutes-les-actualites\/benin-affaire-145-kg-de-cocaine-le-francais-hubert-goutay-libere-de-prison#breadcrumb\"},\"inLanguage\":\"fr-FR\",\"potentialAction\":[{\"@type\":\"ReadAction\",\"target\":[\"https:\/\/www.africa-press.net\/benin\/toutes-les-actualites\/benin-affaire-145-kg-de-cocaine-le-francais-hubert-goutay-libere-de-prison\"]}]},{\"@type\":\"ImageObject\",\"inLanguage\":\"fr-FR\",\"@id\":\"https:\/\/www.africa-press.net\/benin\/toutes-les-actualites\/benin-affaire-145-kg-de-cocaine-le-francais-hubert-goutay-libere-de-prison#primaryimage\",\"url\":\"https:\/\/static.africa-press.net\/benin\/sites\/46\/2022\/07\/postQueueImg_16-62e454dfe2447.jpg\",\"contentUrl\":\"https:\/\/static.africa-press.net\/benin\/sites\/46\/2022\/07\/postQueueImg_16-62e454dfe2447.jpg\",\"width\":1200,\"height\":644,\"caption\":\"B\u00e9nin \u2013 Affaire 145 kg de coca\u00efne: le fran\u00e7ais Hubert Goutay lib\u00e9r\u00e9 de prison\"},{\"@type\":\"BreadcrumbList\",\"@id\":\"https:\/\/www.africa-press.net\/benin\/toutes-les-actualites\/benin-affaire-145-kg-de-cocaine-le-francais-hubert-goutay-libere-de-prison#breadcrumb\",\"itemListElement\":[{\"@type\":\"ListItem\",\"position\":1,\"name\":\"Accueil\",\"item\":\"https:\/\/www.africa-press.net\/benin\/\"},{\"@type\":\"ListItem\",\"position\":2,\"name\":\"B\u00e9nin \u2013 Affaire 145 kg de coca\u00efne: le fran\u00e7ais Hubert Goutay lib\u00e9r\u00e9 de prison\"}]},{\"@type\":\"WebSite\",\"@id\":\"https:\/\/www.africa-press.net\/benin\/#website\",\"url\":\"https:\/\/www.africa-press.net\/benin\/\",\"name\":\"B\u00e9nin\",\"description\":\"Just another Africa News Agency Sites site\",\"potentialAction\":[{\"@type\":\"SearchAction\",\"target\":{\"@type\":\"EntryPoint\",\"urlTemplate\":\"https:\/\/www.africa-press.net\/benin\/?s={search_term_string}\"},\"query-input\":{\"@type\":\"PropertyValueSpecification\",\"valueRequired\":true,\"valueName\":\"search_term_string\"}}],\"inLanguage\":\"fr-FR\"},{\"@type\":\"Person\",\"@id\":\"https:\/\/www.africa-press.net\/benin\/#\/schema\/person\/2b1cf3cd81a31e3cd26889ca66d677f1\",\"name\":\"cfeditorfr\"}]}<\/script>\n<!-- \/ Yoast SEO Premium plugin. -->","yoast_head_json":{"title":"B\u00e9nin \u2013 Affaire 145 kg de coca\u00efne: le fran\u00e7ais Hubert Goutay lib\u00e9r\u00e9 de prison - B\u00e9nin","description":"La Cour de r\u00e9pression des infractions \u00e9conomiques et du terrorisme (Criet) a tranch\u00e9 l\u2019affaire 145 kg de coca\u00efne ce jeud ...","robots":{"index":"index","follow":"follow","max-snippet":"max-snippet:-1","max-image-preview":"max-image-preview:large","max-video-preview":"max-video-preview:-1"},"canonical":"https:\/\/www.africa-press.net\/benin\/toutes-les-actualites\/benin-affaire-145-kg-de-cocaine-le-francais-hubert-goutay-libere-de-prison","og_locale":"fr_FR","og_type":"article","og_title":"B\u00e9nin \u2013 Affaire 145 kg de coca\u00efne: le fran\u00e7ais Hubert Goutay lib\u00e9r\u00e9 de prison","og_description":"La Cour de r\u00e9pression des infractions \u00e9conomiques et du terrorisme (Criet) a tranch\u00e9 l\u2019affaire 145 kg de coca\u00efne ce jeud ...","og_url":"https:\/\/www.africa-press.net\/benin\/toutes-les-actualites\/benin-affaire-145-kg-de-cocaine-le-francais-hubert-goutay-libere-de-prison","og_site_name":"B\u00e9nin","article_published_time":"2022-07-29T21:27:41+00:00","article_modified_time":"2022-07-29T21:45:27+00:00","og_image":[{"width":1200,"height":644,"url":"https:\/\/static.africa-press.net\/benin\/sites\/46\/2022\/07\/postQueueImg_16-62e454dfe2447.jpg","type":"image\/jpeg"}],"author":"cfeditorfr","twitter_card":"summary_large_image","twitter_misc":{"\u00c9crit par":"cfeditorfr","Dur\u00e9e de lecture estim\u00e9e":"3 minutes"},"schema":{"@context":"https:\/\/schema.org","@graph":[{"@type":"Article","@id":"https:\/\/www.africa-press.net\/benin\/toutes-les-actualites\/benin-affaire-145-kg-de-cocaine-le-francais-hubert-goutay-libere-de-prison#article","isPartOf":{"@id":"https:\/\/www.africa-press.net\/benin\/toutes-les-actualites\/benin-affaire-145-kg-de-cocaine-le-francais-hubert-goutay-libere-de-prison"},"author":{"name":"cfeditorfr","@id":"https:\/\/www.africa-press.net\/benin\/#\/schema\/person\/2b1cf3cd81a31e3cd26889ca66d677f1"},"headline":"B\u00e9nin \u2013 Affaire 145 kg de coca\u00efne: le fran\u00e7ais Hubert Goutay lib\u00e9r\u00e9 de prison","datePublished":"2022-07-29T21:27:41+00:00","dateModified":"2022-07-29T21:45:27+00:00","mainEntityOfPage":{"@id":"https:\/\/www.africa-press.net\/benin\/toutes-les-actualites\/benin-affaire-145-kg-de-cocaine-le-francais-hubert-goutay-libere-de-prison"},"wordCount":629,"commentCount":0,"image":{"@id":"https:\/\/www.africa-press.net\/benin\/toutes-les-actualites\/benin-affaire-145-kg-de-cocaine-le-francais-hubert-goutay-libere-de-prison#primaryimage"},"thumbnailUrl":"https:\/\/static.africa-press.net\/benin\/sites\/46\/2022\/07\/postQueueImg_16-62e454dfe2447.jpg","keywords":["Africa Press","Africa Press-Benin","B\u00e9nin"],"articleSection":["Communaut\u00e9","homepage-french","Toutes les actualit\u00e9s"],"inLanguage":"fr-FR","potentialAction":[{"@type":"CommentAction","name":"Comment","target":["https:\/\/www.africa-press.net\/benin\/toutes-les-actualites\/benin-affaire-145-kg-de-cocaine-le-francais-hubert-goutay-libere-de-prison#respond"]}]},{"@type":"WebPage","@id":"https:\/\/www.africa-press.net\/benin\/toutes-les-actualites\/benin-affaire-145-kg-de-cocaine-le-francais-hubert-goutay-libere-de-prison","url":"https:\/\/www.africa-press.net\/benin\/toutes-les-actualites\/benin-affaire-145-kg-de-cocaine-le-francais-hubert-goutay-libere-de-prison","name":"B\u00e9nin \u2013 Affaire 145 kg de coca\u00efne: le fran\u00e7ais Hubert Goutay lib\u00e9r\u00e9 de prison - B\u00e9nin","isPartOf":{"@id":"https:\/\/www.africa-press.net\/benin\/#website"},"primaryImageOfPage":{"@id":"https:\/\/www.africa-press.net\/benin\/toutes-les-actualites\/benin-affaire-145-kg-de-cocaine-le-francais-hubert-goutay-libere-de-prison#primaryimage"},"image":{"@id":"https:\/\/www.africa-press.net\/benin\/toutes-les-actualites\/benin-affaire-145-kg-de-cocaine-le-francais-hubert-goutay-libere-de-prison#primaryimage"},"thumbnailUrl":"https:\/\/static.africa-press.net\/benin\/sites\/46\/2022\/07\/postQueueImg_16-62e454dfe2447.jpg","datePublished":"2022-07-29T21:27:41+00:00","dateModified":"2022-07-29T21:45:27+00:00","author":{"@id":"https:\/\/www.africa-press.net\/benin\/#\/schema\/person\/2b1cf3cd81a31e3cd26889ca66d677f1"},"description":"La Cour de r\u00e9pression des infractions \u00e9conomiques et du terrorisme (Criet) a tranch\u00e9 l\u2019affaire 145 kg de coca\u00efne ce jeud ...","breadcrumb":{"@id":"https:\/\/www.africa-press.net\/benin\/toutes-les-actualites\/benin-affaire-145-kg-de-cocaine-le-francais-hubert-goutay-libere-de-prison#breadcrumb"},"inLanguage":"fr-FR","potentialAction":[{"@type":"ReadAction","target":["https:\/\/www.africa-press.net\/benin\/toutes-les-actualites\/benin-affaire-145-kg-de-cocaine-le-francais-hubert-goutay-libere-de-prison"]}]},{"@type":"ImageObject","inLanguage":"fr-FR","@id":"https:\/\/www.africa-press.net\/benin\/toutes-les-actualites\/benin-affaire-145-kg-de-cocaine-le-francais-hubert-goutay-libere-de-prison#primaryimage","url":"https:\/\/static.africa-press.net\/benin\/sites\/46\/2022\/07\/postQueueImg_16-62e454dfe2447.jpg","contentUrl":"https:\/\/static.africa-press.net\/benin\/sites\/46\/2022\/07\/postQueueImg_16-62e454dfe2447.jpg","width":1200,"height":644,"caption":"B\u00e9nin \u2013 Affaire 145 kg de coca\u00efne: le fran\u00e7ais Hubert Goutay lib\u00e9r\u00e9 de prison"},{"@type":"BreadcrumbList","@id":"https:\/\/www.africa-press.net\/benin\/toutes-les-actualites\/benin-affaire-145-kg-de-cocaine-le-francais-hubert-goutay-libere-de-prison#breadcrumb","itemListElement":[{"@type":"ListItem","position":1,"name":"Accueil","item":"https:\/\/www.africa-press.net\/benin\/"},{"@type":"ListItem","position":2,"name":"B\u00e9nin \u2013 Affaire 145 kg de coca\u00efne: le fran\u00e7ais Hubert Goutay lib\u00e9r\u00e9 de prison"}]},{"@type":"WebSite","@id":"https:\/\/www.africa-press.net\/benin\/#website","url":"https:\/\/www.africa-press.net\/benin\/","name":"B\u00e9nin","description":"Just another Africa News Agency Sites site","potentialAction":[{"@type":"SearchAction","target":{"@type":"EntryPoint","urlTemplate":"https:\/\/www.africa-press.net\/benin\/?s={search_term_string}"},"query-input":{"@type":"PropertyValueSpecification","valueRequired":true,"valueName":"search_term_string"}}],"inLanguage":"fr-FR"},{"@type":"Person","@id":"https:\/\/www.africa-press.net\/benin\/#\/schema\/person\/2b1cf3cd81a31e3cd26889ca66d677f1","name":"cfeditorfr"}]}},"_links":{"self":[{"href":"https:\/\/www.africa-press.net\/benin\/wp-json\/wp\/v2\/posts\/7357","targetHints":{"allow":["GET"]}}],"collection":[{"href":"https:\/\/www.africa-press.net\/benin\/wp-json\/wp\/v2\/posts"}],"about":[{"href":"https:\/\/www.africa-press.net\/benin\/wp-json\/wp\/v2\/types\/post"}],"author":[{"embeddable":true,"href":"https:\/\/www.africa-press.net\/benin\/wp-json\/wp\/v2\/users\/82"}],"replies":[{"embeddable":true,"href":"https:\/\/www.africa-press.net\/benin\/wp-json\/wp\/v2\/comments?post=7357"}],"version-history":[{"count":0,"href":"https:\/\/www.africa-press.net\/benin\/wp-json\/wp\/v2\/posts\/7357\/revisions"}],"wp:featuredmedia":[{"embeddable":true,"href":"https:\/\/www.africa-press.net\/benin\/wp-json\/wp\/v2\/media\/7356"}],"wp:attachment":[{"href":"https:\/\/www.africa-press.net\/benin\/wp-json\/wp\/v2\/media?parent=7357"}],"wp:term":[{"taxonomy":"category","embeddable":true,"href":"https:\/\/www.africa-press.net\/benin\/wp-json\/wp\/v2\/categories?post=7357"},{"taxonomy":"post_tag","embeddable":true,"href":"https:\/\/www.africa-press.net\/benin\/wp-json\/wp\/v2\/tags?post=7357"}],"curies":[{"name":"wp","href":"https:\/\/api.w.org\/{rel}","templated":true}]}}