{"id":7360,"date":"2022-07-29T21:27:48","date_gmt":"2022-07-29T21:27:48","guid":{"rendered":"https:\/\/www.africa-press.net\/benin\/politique\/liberation-de-30-prisonniers-politiques-cela-repare-une-injustice-selon-nourenou-atchade"},"modified":"2022-07-29T21:45:57","modified_gmt":"2022-07-29T21:45:57","slug":"liberation-de-30-prisonniers-politiques-cela-repare-une-injustice-selon-nourenou-atchade","status":"publish","type":"post","link":"https:\/\/www.africa-press.net\/benin\/politique\/liberation-de-30-prisonniers-politiques-cela-repare-une-injustice-selon-nourenou-atchade","title":{"rendered":"Lib\u00e9ration de 30 prisonniers politiques, \u00ab\u00a0cela r\u00e9pare une injustice\u00a0\u00bb selon Nour\u00e9nou Atchad\u00e9"},"content":{"rendered":"<p><span style=\"color: #ff6600\"><strong>Africa-Press &#8211; Benin. <\/strong><\/span>Le Mercredi 27 Juillet 2022, 30 prisonniers politiques ont \u00e9t\u00e9 lib\u00e9r\u00e9s apr\u00e8s plus d\u2019un an d\u2019emprisonnement. La lib\u00e9ration des ces personnalit\u00e9s politiques est consid\u00e9r\u00e9e par le premier vice-pr\u00e9sident des d\u00e9mocrates, Nour\u00e9nou Atchad\u00e9 comme la r\u00e9paration d\u2019une injustice.<\/p>\n<p>La lib\u00e9ration le mercredi 27 Juillet dernier d\u2019une trentaine de d\u00e9tenus politiques continue de susciter des r\u00e9actions au sein de l\u2019opposition. A la suite de son camarade Alassane Tigri qui a donn\u00e9 son avis sur cette lib\u00e9ration, le premier vice-pr\u00e9sident des d\u00e9mocrates, Nour\u00e9nou Atchad\u00e9 s\u2019est aussi prononc\u00e9 sur cette actualit\u00e9.<\/p>\n<p>Selon l\u2019ancien parlementaire, la d\u00e9cision de la cour de r\u00e9pression des infractions \u00e9conomiques et du terrorisme (CRIET) de lib\u00e9rer ces personnalit\u00e9s et activistes politiques concoure \u00e0 la r\u00e9paration d\u2019une injustice.<\/p>\n<p>\u00ab L\u00e0 o\u00f9 il y a injustice, il y a souvent des crises et pour \u00e9viter ces crise-l\u00e0, il faut r\u00e9parer l\u2019injustice\u00ab , a indiqu\u00e9 l\u2019ex parlementaire<\/p>\n<p>Cette r\u00e9paration d\u2019une injustice qu\u2019il accuse le pouvoir de la rupture d\u2019\u00eatre l\u2019auteur est selon une d\u00e9marche qui contribue au pardon et donc \u00e0 la d\u00e9crispation du climat sociopolitique.<\/p>\n<p>Il faut rappeler que les 30 prisonniers politiques lib\u00e9r\u00e9s le mercredi 27 Juillet dernier ont \u00e9t\u00e9 interpell\u00e9s pour la plupart au lendemain de l\u2019\u00e9lection pr\u00e9sidentielle de 2021. Il leur est reproch\u00e9 en autres d\u2019avoir tent\u00e9 d\u00e9stabiliser le pouvoir en place.<\/p>\n<p>Liste des 30 personnalit\u00e9s lib\u00e9r\u00e9es\u2026<\/p>\n<p><strong>Pour plus d&rsquo;informations et d&rsquo;analyses sur la <a href=\"https:\/\/www.africa-press.net\/benin\">Benin<\/a>, suivez <a href=\"https:\/\/www.africa-press.net\/\">Africa-Press<\/a><\/strong><\/p>\n","protected":false},"excerpt":{"rendered":"<p>Africa-Press &#8211; Benin. Le Mercredi 27 Juillet 2022, 30 prisonniers politiques ont \u00e9t\u00e9 lib\u00e9r\u00e9s apr\u00e8s plus d\u2019un an d\u2019emprisonnement. La lib\u00e9ration des ces personnalit\u00e9s politiques est consid\u00e9r\u00e9e par le premier vice-pr\u00e9sident des d\u00e9mocrates, Nour\u00e9nou Atchad\u00e9 comme la r\u00e9paration d\u2019une injustice. La lib\u00e9ration le mercredi 27 Juillet dernier d\u2019une trentaine de d\u00e9tenus politiques continue de susciter [&hellip;]<\/p>\n","protected":false},"author":82,"featured_media":7359,"comment_status":"open","ping_status":"closed","sticky":false,"template":"","format":"standard","meta":{"footnotes":""},"categories":[11,2,10],"tags":[36,50,45],"class_list":["post-7360","post","type-post","status-publish","format-standard","has-post-thumbnail","hentry","category-homepage-french","category-politique","category-toutes-les-actualites","tag-africa-press","tag-africa-press-benin","tag-benin"],"yoast_head":"<!-- This site is optimized with the Yoast SEO Premium plugin v26.1 (Yoast SEO v27.0) - https:\/\/yoast.com\/product\/yoast-seo-premium-wordpress\/ -->\n<title>Lib\u00e9ration de 30 prisonniers politiques, \u00ab\u00a0cela r\u00e9pare une injustice\u00a0\u00bb selon Nour\u00e9nou Atchad\u00e9 - B\u00e9nin<\/title>\n<meta name=\"description\" content=\"Le Mercredi 27 Juillet 2022, 30 prisonniers politiques ont \u00e9t\u00e9 lib\u00e9r\u00e9s apr\u00e8s plus d\u2019un an d\u2019emprisonnement. La lib\u00e9ratio ...\" \/>\n<meta name=\"robots\" content=\"index, follow, max-snippet:-1, max-image-preview:large, max-video-preview:-1\" \/>\n<link rel=\"canonical\" href=\"https:\/\/www.africa-press.net\/benin\/politique\/liberation-de-30-prisonniers-politiques-cela-repare-une-injustice-selon-nourenou-atchade\" \/>\n<meta property=\"og:locale\" content=\"fr_FR\" \/>\n<meta property=\"og:type\" content=\"article\" \/>\n<meta property=\"og:title\" content=\"Lib\u00e9ration de 30 prisonniers politiques, \u00ab\u00a0cela r\u00e9pare une injustice\u00a0\u00bb selon Nour\u00e9nou Atchad\u00e9\" \/>\n<meta property=\"og:description\" content=\"Le Mercredi 27 Juillet 2022, 30 prisonniers politiques ont \u00e9t\u00e9 lib\u00e9r\u00e9s apr\u00e8s plus d\u2019un an d\u2019emprisonnement. La lib\u00e9ratio ...\" \/>\n<meta property=\"og:url\" content=\"https:\/\/www.africa-press.net\/benin\/politique\/liberation-de-30-prisonniers-politiques-cela-repare-une-injustice-selon-nourenou-atchade\" \/>\n<meta property=\"og:site_name\" content=\"B\u00e9nin\" \/>\n<meta property=\"article:published_time\" content=\"2022-07-29T21:27:48+00:00\" \/>\n<meta property=\"article:modified_time\" content=\"2022-07-29T21:45:57+00:00\" \/>\n<meta property=\"og:image\" content=\"https:\/\/static.africa-press.net\/benin\/sites\/46\/2022\/07\/postQueueImg_17-62e454fd97a72.jpg\" \/>\n\t<meta property=\"og:image:width\" content=\"1245\" \/>\n\t<meta property=\"og:image:height\" content=\"907\" \/>\n\t<meta property=\"og:image:type\" content=\"image\/jpeg\" \/>\n<meta name=\"author\" content=\"cfeditorfr\" \/>\n<meta name=\"twitter:card\" content=\"summary_large_image\" \/>\n<meta name=\"twitter:label1\" content=\"\u00c9crit par\" \/>\n\t<meta name=\"twitter:data1\" content=\"cfeditorfr\" \/>\n\t<meta name=\"twitter:label2\" content=\"Dur\u00e9e de lecture estim\u00e9e\" \/>\n\t<meta name=\"twitter:data2\" content=\"2 minutes\" \/>\n<script type=\"application\/ld+json\" class=\"yoast-schema-graph\">{\"@context\":\"https:\/\/schema.org\",\"@graph\":[{\"@type\":\"Article\",\"@id\":\"https:\/\/www.africa-press.net\/benin\/politique\/liberation-de-30-prisonniers-politiques-cela-repare-une-injustice-selon-nourenou-atchade#article\",\"isPartOf\":{\"@id\":\"https:\/\/www.africa-press.net\/benin\/politique\/liberation-de-30-prisonniers-politiques-cela-repare-une-injustice-selon-nourenou-atchade\"},\"author\":{\"name\":\"cfeditorfr\",\"@id\":\"https:\/\/www.africa-press.net\/benin\/#\/schema\/person\/2b1cf3cd81a31e3cd26889ca66d677f1\"},\"headline\":\"Lib\u00e9ration de 30 prisonniers politiques, \u00ab\u00a0cela r\u00e9pare une injustice\u00a0\u00bb selon Nour\u00e9nou Atchad\u00e9\",\"datePublished\":\"2022-07-29T21:27:48+00:00\",\"dateModified\":\"2022-07-29T21:45:57+00:00\",\"mainEntityOfPage\":{\"@id\":\"https:\/\/www.africa-press.net\/benin\/politique\/liberation-de-30-prisonniers-politiques-cela-repare-une-injustice-selon-nourenou-atchade\"},\"wordCount\":286,\"commentCount\":0,\"image\":{\"@id\":\"https:\/\/www.africa-press.net\/benin\/politique\/liberation-de-30-prisonniers-politiques-cela-repare-une-injustice-selon-nourenou-atchade#primaryimage\"},\"thumbnailUrl\":\"https:\/\/static.africa-press.net\/benin\/sites\/46\/2022\/07\/postQueueImg_17-62e454fd97a72.jpg\",\"keywords\":[\"Africa Press\",\"Africa Press-Benin\",\"B\u00e9nin\"],\"articleSection\":[\"homepage-french\",\"Politique\",\"Toutes les actualit\u00e9s\"],\"inLanguage\":\"fr-FR\",\"potentialAction\":[{\"@type\":\"CommentAction\",\"name\":\"Comment\",\"target\":[\"https:\/\/www.africa-press.net\/benin\/politique\/liberation-de-30-prisonniers-politiques-cela-repare-une-injustice-selon-nourenou-atchade#respond\"]}]},{\"@type\":\"WebPage\",\"@id\":\"https:\/\/www.africa-press.net\/benin\/politique\/liberation-de-30-prisonniers-politiques-cela-repare-une-injustice-selon-nourenou-atchade\",\"url\":\"https:\/\/www.africa-press.net\/benin\/politique\/liberation-de-30-prisonniers-politiques-cela-repare-une-injustice-selon-nourenou-atchade\",\"name\":\"Lib\u00e9ration de 30 prisonniers politiques, \u00ab\u00a0cela r\u00e9pare une injustice\u00a0\u00bb selon Nour\u00e9nou Atchad\u00e9 - B\u00e9nin\",\"isPartOf\":{\"@id\":\"https:\/\/www.africa-press.net\/benin\/#website\"},\"primaryImageOfPage\":{\"@id\":\"https:\/\/www.africa-press.net\/benin\/politique\/liberation-de-30-prisonniers-politiques-cela-repare-une-injustice-selon-nourenou-atchade#primaryimage\"},\"image\":{\"@id\":\"https:\/\/www.africa-press.net\/benin\/politique\/liberation-de-30-prisonniers-politiques-cela-repare-une-injustice-selon-nourenou-atchade#primaryimage\"},\"thumbnailUrl\":\"https:\/\/static.africa-press.net\/benin\/sites\/46\/2022\/07\/postQueueImg_17-62e454fd97a72.jpg\",\"datePublished\":\"2022-07-29T21:27:48+00:00\",\"dateModified\":\"2022-07-29T21:45:57+00:00\",\"author\":{\"@id\":\"https:\/\/www.africa-press.net\/benin\/#\/schema\/person\/2b1cf3cd81a31e3cd26889ca66d677f1\"},\"description\":\"Le Mercredi 27 Juillet 2022, 30 prisonniers politiques ont \u00e9t\u00e9 lib\u00e9r\u00e9s apr\u00e8s plus d\u2019un an d\u2019emprisonnement. La lib\u00e9ratio ...\",\"breadcrumb\":{\"@id\":\"https:\/\/www.africa-press.net\/benin\/politique\/liberation-de-30-prisonniers-politiques-cela-repare-une-injustice-selon-nourenou-atchade#breadcrumb\"},\"inLanguage\":\"fr-FR\",\"potentialAction\":[{\"@type\":\"ReadAction\",\"target\":[\"https:\/\/www.africa-press.net\/benin\/politique\/liberation-de-30-prisonniers-politiques-cela-repare-une-injustice-selon-nourenou-atchade\"]}]},{\"@type\":\"ImageObject\",\"inLanguage\":\"fr-FR\",\"@id\":\"https:\/\/www.africa-press.net\/benin\/politique\/liberation-de-30-prisonniers-politiques-cela-repare-une-injustice-selon-nourenou-atchade#primaryimage\",\"url\":\"https:\/\/static.africa-press.net\/benin\/sites\/46\/2022\/07\/postQueueImg_17-62e454fd97a72.jpg\",\"contentUrl\":\"https:\/\/static.africa-press.net\/benin\/sites\/46\/2022\/07\/postQueueImg_17-62e454fd97a72.jpg\",\"width\":1245,\"height\":907,\"caption\":\"Lib\u00e9ration de 30 prisonniers politiques, \u00ab\u00a0cela r\u00e9pare une injustice\u00a0\u00bb selon Nour\u00e9nou Atchad\u00e9\"},{\"@type\":\"BreadcrumbList\",\"@id\":\"https:\/\/www.africa-press.net\/benin\/politique\/liberation-de-30-prisonniers-politiques-cela-repare-une-injustice-selon-nourenou-atchade#breadcrumb\",\"itemListElement\":[{\"@type\":\"ListItem\",\"position\":1,\"name\":\"Accueil\",\"item\":\"https:\/\/www.africa-press.net\/benin\/\"},{\"@type\":\"ListItem\",\"position\":2,\"name\":\"Lib\u00e9ration de 30 prisonniers politiques, \u00ab\u00a0cela r\u00e9pare une injustice\u00a0\u00bb selon Nour\u00e9nou Atchad\u00e9\"}]},{\"@type\":\"WebSite\",\"@id\":\"https:\/\/www.africa-press.net\/benin\/#website\",\"url\":\"https:\/\/www.africa-press.net\/benin\/\",\"name\":\"B\u00e9nin\",\"description\":\"Just another Africa News Agency Sites site\",\"potentialAction\":[{\"@type\":\"SearchAction\",\"target\":{\"@type\":\"EntryPoint\",\"urlTemplate\":\"https:\/\/www.africa-press.net\/benin\/?s={search_term_string}\"},\"query-input\":{\"@type\":\"PropertyValueSpecification\",\"valueRequired\":true,\"valueName\":\"search_term_string\"}}],\"inLanguage\":\"fr-FR\"},{\"@type\":\"Person\",\"@id\":\"https:\/\/www.africa-press.net\/benin\/#\/schema\/person\/2b1cf3cd81a31e3cd26889ca66d677f1\",\"name\":\"cfeditorfr\"}]}<\/script>\n<!-- \/ Yoast SEO Premium plugin. -->","yoast_head_json":{"title":"Lib\u00e9ration de 30 prisonniers politiques, \u00ab\u00a0cela r\u00e9pare une injustice\u00a0\u00bb selon Nour\u00e9nou Atchad\u00e9 - B\u00e9nin","description":"Le Mercredi 27 Juillet 2022, 30 prisonniers politiques ont \u00e9t\u00e9 lib\u00e9r\u00e9s apr\u00e8s plus d\u2019un an d\u2019emprisonnement. La lib\u00e9ratio ...","robots":{"index":"index","follow":"follow","max-snippet":"max-snippet:-1","max-image-preview":"max-image-preview:large","max-video-preview":"max-video-preview:-1"},"canonical":"https:\/\/www.africa-press.net\/benin\/politique\/liberation-de-30-prisonniers-politiques-cela-repare-une-injustice-selon-nourenou-atchade","og_locale":"fr_FR","og_type":"article","og_title":"Lib\u00e9ration de 30 prisonniers politiques, \u00ab\u00a0cela r\u00e9pare une injustice\u00a0\u00bb selon Nour\u00e9nou Atchad\u00e9","og_description":"Le Mercredi 27 Juillet 2022, 30 prisonniers politiques ont \u00e9t\u00e9 lib\u00e9r\u00e9s apr\u00e8s plus d\u2019un an d\u2019emprisonnement. La lib\u00e9ratio ...","og_url":"https:\/\/www.africa-press.net\/benin\/politique\/liberation-de-30-prisonniers-politiques-cela-repare-une-injustice-selon-nourenou-atchade","og_site_name":"B\u00e9nin","article_published_time":"2022-07-29T21:27:48+00:00","article_modified_time":"2022-07-29T21:45:57+00:00","og_image":[{"width":1245,"height":907,"url":"https:\/\/static.africa-press.net\/benin\/sites\/46\/2022\/07\/postQueueImg_17-62e454fd97a72.jpg","type":"image\/jpeg"}],"author":"cfeditorfr","twitter_card":"summary_large_image","twitter_misc":{"\u00c9crit par":"cfeditorfr","Dur\u00e9e de lecture estim\u00e9e":"2 minutes"},"schema":{"@context":"https:\/\/schema.org","@graph":[{"@type":"Article","@id":"https:\/\/www.africa-press.net\/benin\/politique\/liberation-de-30-prisonniers-politiques-cela-repare-une-injustice-selon-nourenou-atchade#article","isPartOf":{"@id":"https:\/\/www.africa-press.net\/benin\/politique\/liberation-de-30-prisonniers-politiques-cela-repare-une-injustice-selon-nourenou-atchade"},"author":{"name":"cfeditorfr","@id":"https:\/\/www.africa-press.net\/benin\/#\/schema\/person\/2b1cf3cd81a31e3cd26889ca66d677f1"},"headline":"Lib\u00e9ration de 30 prisonniers politiques, \u00ab\u00a0cela r\u00e9pare une injustice\u00a0\u00bb selon Nour\u00e9nou Atchad\u00e9","datePublished":"2022-07-29T21:27:48+00:00","dateModified":"2022-07-29T21:45:57+00:00","mainEntityOfPage":{"@id":"https:\/\/www.africa-press.net\/benin\/politique\/liberation-de-30-prisonniers-politiques-cela-repare-une-injustice-selon-nourenou-atchade"},"wordCount":286,"commentCount":0,"image":{"@id":"https:\/\/www.africa-press.net\/benin\/politique\/liberation-de-30-prisonniers-politiques-cela-repare-une-injustice-selon-nourenou-atchade#primaryimage"},"thumbnailUrl":"https:\/\/static.africa-press.net\/benin\/sites\/46\/2022\/07\/postQueueImg_17-62e454fd97a72.jpg","keywords":["Africa Press","Africa Press-Benin","B\u00e9nin"],"articleSection":["homepage-french","Politique","Toutes les actualit\u00e9s"],"inLanguage":"fr-FR","potentialAction":[{"@type":"CommentAction","name":"Comment","target":["https:\/\/www.africa-press.net\/benin\/politique\/liberation-de-30-prisonniers-politiques-cela-repare-une-injustice-selon-nourenou-atchade#respond"]}]},{"@type":"WebPage","@id":"https:\/\/www.africa-press.net\/benin\/politique\/liberation-de-30-prisonniers-politiques-cela-repare-une-injustice-selon-nourenou-atchade","url":"https:\/\/www.africa-press.net\/benin\/politique\/liberation-de-30-prisonniers-politiques-cela-repare-une-injustice-selon-nourenou-atchade","name":"Lib\u00e9ration de 30 prisonniers politiques, \u00ab\u00a0cela r\u00e9pare une injustice\u00a0\u00bb selon Nour\u00e9nou Atchad\u00e9 - B\u00e9nin","isPartOf":{"@id":"https:\/\/www.africa-press.net\/benin\/#website"},"primaryImageOfPage":{"@id":"https:\/\/www.africa-press.net\/benin\/politique\/liberation-de-30-prisonniers-politiques-cela-repare-une-injustice-selon-nourenou-atchade#primaryimage"},"image":{"@id":"https:\/\/www.africa-press.net\/benin\/politique\/liberation-de-30-prisonniers-politiques-cela-repare-une-injustice-selon-nourenou-atchade#primaryimage"},"thumbnailUrl":"https:\/\/static.africa-press.net\/benin\/sites\/46\/2022\/07\/postQueueImg_17-62e454fd97a72.jpg","datePublished":"2022-07-29T21:27:48+00:00","dateModified":"2022-07-29T21:45:57+00:00","author":{"@id":"https:\/\/www.africa-press.net\/benin\/#\/schema\/person\/2b1cf3cd81a31e3cd26889ca66d677f1"},"description":"Le Mercredi 27 Juillet 2022, 30 prisonniers politiques ont \u00e9t\u00e9 lib\u00e9r\u00e9s apr\u00e8s plus d\u2019un an d\u2019emprisonnement. La lib\u00e9ratio ...","breadcrumb":{"@id":"https:\/\/www.africa-press.net\/benin\/politique\/liberation-de-30-prisonniers-politiques-cela-repare-une-injustice-selon-nourenou-atchade#breadcrumb"},"inLanguage":"fr-FR","potentialAction":[{"@type":"ReadAction","target":["https:\/\/www.africa-press.net\/benin\/politique\/liberation-de-30-prisonniers-politiques-cela-repare-une-injustice-selon-nourenou-atchade"]}]},{"@type":"ImageObject","inLanguage":"fr-FR","@id":"https:\/\/www.africa-press.net\/benin\/politique\/liberation-de-30-prisonniers-politiques-cela-repare-une-injustice-selon-nourenou-atchade#primaryimage","url":"https:\/\/static.africa-press.net\/benin\/sites\/46\/2022\/07\/postQueueImg_17-62e454fd97a72.jpg","contentUrl":"https:\/\/static.africa-press.net\/benin\/sites\/46\/2022\/07\/postQueueImg_17-62e454fd97a72.jpg","width":1245,"height":907,"caption":"Lib\u00e9ration de 30 prisonniers politiques, \u00ab\u00a0cela r\u00e9pare une injustice\u00a0\u00bb selon Nour\u00e9nou Atchad\u00e9"},{"@type":"BreadcrumbList","@id":"https:\/\/www.africa-press.net\/benin\/politique\/liberation-de-30-prisonniers-politiques-cela-repare-une-injustice-selon-nourenou-atchade#breadcrumb","itemListElement":[{"@type":"ListItem","position":1,"name":"Accueil","item":"https:\/\/www.africa-press.net\/benin\/"},{"@type":"ListItem","position":2,"name":"Lib\u00e9ration de 30 prisonniers politiques, \u00ab\u00a0cela r\u00e9pare une injustice\u00a0\u00bb selon Nour\u00e9nou Atchad\u00e9"}]},{"@type":"WebSite","@id":"https:\/\/www.africa-press.net\/benin\/#website","url":"https:\/\/www.africa-press.net\/benin\/","name":"B\u00e9nin","description":"Just another Africa News Agency Sites site","potentialAction":[{"@type":"SearchAction","target":{"@type":"EntryPoint","urlTemplate":"https:\/\/www.africa-press.net\/benin\/?s={search_term_string}"},"query-input":{"@type":"PropertyValueSpecification","valueRequired":true,"valueName":"search_term_string"}}],"inLanguage":"fr-FR"},{"@type":"Person","@id":"https:\/\/www.africa-press.net\/benin\/#\/schema\/person\/2b1cf3cd81a31e3cd26889ca66d677f1","name":"cfeditorfr"}]}},"_links":{"self":[{"href":"https:\/\/www.africa-press.net\/benin\/wp-json\/wp\/v2\/posts\/7360","targetHints":{"allow":["GET"]}}],"collection":[{"href":"https:\/\/www.africa-press.net\/benin\/wp-json\/wp\/v2\/posts"}],"about":[{"href":"https:\/\/www.africa-press.net\/benin\/wp-json\/wp\/v2\/types\/post"}],"author":[{"embeddable":true,"href":"https:\/\/www.africa-press.net\/benin\/wp-json\/wp\/v2\/users\/82"}],"replies":[{"embeddable":true,"href":"https:\/\/www.africa-press.net\/benin\/wp-json\/wp\/v2\/comments?post=7360"}],"version-history":[{"count":0,"href":"https:\/\/www.africa-press.net\/benin\/wp-json\/wp\/v2\/posts\/7360\/revisions"}],"wp:featuredmedia":[{"embeddable":true,"href":"https:\/\/www.africa-press.net\/benin\/wp-json\/wp\/v2\/media\/7359"}],"wp:attachment":[{"href":"https:\/\/www.africa-press.net\/benin\/wp-json\/wp\/v2\/media?parent=7360"}],"wp:term":[{"taxonomy":"category","embeddable":true,"href":"https:\/\/www.africa-press.net\/benin\/wp-json\/wp\/v2\/categories?post=7360"},{"taxonomy":"post_tag","embeddable":true,"href":"https:\/\/www.africa-press.net\/benin\/wp-json\/wp\/v2\/tags?post=7360"}],"curies":[{"name":"wp","href":"https:\/\/api.w.org\/{rel}","templated":true}]}}