{"id":7363,"date":"2022-07-29T21:27:55","date_gmt":"2022-07-29T21:27:55","guid":{"rendered":"https:\/\/www.africa-press.net\/benin\/politique\/benin-le-parti-les-democrates-en-conclave-ce-vendredi-a-cotonou"},"modified":"2022-07-29T21:46:23","modified_gmt":"2022-07-29T21:46:23","slug":"benin-le-parti-les-democrates-en-conclave-ce-vendredi-a-cotonou","status":"publish","type":"post","link":"https:\/\/www.africa-press.net\/benin\/politique\/benin-le-parti-les-democrates-en-conclave-ce-vendredi-a-cotonou","title":{"rendered":"B\u00e9nin: le parti \u00ab\u00a0Les d\u00e9mocrates\u00a0\u00bb en conclave ce vendredi \u00e0 Cotonou"},"content":{"rendered":"<p><span style=\"color: #ff6600\"><strong>Africa-Press &#8211; Benin. <\/strong><\/span>Le parti politique \u00ab Les d\u00e9mocrates \u00bb est en conclave ce vendredi 28 Juillet 2022. Cette rencontre statutaire des responsables se tient au si\u00e8ge du parti \u00e0 Gb\u00e9gamey, un quartier du onzi\u00e8me arrondissement de Cotonou dans le Littoral.<\/p>\n<p>Sur convocation du pr\u00e9sident du parti, l\u2019ancien premier vice pr\u00e9sident de l\u2019assembl\u00e9e nationale, Eric Hound\u00e9t\u00e9, les membres du bureau politique du parti \u00ab Les D\u00e9mocrates \u00bb, se r\u00e9unissent ce vendredi 28 Juillet 2022 en conclave.<\/p>\n<p>Il s\u2019agit d\u2019une r\u00e9union statutaire du parti qui se tient \u00e0 leur si\u00e8ge situ\u00e9 \u00e0 Gb\u00e9gamey, dans la Commune de Cotonou. Ce conclave convoqu\u00e9 par le pr\u00e9sident Eric Hound\u00e9t\u00e9 \u00e0 quelques mois de la tenue des \u00e9lections l\u00e9gislatives permettra aux responsables du parti d\u2019\u00e9changer sur l\u2019organisation interne et les strat\u00e9gies \u00e0 mettre en \u0153uvre dans ce cadre de cette comp\u00e9tition \u00e9lectorale.<\/p>\n<p>Prennent part \u00e0 cette rencontre statutaire \u00e0 c\u00f4t\u00e9 des responsables du bureau politique, les membres de la coordination nationale du parti venus de tous les d\u00e9partements du pays. En dehors de la conduite \u00e0 tenir dans l\u2019organisation des \u00e9lections l\u00e9gislatives du 08 janvier 2023, des \u00e9lections majeures pour le parti, les responsables du bureau politique feront le point des diff\u00e9rentes activit\u00e9s men\u00e9es par le parti ces derniers mois.<\/p>\n<p><strong>Pour plus d&rsquo;informations et d&rsquo;analyses sur la <a href=\"https:\/\/www.africa-press.net\/benin\">Benin<\/a>, suivez <a href=\"https:\/\/www.africa-press.net\/\">Africa-Press<\/a><\/strong><\/p>\n","protected":false},"excerpt":{"rendered":"<p>Africa-Press &#8211; Benin. Le parti politique \u00ab Les d\u00e9mocrates \u00bb est en conclave ce vendredi 28 Juillet 2022. Cette rencontre statutaire des responsables se tient au si\u00e8ge du parti \u00e0 Gb\u00e9gamey, un quartier du onzi\u00e8me arrondissement de Cotonou dans le Littoral. Sur convocation du pr\u00e9sident du parti, l\u2019ancien premier vice pr\u00e9sident de l\u2019assembl\u00e9e nationale, Eric [&hellip;]<\/p>\n","protected":false},"author":82,"featured_media":7362,"comment_status":"open","ping_status":"closed","sticky":false,"template":"","format":"standard","meta":{"footnotes":""},"categories":[11,2,10],"tags":[36,50,45],"class_list":["post-7363","post","type-post","status-publish","format-standard","has-post-thumbnail","hentry","category-homepage-french","category-politique","category-toutes-les-actualites","tag-africa-press","tag-africa-press-benin","tag-benin"],"yoast_head":"<!-- This site is optimized with the Yoast SEO Premium plugin v26.1 (Yoast SEO v27.0) - https:\/\/yoast.com\/product\/yoast-seo-premium-wordpress\/ -->\n<title>B\u00e9nin: le parti \u00ab\u00a0Les d\u00e9mocrates\u00a0\u00bb en conclave ce vendredi \u00e0 Cotonou - B\u00e9nin<\/title>\n<meta name=\"description\" content=\"Le parti politique \u00ab Les d\u00e9mocrates \u00bb est en conclave ce vendredi 28 Juillet 2022. Cette rencontre statutaire des respon ...\" \/>\n<meta name=\"robots\" content=\"index, follow, max-snippet:-1, max-image-preview:large, max-video-preview:-1\" \/>\n<link rel=\"canonical\" href=\"https:\/\/www.africa-press.net\/benin\/politique\/benin-le-parti-les-democrates-en-conclave-ce-vendredi-a-cotonou\" \/>\n<meta property=\"og:locale\" content=\"fr_FR\" \/>\n<meta property=\"og:type\" content=\"article\" \/>\n<meta property=\"og:title\" content=\"B\u00e9nin: le parti \u00ab\u00a0Les d\u00e9mocrates\u00a0\u00bb en conclave ce vendredi \u00e0 Cotonou\" \/>\n<meta property=\"og:description\" content=\"Le parti politique \u00ab Les d\u00e9mocrates \u00bb est en conclave ce vendredi 28 Juillet 2022. Cette rencontre statutaire des respon ...\" \/>\n<meta property=\"og:url\" content=\"https:\/\/www.africa-press.net\/benin\/politique\/benin-le-parti-les-democrates-en-conclave-ce-vendredi-a-cotonou\" \/>\n<meta property=\"og:site_name\" content=\"B\u00e9nin\" \/>\n<meta property=\"article:published_time\" content=\"2022-07-29T21:27:55+00:00\" \/>\n<meta property=\"article:modified_time\" content=\"2022-07-29T21:46:23+00:00\" \/>\n<meta property=\"og:image\" content=\"https:\/\/static.africa-press.net\/benin\/sites\/46\/2022\/07\/postQueueImg_18-62e4551b92113.jpg\" \/>\n\t<meta property=\"og:image:width\" content=\"1500\" \/>\n\t<meta property=\"og:image:height\" content=\"800\" \/>\n\t<meta property=\"og:image:type\" content=\"image\/jpeg\" \/>\n<meta name=\"author\" content=\"cfeditorfr\" \/>\n<meta name=\"twitter:card\" content=\"summary_large_image\" \/>\n<meta name=\"twitter:label1\" content=\"\u00c9crit par\" \/>\n\t<meta name=\"twitter:data1\" content=\"cfeditorfr\" \/>\n\t<meta name=\"twitter:label2\" content=\"Dur\u00e9e de lecture estim\u00e9e\" \/>\n\t<meta name=\"twitter:data2\" content=\"2 minutes\" \/>\n<script type=\"application\/ld+json\" class=\"yoast-schema-graph\">{\"@context\":\"https:\/\/schema.org\",\"@graph\":[{\"@type\":\"Article\",\"@id\":\"https:\/\/www.africa-press.net\/benin\/politique\/benin-le-parti-les-democrates-en-conclave-ce-vendredi-a-cotonou#article\",\"isPartOf\":{\"@id\":\"https:\/\/www.africa-press.net\/benin\/politique\/benin-le-parti-les-democrates-en-conclave-ce-vendredi-a-cotonou\"},\"author\":{\"name\":\"cfeditorfr\",\"@id\":\"https:\/\/www.africa-press.net\/benin\/#\/schema\/person\/2b1cf3cd81a31e3cd26889ca66d677f1\"},\"headline\":\"B\u00e9nin: le parti \u00ab\u00a0Les d\u00e9mocrates\u00a0\u00bb en conclave ce vendredi \u00e0 Cotonou\",\"datePublished\":\"2022-07-29T21:27:55+00:00\",\"dateModified\":\"2022-07-29T21:46:23+00:00\",\"mainEntityOfPage\":{\"@id\":\"https:\/\/www.africa-press.net\/benin\/politique\/benin-le-parti-les-democrates-en-conclave-ce-vendredi-a-cotonou\"},\"wordCount\":242,\"commentCount\":0,\"image\":{\"@id\":\"https:\/\/www.africa-press.net\/benin\/politique\/benin-le-parti-les-democrates-en-conclave-ce-vendredi-a-cotonou#primaryimage\"},\"thumbnailUrl\":\"https:\/\/static.africa-press.net\/benin\/sites\/46\/2022\/07\/postQueueImg_18-62e4551b92113.jpg\",\"keywords\":[\"Africa Press\",\"Africa Press-Benin\",\"B\u00e9nin\"],\"articleSection\":[\"homepage-french\",\"Politique\",\"Toutes les actualit\u00e9s\"],\"inLanguage\":\"fr-FR\",\"potentialAction\":[{\"@type\":\"CommentAction\",\"name\":\"Comment\",\"target\":[\"https:\/\/www.africa-press.net\/benin\/politique\/benin-le-parti-les-democrates-en-conclave-ce-vendredi-a-cotonou#respond\"]}]},{\"@type\":\"WebPage\",\"@id\":\"https:\/\/www.africa-press.net\/benin\/politique\/benin-le-parti-les-democrates-en-conclave-ce-vendredi-a-cotonou\",\"url\":\"https:\/\/www.africa-press.net\/benin\/politique\/benin-le-parti-les-democrates-en-conclave-ce-vendredi-a-cotonou\",\"name\":\"B\u00e9nin: le parti \u00ab\u00a0Les d\u00e9mocrates\u00a0\u00bb en conclave ce vendredi \u00e0 Cotonou - B\u00e9nin\",\"isPartOf\":{\"@id\":\"https:\/\/www.africa-press.net\/benin\/#website\"},\"primaryImageOfPage\":{\"@id\":\"https:\/\/www.africa-press.net\/benin\/politique\/benin-le-parti-les-democrates-en-conclave-ce-vendredi-a-cotonou#primaryimage\"},\"image\":{\"@id\":\"https:\/\/www.africa-press.net\/benin\/politique\/benin-le-parti-les-democrates-en-conclave-ce-vendredi-a-cotonou#primaryimage\"},\"thumbnailUrl\":\"https:\/\/static.africa-press.net\/benin\/sites\/46\/2022\/07\/postQueueImg_18-62e4551b92113.jpg\",\"datePublished\":\"2022-07-29T21:27:55+00:00\",\"dateModified\":\"2022-07-29T21:46:23+00:00\",\"author\":{\"@id\":\"https:\/\/www.africa-press.net\/benin\/#\/schema\/person\/2b1cf3cd81a31e3cd26889ca66d677f1\"},\"description\":\"Le parti politique \u00ab Les d\u00e9mocrates \u00bb est en conclave ce vendredi 28 Juillet 2022. Cette rencontre statutaire des respon ...\",\"breadcrumb\":{\"@id\":\"https:\/\/www.africa-press.net\/benin\/politique\/benin-le-parti-les-democrates-en-conclave-ce-vendredi-a-cotonou#breadcrumb\"},\"inLanguage\":\"fr-FR\",\"potentialAction\":[{\"@type\":\"ReadAction\",\"target\":[\"https:\/\/www.africa-press.net\/benin\/politique\/benin-le-parti-les-democrates-en-conclave-ce-vendredi-a-cotonou\"]}]},{\"@type\":\"ImageObject\",\"inLanguage\":\"fr-FR\",\"@id\":\"https:\/\/www.africa-press.net\/benin\/politique\/benin-le-parti-les-democrates-en-conclave-ce-vendredi-a-cotonou#primaryimage\",\"url\":\"https:\/\/static.africa-press.net\/benin\/sites\/46\/2022\/07\/postQueueImg_18-62e4551b92113.jpg\",\"contentUrl\":\"https:\/\/static.africa-press.net\/benin\/sites\/46\/2022\/07\/postQueueImg_18-62e4551b92113.jpg\",\"width\":1500,\"height\":800,\"caption\":\"B\u00e9nin: le parti \u00ab\u00a0Les d\u00e9mocrates\u00a0\u00bb en conclave ce vendredi \u00e0 Cotonou\"},{\"@type\":\"BreadcrumbList\",\"@id\":\"https:\/\/www.africa-press.net\/benin\/politique\/benin-le-parti-les-democrates-en-conclave-ce-vendredi-a-cotonou#breadcrumb\",\"itemListElement\":[{\"@type\":\"ListItem\",\"position\":1,\"name\":\"Accueil\",\"item\":\"https:\/\/www.africa-press.net\/benin\/\"},{\"@type\":\"ListItem\",\"position\":2,\"name\":\"B\u00e9nin: le parti \u00ab\u00a0Les d\u00e9mocrates\u00a0\u00bb en conclave ce vendredi \u00e0 Cotonou\"}]},{\"@type\":\"WebSite\",\"@id\":\"https:\/\/www.africa-press.net\/benin\/#website\",\"url\":\"https:\/\/www.africa-press.net\/benin\/\",\"name\":\"B\u00e9nin\",\"description\":\"Just another Africa News Agency Sites site\",\"potentialAction\":[{\"@type\":\"SearchAction\",\"target\":{\"@type\":\"EntryPoint\",\"urlTemplate\":\"https:\/\/www.africa-press.net\/benin\/?s={search_term_string}\"},\"query-input\":{\"@type\":\"PropertyValueSpecification\",\"valueRequired\":true,\"valueName\":\"search_term_string\"}}],\"inLanguage\":\"fr-FR\"},{\"@type\":\"Person\",\"@id\":\"https:\/\/www.africa-press.net\/benin\/#\/schema\/person\/2b1cf3cd81a31e3cd26889ca66d677f1\",\"name\":\"cfeditorfr\"}]}<\/script>\n<!-- \/ Yoast SEO Premium plugin. -->","yoast_head_json":{"title":"B\u00e9nin: le parti \u00ab\u00a0Les d\u00e9mocrates\u00a0\u00bb en conclave ce vendredi \u00e0 Cotonou - B\u00e9nin","description":"Le parti politique \u00ab Les d\u00e9mocrates \u00bb est en conclave ce vendredi 28 Juillet 2022. Cette rencontre statutaire des respon ...","robots":{"index":"index","follow":"follow","max-snippet":"max-snippet:-1","max-image-preview":"max-image-preview:large","max-video-preview":"max-video-preview:-1"},"canonical":"https:\/\/www.africa-press.net\/benin\/politique\/benin-le-parti-les-democrates-en-conclave-ce-vendredi-a-cotonou","og_locale":"fr_FR","og_type":"article","og_title":"B\u00e9nin: le parti \u00ab\u00a0Les d\u00e9mocrates\u00a0\u00bb en conclave ce vendredi \u00e0 Cotonou","og_description":"Le parti politique \u00ab Les d\u00e9mocrates \u00bb est en conclave ce vendredi 28 Juillet 2022. Cette rencontre statutaire des respon ...","og_url":"https:\/\/www.africa-press.net\/benin\/politique\/benin-le-parti-les-democrates-en-conclave-ce-vendredi-a-cotonou","og_site_name":"B\u00e9nin","article_published_time":"2022-07-29T21:27:55+00:00","article_modified_time":"2022-07-29T21:46:23+00:00","og_image":[{"width":1500,"height":800,"url":"https:\/\/static.africa-press.net\/benin\/sites\/46\/2022\/07\/postQueueImg_18-62e4551b92113.jpg","type":"image\/jpeg"}],"author":"cfeditorfr","twitter_card":"summary_large_image","twitter_misc":{"\u00c9crit par":"cfeditorfr","Dur\u00e9e de lecture estim\u00e9e":"2 minutes"},"schema":{"@context":"https:\/\/schema.org","@graph":[{"@type":"Article","@id":"https:\/\/www.africa-press.net\/benin\/politique\/benin-le-parti-les-democrates-en-conclave-ce-vendredi-a-cotonou#article","isPartOf":{"@id":"https:\/\/www.africa-press.net\/benin\/politique\/benin-le-parti-les-democrates-en-conclave-ce-vendredi-a-cotonou"},"author":{"name":"cfeditorfr","@id":"https:\/\/www.africa-press.net\/benin\/#\/schema\/person\/2b1cf3cd81a31e3cd26889ca66d677f1"},"headline":"B\u00e9nin: le parti \u00ab\u00a0Les d\u00e9mocrates\u00a0\u00bb en conclave ce vendredi \u00e0 Cotonou","datePublished":"2022-07-29T21:27:55+00:00","dateModified":"2022-07-29T21:46:23+00:00","mainEntityOfPage":{"@id":"https:\/\/www.africa-press.net\/benin\/politique\/benin-le-parti-les-democrates-en-conclave-ce-vendredi-a-cotonou"},"wordCount":242,"commentCount":0,"image":{"@id":"https:\/\/www.africa-press.net\/benin\/politique\/benin-le-parti-les-democrates-en-conclave-ce-vendredi-a-cotonou#primaryimage"},"thumbnailUrl":"https:\/\/static.africa-press.net\/benin\/sites\/46\/2022\/07\/postQueueImg_18-62e4551b92113.jpg","keywords":["Africa Press","Africa Press-Benin","B\u00e9nin"],"articleSection":["homepage-french","Politique","Toutes les actualit\u00e9s"],"inLanguage":"fr-FR","potentialAction":[{"@type":"CommentAction","name":"Comment","target":["https:\/\/www.africa-press.net\/benin\/politique\/benin-le-parti-les-democrates-en-conclave-ce-vendredi-a-cotonou#respond"]}]},{"@type":"WebPage","@id":"https:\/\/www.africa-press.net\/benin\/politique\/benin-le-parti-les-democrates-en-conclave-ce-vendredi-a-cotonou","url":"https:\/\/www.africa-press.net\/benin\/politique\/benin-le-parti-les-democrates-en-conclave-ce-vendredi-a-cotonou","name":"B\u00e9nin: le parti \u00ab\u00a0Les d\u00e9mocrates\u00a0\u00bb en conclave ce vendredi \u00e0 Cotonou - B\u00e9nin","isPartOf":{"@id":"https:\/\/www.africa-press.net\/benin\/#website"},"primaryImageOfPage":{"@id":"https:\/\/www.africa-press.net\/benin\/politique\/benin-le-parti-les-democrates-en-conclave-ce-vendredi-a-cotonou#primaryimage"},"image":{"@id":"https:\/\/www.africa-press.net\/benin\/politique\/benin-le-parti-les-democrates-en-conclave-ce-vendredi-a-cotonou#primaryimage"},"thumbnailUrl":"https:\/\/static.africa-press.net\/benin\/sites\/46\/2022\/07\/postQueueImg_18-62e4551b92113.jpg","datePublished":"2022-07-29T21:27:55+00:00","dateModified":"2022-07-29T21:46:23+00:00","author":{"@id":"https:\/\/www.africa-press.net\/benin\/#\/schema\/person\/2b1cf3cd81a31e3cd26889ca66d677f1"},"description":"Le parti politique \u00ab Les d\u00e9mocrates \u00bb est en conclave ce vendredi 28 Juillet 2022. Cette rencontre statutaire des respon ...","breadcrumb":{"@id":"https:\/\/www.africa-press.net\/benin\/politique\/benin-le-parti-les-democrates-en-conclave-ce-vendredi-a-cotonou#breadcrumb"},"inLanguage":"fr-FR","potentialAction":[{"@type":"ReadAction","target":["https:\/\/www.africa-press.net\/benin\/politique\/benin-le-parti-les-democrates-en-conclave-ce-vendredi-a-cotonou"]}]},{"@type":"ImageObject","inLanguage":"fr-FR","@id":"https:\/\/www.africa-press.net\/benin\/politique\/benin-le-parti-les-democrates-en-conclave-ce-vendredi-a-cotonou#primaryimage","url":"https:\/\/static.africa-press.net\/benin\/sites\/46\/2022\/07\/postQueueImg_18-62e4551b92113.jpg","contentUrl":"https:\/\/static.africa-press.net\/benin\/sites\/46\/2022\/07\/postQueueImg_18-62e4551b92113.jpg","width":1500,"height":800,"caption":"B\u00e9nin: le parti \u00ab\u00a0Les d\u00e9mocrates\u00a0\u00bb en conclave ce vendredi \u00e0 Cotonou"},{"@type":"BreadcrumbList","@id":"https:\/\/www.africa-press.net\/benin\/politique\/benin-le-parti-les-democrates-en-conclave-ce-vendredi-a-cotonou#breadcrumb","itemListElement":[{"@type":"ListItem","position":1,"name":"Accueil","item":"https:\/\/www.africa-press.net\/benin\/"},{"@type":"ListItem","position":2,"name":"B\u00e9nin: le parti \u00ab\u00a0Les d\u00e9mocrates\u00a0\u00bb en conclave ce vendredi \u00e0 Cotonou"}]},{"@type":"WebSite","@id":"https:\/\/www.africa-press.net\/benin\/#website","url":"https:\/\/www.africa-press.net\/benin\/","name":"B\u00e9nin","description":"Just another Africa News Agency Sites site","potentialAction":[{"@type":"SearchAction","target":{"@type":"EntryPoint","urlTemplate":"https:\/\/www.africa-press.net\/benin\/?s={search_term_string}"},"query-input":{"@type":"PropertyValueSpecification","valueRequired":true,"valueName":"search_term_string"}}],"inLanguage":"fr-FR"},{"@type":"Person","@id":"https:\/\/www.africa-press.net\/benin\/#\/schema\/person\/2b1cf3cd81a31e3cd26889ca66d677f1","name":"cfeditorfr"}]}},"_links":{"self":[{"href":"https:\/\/www.africa-press.net\/benin\/wp-json\/wp\/v2\/posts\/7363","targetHints":{"allow":["GET"]}}],"collection":[{"href":"https:\/\/www.africa-press.net\/benin\/wp-json\/wp\/v2\/posts"}],"about":[{"href":"https:\/\/www.africa-press.net\/benin\/wp-json\/wp\/v2\/types\/post"}],"author":[{"embeddable":true,"href":"https:\/\/www.africa-press.net\/benin\/wp-json\/wp\/v2\/users\/82"}],"replies":[{"embeddable":true,"href":"https:\/\/www.africa-press.net\/benin\/wp-json\/wp\/v2\/comments?post=7363"}],"version-history":[{"count":0,"href":"https:\/\/www.africa-press.net\/benin\/wp-json\/wp\/v2\/posts\/7363\/revisions"}],"wp:featuredmedia":[{"embeddable":true,"href":"https:\/\/www.africa-press.net\/benin\/wp-json\/wp\/v2\/media\/7362"}],"wp:attachment":[{"href":"https:\/\/www.africa-press.net\/benin\/wp-json\/wp\/v2\/media?parent=7363"}],"wp:term":[{"taxonomy":"category","embeddable":true,"href":"https:\/\/www.africa-press.net\/benin\/wp-json\/wp\/v2\/categories?post=7363"},{"taxonomy":"post_tag","embeddable":true,"href":"https:\/\/www.africa-press.net\/benin\/wp-json\/wp\/v2\/tags?post=7363"}],"curies":[{"name":"wp","href":"https:\/\/api.w.org\/{rel}","templated":true}]}}