{"id":7366,"date":"2022-07-29T21:28:03","date_gmt":"2022-07-29T21:28:03","guid":{"rendered":"https:\/\/www.africa-press.net\/benin\/politique\/macron-au-benin-une-visite-sans-interet-selon-maxime-houedjissin"},"modified":"2022-07-29T21:46:49","modified_gmt":"2022-07-29T21:46:49","slug":"macron-au-benin-une-visite-sans-interet-selon-maxime-houedjissin","status":"publish","type":"post","link":"https:\/\/www.africa-press.net\/benin\/politique\/macron-au-benin-une-visite-sans-interet-selon-maxime-houedjissin","title":{"rendered":"Macron au B\u00e9nin:  une visite sans int\u00e9r\u00eat selon Maxime Hou\u00e9djissin"},"content":{"rendered":"<p><span style=\"color: #ff6600\"><strong>Africa-Press &#8211; Benin. <\/strong><\/span>Du 26 au 27 Juillet, le B\u00e9nin a accueilli sur sa terre, le pr\u00e9sident fran\u00e7ais, Emmanuelle Macron en visite officielle. Bien que par des voix officielles, on parle d\u00e9j\u00e0 des retomb\u00e9es de cette visite, bon nombre de b\u00e9ninois continuent de s\u2019interroger sur l\u2019int\u00e9r\u00eat de cette visite. C\u2019est le cas de Maxime Hou\u00e9djissin qui affirme rester insensible \u00e0 cette visite.<\/p>\n<p>L\u2019ancien questeur de l\u2019assembl\u00e9e nationale, Maxime Hou\u00e9djissin s\u2019est prononc\u00e9 sur la visite du pr\u00e9sident fran\u00e7ais Emmanuel Macron au B\u00e9nin. L\u2019acteur politique de l\u2019opposition, ancien cadre du parti de la renaissance du B\u00e9nin selon les propos rapport\u00e9s par \u00ab LNT \u00bb, affirme qu\u2019il a \u00e9t\u00e9 vraiment \u00ab insensible \u00e0 la visite du pr\u00e9sident fran\u00e7ais dans son petit pays parce que, pr\u00e9cise-t-il, s\u2019il nous a rendu visite, c\u2019est certainement pour les int\u00e9r\u00eats de la France qui n\u2019a pas d\u2019ami\u00ab .<\/p>\n<p>Pour l\u2019ancien parlementaire, la France qui n\u2019a que d\u2019int\u00e9r\u00eat sait ce qui se passe dans la r\u00e9gion maintenant, notamment les pays qui adh\u00e8rent \u00e0 l\u2019organisation anglophone.<\/p>\n<p>\u00ab Il y a aussi le probl\u00e8me du franc CFA qui entra\u00eene des tiraillements au niveau des Etats de la sous r\u00e9gion ouest africaine. Je crois que ce n\u2019est pas pour n\u00e9gocier la libert\u00e9 des opposants qui sont en prison ou ceux qui sont en exil qu\u2019il est venu. Non! Ceux-l\u00e0 sont peut \u00eatre sacrifi\u00e9s sur l\u2019autel vraiment du franc CFA\u00ab , a indiqu\u00e9 l\u2019ancien parlementaire selon des propos rapport\u00e9s par le quotidien \u00ab LNT \u00bb.<\/p>\n<p>Pour lui, cette visite qui est tomb\u00e9e de fa\u00e7on inattendue n\u2019a pas une v\u00e9ritable raison d\u2019autant plus que le B\u00e9nin n\u2019est pas redevenu un pays d\u00e9mocratique et exemplaire, un pays de droit et des libert\u00e9s.<\/p>\n<p>A croire Maxime Hou\u00e9djissin, tout le monde sait que le B\u00e9nin est aujourd\u2019hui un pays totalement ferm\u00e9. \u00ab Aujourd\u2019hui, il n\u2019y a personne qui vous dira qu\u2019il est solide \u00e9conomiquement. Le panier de la m\u00e9nag\u00e8re est vide. L\u2019\u00e9conomie est pratiquement \u00e0 terre. Qu\u2019est-ce qu\u2019on peut trouver comme raison pour expliquer cette arriv\u00e9e vite faite?\u00ab , s\u2019est demand\u00e9 l\u2019opposant au pouvoir en place.<\/p>\n<p>Le Togo fait peur \u00e0 la France<\/p>\n<p>L\u2019ex parlementaire justifie aussi la pr\u00e9sence de Emmanuel Macron au B\u00e9nin par la situation de la R\u00e9publique du Togo qui est \u00e0 un doigt de devenir un pays anglophone. \u00ab D\u2019abord il y a le Togo qui est aujourd\u2019hui pratiquement un pays anglophone et qui fait peur \u00e0 la France parce que si le Togo rentre dans l\u2019organisation des pays anglophones, il ne reste que le B\u00e9nin pour faire le quadrilat\u00e8re Nig\u00e9ria B\u00e9nin Togo et le Ghana\u00ab , laisse-t-il entendre.<\/p>\n<p>A croire l\u2019ancien DG de l\u2019ARCHA, il est strat\u00e9gique pour Emmanuel Macron de venir ici et de parler sans aller au Togo \u00ab afin de montrer aux autorit\u00e9s togolaises que, quand on est Fran\u00e7ais, on est dans le giron fran\u00e7ais et le pr\u00e9sident fran\u00e7ais peut venir se promener au B\u00e9nin\u00ab . Pour lui, il s\u2019agit plut\u00f4t d\u2019une visite strat\u00e9gique.<\/p>\n<p>Mais selon Maxime Hou\u00e9djissin, \u00ab ce quadrilat\u00e8re l\u00e0 ne va pas marcher. J\u2019en suis certain. Le gardien du temple qui est en haut l\u00e0-bas, je veux parler du pr\u00e9sident ivoirien Alassane Dramane Ouattara fera tout mais \u00e7a ne marchera pas. Ce n\u2019est pas \u00e9vident que \u00e7a marche. Le franc CFA va partir de notre r\u00e9gion, \u00e7a c\u2019est clair et donc on est en train de tout faire pour que \u00e7a ne passe pas. L\u2019autre raison, c\u2019est la Russie avec son groupe Wagner qui s\u2019est install\u00e9 au Mali. On a peur que les Russes s\u2019installent dans ce pays\u00ab , a indiqu\u00e9 Maxime Hou\u00e9djissin.<\/p>\n<p><strong>Pour plus d&rsquo;informations et d&rsquo;analyses sur la <a href=\"https:\/\/www.africa-press.net\/benin\">Benin<\/a>, suivez <a href=\"https:\/\/www.africa-press.net\/\">Africa-Press<\/a><\/strong><\/p>\n","protected":false},"excerpt":{"rendered":"<p>Africa-Press &#8211; Benin. Du 26 au 27 Juillet, le B\u00e9nin a accueilli sur sa terre, le pr\u00e9sident fran\u00e7ais, Emmanuelle Macron en visite officielle. Bien que par des voix officielles, on parle d\u00e9j\u00e0 des retomb\u00e9es de cette visite, bon nombre de b\u00e9ninois continuent de s\u2019interroger sur l\u2019int\u00e9r\u00eat de cette visite. C\u2019est le cas de Maxime Hou\u00e9djissin [&hellip;]<\/p>\n","protected":false},"author":82,"featured_media":7365,"comment_status":"open","ping_status":"closed","sticky":false,"template":"","format":"standard","meta":{"footnotes":""},"categories":[11,2,10],"tags":[36,50,45],"class_list":["post-7366","post","type-post","status-publish","format-standard","has-post-thumbnail","hentry","category-homepage-french","category-politique","category-toutes-les-actualites","tag-africa-press","tag-africa-press-benin","tag-benin"],"yoast_head":"<!-- This site is optimized with the Yoast SEO Premium plugin v26.1 (Yoast SEO v27.0) - https:\/\/yoast.com\/product\/yoast-seo-premium-wordpress\/ -->\n<title>Macron au B\u00e9nin: une visite sans int\u00e9r\u00eat selon Maxime Hou\u00e9djissin - B\u00e9nin<\/title>\n<meta name=\"description\" content=\"Du 26 au 27 Juillet, le B\u00e9nin a accueilli sur sa terre, le pr\u00e9sident fran\u00e7ais, Emmanuelle Macron en visite officielle. B ...\" \/>\n<meta name=\"robots\" content=\"index, follow, max-snippet:-1, max-image-preview:large, max-video-preview:-1\" \/>\n<link rel=\"canonical\" href=\"https:\/\/www.africa-press.net\/benin\/politique\/macron-au-benin-une-visite-sans-interet-selon-maxime-houedjissin\" \/>\n<meta property=\"og:locale\" content=\"fr_FR\" \/>\n<meta property=\"og:type\" content=\"article\" \/>\n<meta property=\"og:title\" content=\"Macron au B\u00e9nin: une visite sans int\u00e9r\u00eat selon Maxime Hou\u00e9djissin\" \/>\n<meta property=\"og:description\" content=\"Du 26 au 27 Juillet, le B\u00e9nin a accueilli sur sa terre, le pr\u00e9sident fran\u00e7ais, Emmanuelle Macron en visite officielle. B ...\" \/>\n<meta property=\"og:url\" content=\"https:\/\/www.africa-press.net\/benin\/politique\/macron-au-benin-une-visite-sans-interet-selon-maxime-houedjissin\" \/>\n<meta property=\"og:site_name\" content=\"B\u00e9nin\" \/>\n<meta property=\"article:published_time\" content=\"2022-07-29T21:28:03+00:00\" \/>\n<meta property=\"article:modified_time\" content=\"2022-07-29T21:46:49+00:00\" \/>\n<meta property=\"og:image\" content=\"https:\/\/static.africa-press.net\/benin\/sites\/46\/2022\/07\/postQueueImg_19-62e4553513803.jpg\" \/>\n\t<meta property=\"og:image:width\" content=\"1200\" \/>\n\t<meta property=\"og:image:height\" content=\"675\" \/>\n\t<meta property=\"og:image:type\" content=\"image\/jpeg\" \/>\n<meta name=\"author\" content=\"cfeditorfr\" \/>\n<meta name=\"twitter:card\" content=\"summary_large_image\" \/>\n<meta name=\"twitter:label1\" content=\"\u00c9crit par\" \/>\n\t<meta name=\"twitter:data1\" content=\"cfeditorfr\" \/>\n\t<meta name=\"twitter:label2\" content=\"Dur\u00e9e de lecture estim\u00e9e\" \/>\n\t<meta name=\"twitter:data2\" content=\"3 minutes\" \/>\n<script type=\"application\/ld+json\" class=\"yoast-schema-graph\">{\"@context\":\"https:\/\/schema.org\",\"@graph\":[{\"@type\":\"Article\",\"@id\":\"https:\/\/www.africa-press.net\/benin\/politique\/macron-au-benin-une-visite-sans-interet-selon-maxime-houedjissin#article\",\"isPartOf\":{\"@id\":\"https:\/\/www.africa-press.net\/benin\/politique\/macron-au-benin-une-visite-sans-interet-selon-maxime-houedjissin\"},\"author\":{\"name\":\"cfeditorfr\",\"@id\":\"https:\/\/www.africa-press.net\/benin\/#\/schema\/person\/2b1cf3cd81a31e3cd26889ca66d677f1\"},\"headline\":\"Macron au B\u00e9nin: une visite sans int\u00e9r\u00eat selon Maxime Hou\u00e9djissin\",\"datePublished\":\"2022-07-29T21:28:03+00:00\",\"dateModified\":\"2022-07-29T21:46:49+00:00\",\"mainEntityOfPage\":{\"@id\":\"https:\/\/www.africa-press.net\/benin\/politique\/macron-au-benin-une-visite-sans-interet-selon-maxime-houedjissin\"},\"wordCount\":700,\"commentCount\":0,\"image\":{\"@id\":\"https:\/\/www.africa-press.net\/benin\/politique\/macron-au-benin-une-visite-sans-interet-selon-maxime-houedjissin#primaryimage\"},\"thumbnailUrl\":\"https:\/\/static.africa-press.net\/benin\/sites\/46\/2022\/07\/postQueueImg_19-62e4553513803.jpg\",\"keywords\":[\"Africa Press\",\"Africa Press-Benin\",\"B\u00e9nin\"],\"articleSection\":[\"homepage-french\",\"Politique\",\"Toutes les actualit\u00e9s\"],\"inLanguage\":\"fr-FR\",\"potentialAction\":[{\"@type\":\"CommentAction\",\"name\":\"Comment\",\"target\":[\"https:\/\/www.africa-press.net\/benin\/politique\/macron-au-benin-une-visite-sans-interet-selon-maxime-houedjissin#respond\"]}]},{\"@type\":\"WebPage\",\"@id\":\"https:\/\/www.africa-press.net\/benin\/politique\/macron-au-benin-une-visite-sans-interet-selon-maxime-houedjissin\",\"url\":\"https:\/\/www.africa-press.net\/benin\/politique\/macron-au-benin-une-visite-sans-interet-selon-maxime-houedjissin\",\"name\":\"Macron au B\u00e9nin: une visite sans int\u00e9r\u00eat selon Maxime Hou\u00e9djissin - B\u00e9nin\",\"isPartOf\":{\"@id\":\"https:\/\/www.africa-press.net\/benin\/#website\"},\"primaryImageOfPage\":{\"@id\":\"https:\/\/www.africa-press.net\/benin\/politique\/macron-au-benin-une-visite-sans-interet-selon-maxime-houedjissin#primaryimage\"},\"image\":{\"@id\":\"https:\/\/www.africa-press.net\/benin\/politique\/macron-au-benin-une-visite-sans-interet-selon-maxime-houedjissin#primaryimage\"},\"thumbnailUrl\":\"https:\/\/static.africa-press.net\/benin\/sites\/46\/2022\/07\/postQueueImg_19-62e4553513803.jpg\",\"datePublished\":\"2022-07-29T21:28:03+00:00\",\"dateModified\":\"2022-07-29T21:46:49+00:00\",\"author\":{\"@id\":\"https:\/\/www.africa-press.net\/benin\/#\/schema\/person\/2b1cf3cd81a31e3cd26889ca66d677f1\"},\"description\":\"Du 26 au 27 Juillet, le B\u00e9nin a accueilli sur sa terre, le pr\u00e9sident fran\u00e7ais, Emmanuelle Macron en visite officielle. B ...\",\"breadcrumb\":{\"@id\":\"https:\/\/www.africa-press.net\/benin\/politique\/macron-au-benin-une-visite-sans-interet-selon-maxime-houedjissin#breadcrumb\"},\"inLanguage\":\"fr-FR\",\"potentialAction\":[{\"@type\":\"ReadAction\",\"target\":[\"https:\/\/www.africa-press.net\/benin\/politique\/macron-au-benin-une-visite-sans-interet-selon-maxime-houedjissin\"]}]},{\"@type\":\"ImageObject\",\"inLanguage\":\"fr-FR\",\"@id\":\"https:\/\/www.africa-press.net\/benin\/politique\/macron-au-benin-une-visite-sans-interet-selon-maxime-houedjissin#primaryimage\",\"url\":\"https:\/\/static.africa-press.net\/benin\/sites\/46\/2022\/07\/postQueueImg_19-62e4553513803.jpg\",\"contentUrl\":\"https:\/\/static.africa-press.net\/benin\/sites\/46\/2022\/07\/postQueueImg_19-62e4553513803.jpg\",\"width\":1200,\"height\":675,\"caption\":\"Macron au B\u00e9nin: une visite sans int\u00e9r\u00eat selon Maxime Hou\u00e9djissin\"},{\"@type\":\"BreadcrumbList\",\"@id\":\"https:\/\/www.africa-press.net\/benin\/politique\/macron-au-benin-une-visite-sans-interet-selon-maxime-houedjissin#breadcrumb\",\"itemListElement\":[{\"@type\":\"ListItem\",\"position\":1,\"name\":\"Accueil\",\"item\":\"https:\/\/www.africa-press.net\/benin\/\"},{\"@type\":\"ListItem\",\"position\":2,\"name\":\"Macron au B\u00e9nin: une visite sans int\u00e9r\u00eat selon Maxime Hou\u00e9djissin\"}]},{\"@type\":\"WebSite\",\"@id\":\"https:\/\/www.africa-press.net\/benin\/#website\",\"url\":\"https:\/\/www.africa-press.net\/benin\/\",\"name\":\"B\u00e9nin\",\"description\":\"Just another Africa News Agency Sites site\",\"potentialAction\":[{\"@type\":\"SearchAction\",\"target\":{\"@type\":\"EntryPoint\",\"urlTemplate\":\"https:\/\/www.africa-press.net\/benin\/?s={search_term_string}\"},\"query-input\":{\"@type\":\"PropertyValueSpecification\",\"valueRequired\":true,\"valueName\":\"search_term_string\"}}],\"inLanguage\":\"fr-FR\"},{\"@type\":\"Person\",\"@id\":\"https:\/\/www.africa-press.net\/benin\/#\/schema\/person\/2b1cf3cd81a31e3cd26889ca66d677f1\",\"name\":\"cfeditorfr\"}]}<\/script>\n<!-- \/ Yoast SEO Premium plugin. -->","yoast_head_json":{"title":"Macron au B\u00e9nin: une visite sans int\u00e9r\u00eat selon Maxime Hou\u00e9djissin - B\u00e9nin","description":"Du 26 au 27 Juillet, le B\u00e9nin a accueilli sur sa terre, le pr\u00e9sident fran\u00e7ais, Emmanuelle Macron en visite officielle. B ...","robots":{"index":"index","follow":"follow","max-snippet":"max-snippet:-1","max-image-preview":"max-image-preview:large","max-video-preview":"max-video-preview:-1"},"canonical":"https:\/\/www.africa-press.net\/benin\/politique\/macron-au-benin-une-visite-sans-interet-selon-maxime-houedjissin","og_locale":"fr_FR","og_type":"article","og_title":"Macron au B\u00e9nin: une visite sans int\u00e9r\u00eat selon Maxime Hou\u00e9djissin","og_description":"Du 26 au 27 Juillet, le B\u00e9nin a accueilli sur sa terre, le pr\u00e9sident fran\u00e7ais, Emmanuelle Macron en visite officielle. B ...","og_url":"https:\/\/www.africa-press.net\/benin\/politique\/macron-au-benin-une-visite-sans-interet-selon-maxime-houedjissin","og_site_name":"B\u00e9nin","article_published_time":"2022-07-29T21:28:03+00:00","article_modified_time":"2022-07-29T21:46:49+00:00","og_image":[{"width":1200,"height":675,"url":"https:\/\/static.africa-press.net\/benin\/sites\/46\/2022\/07\/postQueueImg_19-62e4553513803.jpg","type":"image\/jpeg"}],"author":"cfeditorfr","twitter_card":"summary_large_image","twitter_misc":{"\u00c9crit par":"cfeditorfr","Dur\u00e9e de lecture estim\u00e9e":"3 minutes"},"schema":{"@context":"https:\/\/schema.org","@graph":[{"@type":"Article","@id":"https:\/\/www.africa-press.net\/benin\/politique\/macron-au-benin-une-visite-sans-interet-selon-maxime-houedjissin#article","isPartOf":{"@id":"https:\/\/www.africa-press.net\/benin\/politique\/macron-au-benin-une-visite-sans-interet-selon-maxime-houedjissin"},"author":{"name":"cfeditorfr","@id":"https:\/\/www.africa-press.net\/benin\/#\/schema\/person\/2b1cf3cd81a31e3cd26889ca66d677f1"},"headline":"Macron au B\u00e9nin: une visite sans int\u00e9r\u00eat selon Maxime Hou\u00e9djissin","datePublished":"2022-07-29T21:28:03+00:00","dateModified":"2022-07-29T21:46:49+00:00","mainEntityOfPage":{"@id":"https:\/\/www.africa-press.net\/benin\/politique\/macron-au-benin-une-visite-sans-interet-selon-maxime-houedjissin"},"wordCount":700,"commentCount":0,"image":{"@id":"https:\/\/www.africa-press.net\/benin\/politique\/macron-au-benin-une-visite-sans-interet-selon-maxime-houedjissin#primaryimage"},"thumbnailUrl":"https:\/\/static.africa-press.net\/benin\/sites\/46\/2022\/07\/postQueueImg_19-62e4553513803.jpg","keywords":["Africa Press","Africa Press-Benin","B\u00e9nin"],"articleSection":["homepage-french","Politique","Toutes les actualit\u00e9s"],"inLanguage":"fr-FR","potentialAction":[{"@type":"CommentAction","name":"Comment","target":["https:\/\/www.africa-press.net\/benin\/politique\/macron-au-benin-une-visite-sans-interet-selon-maxime-houedjissin#respond"]}]},{"@type":"WebPage","@id":"https:\/\/www.africa-press.net\/benin\/politique\/macron-au-benin-une-visite-sans-interet-selon-maxime-houedjissin","url":"https:\/\/www.africa-press.net\/benin\/politique\/macron-au-benin-une-visite-sans-interet-selon-maxime-houedjissin","name":"Macron au B\u00e9nin: une visite sans int\u00e9r\u00eat selon Maxime Hou\u00e9djissin - B\u00e9nin","isPartOf":{"@id":"https:\/\/www.africa-press.net\/benin\/#website"},"primaryImageOfPage":{"@id":"https:\/\/www.africa-press.net\/benin\/politique\/macron-au-benin-une-visite-sans-interet-selon-maxime-houedjissin#primaryimage"},"image":{"@id":"https:\/\/www.africa-press.net\/benin\/politique\/macron-au-benin-une-visite-sans-interet-selon-maxime-houedjissin#primaryimage"},"thumbnailUrl":"https:\/\/static.africa-press.net\/benin\/sites\/46\/2022\/07\/postQueueImg_19-62e4553513803.jpg","datePublished":"2022-07-29T21:28:03+00:00","dateModified":"2022-07-29T21:46:49+00:00","author":{"@id":"https:\/\/www.africa-press.net\/benin\/#\/schema\/person\/2b1cf3cd81a31e3cd26889ca66d677f1"},"description":"Du 26 au 27 Juillet, le B\u00e9nin a accueilli sur sa terre, le pr\u00e9sident fran\u00e7ais, Emmanuelle Macron en visite officielle. B ...","breadcrumb":{"@id":"https:\/\/www.africa-press.net\/benin\/politique\/macron-au-benin-une-visite-sans-interet-selon-maxime-houedjissin#breadcrumb"},"inLanguage":"fr-FR","potentialAction":[{"@type":"ReadAction","target":["https:\/\/www.africa-press.net\/benin\/politique\/macron-au-benin-une-visite-sans-interet-selon-maxime-houedjissin"]}]},{"@type":"ImageObject","inLanguage":"fr-FR","@id":"https:\/\/www.africa-press.net\/benin\/politique\/macron-au-benin-une-visite-sans-interet-selon-maxime-houedjissin#primaryimage","url":"https:\/\/static.africa-press.net\/benin\/sites\/46\/2022\/07\/postQueueImg_19-62e4553513803.jpg","contentUrl":"https:\/\/static.africa-press.net\/benin\/sites\/46\/2022\/07\/postQueueImg_19-62e4553513803.jpg","width":1200,"height":675,"caption":"Macron au B\u00e9nin: une visite sans int\u00e9r\u00eat selon Maxime Hou\u00e9djissin"},{"@type":"BreadcrumbList","@id":"https:\/\/www.africa-press.net\/benin\/politique\/macron-au-benin-une-visite-sans-interet-selon-maxime-houedjissin#breadcrumb","itemListElement":[{"@type":"ListItem","position":1,"name":"Accueil","item":"https:\/\/www.africa-press.net\/benin\/"},{"@type":"ListItem","position":2,"name":"Macron au B\u00e9nin: une visite sans int\u00e9r\u00eat selon Maxime Hou\u00e9djissin"}]},{"@type":"WebSite","@id":"https:\/\/www.africa-press.net\/benin\/#website","url":"https:\/\/www.africa-press.net\/benin\/","name":"B\u00e9nin","description":"Just another Africa News Agency Sites site","potentialAction":[{"@type":"SearchAction","target":{"@type":"EntryPoint","urlTemplate":"https:\/\/www.africa-press.net\/benin\/?s={search_term_string}"},"query-input":{"@type":"PropertyValueSpecification","valueRequired":true,"valueName":"search_term_string"}}],"inLanguage":"fr-FR"},{"@type":"Person","@id":"https:\/\/www.africa-press.net\/benin\/#\/schema\/person\/2b1cf3cd81a31e3cd26889ca66d677f1","name":"cfeditorfr"}]}},"_links":{"self":[{"href":"https:\/\/www.africa-press.net\/benin\/wp-json\/wp\/v2\/posts\/7366","targetHints":{"allow":["GET"]}}],"collection":[{"href":"https:\/\/www.africa-press.net\/benin\/wp-json\/wp\/v2\/posts"}],"about":[{"href":"https:\/\/www.africa-press.net\/benin\/wp-json\/wp\/v2\/types\/post"}],"author":[{"embeddable":true,"href":"https:\/\/www.africa-press.net\/benin\/wp-json\/wp\/v2\/users\/82"}],"replies":[{"embeddable":true,"href":"https:\/\/www.africa-press.net\/benin\/wp-json\/wp\/v2\/comments?post=7366"}],"version-history":[{"count":0,"href":"https:\/\/www.africa-press.net\/benin\/wp-json\/wp\/v2\/posts\/7366\/revisions"}],"wp:featuredmedia":[{"embeddable":true,"href":"https:\/\/www.africa-press.net\/benin\/wp-json\/wp\/v2\/media\/7365"}],"wp:attachment":[{"href":"https:\/\/www.africa-press.net\/benin\/wp-json\/wp\/v2\/media?parent=7366"}],"wp:term":[{"taxonomy":"category","embeddable":true,"href":"https:\/\/www.africa-press.net\/benin\/wp-json\/wp\/v2\/categories?post=7366"},{"taxonomy":"post_tag","embeddable":true,"href":"https:\/\/www.africa-press.net\/benin\/wp-json\/wp\/v2\/tags?post=7366"}],"curies":[{"name":"wp","href":"https:\/\/api.w.org\/{rel}","templated":true}]}}