{"id":7369,"date":"2022-07-29T21:28:12","date_gmt":"2022-07-29T21:28:12","guid":{"rendered":"https:\/\/www.africa-press.net\/benin\/politique\/benin-un-homme-condamne-a-20-ans-de-prison-pour-coups-mortels-25-ans-apres-les-faits"},"modified":"2022-07-29T21:47:16","modified_gmt":"2022-07-29T21:47:16","slug":"benin-un-homme-condamne-a-20-ans-de-prison-pour-coups-mortels-25-ans-apres-les-faits","status":"publish","type":"post","link":"https:\/\/www.africa-press.net\/benin\/toutes-les-actualites\/benin-un-homme-condamne-a-20-ans-de-prison-pour-coups-mortels-25-ans-apres-les-faits","title":{"rendered":"B\u00e9nin: un homme condamn\u00e9 \u00e0 20 ans de prison pour coups mortels, 25 ans apr\u00e8s les faits"},"content":{"rendered":"<p><span style=\"color: #ff6600\"><strong>Africa-Press &#8211; Benin. <\/strong><\/span>Daniel T., apprenti m\u00e9canicien au moment des faits a \u00e9cop\u00e9 ce jeudi 27 juillet 2022 au tribunal de Cotonou d\u2019une peine de 20 ans de prison ferme pour coups mortel. Absent \u00e0 l\u2019audience, il a \u00e9t\u00e9 condamn\u00e9 par d\u00e9faut. le juge a donc d\u00e9cern\u00e9 un mandat d\u2019arr\u00eat contre lui. Les faits reproch\u00e9s au pr\u00e9venu remontent \u00e0 1997 \u00e0 Cotonou.<\/p>\n<p>Poursuivi pour coups mortels depuis 1997, c\u2019est finalement en 2022 que Daniel T. a \u00e9t\u00e9 fix\u00e9 sur son sort. En libert\u00e9 provisoire, il n\u2019\u00e9tait pas \u00e0 l\u2019audience ce jeudi, mais cela n\u2019a pas emp\u00each\u00e9 le tribunal de lui infliger une lourde peine. Statuant en mati\u00e8re criminelle, le tribunal l\u2019a condamn\u00e9 \u00e0 20 ans d\u2019emprisonnement ferme.<\/p>\n<p>Les faits se sont produits en mars 1997, \u00e0 Akpakpa dans la ville de Cotonou. Selon le r\u00e9cit, Daniel T. qui \u00e9tait \u00e0 moto s\u2019est retrouv\u00e9 en collision avec un v\u00e9hicule dont le conducteur \u00e9tait Komi Kognonhou\u00e9. Apr\u00e8s l\u2019incident, une altercation a \u00e9clat\u00e9 entre les deux hommes. Dans la foul\u00e9e, Daniel T. se saisit d\u2019un tournevis et ass\u00e9na plusieurs coups \u00e0 Komi.<\/p>\n<p>D\u00e9c\u00e8s de Komi et interpellation de Daniel T.<\/p>\n<p>Gravement bless\u00e9 par les coups de poignards, Komi Kognonhou\u00e9 est pass\u00e9 de vie \u00e0 tr\u00e9pas, 72 heures apr\u00e8s son admission dans un h\u00f4pital de la place. Daniel T., qui \u00e9tait d\u00e9j\u00e0 en garde \u00e0 vue, avait \u00e9t\u00e9 accus\u00e9 pour coups mortels et d\u00e9pos\u00e9 en prison.<\/p>\n<p>Le 13 d\u00e9cembre 2001, soit 4 ans apr\u00e8s sa mise sous mandat de d\u00e9p\u00f4t, Daniel T. avait b\u00e9n\u00e9fici\u00e9 d\u2019une libert\u00e9 provisoire, mais le dossier est rest\u00e9 pendant devant la justice.<\/p>\n<p>Daniel T. condamn\u00e9 25 ans apr\u00e8s les faits<\/p>\n<p>Invit\u00e9 \u00e0 la barre ce jeudi 28 juillet 2022, le pr\u00e9venu Daniel a brill\u00e9 par son absence \u00e0 la surprise du minist\u00e8re public, qui confie avoir men\u00e9 les d\u00e9marches pour s\u2019assurer de la pr\u00e9sence de l\u2019accus\u00e9.<\/p>\n<p>Dans sa r\u00e9quisition, le Minist\u00e8re public a fait observer que les \u00e9l\u00e9ments constitutifs de l\u2019infraction mise \u00e0 la charge de Daniel T. sont r\u00e9unis. Il a lors requis 10 ans de prison dont 4 ans ferme et 6 ans assorti de sursis pour coups mortels<\/p>\n<p>A la fin, le tribunal n\u2019a pas suivi la r\u00e9quisition du minist\u00e8re public. Le juge a \u00e9t\u00e9 moins doux et a condamn\u00e9 Daniel T. \u00e0 20 ans de r\u00e9clusion criminelle avec un mandat d\u2019arr\u00eat d\u00e9cern\u00e9. Pour avoir d\u00e9j\u00e0 pass\u00e9 4 ans en prison avant sa libert\u00e9 provisoire, il lui reste encore 16 ans \u00e0 passer derri\u00e8re les barreaux pour purger sa peine, mais en attendant il est en cavale.<\/p>\n<p><strong>Pour plus d&rsquo;informations et d&rsquo;analyses sur la <a href=\"https:\/\/www.africa-press.net\/benin\">Benin<\/a>, suivez <a href=\"https:\/\/www.africa-press.net\/\">Africa-Press<\/a><\/strong><\/p>\n","protected":false},"excerpt":{"rendered":"<p>Africa-Press &#8211; Benin. Daniel T., apprenti m\u00e9canicien au moment des faits a \u00e9cop\u00e9 ce jeudi 27 juillet 2022 au tribunal de Cotonou d\u2019une peine de 20 ans de prison ferme pour coups mortel. Absent \u00e0 l\u2019audience, il a \u00e9t\u00e9 condamn\u00e9 par d\u00e9faut. le juge a donc d\u00e9cern\u00e9 un mandat d\u2019arr\u00eat contre lui. Les faits reproch\u00e9s [&hellip;]<\/p>\n","protected":false},"author":82,"featured_media":7368,"comment_status":"open","ping_status":"closed","sticky":false,"template":"","format":"standard","meta":{"footnotes":""},"categories":[21,11,10],"tags":[36,50,45],"class_list":["post-7369","post","type-post","status-publish","format-standard","has-post-thumbnail","hentry","category-communaute","category-homepage-french","category-toutes-les-actualites","tag-africa-press","tag-africa-press-benin","tag-benin"],"yoast_head":"<!-- This site is optimized with the Yoast SEO Premium plugin v26.1 (Yoast SEO v27.0) - https:\/\/yoast.com\/product\/yoast-seo-premium-wordpress\/ -->\n<title>B\u00e9nin: un homme condamn\u00e9 \u00e0 20 ans de prison pour coups mortels, 25 ans apr\u00e8s les faits - B\u00e9nin<\/title>\n<meta name=\"description\" content=\"Daniel T., apprenti m\u00e9canicien au moment des faits a \u00e9cop\u00e9 ce jeudi 27 juillet 2022 au tribunal de Cotonou d\u2019une peine d ...\" \/>\n<meta name=\"robots\" content=\"index, follow, max-snippet:-1, max-image-preview:large, max-video-preview:-1\" \/>\n<link rel=\"canonical\" href=\"https:\/\/www.africa-press.net\/benin\/toutes-les-actualites\/benin-un-homme-condamne-a-20-ans-de-prison-pour-coups-mortels-25-ans-apres-les-faits\" \/>\n<meta property=\"og:locale\" content=\"fr_FR\" \/>\n<meta property=\"og:type\" content=\"article\" \/>\n<meta property=\"og:title\" content=\"B\u00e9nin: un homme condamn\u00e9 \u00e0 20 ans de prison pour coups mortels, 25 ans apr\u00e8s les faits\" \/>\n<meta property=\"og:description\" content=\"Daniel T., apprenti m\u00e9canicien au moment des faits a \u00e9cop\u00e9 ce jeudi 27 juillet 2022 au tribunal de Cotonou d\u2019une peine d ...\" \/>\n<meta property=\"og:url\" content=\"https:\/\/www.africa-press.net\/benin\/toutes-les-actualites\/benin-un-homme-condamne-a-20-ans-de-prison-pour-coups-mortels-25-ans-apres-les-faits\" \/>\n<meta property=\"og:site_name\" content=\"B\u00e9nin\" \/>\n<meta property=\"article:published_time\" content=\"2022-07-29T21:28:12+00:00\" \/>\n<meta property=\"article:modified_time\" content=\"2022-07-29T21:47:16+00:00\" \/>\n<meta property=\"og:image\" content=\"https:\/\/static.africa-press.net\/benin\/sites\/46\/2022\/07\/postQueueImg_20-62e4554fd1ed4.jpg\" \/>\n\t<meta property=\"og:image:width\" content=\"1500\" \/>\n\t<meta property=\"og:image:height\" content=\"845\" \/>\n\t<meta property=\"og:image:type\" content=\"image\/jpeg\" \/>\n<meta name=\"author\" content=\"cfeditorfr\" \/>\n<meta name=\"twitter:card\" content=\"summary_large_image\" \/>\n<meta name=\"twitter:label1\" content=\"\u00c9crit par\" \/>\n\t<meta name=\"twitter:data1\" content=\"cfeditorfr\" \/>\n\t<meta name=\"twitter:label2\" content=\"Dur\u00e9e de lecture estim\u00e9e\" \/>\n\t<meta name=\"twitter:data2\" content=\"3 minutes\" \/>\n<script type=\"application\/ld+json\" class=\"yoast-schema-graph\">{\"@context\":\"https:\/\/schema.org\",\"@graph\":[{\"@type\":\"Article\",\"@id\":\"https:\/\/www.africa-press.net\/benin\/toutes-les-actualites\/benin-un-homme-condamne-a-20-ans-de-prison-pour-coups-mortels-25-ans-apres-les-faits#article\",\"isPartOf\":{\"@id\":\"https:\/\/www.africa-press.net\/benin\/toutes-les-actualites\/benin-un-homme-condamne-a-20-ans-de-prison-pour-coups-mortels-25-ans-apres-les-faits\"},\"author\":{\"name\":\"cfeditorfr\",\"@id\":\"https:\/\/www.africa-press.net\/benin\/#\/schema\/person\/2b1cf3cd81a31e3cd26889ca66d677f1\"},\"headline\":\"B\u00e9nin: un homme condamn\u00e9 \u00e0 20 ans de prison pour coups mortels, 25 ans apr\u00e8s les faits\",\"datePublished\":\"2022-07-29T21:28:12+00:00\",\"dateModified\":\"2022-07-29T21:47:16+00:00\",\"mainEntityOfPage\":{\"@id\":\"https:\/\/www.africa-press.net\/benin\/toutes-les-actualites\/benin-un-homme-condamne-a-20-ans-de-prison-pour-coups-mortels-25-ans-apres-les-faits\"},\"wordCount\":472,\"commentCount\":0,\"image\":{\"@id\":\"https:\/\/www.africa-press.net\/benin\/toutes-les-actualites\/benin-un-homme-condamne-a-20-ans-de-prison-pour-coups-mortels-25-ans-apres-les-faits#primaryimage\"},\"thumbnailUrl\":\"https:\/\/static.africa-press.net\/benin\/sites\/46\/2022\/07\/postQueueImg_20-62e4554fd1ed4.jpg\",\"keywords\":[\"Africa Press\",\"Africa Press-Benin\",\"B\u00e9nin\"],\"articleSection\":[\"Communaut\u00e9\",\"homepage-french\",\"Toutes les actualit\u00e9s\"],\"inLanguage\":\"fr-FR\",\"potentialAction\":[{\"@type\":\"CommentAction\",\"name\":\"Comment\",\"target\":[\"https:\/\/www.africa-press.net\/benin\/toutes-les-actualites\/benin-un-homme-condamne-a-20-ans-de-prison-pour-coups-mortels-25-ans-apres-les-faits#respond\"]}]},{\"@type\":\"WebPage\",\"@id\":\"https:\/\/www.africa-press.net\/benin\/toutes-les-actualites\/benin-un-homme-condamne-a-20-ans-de-prison-pour-coups-mortels-25-ans-apres-les-faits\",\"url\":\"https:\/\/www.africa-press.net\/benin\/toutes-les-actualites\/benin-un-homme-condamne-a-20-ans-de-prison-pour-coups-mortels-25-ans-apres-les-faits\",\"name\":\"B\u00e9nin: un homme condamn\u00e9 \u00e0 20 ans de prison pour coups mortels, 25 ans apr\u00e8s les faits - B\u00e9nin\",\"isPartOf\":{\"@id\":\"https:\/\/www.africa-press.net\/benin\/#website\"},\"primaryImageOfPage\":{\"@id\":\"https:\/\/www.africa-press.net\/benin\/toutes-les-actualites\/benin-un-homme-condamne-a-20-ans-de-prison-pour-coups-mortels-25-ans-apres-les-faits#primaryimage\"},\"image\":{\"@id\":\"https:\/\/www.africa-press.net\/benin\/toutes-les-actualites\/benin-un-homme-condamne-a-20-ans-de-prison-pour-coups-mortels-25-ans-apres-les-faits#primaryimage\"},\"thumbnailUrl\":\"https:\/\/static.africa-press.net\/benin\/sites\/46\/2022\/07\/postQueueImg_20-62e4554fd1ed4.jpg\",\"datePublished\":\"2022-07-29T21:28:12+00:00\",\"dateModified\":\"2022-07-29T21:47:16+00:00\",\"author\":{\"@id\":\"https:\/\/www.africa-press.net\/benin\/#\/schema\/person\/2b1cf3cd81a31e3cd26889ca66d677f1\"},\"description\":\"Daniel T., apprenti m\u00e9canicien au moment des faits a \u00e9cop\u00e9 ce jeudi 27 juillet 2022 au tribunal de Cotonou d\u2019une peine d ...\",\"breadcrumb\":{\"@id\":\"https:\/\/www.africa-press.net\/benin\/toutes-les-actualites\/benin-un-homme-condamne-a-20-ans-de-prison-pour-coups-mortels-25-ans-apres-les-faits#breadcrumb\"},\"inLanguage\":\"fr-FR\",\"potentialAction\":[{\"@type\":\"ReadAction\",\"target\":[\"https:\/\/www.africa-press.net\/benin\/toutes-les-actualites\/benin-un-homme-condamne-a-20-ans-de-prison-pour-coups-mortels-25-ans-apres-les-faits\"]}]},{\"@type\":\"ImageObject\",\"inLanguage\":\"fr-FR\",\"@id\":\"https:\/\/www.africa-press.net\/benin\/toutes-les-actualites\/benin-un-homme-condamne-a-20-ans-de-prison-pour-coups-mortels-25-ans-apres-les-faits#primaryimage\",\"url\":\"https:\/\/static.africa-press.net\/benin\/sites\/46\/2022\/07\/postQueueImg_20-62e4554fd1ed4.jpg\",\"contentUrl\":\"https:\/\/static.africa-press.net\/benin\/sites\/46\/2022\/07\/postQueueImg_20-62e4554fd1ed4.jpg\",\"width\":1500,\"height\":845,\"caption\":\"B\u00e9nin: un homme condamn\u00e9 \u00e0 20 ans de prison pour coups mortels, 25 ans apr\u00e8s les faits\"},{\"@type\":\"BreadcrumbList\",\"@id\":\"https:\/\/www.africa-press.net\/benin\/toutes-les-actualites\/benin-un-homme-condamne-a-20-ans-de-prison-pour-coups-mortels-25-ans-apres-les-faits#breadcrumb\",\"itemListElement\":[{\"@type\":\"ListItem\",\"position\":1,\"name\":\"Accueil\",\"item\":\"https:\/\/www.africa-press.net\/benin\/\"},{\"@type\":\"ListItem\",\"position\":2,\"name\":\"B\u00e9nin: un homme condamn\u00e9 \u00e0 20 ans de prison pour coups mortels, 25 ans apr\u00e8s les faits\"}]},{\"@type\":\"WebSite\",\"@id\":\"https:\/\/www.africa-press.net\/benin\/#website\",\"url\":\"https:\/\/www.africa-press.net\/benin\/\",\"name\":\"B\u00e9nin\",\"description\":\"Just another Africa News Agency Sites site\",\"potentialAction\":[{\"@type\":\"SearchAction\",\"target\":{\"@type\":\"EntryPoint\",\"urlTemplate\":\"https:\/\/www.africa-press.net\/benin\/?s={search_term_string}\"},\"query-input\":{\"@type\":\"PropertyValueSpecification\",\"valueRequired\":true,\"valueName\":\"search_term_string\"}}],\"inLanguage\":\"fr-FR\"},{\"@type\":\"Person\",\"@id\":\"https:\/\/www.africa-press.net\/benin\/#\/schema\/person\/2b1cf3cd81a31e3cd26889ca66d677f1\",\"name\":\"cfeditorfr\"}]}<\/script>\n<!-- \/ Yoast SEO Premium plugin. -->","yoast_head_json":{"title":"B\u00e9nin: un homme condamn\u00e9 \u00e0 20 ans de prison pour coups mortels, 25 ans apr\u00e8s les faits - B\u00e9nin","description":"Daniel T., apprenti m\u00e9canicien au moment des faits a \u00e9cop\u00e9 ce jeudi 27 juillet 2022 au tribunal de Cotonou d\u2019une peine d ...","robots":{"index":"index","follow":"follow","max-snippet":"max-snippet:-1","max-image-preview":"max-image-preview:large","max-video-preview":"max-video-preview:-1"},"canonical":"https:\/\/www.africa-press.net\/benin\/toutes-les-actualites\/benin-un-homme-condamne-a-20-ans-de-prison-pour-coups-mortels-25-ans-apres-les-faits","og_locale":"fr_FR","og_type":"article","og_title":"B\u00e9nin: un homme condamn\u00e9 \u00e0 20 ans de prison pour coups mortels, 25 ans apr\u00e8s les faits","og_description":"Daniel T., apprenti m\u00e9canicien au moment des faits a \u00e9cop\u00e9 ce jeudi 27 juillet 2022 au tribunal de Cotonou d\u2019une peine d ...","og_url":"https:\/\/www.africa-press.net\/benin\/toutes-les-actualites\/benin-un-homme-condamne-a-20-ans-de-prison-pour-coups-mortels-25-ans-apres-les-faits","og_site_name":"B\u00e9nin","article_published_time":"2022-07-29T21:28:12+00:00","article_modified_time":"2022-07-29T21:47:16+00:00","og_image":[{"width":1500,"height":845,"url":"https:\/\/static.africa-press.net\/benin\/sites\/46\/2022\/07\/postQueueImg_20-62e4554fd1ed4.jpg","type":"image\/jpeg"}],"author":"cfeditorfr","twitter_card":"summary_large_image","twitter_misc":{"\u00c9crit par":"cfeditorfr","Dur\u00e9e de lecture estim\u00e9e":"3 minutes"},"schema":{"@context":"https:\/\/schema.org","@graph":[{"@type":"Article","@id":"https:\/\/www.africa-press.net\/benin\/toutes-les-actualites\/benin-un-homme-condamne-a-20-ans-de-prison-pour-coups-mortels-25-ans-apres-les-faits#article","isPartOf":{"@id":"https:\/\/www.africa-press.net\/benin\/toutes-les-actualites\/benin-un-homme-condamne-a-20-ans-de-prison-pour-coups-mortels-25-ans-apres-les-faits"},"author":{"name":"cfeditorfr","@id":"https:\/\/www.africa-press.net\/benin\/#\/schema\/person\/2b1cf3cd81a31e3cd26889ca66d677f1"},"headline":"B\u00e9nin: un homme condamn\u00e9 \u00e0 20 ans de prison pour coups mortels, 25 ans apr\u00e8s les faits","datePublished":"2022-07-29T21:28:12+00:00","dateModified":"2022-07-29T21:47:16+00:00","mainEntityOfPage":{"@id":"https:\/\/www.africa-press.net\/benin\/toutes-les-actualites\/benin-un-homme-condamne-a-20-ans-de-prison-pour-coups-mortels-25-ans-apres-les-faits"},"wordCount":472,"commentCount":0,"image":{"@id":"https:\/\/www.africa-press.net\/benin\/toutes-les-actualites\/benin-un-homme-condamne-a-20-ans-de-prison-pour-coups-mortels-25-ans-apres-les-faits#primaryimage"},"thumbnailUrl":"https:\/\/static.africa-press.net\/benin\/sites\/46\/2022\/07\/postQueueImg_20-62e4554fd1ed4.jpg","keywords":["Africa Press","Africa Press-Benin","B\u00e9nin"],"articleSection":["Communaut\u00e9","homepage-french","Toutes les actualit\u00e9s"],"inLanguage":"fr-FR","potentialAction":[{"@type":"CommentAction","name":"Comment","target":["https:\/\/www.africa-press.net\/benin\/toutes-les-actualites\/benin-un-homme-condamne-a-20-ans-de-prison-pour-coups-mortels-25-ans-apres-les-faits#respond"]}]},{"@type":"WebPage","@id":"https:\/\/www.africa-press.net\/benin\/toutes-les-actualites\/benin-un-homme-condamne-a-20-ans-de-prison-pour-coups-mortels-25-ans-apres-les-faits","url":"https:\/\/www.africa-press.net\/benin\/toutes-les-actualites\/benin-un-homme-condamne-a-20-ans-de-prison-pour-coups-mortels-25-ans-apres-les-faits","name":"B\u00e9nin: un homme condamn\u00e9 \u00e0 20 ans de prison pour coups mortels, 25 ans apr\u00e8s les faits - B\u00e9nin","isPartOf":{"@id":"https:\/\/www.africa-press.net\/benin\/#website"},"primaryImageOfPage":{"@id":"https:\/\/www.africa-press.net\/benin\/toutes-les-actualites\/benin-un-homme-condamne-a-20-ans-de-prison-pour-coups-mortels-25-ans-apres-les-faits#primaryimage"},"image":{"@id":"https:\/\/www.africa-press.net\/benin\/toutes-les-actualites\/benin-un-homme-condamne-a-20-ans-de-prison-pour-coups-mortels-25-ans-apres-les-faits#primaryimage"},"thumbnailUrl":"https:\/\/static.africa-press.net\/benin\/sites\/46\/2022\/07\/postQueueImg_20-62e4554fd1ed4.jpg","datePublished":"2022-07-29T21:28:12+00:00","dateModified":"2022-07-29T21:47:16+00:00","author":{"@id":"https:\/\/www.africa-press.net\/benin\/#\/schema\/person\/2b1cf3cd81a31e3cd26889ca66d677f1"},"description":"Daniel T., apprenti m\u00e9canicien au moment des faits a \u00e9cop\u00e9 ce jeudi 27 juillet 2022 au tribunal de Cotonou d\u2019une peine d ...","breadcrumb":{"@id":"https:\/\/www.africa-press.net\/benin\/toutes-les-actualites\/benin-un-homme-condamne-a-20-ans-de-prison-pour-coups-mortels-25-ans-apres-les-faits#breadcrumb"},"inLanguage":"fr-FR","potentialAction":[{"@type":"ReadAction","target":["https:\/\/www.africa-press.net\/benin\/toutes-les-actualites\/benin-un-homme-condamne-a-20-ans-de-prison-pour-coups-mortels-25-ans-apres-les-faits"]}]},{"@type":"ImageObject","inLanguage":"fr-FR","@id":"https:\/\/www.africa-press.net\/benin\/toutes-les-actualites\/benin-un-homme-condamne-a-20-ans-de-prison-pour-coups-mortels-25-ans-apres-les-faits#primaryimage","url":"https:\/\/static.africa-press.net\/benin\/sites\/46\/2022\/07\/postQueueImg_20-62e4554fd1ed4.jpg","contentUrl":"https:\/\/static.africa-press.net\/benin\/sites\/46\/2022\/07\/postQueueImg_20-62e4554fd1ed4.jpg","width":1500,"height":845,"caption":"B\u00e9nin: un homme condamn\u00e9 \u00e0 20 ans de prison pour coups mortels, 25 ans apr\u00e8s les faits"},{"@type":"BreadcrumbList","@id":"https:\/\/www.africa-press.net\/benin\/toutes-les-actualites\/benin-un-homme-condamne-a-20-ans-de-prison-pour-coups-mortels-25-ans-apres-les-faits#breadcrumb","itemListElement":[{"@type":"ListItem","position":1,"name":"Accueil","item":"https:\/\/www.africa-press.net\/benin\/"},{"@type":"ListItem","position":2,"name":"B\u00e9nin: un homme condamn\u00e9 \u00e0 20 ans de prison pour coups mortels, 25 ans apr\u00e8s les faits"}]},{"@type":"WebSite","@id":"https:\/\/www.africa-press.net\/benin\/#website","url":"https:\/\/www.africa-press.net\/benin\/","name":"B\u00e9nin","description":"Just another Africa News Agency Sites site","potentialAction":[{"@type":"SearchAction","target":{"@type":"EntryPoint","urlTemplate":"https:\/\/www.africa-press.net\/benin\/?s={search_term_string}"},"query-input":{"@type":"PropertyValueSpecification","valueRequired":true,"valueName":"search_term_string"}}],"inLanguage":"fr-FR"},{"@type":"Person","@id":"https:\/\/www.africa-press.net\/benin\/#\/schema\/person\/2b1cf3cd81a31e3cd26889ca66d677f1","name":"cfeditorfr"}]}},"_links":{"self":[{"href":"https:\/\/www.africa-press.net\/benin\/wp-json\/wp\/v2\/posts\/7369","targetHints":{"allow":["GET"]}}],"collection":[{"href":"https:\/\/www.africa-press.net\/benin\/wp-json\/wp\/v2\/posts"}],"about":[{"href":"https:\/\/www.africa-press.net\/benin\/wp-json\/wp\/v2\/types\/post"}],"author":[{"embeddable":true,"href":"https:\/\/www.africa-press.net\/benin\/wp-json\/wp\/v2\/users\/82"}],"replies":[{"embeddable":true,"href":"https:\/\/www.africa-press.net\/benin\/wp-json\/wp\/v2\/comments?post=7369"}],"version-history":[{"count":0,"href":"https:\/\/www.africa-press.net\/benin\/wp-json\/wp\/v2\/posts\/7369\/revisions"}],"wp:featuredmedia":[{"embeddable":true,"href":"https:\/\/www.africa-press.net\/benin\/wp-json\/wp\/v2\/media\/7368"}],"wp:attachment":[{"href":"https:\/\/www.africa-press.net\/benin\/wp-json\/wp\/v2\/media?parent=7369"}],"wp:term":[{"taxonomy":"category","embeddable":true,"href":"https:\/\/www.africa-press.net\/benin\/wp-json\/wp\/v2\/categories?post=7369"},{"taxonomy":"post_tag","embeddable":true,"href":"https:\/\/www.africa-press.net\/benin\/wp-json\/wp\/v2\/tags?post=7369"}],"curies":[{"name":"wp","href":"https:\/\/api.w.org\/{rel}","templated":true}]}}