{"id":7372,"date":"2022-07-29T21:28:18","date_gmt":"2022-07-29T21:28:18","guid":{"rendered":"https:\/\/www.africa-press.net\/benin\/politique\/benin-le-defile-du-1er-aout-2022-en-04-phases"},"modified":"2022-07-29T21:47:46","modified_gmt":"2022-07-29T21:47:46","slug":"benin-le-defile-du-1er-aout-2022-en-04-phases","status":"publish","type":"post","link":"https:\/\/www.africa-press.net\/benin\/toutes-les-actualites\/benin-le-defile-du-1er-aout-2022-en-04-phases","title":{"rendered":"B\u00e9nin: le d\u00e9fil\u00e9 du 1er ao\u00fbt 2022 en 04 phases"},"content":{"rendered":"<p><span style=\"color: #ff6600\"><strong>Africa-Press &#8211; Benin. <\/strong><\/span>Le B\u00e9nin s\u2019active pour la c\u00e9l\u00e9bration du 62e anniversaire de son accession \u00e0 la souverainet\u00e9 nationale et internationale. Le traditionnel d\u00e9fil\u00e9 qui marque les festivit\u00e9s de chaque 1er ao\u00fbt, est constitu\u00e9 cette ann\u00e9e de quatre (04) phases.<\/p>\n<p>Le d\u00e9p\u00f4t de gerbe assur\u00e9 par le pr\u00e9sident de la R\u00e9publique Patrice Talon constitue la premi\u00e8re phase du d\u00e9fil\u00e9. Cette c\u00e9r\u00e9monie en honneur aux martyrs, se fera \u00e0 la place \u00ab Jardin de Mathieu \u00bb. Apr\u00e8s cette phase, va s\u2019en suivre celle de la revue des troupes par le chef de l\u2019Etat, chef supr\u00eame de l\u2019arm\u00e9e.<\/p>\n<p>A la suite de ces deux premi\u00e8res phases, on assistera au d\u00e9fil\u00e9 proprement dit. Il se d\u00e9roulera en deux \u00e9tapes, \u00e0 savoir : le d\u00e9fil\u00e9 p\u00e9destre et le d\u00e9fil\u00e9 motoris\u00e9. Selon une source militaire, le retrait du pr\u00e9sident de la R\u00e9publique constitue la derni\u00e8re phase qui marquera la fin des festivit\u00e9s.<\/p>\n<p>Quelques nouveaut\u00e9s\u2026<\/p>\n<p>Le d\u00e9fil\u00e9 de ce 1er aout 2022 sera marqu\u00e9 par la participation de trois pelotons de la garde nationale, dont celui des femmes avec la marche para-commando. Le premier bataillon de transmission sera \u00e9galement de la partie au d\u00e9fil\u00e9 pour la premi\u00e8re fois, sans oublier la section de motocyclistes qui participe \u00e0 l\u2019op\u00e9ration \u00ab Mirador \u00bb.<\/p>\n<p><strong>Pour plus d&rsquo;informations et d&rsquo;analyses sur la <a href=\"https:\/\/www.africa-press.net\/benin\">Benin<\/a>, suivez <a href=\"https:\/\/www.africa-press.net\/\">Africa-Press<\/a><\/strong><\/p>\n","protected":false},"excerpt":{"rendered":"<p>Africa-Press &#8211; Benin. Le B\u00e9nin s\u2019active pour la c\u00e9l\u00e9bration du 62e anniversaire de son accession \u00e0 la souverainet\u00e9 nationale et internationale. Le traditionnel d\u00e9fil\u00e9 qui marque les festivit\u00e9s de chaque 1er ao\u00fbt, est constitu\u00e9 cette ann\u00e9e de quatre (04) phases. Le d\u00e9p\u00f4t de gerbe assur\u00e9 par le pr\u00e9sident de la R\u00e9publique Patrice Talon constitue la [&hellip;]<\/p>\n","protected":false},"author":82,"featured_media":7371,"comment_status":"open","ping_status":"closed","sticky":false,"template":"","format":"standard","meta":{"footnotes":""},"categories":[21,11,10],"tags":[36,50,45],"class_list":["post-7372","post","type-post","status-publish","format-standard","has-post-thumbnail","hentry","category-communaute","category-homepage-french","category-toutes-les-actualites","tag-africa-press","tag-africa-press-benin","tag-benin"],"yoast_head":"<!-- This site is optimized with the Yoast SEO Premium plugin v26.1 (Yoast SEO v27.0) - https:\/\/yoast.com\/product\/yoast-seo-premium-wordpress\/ -->\n<title>B\u00e9nin: le d\u00e9fil\u00e9 du 1er ao\u00fbt 2022 en 04 phases - B\u00e9nin<\/title>\n<meta name=\"description\" content=\"Le B\u00e9nin s\u2019active pour la c\u00e9l\u00e9bration du 62e anniversaire de son accession \u00e0 la souverainet\u00e9 nationale et internationale ...\" \/>\n<meta name=\"robots\" content=\"index, follow, max-snippet:-1, max-image-preview:large, max-video-preview:-1\" \/>\n<link rel=\"canonical\" href=\"https:\/\/www.africa-press.net\/benin\/toutes-les-actualites\/benin-le-defile-du-1er-aout-2022-en-04-phases\" \/>\n<meta property=\"og:locale\" content=\"fr_FR\" \/>\n<meta property=\"og:type\" content=\"article\" \/>\n<meta property=\"og:title\" content=\"B\u00e9nin: le d\u00e9fil\u00e9 du 1er ao\u00fbt 2022 en 04 phases\" \/>\n<meta property=\"og:description\" content=\"Le B\u00e9nin s\u2019active pour la c\u00e9l\u00e9bration du 62e anniversaire de son accession \u00e0 la souverainet\u00e9 nationale et internationale ...\" \/>\n<meta property=\"og:url\" content=\"https:\/\/www.africa-press.net\/benin\/toutes-les-actualites\/benin-le-defile-du-1er-aout-2022-en-04-phases\" \/>\n<meta property=\"og:site_name\" content=\"B\u00e9nin\" \/>\n<meta property=\"article:published_time\" content=\"2022-07-29T21:28:18+00:00\" \/>\n<meta property=\"article:modified_time\" content=\"2022-07-29T21:47:46+00:00\" \/>\n<meta property=\"og:image\" content=\"https:\/\/static.africa-press.net\/benin\/sites\/46\/2022\/07\/postQueueImg_21-62e4556ab7ab0.jpg\" \/>\n\t<meta property=\"og:image:width\" content=\"1280\" \/>\n\t<meta property=\"og:image:height\" content=\"720\" \/>\n\t<meta property=\"og:image:type\" content=\"image\/jpeg\" \/>\n<meta name=\"author\" content=\"cfeditorfr\" \/>\n<meta name=\"twitter:card\" content=\"summary_large_image\" \/>\n<meta name=\"twitter:label1\" content=\"\u00c9crit par\" \/>\n\t<meta name=\"twitter:data1\" content=\"cfeditorfr\" \/>\n\t<meta name=\"twitter:label2\" content=\"Dur\u00e9e de lecture estim\u00e9e\" \/>\n\t<meta name=\"twitter:data2\" content=\"2 minutes\" \/>\n<script type=\"application\/ld+json\" class=\"yoast-schema-graph\">{\"@context\":\"https:\/\/schema.org\",\"@graph\":[{\"@type\":\"Article\",\"@id\":\"https:\/\/www.africa-press.net\/benin\/toutes-les-actualites\/benin-le-defile-du-1er-aout-2022-en-04-phases#article\",\"isPartOf\":{\"@id\":\"https:\/\/www.africa-press.net\/benin\/toutes-les-actualites\/benin-le-defile-du-1er-aout-2022-en-04-phases\"},\"author\":{\"name\":\"cfeditorfr\",\"@id\":\"https:\/\/www.africa-press.net\/benin\/#\/schema\/person\/2b1cf3cd81a31e3cd26889ca66d677f1\"},\"headline\":\"B\u00e9nin: le d\u00e9fil\u00e9 du 1er ao\u00fbt 2022 en 04 phases\",\"datePublished\":\"2022-07-29T21:28:18+00:00\",\"dateModified\":\"2022-07-29T21:47:46+00:00\",\"mainEntityOfPage\":{\"@id\":\"https:\/\/www.africa-press.net\/benin\/toutes-les-actualites\/benin-le-defile-du-1er-aout-2022-en-04-phases\"},\"wordCount\":255,\"commentCount\":0,\"image\":{\"@id\":\"https:\/\/www.africa-press.net\/benin\/toutes-les-actualites\/benin-le-defile-du-1er-aout-2022-en-04-phases#primaryimage\"},\"thumbnailUrl\":\"https:\/\/static.africa-press.net\/benin\/sites\/46\/2022\/07\/postQueueImg_21-62e4556ab7ab0.jpg\",\"keywords\":[\"Africa Press\",\"Africa Press-Benin\",\"B\u00e9nin\"],\"articleSection\":[\"Communaut\u00e9\",\"homepage-french\",\"Toutes les actualit\u00e9s\"],\"inLanguage\":\"fr-FR\",\"potentialAction\":[{\"@type\":\"CommentAction\",\"name\":\"Comment\",\"target\":[\"https:\/\/www.africa-press.net\/benin\/toutes-les-actualites\/benin-le-defile-du-1er-aout-2022-en-04-phases#respond\"]}]},{\"@type\":\"WebPage\",\"@id\":\"https:\/\/www.africa-press.net\/benin\/toutes-les-actualites\/benin-le-defile-du-1er-aout-2022-en-04-phases\",\"url\":\"https:\/\/www.africa-press.net\/benin\/toutes-les-actualites\/benin-le-defile-du-1er-aout-2022-en-04-phases\",\"name\":\"B\u00e9nin: le d\u00e9fil\u00e9 du 1er ao\u00fbt 2022 en 04 phases - B\u00e9nin\",\"isPartOf\":{\"@id\":\"https:\/\/www.africa-press.net\/benin\/#website\"},\"primaryImageOfPage\":{\"@id\":\"https:\/\/www.africa-press.net\/benin\/toutes-les-actualites\/benin-le-defile-du-1er-aout-2022-en-04-phases#primaryimage\"},\"image\":{\"@id\":\"https:\/\/www.africa-press.net\/benin\/toutes-les-actualites\/benin-le-defile-du-1er-aout-2022-en-04-phases#primaryimage\"},\"thumbnailUrl\":\"https:\/\/static.africa-press.net\/benin\/sites\/46\/2022\/07\/postQueueImg_21-62e4556ab7ab0.jpg\",\"datePublished\":\"2022-07-29T21:28:18+00:00\",\"dateModified\":\"2022-07-29T21:47:46+00:00\",\"author\":{\"@id\":\"https:\/\/www.africa-press.net\/benin\/#\/schema\/person\/2b1cf3cd81a31e3cd26889ca66d677f1\"},\"description\":\"Le B\u00e9nin s\u2019active pour la c\u00e9l\u00e9bration du 62e anniversaire de son accession \u00e0 la souverainet\u00e9 nationale et internationale ...\",\"breadcrumb\":{\"@id\":\"https:\/\/www.africa-press.net\/benin\/toutes-les-actualites\/benin-le-defile-du-1er-aout-2022-en-04-phases#breadcrumb\"},\"inLanguage\":\"fr-FR\",\"potentialAction\":[{\"@type\":\"ReadAction\",\"target\":[\"https:\/\/www.africa-press.net\/benin\/toutes-les-actualites\/benin-le-defile-du-1er-aout-2022-en-04-phases\"]}]},{\"@type\":\"ImageObject\",\"inLanguage\":\"fr-FR\",\"@id\":\"https:\/\/www.africa-press.net\/benin\/toutes-les-actualites\/benin-le-defile-du-1er-aout-2022-en-04-phases#primaryimage\",\"url\":\"https:\/\/static.africa-press.net\/benin\/sites\/46\/2022\/07\/postQueueImg_21-62e4556ab7ab0.jpg\",\"contentUrl\":\"https:\/\/static.africa-press.net\/benin\/sites\/46\/2022\/07\/postQueueImg_21-62e4556ab7ab0.jpg\",\"width\":1280,\"height\":720,\"caption\":\"B\u00e9nin: le d\u00e9fil\u00e9 du 1er ao\u00fbt 2022 en 04 phases\"},{\"@type\":\"BreadcrumbList\",\"@id\":\"https:\/\/www.africa-press.net\/benin\/toutes-les-actualites\/benin-le-defile-du-1er-aout-2022-en-04-phases#breadcrumb\",\"itemListElement\":[{\"@type\":\"ListItem\",\"position\":1,\"name\":\"Accueil\",\"item\":\"https:\/\/www.africa-press.net\/benin\/\"},{\"@type\":\"ListItem\",\"position\":2,\"name\":\"B\u00e9nin: le d\u00e9fil\u00e9 du 1er ao\u00fbt 2022 en 04 phases\"}]},{\"@type\":\"WebSite\",\"@id\":\"https:\/\/www.africa-press.net\/benin\/#website\",\"url\":\"https:\/\/www.africa-press.net\/benin\/\",\"name\":\"B\u00e9nin\",\"description\":\"Just another Africa News Agency Sites site\",\"potentialAction\":[{\"@type\":\"SearchAction\",\"target\":{\"@type\":\"EntryPoint\",\"urlTemplate\":\"https:\/\/www.africa-press.net\/benin\/?s={search_term_string}\"},\"query-input\":{\"@type\":\"PropertyValueSpecification\",\"valueRequired\":true,\"valueName\":\"search_term_string\"}}],\"inLanguage\":\"fr-FR\"},{\"@type\":\"Person\",\"@id\":\"https:\/\/www.africa-press.net\/benin\/#\/schema\/person\/2b1cf3cd81a31e3cd26889ca66d677f1\",\"name\":\"cfeditorfr\"}]}<\/script>\n<!-- \/ Yoast SEO Premium plugin. -->","yoast_head_json":{"title":"B\u00e9nin: le d\u00e9fil\u00e9 du 1er ao\u00fbt 2022 en 04 phases - B\u00e9nin","description":"Le B\u00e9nin s\u2019active pour la c\u00e9l\u00e9bration du 62e anniversaire de son accession \u00e0 la souverainet\u00e9 nationale et internationale ...","robots":{"index":"index","follow":"follow","max-snippet":"max-snippet:-1","max-image-preview":"max-image-preview:large","max-video-preview":"max-video-preview:-1"},"canonical":"https:\/\/www.africa-press.net\/benin\/toutes-les-actualites\/benin-le-defile-du-1er-aout-2022-en-04-phases","og_locale":"fr_FR","og_type":"article","og_title":"B\u00e9nin: le d\u00e9fil\u00e9 du 1er ao\u00fbt 2022 en 04 phases","og_description":"Le B\u00e9nin s\u2019active pour la c\u00e9l\u00e9bration du 62e anniversaire de son accession \u00e0 la souverainet\u00e9 nationale et internationale ...","og_url":"https:\/\/www.africa-press.net\/benin\/toutes-les-actualites\/benin-le-defile-du-1er-aout-2022-en-04-phases","og_site_name":"B\u00e9nin","article_published_time":"2022-07-29T21:28:18+00:00","article_modified_time":"2022-07-29T21:47:46+00:00","og_image":[{"width":1280,"height":720,"url":"https:\/\/static.africa-press.net\/benin\/sites\/46\/2022\/07\/postQueueImg_21-62e4556ab7ab0.jpg","type":"image\/jpeg"}],"author":"cfeditorfr","twitter_card":"summary_large_image","twitter_misc":{"\u00c9crit par":"cfeditorfr","Dur\u00e9e de lecture estim\u00e9e":"2 minutes"},"schema":{"@context":"https:\/\/schema.org","@graph":[{"@type":"Article","@id":"https:\/\/www.africa-press.net\/benin\/toutes-les-actualites\/benin-le-defile-du-1er-aout-2022-en-04-phases#article","isPartOf":{"@id":"https:\/\/www.africa-press.net\/benin\/toutes-les-actualites\/benin-le-defile-du-1er-aout-2022-en-04-phases"},"author":{"name":"cfeditorfr","@id":"https:\/\/www.africa-press.net\/benin\/#\/schema\/person\/2b1cf3cd81a31e3cd26889ca66d677f1"},"headline":"B\u00e9nin: le d\u00e9fil\u00e9 du 1er ao\u00fbt 2022 en 04 phases","datePublished":"2022-07-29T21:28:18+00:00","dateModified":"2022-07-29T21:47:46+00:00","mainEntityOfPage":{"@id":"https:\/\/www.africa-press.net\/benin\/toutes-les-actualites\/benin-le-defile-du-1er-aout-2022-en-04-phases"},"wordCount":255,"commentCount":0,"image":{"@id":"https:\/\/www.africa-press.net\/benin\/toutes-les-actualites\/benin-le-defile-du-1er-aout-2022-en-04-phases#primaryimage"},"thumbnailUrl":"https:\/\/static.africa-press.net\/benin\/sites\/46\/2022\/07\/postQueueImg_21-62e4556ab7ab0.jpg","keywords":["Africa Press","Africa Press-Benin","B\u00e9nin"],"articleSection":["Communaut\u00e9","homepage-french","Toutes les actualit\u00e9s"],"inLanguage":"fr-FR","potentialAction":[{"@type":"CommentAction","name":"Comment","target":["https:\/\/www.africa-press.net\/benin\/toutes-les-actualites\/benin-le-defile-du-1er-aout-2022-en-04-phases#respond"]}]},{"@type":"WebPage","@id":"https:\/\/www.africa-press.net\/benin\/toutes-les-actualites\/benin-le-defile-du-1er-aout-2022-en-04-phases","url":"https:\/\/www.africa-press.net\/benin\/toutes-les-actualites\/benin-le-defile-du-1er-aout-2022-en-04-phases","name":"B\u00e9nin: le d\u00e9fil\u00e9 du 1er ao\u00fbt 2022 en 04 phases - B\u00e9nin","isPartOf":{"@id":"https:\/\/www.africa-press.net\/benin\/#website"},"primaryImageOfPage":{"@id":"https:\/\/www.africa-press.net\/benin\/toutes-les-actualites\/benin-le-defile-du-1er-aout-2022-en-04-phases#primaryimage"},"image":{"@id":"https:\/\/www.africa-press.net\/benin\/toutes-les-actualites\/benin-le-defile-du-1er-aout-2022-en-04-phases#primaryimage"},"thumbnailUrl":"https:\/\/static.africa-press.net\/benin\/sites\/46\/2022\/07\/postQueueImg_21-62e4556ab7ab0.jpg","datePublished":"2022-07-29T21:28:18+00:00","dateModified":"2022-07-29T21:47:46+00:00","author":{"@id":"https:\/\/www.africa-press.net\/benin\/#\/schema\/person\/2b1cf3cd81a31e3cd26889ca66d677f1"},"description":"Le B\u00e9nin s\u2019active pour la c\u00e9l\u00e9bration du 62e anniversaire de son accession \u00e0 la souverainet\u00e9 nationale et internationale ...","breadcrumb":{"@id":"https:\/\/www.africa-press.net\/benin\/toutes-les-actualites\/benin-le-defile-du-1er-aout-2022-en-04-phases#breadcrumb"},"inLanguage":"fr-FR","potentialAction":[{"@type":"ReadAction","target":["https:\/\/www.africa-press.net\/benin\/toutes-les-actualites\/benin-le-defile-du-1er-aout-2022-en-04-phases"]}]},{"@type":"ImageObject","inLanguage":"fr-FR","@id":"https:\/\/www.africa-press.net\/benin\/toutes-les-actualites\/benin-le-defile-du-1er-aout-2022-en-04-phases#primaryimage","url":"https:\/\/static.africa-press.net\/benin\/sites\/46\/2022\/07\/postQueueImg_21-62e4556ab7ab0.jpg","contentUrl":"https:\/\/static.africa-press.net\/benin\/sites\/46\/2022\/07\/postQueueImg_21-62e4556ab7ab0.jpg","width":1280,"height":720,"caption":"B\u00e9nin: le d\u00e9fil\u00e9 du 1er ao\u00fbt 2022 en 04 phases"},{"@type":"BreadcrumbList","@id":"https:\/\/www.africa-press.net\/benin\/toutes-les-actualites\/benin-le-defile-du-1er-aout-2022-en-04-phases#breadcrumb","itemListElement":[{"@type":"ListItem","position":1,"name":"Accueil","item":"https:\/\/www.africa-press.net\/benin\/"},{"@type":"ListItem","position":2,"name":"B\u00e9nin: le d\u00e9fil\u00e9 du 1er ao\u00fbt 2022 en 04 phases"}]},{"@type":"WebSite","@id":"https:\/\/www.africa-press.net\/benin\/#website","url":"https:\/\/www.africa-press.net\/benin\/","name":"B\u00e9nin","description":"Just another Africa News Agency Sites site","potentialAction":[{"@type":"SearchAction","target":{"@type":"EntryPoint","urlTemplate":"https:\/\/www.africa-press.net\/benin\/?s={search_term_string}"},"query-input":{"@type":"PropertyValueSpecification","valueRequired":true,"valueName":"search_term_string"}}],"inLanguage":"fr-FR"},{"@type":"Person","@id":"https:\/\/www.africa-press.net\/benin\/#\/schema\/person\/2b1cf3cd81a31e3cd26889ca66d677f1","name":"cfeditorfr"}]}},"_links":{"self":[{"href":"https:\/\/www.africa-press.net\/benin\/wp-json\/wp\/v2\/posts\/7372","targetHints":{"allow":["GET"]}}],"collection":[{"href":"https:\/\/www.africa-press.net\/benin\/wp-json\/wp\/v2\/posts"}],"about":[{"href":"https:\/\/www.africa-press.net\/benin\/wp-json\/wp\/v2\/types\/post"}],"author":[{"embeddable":true,"href":"https:\/\/www.africa-press.net\/benin\/wp-json\/wp\/v2\/users\/82"}],"replies":[{"embeddable":true,"href":"https:\/\/www.africa-press.net\/benin\/wp-json\/wp\/v2\/comments?post=7372"}],"version-history":[{"count":0,"href":"https:\/\/www.africa-press.net\/benin\/wp-json\/wp\/v2\/posts\/7372\/revisions"}],"wp:featuredmedia":[{"embeddable":true,"href":"https:\/\/www.africa-press.net\/benin\/wp-json\/wp\/v2\/media\/7371"}],"wp:attachment":[{"href":"https:\/\/www.africa-press.net\/benin\/wp-json\/wp\/v2\/media?parent=7372"}],"wp:term":[{"taxonomy":"category","embeddable":true,"href":"https:\/\/www.africa-press.net\/benin\/wp-json\/wp\/v2\/categories?post=7372"},{"taxonomy":"post_tag","embeddable":true,"href":"https:\/\/www.africa-press.net\/benin\/wp-json\/wp\/v2\/tags?post=7372"}],"curies":[{"name":"wp","href":"https:\/\/api.w.org\/{rel}","templated":true}]}}