{"id":7375,"date":"2022-07-29T21:28:25","date_gmt":"2022-07-29T21:28:25","guid":{"rendered":"https:\/\/www.africa-press.net\/benin\/politique\/benin-les-artisans-du-cpa-reloges-en-septembre-prochain"},"modified":"2022-07-29T21:48:30","modified_gmt":"2022-07-29T21:48:30","slug":"benin-les-artisans-du-cpa-reloges-en-septembre-prochain","status":"publish","type":"post","link":"https:\/\/www.africa-press.net\/benin\/toutes-les-actualites\/benin-les-artisans-du-cpa-reloges-en-septembre-prochain","title":{"rendered":"B\u00e9nin: les artisans du CPA relog\u00e9s en Septembre prochain"},"content":{"rendered":"<p><span style=\"color: #ff6600\"><strong>Africa-Press &#8211; Benin. <\/strong><\/span>Un site est en am\u00e9nagement pour accueillir les artisans du centre de promotion de l\u2019Artisanat. Le ministre du cadre de vie et du d\u00e9veloppement durable, Jos\u00e9 Didier Tonato n\u2019est pas all\u00e9 tr\u00e8s loin pour trouver le site d\u2019accueil qui se trouve \u00e0 Gb\u00e9gamey.<\/p>\n<p>Le centre de promotion de l\u2019artisanat (CPA) de Cotonou sera bient\u00f4t ras\u00e9. Le gouvernement ambitionne d\u2019y construire un village artisanal, une galerie d\u2019art et un p\u00f4le sportif. Pour r\u00e9aliser ce projet, un ultimatum avait \u00e9t\u00e9 donn\u00e9 aux artisans pour lib\u00e9rer les lieux.<\/p>\n<p>Mais dans un \u00e9lan social, le Gouvernement a d\u00e9cid\u00e9 de reloger les occupants actuels du site dont en premier celui du Centre de Promotion de l\u2019Artisanat de Cotonou. Un site a donc \u00e9t\u00e9 d\u00e9nich\u00e9 au quartier Gb\u00e9gamey.<\/p>\n<p>Le ministre du cadre de vie et du d\u00e9veloppement durable, Jos\u00e9e Didier Tonato est descendu ce jeudi 27 Juillet 2022 sur le nouveau site qui va accueillir les artisans du centre de promotion de l\u2019artisanat pour constater le niveau d\u2019avancement des travaux de construction de 226 kiosques pour le relogement des artisans du centre.<\/p>\n<p>Informations sur le niveau site \u2026<\/p>\n<p>De la pr\u00e9sentation faite au ministre Jos\u00e9 Didier Tonato et \u00e0 sa d\u00e9l\u00e9gation par le Directeur g\u00e9n\u00e9ral de la SImAU, Monsieur Achille HOUSSOU, il ressort que le projet d\u2019am\u00e9nagement s\u2019\u00e9tend sur une superficie d\u2019environ 9062.5 m\u00b2 et comporte 226 kiosques r\u00e9partis comme suit :<\/p>\n<p>\u2013 17 modules de 12 kiosques de 6 m\u00b2<\/p>\n<p>\u2013 03 modules de 06 kiosques de 12 m\u00b2<\/p>\n<p>\u2013 01 module de 4 kiosques de 18 m\u00b2<\/p>\n<p>Il est pr\u00e9vu \u00e9galement un parking motos, 3 blocs de toilettes, un second acc\u00e8s au site avec am\u00e9nagement d\u2019une aire de stationnement d\u2019une dizaine de v\u00e9hicules. \u00c0 la date d\u2019aujourd\u2019hui, le taux d\u2019ex\u00e9cution physique des travaux est de 95%.<\/p>\n<p>L\u2019avenir du CPA de Cotonou \u2026<\/p>\n<p>Le centre de promotion de l\u2019artisanat sera bient\u00f4t totalement transform\u00e9. Le gouvernement ambitionne d\u2019y construire un village artisanal, une galerie d\u2019art et un p\u00f4le sportif.<\/p>\n<p>Selon Monsieur F\u00e9lix Chabi, le directeur du centre de promotion de l\u2019artisanat, la m\u00e9tamorphose qui sera apport\u00e9e au centre, ne lui enl\u00e8vera pas totalement sa vocation de promotion de l\u2019artisanat.<\/p>\n<p>En effet, sous les cendres du CPA, du moins de ce qu\u2019il est actuellement, sortira un village artisanal, une galerie d\u2019art et un p\u00f4le sportif \u00e0 travers un projet d\u00e9nomm\u00e9 \u00ab ANAFRICA \u00bb<\/p>\n<p><strong>Pour plus d&rsquo;informations et d&rsquo;analyses sur la <a href=\"https:\/\/www.africa-press.net\/benin\">Benin<\/a>, suivez <a href=\"https:\/\/www.africa-press.net\/\">Africa-Press<\/a><\/strong><\/p>\n","protected":false},"excerpt":{"rendered":"<p>Africa-Press &#8211; Benin. Un site est en am\u00e9nagement pour accueillir les artisans du centre de promotion de l\u2019Artisanat. Le ministre du cadre de vie et du d\u00e9veloppement durable, Jos\u00e9 Didier Tonato n\u2019est pas all\u00e9 tr\u00e8s loin pour trouver le site d\u2019accueil qui se trouve \u00e0 Gb\u00e9gamey. Le centre de promotion de l\u2019artisanat (CPA) de Cotonou [&hellip;]<\/p>\n","protected":false},"author":82,"featured_media":7374,"comment_status":"open","ping_status":"closed","sticky":false,"template":"","format":"standard","meta":{"footnotes":""},"categories":[21,11,10],"tags":[36,50,45],"class_list":["post-7375","post","type-post","status-publish","format-standard","has-post-thumbnail","hentry","category-communaute","category-homepage-french","category-toutes-les-actualites","tag-africa-press","tag-africa-press-benin","tag-benin"],"yoast_head":"<!-- This site is optimized with the Yoast SEO Premium plugin v26.1 (Yoast SEO v27.0) - https:\/\/yoast.com\/product\/yoast-seo-premium-wordpress\/ -->\n<title>B\u00e9nin: les artisans du CPA relog\u00e9s en Septembre prochain - B\u00e9nin<\/title>\n<meta name=\"description\" content=\"Un site est en am\u00e9nagement pour accueillir les artisans du centre de promotion de l\u2019Artisanat. Le ministre du cadre de v ...\" \/>\n<meta name=\"robots\" content=\"index, follow, max-snippet:-1, max-image-preview:large, max-video-preview:-1\" \/>\n<link rel=\"canonical\" href=\"https:\/\/www.africa-press.net\/benin\/toutes-les-actualites\/benin-les-artisans-du-cpa-reloges-en-septembre-prochain\" \/>\n<meta property=\"og:locale\" content=\"fr_FR\" \/>\n<meta property=\"og:type\" content=\"article\" \/>\n<meta property=\"og:title\" content=\"B\u00e9nin: les artisans du CPA relog\u00e9s en Septembre prochain\" \/>\n<meta property=\"og:description\" content=\"Un site est en am\u00e9nagement pour accueillir les artisans du centre de promotion de l\u2019Artisanat. Le ministre du cadre de v ...\" \/>\n<meta property=\"og:url\" content=\"https:\/\/www.africa-press.net\/benin\/toutes-les-actualites\/benin-les-artisans-du-cpa-reloges-en-septembre-prochain\" \/>\n<meta property=\"og:site_name\" content=\"B\u00e9nin\" \/>\n<meta property=\"article:published_time\" content=\"2022-07-29T21:28:25+00:00\" \/>\n<meta property=\"article:modified_time\" content=\"2022-07-29T21:48:30+00:00\" \/>\n<meta property=\"og:image\" content=\"https:\/\/static.africa-press.net\/benin\/sites\/46\/2022\/07\/postQueueImg_22-62e455882a4ca.jpg\" \/>\n\t<meta property=\"og:image:width\" content=\"1200\" \/>\n\t<meta property=\"og:image:height\" content=\"750\" \/>\n\t<meta property=\"og:image:type\" content=\"image\/jpeg\" \/>\n<meta name=\"author\" content=\"cfeditorfr\" \/>\n<meta name=\"twitter:card\" content=\"summary_large_image\" \/>\n<meta name=\"twitter:label1\" content=\"\u00c9crit par\" \/>\n\t<meta name=\"twitter:data1\" content=\"cfeditorfr\" \/>\n\t<meta name=\"twitter:label2\" content=\"Dur\u00e9e de lecture estim\u00e9e\" \/>\n\t<meta name=\"twitter:data2\" content=\"2 minutes\" \/>\n<script type=\"application\/ld+json\" class=\"yoast-schema-graph\">{\"@context\":\"https:\/\/schema.org\",\"@graph\":[{\"@type\":\"Article\",\"@id\":\"https:\/\/www.africa-press.net\/benin\/toutes-les-actualites\/benin-les-artisans-du-cpa-reloges-en-septembre-prochain#article\",\"isPartOf\":{\"@id\":\"https:\/\/www.africa-press.net\/benin\/toutes-les-actualites\/benin-les-artisans-du-cpa-reloges-en-septembre-prochain\"},\"author\":{\"name\":\"cfeditorfr\",\"@id\":\"https:\/\/www.africa-press.net\/benin\/#\/schema\/person\/2b1cf3cd81a31e3cd26889ca66d677f1\"},\"headline\":\"B\u00e9nin: les artisans du CPA relog\u00e9s en Septembre prochain\",\"datePublished\":\"2022-07-29T21:28:25+00:00\",\"dateModified\":\"2022-07-29T21:48:30+00:00\",\"mainEntityOfPage\":{\"@id\":\"https:\/\/www.africa-press.net\/benin\/toutes-les-actualites\/benin-les-artisans-du-cpa-reloges-en-septembre-prochain\"},\"wordCount\":442,\"commentCount\":0,\"image\":{\"@id\":\"https:\/\/www.africa-press.net\/benin\/toutes-les-actualites\/benin-les-artisans-du-cpa-reloges-en-septembre-prochain#primaryimage\"},\"thumbnailUrl\":\"https:\/\/static.africa-press.net\/benin\/sites\/46\/2022\/07\/postQueueImg_22-62e455882a4ca.jpg\",\"keywords\":[\"Africa Press\",\"Africa Press-Benin\",\"B\u00e9nin\"],\"articleSection\":[\"Communaut\u00e9\",\"homepage-french\",\"Toutes les actualit\u00e9s\"],\"inLanguage\":\"fr-FR\",\"potentialAction\":[{\"@type\":\"CommentAction\",\"name\":\"Comment\",\"target\":[\"https:\/\/www.africa-press.net\/benin\/toutes-les-actualites\/benin-les-artisans-du-cpa-reloges-en-septembre-prochain#respond\"]}]},{\"@type\":\"WebPage\",\"@id\":\"https:\/\/www.africa-press.net\/benin\/toutes-les-actualites\/benin-les-artisans-du-cpa-reloges-en-septembre-prochain\",\"url\":\"https:\/\/www.africa-press.net\/benin\/toutes-les-actualites\/benin-les-artisans-du-cpa-reloges-en-septembre-prochain\",\"name\":\"B\u00e9nin: les artisans du CPA relog\u00e9s en Septembre prochain - B\u00e9nin\",\"isPartOf\":{\"@id\":\"https:\/\/www.africa-press.net\/benin\/#website\"},\"primaryImageOfPage\":{\"@id\":\"https:\/\/www.africa-press.net\/benin\/toutes-les-actualites\/benin-les-artisans-du-cpa-reloges-en-septembre-prochain#primaryimage\"},\"image\":{\"@id\":\"https:\/\/www.africa-press.net\/benin\/toutes-les-actualites\/benin-les-artisans-du-cpa-reloges-en-septembre-prochain#primaryimage\"},\"thumbnailUrl\":\"https:\/\/static.africa-press.net\/benin\/sites\/46\/2022\/07\/postQueueImg_22-62e455882a4ca.jpg\",\"datePublished\":\"2022-07-29T21:28:25+00:00\",\"dateModified\":\"2022-07-29T21:48:30+00:00\",\"author\":{\"@id\":\"https:\/\/www.africa-press.net\/benin\/#\/schema\/person\/2b1cf3cd81a31e3cd26889ca66d677f1\"},\"description\":\"Un site est en am\u00e9nagement pour accueillir les artisans du centre de promotion de l\u2019Artisanat. Le ministre du cadre de v ...\",\"breadcrumb\":{\"@id\":\"https:\/\/www.africa-press.net\/benin\/toutes-les-actualites\/benin-les-artisans-du-cpa-reloges-en-septembre-prochain#breadcrumb\"},\"inLanguage\":\"fr-FR\",\"potentialAction\":[{\"@type\":\"ReadAction\",\"target\":[\"https:\/\/www.africa-press.net\/benin\/toutes-les-actualites\/benin-les-artisans-du-cpa-reloges-en-septembre-prochain\"]}]},{\"@type\":\"ImageObject\",\"inLanguage\":\"fr-FR\",\"@id\":\"https:\/\/www.africa-press.net\/benin\/toutes-les-actualites\/benin-les-artisans-du-cpa-reloges-en-septembre-prochain#primaryimage\",\"url\":\"https:\/\/static.africa-press.net\/benin\/sites\/46\/2022\/07\/postQueueImg_22-62e455882a4ca.jpg\",\"contentUrl\":\"https:\/\/static.africa-press.net\/benin\/sites\/46\/2022\/07\/postQueueImg_22-62e455882a4ca.jpg\",\"width\":1200,\"height\":750,\"caption\":\"B\u00e9nin: les artisans du CPA relog\u00e9s en Septembre prochain\"},{\"@type\":\"BreadcrumbList\",\"@id\":\"https:\/\/www.africa-press.net\/benin\/toutes-les-actualites\/benin-les-artisans-du-cpa-reloges-en-septembre-prochain#breadcrumb\",\"itemListElement\":[{\"@type\":\"ListItem\",\"position\":1,\"name\":\"Accueil\",\"item\":\"https:\/\/www.africa-press.net\/benin\/\"},{\"@type\":\"ListItem\",\"position\":2,\"name\":\"B\u00e9nin: les artisans du CPA relog\u00e9s en Septembre prochain\"}]},{\"@type\":\"WebSite\",\"@id\":\"https:\/\/www.africa-press.net\/benin\/#website\",\"url\":\"https:\/\/www.africa-press.net\/benin\/\",\"name\":\"B\u00e9nin\",\"description\":\"Just another Africa News Agency Sites site\",\"potentialAction\":[{\"@type\":\"SearchAction\",\"target\":{\"@type\":\"EntryPoint\",\"urlTemplate\":\"https:\/\/www.africa-press.net\/benin\/?s={search_term_string}\"},\"query-input\":{\"@type\":\"PropertyValueSpecification\",\"valueRequired\":true,\"valueName\":\"search_term_string\"}}],\"inLanguage\":\"fr-FR\"},{\"@type\":\"Person\",\"@id\":\"https:\/\/www.africa-press.net\/benin\/#\/schema\/person\/2b1cf3cd81a31e3cd26889ca66d677f1\",\"name\":\"cfeditorfr\"}]}<\/script>\n<!-- \/ Yoast SEO Premium plugin. -->","yoast_head_json":{"title":"B\u00e9nin: les artisans du CPA relog\u00e9s en Septembre prochain - B\u00e9nin","description":"Un site est en am\u00e9nagement pour accueillir les artisans du centre de promotion de l\u2019Artisanat. Le ministre du cadre de v ...","robots":{"index":"index","follow":"follow","max-snippet":"max-snippet:-1","max-image-preview":"max-image-preview:large","max-video-preview":"max-video-preview:-1"},"canonical":"https:\/\/www.africa-press.net\/benin\/toutes-les-actualites\/benin-les-artisans-du-cpa-reloges-en-septembre-prochain","og_locale":"fr_FR","og_type":"article","og_title":"B\u00e9nin: les artisans du CPA relog\u00e9s en Septembre prochain","og_description":"Un site est en am\u00e9nagement pour accueillir les artisans du centre de promotion de l\u2019Artisanat. Le ministre du cadre de v ...","og_url":"https:\/\/www.africa-press.net\/benin\/toutes-les-actualites\/benin-les-artisans-du-cpa-reloges-en-septembre-prochain","og_site_name":"B\u00e9nin","article_published_time":"2022-07-29T21:28:25+00:00","article_modified_time":"2022-07-29T21:48:30+00:00","og_image":[{"width":1200,"height":750,"url":"https:\/\/static.africa-press.net\/benin\/sites\/46\/2022\/07\/postQueueImg_22-62e455882a4ca.jpg","type":"image\/jpeg"}],"author":"cfeditorfr","twitter_card":"summary_large_image","twitter_misc":{"\u00c9crit par":"cfeditorfr","Dur\u00e9e de lecture estim\u00e9e":"2 minutes"},"schema":{"@context":"https:\/\/schema.org","@graph":[{"@type":"Article","@id":"https:\/\/www.africa-press.net\/benin\/toutes-les-actualites\/benin-les-artisans-du-cpa-reloges-en-septembre-prochain#article","isPartOf":{"@id":"https:\/\/www.africa-press.net\/benin\/toutes-les-actualites\/benin-les-artisans-du-cpa-reloges-en-septembre-prochain"},"author":{"name":"cfeditorfr","@id":"https:\/\/www.africa-press.net\/benin\/#\/schema\/person\/2b1cf3cd81a31e3cd26889ca66d677f1"},"headline":"B\u00e9nin: les artisans du CPA relog\u00e9s en Septembre prochain","datePublished":"2022-07-29T21:28:25+00:00","dateModified":"2022-07-29T21:48:30+00:00","mainEntityOfPage":{"@id":"https:\/\/www.africa-press.net\/benin\/toutes-les-actualites\/benin-les-artisans-du-cpa-reloges-en-septembre-prochain"},"wordCount":442,"commentCount":0,"image":{"@id":"https:\/\/www.africa-press.net\/benin\/toutes-les-actualites\/benin-les-artisans-du-cpa-reloges-en-septembre-prochain#primaryimage"},"thumbnailUrl":"https:\/\/static.africa-press.net\/benin\/sites\/46\/2022\/07\/postQueueImg_22-62e455882a4ca.jpg","keywords":["Africa Press","Africa Press-Benin","B\u00e9nin"],"articleSection":["Communaut\u00e9","homepage-french","Toutes les actualit\u00e9s"],"inLanguage":"fr-FR","potentialAction":[{"@type":"CommentAction","name":"Comment","target":["https:\/\/www.africa-press.net\/benin\/toutes-les-actualites\/benin-les-artisans-du-cpa-reloges-en-septembre-prochain#respond"]}]},{"@type":"WebPage","@id":"https:\/\/www.africa-press.net\/benin\/toutes-les-actualites\/benin-les-artisans-du-cpa-reloges-en-septembre-prochain","url":"https:\/\/www.africa-press.net\/benin\/toutes-les-actualites\/benin-les-artisans-du-cpa-reloges-en-septembre-prochain","name":"B\u00e9nin: les artisans du CPA relog\u00e9s en Septembre prochain - B\u00e9nin","isPartOf":{"@id":"https:\/\/www.africa-press.net\/benin\/#website"},"primaryImageOfPage":{"@id":"https:\/\/www.africa-press.net\/benin\/toutes-les-actualites\/benin-les-artisans-du-cpa-reloges-en-septembre-prochain#primaryimage"},"image":{"@id":"https:\/\/www.africa-press.net\/benin\/toutes-les-actualites\/benin-les-artisans-du-cpa-reloges-en-septembre-prochain#primaryimage"},"thumbnailUrl":"https:\/\/static.africa-press.net\/benin\/sites\/46\/2022\/07\/postQueueImg_22-62e455882a4ca.jpg","datePublished":"2022-07-29T21:28:25+00:00","dateModified":"2022-07-29T21:48:30+00:00","author":{"@id":"https:\/\/www.africa-press.net\/benin\/#\/schema\/person\/2b1cf3cd81a31e3cd26889ca66d677f1"},"description":"Un site est en am\u00e9nagement pour accueillir les artisans du centre de promotion de l\u2019Artisanat. Le ministre du cadre de v ...","breadcrumb":{"@id":"https:\/\/www.africa-press.net\/benin\/toutes-les-actualites\/benin-les-artisans-du-cpa-reloges-en-septembre-prochain#breadcrumb"},"inLanguage":"fr-FR","potentialAction":[{"@type":"ReadAction","target":["https:\/\/www.africa-press.net\/benin\/toutes-les-actualites\/benin-les-artisans-du-cpa-reloges-en-septembre-prochain"]}]},{"@type":"ImageObject","inLanguage":"fr-FR","@id":"https:\/\/www.africa-press.net\/benin\/toutes-les-actualites\/benin-les-artisans-du-cpa-reloges-en-septembre-prochain#primaryimage","url":"https:\/\/static.africa-press.net\/benin\/sites\/46\/2022\/07\/postQueueImg_22-62e455882a4ca.jpg","contentUrl":"https:\/\/static.africa-press.net\/benin\/sites\/46\/2022\/07\/postQueueImg_22-62e455882a4ca.jpg","width":1200,"height":750,"caption":"B\u00e9nin: les artisans du CPA relog\u00e9s en Septembre prochain"},{"@type":"BreadcrumbList","@id":"https:\/\/www.africa-press.net\/benin\/toutes-les-actualites\/benin-les-artisans-du-cpa-reloges-en-septembre-prochain#breadcrumb","itemListElement":[{"@type":"ListItem","position":1,"name":"Accueil","item":"https:\/\/www.africa-press.net\/benin\/"},{"@type":"ListItem","position":2,"name":"B\u00e9nin: les artisans du CPA relog\u00e9s en Septembre prochain"}]},{"@type":"WebSite","@id":"https:\/\/www.africa-press.net\/benin\/#website","url":"https:\/\/www.africa-press.net\/benin\/","name":"B\u00e9nin","description":"Just another Africa News Agency Sites site","potentialAction":[{"@type":"SearchAction","target":{"@type":"EntryPoint","urlTemplate":"https:\/\/www.africa-press.net\/benin\/?s={search_term_string}"},"query-input":{"@type":"PropertyValueSpecification","valueRequired":true,"valueName":"search_term_string"}}],"inLanguage":"fr-FR"},{"@type":"Person","@id":"https:\/\/www.africa-press.net\/benin\/#\/schema\/person\/2b1cf3cd81a31e3cd26889ca66d677f1","name":"cfeditorfr"}]}},"_links":{"self":[{"href":"https:\/\/www.africa-press.net\/benin\/wp-json\/wp\/v2\/posts\/7375","targetHints":{"allow":["GET"]}}],"collection":[{"href":"https:\/\/www.africa-press.net\/benin\/wp-json\/wp\/v2\/posts"}],"about":[{"href":"https:\/\/www.africa-press.net\/benin\/wp-json\/wp\/v2\/types\/post"}],"author":[{"embeddable":true,"href":"https:\/\/www.africa-press.net\/benin\/wp-json\/wp\/v2\/users\/82"}],"replies":[{"embeddable":true,"href":"https:\/\/www.africa-press.net\/benin\/wp-json\/wp\/v2\/comments?post=7375"}],"version-history":[{"count":0,"href":"https:\/\/www.africa-press.net\/benin\/wp-json\/wp\/v2\/posts\/7375\/revisions"}],"wp:featuredmedia":[{"embeddable":true,"href":"https:\/\/www.africa-press.net\/benin\/wp-json\/wp\/v2\/media\/7374"}],"wp:attachment":[{"href":"https:\/\/www.africa-press.net\/benin\/wp-json\/wp\/v2\/media?parent=7375"}],"wp:term":[{"taxonomy":"category","embeddable":true,"href":"https:\/\/www.africa-press.net\/benin\/wp-json\/wp\/v2\/categories?post=7375"},{"taxonomy":"post_tag","embeddable":true,"href":"https:\/\/www.africa-press.net\/benin\/wp-json\/wp\/v2\/tags?post=7375"}],"curies":[{"name":"wp","href":"https:\/\/api.w.org\/{rel}","templated":true}]}}