{"id":7378,"date":"2022-07-29T21:28:33","date_gmt":"2022-07-29T21:28:33","guid":{"rendered":"https:\/\/www.africa-press.net\/benin\/politique\/patrice-talon-pour-un-investissement-direct-francais-au-benin"},"modified":"2022-07-29T21:49:00","modified_gmt":"2022-07-29T21:49:00","slug":"patrice-talon-pour-un-investissement-direct-francais-au-benin","status":"publish","type":"post","link":"https:\/\/www.africa-press.net\/benin\/politique\/patrice-talon-pour-un-investissement-direct-francais-au-benin","title":{"rendered":"Patrice Talon pour un \u00ab\u00a0investissement direct fran\u00e7ais au B\u00e9nin\u00a0\u00bb"},"content":{"rendered":"<p><span style=\"color: #ff6600\"><strong>Africa-Press &#8211; Benin. <\/strong><\/span>Les \u00e9changes entre Patrice Talon et Emmanuel Macron \u00e0 Cotonou ont \u00e9t\u00e9 consacr\u00e9s \u00e0 l\u2019\u00e9ducation, \u00e0 la lutte contre le terrorisme, mais aussi au secteur des investissements. Le pr\u00e9sident b\u00e9ninois a clairement exprim\u00e9 son souhait de voir les investisseurs fran\u00e7ais intensifier leurs actions au B\u00e9nin.<\/p>\n<p>Des investisseurs fran\u00e7ais sont bien pr\u00e9sents au B\u00e9nin, mais Patrice Talon en veut encore plus. \u00ab Je disais tout \u00e0 l\u2019heure que c\u2019est environ plus d\u2019un milliard d\u2019euros de march\u00e9s publics que les entreprises fran\u00e7aises ont eus dans la p\u00e9riode au B\u00e9nin, mais \u00e7a, ce sont des march\u00e9s de prestations \u00bb, a-t-il rappel\u00e9 lors de la conf\u00e9rence de presse conjointe anim\u00e9e avec Emmanuel Macron.<\/p>\n<p>Pour le pr\u00e9sident Patrice Talon, \u00ab l\u2019id\u00e9al est qu\u2019il y ait de l\u2019investissement direct fran\u00e7ais au B\u00e9nin \u00bb. \u00ab Avec ce qu\u2019il se passe au B\u00e9nin, les r\u00e9formes, la dynamique en cours, le s\u00e9rieux qui s\u2019observe aussi bien dans l\u2019administration que le secteur priv\u00e9, l\u00e0 o\u00f9 il faut \u00eatre d\u00e9sormais, c\u2019est ici au B\u00e9nin, \u00e0 Cotonou ! C\u2019est ici qu\u2019il faut \u00eatre, c\u2019est ici qu\u2019il faut investir \u00bb, a-t-il martel\u00e9.<\/p>\n<p>\u00ab Les premiers venus seront les mieux servis \u00bb<\/p>\n<p>Patrice Talon met en avant les r\u00e9formes qui assainissent le milieu des investissements au B\u00e9nin. Ce qu\u2019il dit n\u2019est peut-\u00eatre pas encore perceptible, mais il laisse le temps au temps. \u00ab Le temps donnera bien la mesure de la certitude de ce que je dis mais les premiers venus seront les mieux servis \u00bb, a-t-il dit.<\/p>\n<p>\u00ab Je voudrais que l\u2019investissement priv\u00e9 direct fran\u00e7ais soit encourag\u00e9, promu et accompagn\u00e9 au B\u00e9nin parce que l\u2019environnement s\u2019y pr\u00eate d\u00e9sormais \u00bb, a lanc\u00e9 Patrice Talon \u00e0 l\u2019endroit de la d\u00e9l\u00e9gation fran\u00e7aise.<\/p>\n<p>Le pr\u00e9sident b\u00e9ninois invite son homologue \u00e0 un travail d\u2019\u00e9quipe pour lever les goulots d\u2019\u00e9tranglement qui bloquent la forte pr\u00e9sence des investisseurs fran\u00e7ais. \u00ab J\u2019attends que nos deux gouvernements, vous et moi, nous fassions ce qu\u2019il faut pour corriger ces insuffisances \u00bb, a dit Patrice Talon.<\/p>\n<p><strong>Pour plus d&rsquo;informations et d&rsquo;analyses sur la <a href=\"https:\/\/www.africa-press.net\/benin\">Benin<\/a>, suivez <a href=\"https:\/\/www.africa-press.net\/\">Africa-Press<\/a><\/strong><\/p>\n","protected":false},"excerpt":{"rendered":"<p>Africa-Press &#8211; Benin. Les \u00e9changes entre Patrice Talon et Emmanuel Macron \u00e0 Cotonou ont \u00e9t\u00e9 consacr\u00e9s \u00e0 l\u2019\u00e9ducation, \u00e0 la lutte contre le terrorisme, mais aussi au secteur des investissements. Le pr\u00e9sident b\u00e9ninois a clairement exprim\u00e9 son souhait de voir les investisseurs fran\u00e7ais intensifier leurs actions au B\u00e9nin. Des investisseurs fran\u00e7ais sont bien pr\u00e9sents au [&hellip;]<\/p>\n","protected":false},"author":82,"featured_media":7377,"comment_status":"open","ping_status":"closed","sticky":false,"template":"","format":"standard","meta":{"footnotes":""},"categories":[3,11,2,10],"tags":[36,50,45],"class_list":["post-7378","post","type-post","status-publish","format-standard","has-post-thumbnail","hentry","category-economie","category-homepage-french","category-politique","category-toutes-les-actualites","tag-africa-press","tag-africa-press-benin","tag-benin"],"yoast_head":"<!-- This site is optimized with the Yoast SEO Premium plugin v26.1 (Yoast SEO v27.0) - https:\/\/yoast.com\/product\/yoast-seo-premium-wordpress\/ -->\n<title>Patrice Talon pour un \u00ab\u00a0investissement direct fran\u00e7ais au B\u00e9nin\u00a0\u00bb - B\u00e9nin<\/title>\n<meta name=\"description\" content=\"Les \u00e9changes entre Patrice Talon et Emmanuel Macron \u00e0 Cotonou ont \u00e9t\u00e9 consacr\u00e9s \u00e0 l\u2019\u00e9ducation, \u00e0 la lutte contre le terr ...\" \/>\n<meta name=\"robots\" content=\"index, follow, max-snippet:-1, max-image-preview:large, max-video-preview:-1\" \/>\n<link rel=\"canonical\" href=\"https:\/\/www.africa-press.net\/benin\/politique\/patrice-talon-pour-un-investissement-direct-francais-au-benin\" \/>\n<meta property=\"og:locale\" content=\"fr_FR\" \/>\n<meta property=\"og:type\" content=\"article\" \/>\n<meta property=\"og:title\" content=\"Patrice Talon pour un \u00ab\u00a0investissement direct fran\u00e7ais au B\u00e9nin\u00a0\u00bb\" \/>\n<meta property=\"og:description\" content=\"Les \u00e9changes entre Patrice Talon et Emmanuel Macron \u00e0 Cotonou ont \u00e9t\u00e9 consacr\u00e9s \u00e0 l\u2019\u00e9ducation, \u00e0 la lutte contre le terr ...\" \/>\n<meta property=\"og:url\" content=\"https:\/\/www.africa-press.net\/benin\/politique\/patrice-talon-pour-un-investissement-direct-francais-au-benin\" \/>\n<meta property=\"og:site_name\" content=\"B\u00e9nin\" \/>\n<meta property=\"article:published_time\" content=\"2022-07-29T21:28:33+00:00\" \/>\n<meta property=\"article:modified_time\" content=\"2022-07-29T21:49:00+00:00\" \/>\n<meta property=\"og:image\" content=\"https:\/\/static.africa-press.net\/benin\/sites\/46\/2022\/07\/postQueueImg_23-62e455b2742c6.jpg\" \/>\n\t<meta property=\"og:image:width\" content=\"1280\" \/>\n\t<meta property=\"og:image:height\" content=\"775\" \/>\n\t<meta property=\"og:image:type\" content=\"image\/jpeg\" \/>\n<meta name=\"author\" content=\"cfeditorfr\" \/>\n<meta name=\"twitter:card\" content=\"summary_large_image\" \/>\n<meta name=\"twitter:label1\" content=\"\u00c9crit par\" \/>\n\t<meta name=\"twitter:data1\" content=\"cfeditorfr\" \/>\n\t<meta name=\"twitter:label2\" content=\"Dur\u00e9e de lecture estim\u00e9e\" \/>\n\t<meta name=\"twitter:data2\" content=\"2 minutes\" \/>\n<script type=\"application\/ld+json\" class=\"yoast-schema-graph\">{\"@context\":\"https:\/\/schema.org\",\"@graph\":[{\"@type\":\"Article\",\"@id\":\"https:\/\/www.africa-press.net\/benin\/politique\/patrice-talon-pour-un-investissement-direct-francais-au-benin#article\",\"isPartOf\":{\"@id\":\"https:\/\/www.africa-press.net\/benin\/politique\/patrice-talon-pour-un-investissement-direct-francais-au-benin\"},\"author\":{\"name\":\"cfeditorfr\",\"@id\":\"https:\/\/www.africa-press.net\/benin\/#\/schema\/person\/2b1cf3cd81a31e3cd26889ca66d677f1\"},\"headline\":\"Patrice Talon pour un \u00ab\u00a0investissement direct fran\u00e7ais au B\u00e9nin\u00a0\u00bb\",\"datePublished\":\"2022-07-29T21:28:33+00:00\",\"dateModified\":\"2022-07-29T21:49:00+00:00\",\"mainEntityOfPage\":{\"@id\":\"https:\/\/www.africa-press.net\/benin\/politique\/patrice-talon-pour-un-investissement-direct-francais-au-benin\"},\"wordCount\":390,\"commentCount\":0,\"image\":{\"@id\":\"https:\/\/www.africa-press.net\/benin\/politique\/patrice-talon-pour-un-investissement-direct-francais-au-benin#primaryimage\"},\"thumbnailUrl\":\"https:\/\/static.africa-press.net\/benin\/sites\/46\/2022\/07\/postQueueImg_23-62e455b2742c6.jpg\",\"keywords\":[\"Africa Press\",\"Africa Press-Benin\",\"B\u00e9nin\"],\"articleSection\":[\"\u00c9conomie\",\"homepage-french\",\"Politique\",\"Toutes les actualit\u00e9s\"],\"inLanguage\":\"fr-FR\",\"potentialAction\":[{\"@type\":\"CommentAction\",\"name\":\"Comment\",\"target\":[\"https:\/\/www.africa-press.net\/benin\/politique\/patrice-talon-pour-un-investissement-direct-francais-au-benin#respond\"]}]},{\"@type\":\"WebPage\",\"@id\":\"https:\/\/www.africa-press.net\/benin\/politique\/patrice-talon-pour-un-investissement-direct-francais-au-benin\",\"url\":\"https:\/\/www.africa-press.net\/benin\/politique\/patrice-talon-pour-un-investissement-direct-francais-au-benin\",\"name\":\"Patrice Talon pour un \u00ab\u00a0investissement direct fran\u00e7ais au B\u00e9nin\u00a0\u00bb - B\u00e9nin\",\"isPartOf\":{\"@id\":\"https:\/\/www.africa-press.net\/benin\/#website\"},\"primaryImageOfPage\":{\"@id\":\"https:\/\/www.africa-press.net\/benin\/politique\/patrice-talon-pour-un-investissement-direct-francais-au-benin#primaryimage\"},\"image\":{\"@id\":\"https:\/\/www.africa-press.net\/benin\/politique\/patrice-talon-pour-un-investissement-direct-francais-au-benin#primaryimage\"},\"thumbnailUrl\":\"https:\/\/static.africa-press.net\/benin\/sites\/46\/2022\/07\/postQueueImg_23-62e455b2742c6.jpg\",\"datePublished\":\"2022-07-29T21:28:33+00:00\",\"dateModified\":\"2022-07-29T21:49:00+00:00\",\"author\":{\"@id\":\"https:\/\/www.africa-press.net\/benin\/#\/schema\/person\/2b1cf3cd81a31e3cd26889ca66d677f1\"},\"description\":\"Les \u00e9changes entre Patrice Talon et Emmanuel Macron \u00e0 Cotonou ont \u00e9t\u00e9 consacr\u00e9s \u00e0 l\u2019\u00e9ducation, \u00e0 la lutte contre le terr ...\",\"breadcrumb\":{\"@id\":\"https:\/\/www.africa-press.net\/benin\/politique\/patrice-talon-pour-un-investissement-direct-francais-au-benin#breadcrumb\"},\"inLanguage\":\"fr-FR\",\"potentialAction\":[{\"@type\":\"ReadAction\",\"target\":[\"https:\/\/www.africa-press.net\/benin\/politique\/patrice-talon-pour-un-investissement-direct-francais-au-benin\"]}]},{\"@type\":\"ImageObject\",\"inLanguage\":\"fr-FR\",\"@id\":\"https:\/\/www.africa-press.net\/benin\/politique\/patrice-talon-pour-un-investissement-direct-francais-au-benin#primaryimage\",\"url\":\"https:\/\/static.africa-press.net\/benin\/sites\/46\/2022\/07\/postQueueImg_23-62e455b2742c6.jpg\",\"contentUrl\":\"https:\/\/static.africa-press.net\/benin\/sites\/46\/2022\/07\/postQueueImg_23-62e455b2742c6.jpg\",\"width\":1280,\"height\":775,\"caption\":\"Patrice Talon pour un \u00ab\u00a0investissement direct fran\u00e7ais au B\u00e9nin\u00a0\u00bb\"},{\"@type\":\"BreadcrumbList\",\"@id\":\"https:\/\/www.africa-press.net\/benin\/politique\/patrice-talon-pour-un-investissement-direct-francais-au-benin#breadcrumb\",\"itemListElement\":[{\"@type\":\"ListItem\",\"position\":1,\"name\":\"Accueil\",\"item\":\"https:\/\/www.africa-press.net\/benin\/\"},{\"@type\":\"ListItem\",\"position\":2,\"name\":\"Patrice Talon pour un \u00ab\u00a0investissement direct fran\u00e7ais au B\u00e9nin\u00a0\u00bb\"}]},{\"@type\":\"WebSite\",\"@id\":\"https:\/\/www.africa-press.net\/benin\/#website\",\"url\":\"https:\/\/www.africa-press.net\/benin\/\",\"name\":\"B\u00e9nin\",\"description\":\"Just another Africa News Agency Sites site\",\"potentialAction\":[{\"@type\":\"SearchAction\",\"target\":{\"@type\":\"EntryPoint\",\"urlTemplate\":\"https:\/\/www.africa-press.net\/benin\/?s={search_term_string}\"},\"query-input\":{\"@type\":\"PropertyValueSpecification\",\"valueRequired\":true,\"valueName\":\"search_term_string\"}}],\"inLanguage\":\"fr-FR\"},{\"@type\":\"Person\",\"@id\":\"https:\/\/www.africa-press.net\/benin\/#\/schema\/person\/2b1cf3cd81a31e3cd26889ca66d677f1\",\"name\":\"cfeditorfr\"}]}<\/script>\n<!-- \/ Yoast SEO Premium plugin. -->","yoast_head_json":{"title":"Patrice Talon pour un \u00ab\u00a0investissement direct fran\u00e7ais au B\u00e9nin\u00a0\u00bb - B\u00e9nin","description":"Les \u00e9changes entre Patrice Talon et Emmanuel Macron \u00e0 Cotonou ont \u00e9t\u00e9 consacr\u00e9s \u00e0 l\u2019\u00e9ducation, \u00e0 la lutte contre le terr ...","robots":{"index":"index","follow":"follow","max-snippet":"max-snippet:-1","max-image-preview":"max-image-preview:large","max-video-preview":"max-video-preview:-1"},"canonical":"https:\/\/www.africa-press.net\/benin\/politique\/patrice-talon-pour-un-investissement-direct-francais-au-benin","og_locale":"fr_FR","og_type":"article","og_title":"Patrice Talon pour un \u00ab\u00a0investissement direct fran\u00e7ais au B\u00e9nin\u00a0\u00bb","og_description":"Les \u00e9changes entre Patrice Talon et Emmanuel Macron \u00e0 Cotonou ont \u00e9t\u00e9 consacr\u00e9s \u00e0 l\u2019\u00e9ducation, \u00e0 la lutte contre le terr ...","og_url":"https:\/\/www.africa-press.net\/benin\/politique\/patrice-talon-pour-un-investissement-direct-francais-au-benin","og_site_name":"B\u00e9nin","article_published_time":"2022-07-29T21:28:33+00:00","article_modified_time":"2022-07-29T21:49:00+00:00","og_image":[{"width":1280,"height":775,"url":"https:\/\/static.africa-press.net\/benin\/sites\/46\/2022\/07\/postQueueImg_23-62e455b2742c6.jpg","type":"image\/jpeg"}],"author":"cfeditorfr","twitter_card":"summary_large_image","twitter_misc":{"\u00c9crit par":"cfeditorfr","Dur\u00e9e de lecture estim\u00e9e":"2 minutes"},"schema":{"@context":"https:\/\/schema.org","@graph":[{"@type":"Article","@id":"https:\/\/www.africa-press.net\/benin\/politique\/patrice-talon-pour-un-investissement-direct-francais-au-benin#article","isPartOf":{"@id":"https:\/\/www.africa-press.net\/benin\/politique\/patrice-talon-pour-un-investissement-direct-francais-au-benin"},"author":{"name":"cfeditorfr","@id":"https:\/\/www.africa-press.net\/benin\/#\/schema\/person\/2b1cf3cd81a31e3cd26889ca66d677f1"},"headline":"Patrice Talon pour un \u00ab\u00a0investissement direct fran\u00e7ais au B\u00e9nin\u00a0\u00bb","datePublished":"2022-07-29T21:28:33+00:00","dateModified":"2022-07-29T21:49:00+00:00","mainEntityOfPage":{"@id":"https:\/\/www.africa-press.net\/benin\/politique\/patrice-talon-pour-un-investissement-direct-francais-au-benin"},"wordCount":390,"commentCount":0,"image":{"@id":"https:\/\/www.africa-press.net\/benin\/politique\/patrice-talon-pour-un-investissement-direct-francais-au-benin#primaryimage"},"thumbnailUrl":"https:\/\/static.africa-press.net\/benin\/sites\/46\/2022\/07\/postQueueImg_23-62e455b2742c6.jpg","keywords":["Africa Press","Africa Press-Benin","B\u00e9nin"],"articleSection":["\u00c9conomie","homepage-french","Politique","Toutes les actualit\u00e9s"],"inLanguage":"fr-FR","potentialAction":[{"@type":"CommentAction","name":"Comment","target":["https:\/\/www.africa-press.net\/benin\/politique\/patrice-talon-pour-un-investissement-direct-francais-au-benin#respond"]}]},{"@type":"WebPage","@id":"https:\/\/www.africa-press.net\/benin\/politique\/patrice-talon-pour-un-investissement-direct-francais-au-benin","url":"https:\/\/www.africa-press.net\/benin\/politique\/patrice-talon-pour-un-investissement-direct-francais-au-benin","name":"Patrice Talon pour un \u00ab\u00a0investissement direct fran\u00e7ais au B\u00e9nin\u00a0\u00bb - B\u00e9nin","isPartOf":{"@id":"https:\/\/www.africa-press.net\/benin\/#website"},"primaryImageOfPage":{"@id":"https:\/\/www.africa-press.net\/benin\/politique\/patrice-talon-pour-un-investissement-direct-francais-au-benin#primaryimage"},"image":{"@id":"https:\/\/www.africa-press.net\/benin\/politique\/patrice-talon-pour-un-investissement-direct-francais-au-benin#primaryimage"},"thumbnailUrl":"https:\/\/static.africa-press.net\/benin\/sites\/46\/2022\/07\/postQueueImg_23-62e455b2742c6.jpg","datePublished":"2022-07-29T21:28:33+00:00","dateModified":"2022-07-29T21:49:00+00:00","author":{"@id":"https:\/\/www.africa-press.net\/benin\/#\/schema\/person\/2b1cf3cd81a31e3cd26889ca66d677f1"},"description":"Les \u00e9changes entre Patrice Talon et Emmanuel Macron \u00e0 Cotonou ont \u00e9t\u00e9 consacr\u00e9s \u00e0 l\u2019\u00e9ducation, \u00e0 la lutte contre le terr ...","breadcrumb":{"@id":"https:\/\/www.africa-press.net\/benin\/politique\/patrice-talon-pour-un-investissement-direct-francais-au-benin#breadcrumb"},"inLanguage":"fr-FR","potentialAction":[{"@type":"ReadAction","target":["https:\/\/www.africa-press.net\/benin\/politique\/patrice-talon-pour-un-investissement-direct-francais-au-benin"]}]},{"@type":"ImageObject","inLanguage":"fr-FR","@id":"https:\/\/www.africa-press.net\/benin\/politique\/patrice-talon-pour-un-investissement-direct-francais-au-benin#primaryimage","url":"https:\/\/static.africa-press.net\/benin\/sites\/46\/2022\/07\/postQueueImg_23-62e455b2742c6.jpg","contentUrl":"https:\/\/static.africa-press.net\/benin\/sites\/46\/2022\/07\/postQueueImg_23-62e455b2742c6.jpg","width":1280,"height":775,"caption":"Patrice Talon pour un \u00ab\u00a0investissement direct fran\u00e7ais au B\u00e9nin\u00a0\u00bb"},{"@type":"BreadcrumbList","@id":"https:\/\/www.africa-press.net\/benin\/politique\/patrice-talon-pour-un-investissement-direct-francais-au-benin#breadcrumb","itemListElement":[{"@type":"ListItem","position":1,"name":"Accueil","item":"https:\/\/www.africa-press.net\/benin\/"},{"@type":"ListItem","position":2,"name":"Patrice Talon pour un \u00ab\u00a0investissement direct fran\u00e7ais au B\u00e9nin\u00a0\u00bb"}]},{"@type":"WebSite","@id":"https:\/\/www.africa-press.net\/benin\/#website","url":"https:\/\/www.africa-press.net\/benin\/","name":"B\u00e9nin","description":"Just another Africa News Agency Sites site","potentialAction":[{"@type":"SearchAction","target":{"@type":"EntryPoint","urlTemplate":"https:\/\/www.africa-press.net\/benin\/?s={search_term_string}"},"query-input":{"@type":"PropertyValueSpecification","valueRequired":true,"valueName":"search_term_string"}}],"inLanguage":"fr-FR"},{"@type":"Person","@id":"https:\/\/www.africa-press.net\/benin\/#\/schema\/person\/2b1cf3cd81a31e3cd26889ca66d677f1","name":"cfeditorfr"}]}},"_links":{"self":[{"href":"https:\/\/www.africa-press.net\/benin\/wp-json\/wp\/v2\/posts\/7378","targetHints":{"allow":["GET"]}}],"collection":[{"href":"https:\/\/www.africa-press.net\/benin\/wp-json\/wp\/v2\/posts"}],"about":[{"href":"https:\/\/www.africa-press.net\/benin\/wp-json\/wp\/v2\/types\/post"}],"author":[{"embeddable":true,"href":"https:\/\/www.africa-press.net\/benin\/wp-json\/wp\/v2\/users\/82"}],"replies":[{"embeddable":true,"href":"https:\/\/www.africa-press.net\/benin\/wp-json\/wp\/v2\/comments?post=7378"}],"version-history":[{"count":0,"href":"https:\/\/www.africa-press.net\/benin\/wp-json\/wp\/v2\/posts\/7378\/revisions"}],"wp:featuredmedia":[{"embeddable":true,"href":"https:\/\/www.africa-press.net\/benin\/wp-json\/wp\/v2\/media\/7377"}],"wp:attachment":[{"href":"https:\/\/www.africa-press.net\/benin\/wp-json\/wp\/v2\/media?parent=7378"}],"wp:term":[{"taxonomy":"category","embeddable":true,"href":"https:\/\/www.africa-press.net\/benin\/wp-json\/wp\/v2\/categories?post=7378"},{"taxonomy":"post_tag","embeddable":true,"href":"https:\/\/www.africa-press.net\/benin\/wp-json\/wp\/v2\/tags?post=7378"}],"curies":[{"name":"wp","href":"https:\/\/api.w.org\/{rel}","templated":true}]}}