{"id":7381,"date":"2022-07-29T21:28:41","date_gmt":"2022-07-29T21:28:41","guid":{"rendered":"https:\/\/www.africa-press.net\/benin\/politique\/benin-le-mestfp-lance-le-recensement-de-quatre-categories-denseignants"},"modified":"2022-07-29T21:49:27","modified_gmt":"2022-07-29T21:49:27","slug":"benin-le-mestfp-lance-le-recensement-de-quatre-categories-denseignants","status":"publish","type":"post","link":"https:\/\/www.africa-press.net\/benin\/toutes-les-actualites\/benin-le-mestfp-lance-le-recensement-de-quatre-categories-denseignants","title":{"rendered":"B\u00e9nin: le MESTFP lance le recensement de quatre cat\u00e9gories d\u2019enseignants"},"content":{"rendered":"<p><span style=\"color: #ff6600\"><strong>Africa-Press &#8211; Benin. <\/strong><\/span>Le minist\u00e8re des enseignements secondaire, technique et de la formation professionnelle (MESTFP) a lanc\u00e9 le recensement des enseignants ACDPE des promotions 2009, 2012, 2014 et 2016 recrut\u00e9s sur la base de dipl\u00f4mes acad\u00e9miques.<\/p>\n<p>C\u2019est par une note de service en date de ce vendredi 29 Juillet 2022 et sign\u00e9 du secr\u00e9taire g\u00e9n\u00e9ral du minist\u00e8re que l\u2019information est port\u00e9e \u00e0 l\u2019attention des directeurs d\u00e9partementaux des enseignements secondaires, technique et de la formation professionnelle.<\/p>\n<p>Selon la note de service, les directeurs d\u00e9partementaux des enseignements secondaires, technique et de la formation professionnelle sont pri\u00e9s de faire parvenir \u00e0 la direction de l\u2019enseignement secondaire g\u00e9n\u00e9ral \u00e0 Porto Novo, la liste des enseignants concern\u00e9s en service dans leur d\u00e9partement respectif.<\/p>\n<p>Lesdites listes sont attendues au plus tard le vendredi 12 Ao\u00fbt 2022 en version \u00e9lectronique. Le minist\u00e8re des enseignements secondaire, technique et de la formation professionnelle invite les directeurs d\u00e9partementaux des enseignements secondaires, technique et de la formation professionnelle \u00e0 faire les diligences n\u00e9cessaires pour convoyer les listes dans le d\u00e9lai.<\/p>\n<p><strong>Pour plus d&rsquo;informations et d&rsquo;analyses sur la <a href=\"https:\/\/www.africa-press.net\/benin\">Benin<\/a>, suivez <a href=\"https:\/\/www.africa-press.net\/\">Africa-Press<\/a><\/strong><\/p>\n","protected":false},"excerpt":{"rendered":"<p>Africa-Press &#8211; Benin. Le minist\u00e8re des enseignements secondaire, technique et de la formation professionnelle (MESTFP) a lanc\u00e9 le recensement des enseignants ACDPE des promotions 2009, 2012, 2014 et 2016 recrut\u00e9s sur la base de dipl\u00f4mes acad\u00e9miques. C\u2019est par une note de service en date de ce vendredi 29 Juillet 2022 et sign\u00e9 du secr\u00e9taire g\u00e9n\u00e9ral [&hellip;]<\/p>\n","protected":false},"author":82,"featured_media":7380,"comment_status":"open","ping_status":"closed","sticky":false,"template":"","format":"standard","meta":{"footnotes":""},"categories":[21,11,10],"tags":[36,50,45],"class_list":["post-7381","post","type-post","status-publish","format-standard","has-post-thumbnail","hentry","category-communaute","category-homepage-french","category-toutes-les-actualites","tag-africa-press","tag-africa-press-benin","tag-benin"],"yoast_head":"<!-- This site is optimized with the Yoast SEO Premium plugin v26.1 (Yoast SEO v27.0) - https:\/\/yoast.com\/product\/yoast-seo-premium-wordpress\/ -->\n<title>B\u00e9nin: le MESTFP lance le recensement de quatre cat\u00e9gories d\u2019enseignants - B\u00e9nin<\/title>\n<meta name=\"description\" content=\"Le minist\u00e8re des enseignements secondaire, technique et de la formation professionnelle (MESTFP) a lanc\u00e9 le recensement ...\" \/>\n<meta name=\"robots\" content=\"index, follow, max-snippet:-1, max-image-preview:large, max-video-preview:-1\" \/>\n<link rel=\"canonical\" href=\"https:\/\/www.africa-press.net\/benin\/toutes-les-actualites\/benin-le-mestfp-lance-le-recensement-de-quatre-categories-denseignants\" \/>\n<meta property=\"og:locale\" content=\"fr_FR\" \/>\n<meta property=\"og:type\" content=\"article\" \/>\n<meta property=\"og:title\" content=\"B\u00e9nin: le MESTFP lance le recensement de quatre cat\u00e9gories d\u2019enseignants\" \/>\n<meta property=\"og:description\" content=\"Le minist\u00e8re des enseignements secondaire, technique et de la formation professionnelle (MESTFP) a lanc\u00e9 le recensement ...\" \/>\n<meta property=\"og:url\" content=\"https:\/\/www.africa-press.net\/benin\/toutes-les-actualites\/benin-le-mestfp-lance-le-recensement-de-quatre-categories-denseignants\" \/>\n<meta property=\"og:site_name\" content=\"B\u00e9nin\" \/>\n<meta property=\"article:published_time\" content=\"2022-07-29T21:28:41+00:00\" \/>\n<meta property=\"article:modified_time\" content=\"2022-07-29T21:49:27+00:00\" \/>\n<meta property=\"og:image\" content=\"https:\/\/static.africa-press.net\/benin\/sites\/46\/2022\/07\/postQueueImg_24-62e455d268788.jpg\" \/>\n\t<meta property=\"og:image:width\" content=\"1200\" \/>\n\t<meta property=\"og:image:height\" content=\"800\" \/>\n\t<meta property=\"og:image:type\" content=\"image\/jpeg\" \/>\n<meta name=\"author\" content=\"cfeditorfr\" \/>\n<meta name=\"twitter:card\" content=\"summary_large_image\" \/>\n<meta name=\"twitter:label1\" content=\"\u00c9crit par\" \/>\n\t<meta name=\"twitter:data1\" content=\"cfeditorfr\" \/>\n\t<meta name=\"twitter:label2\" content=\"Dur\u00e9e de lecture estim\u00e9e\" \/>\n\t<meta name=\"twitter:data2\" content=\"1 minute\" \/>\n<script type=\"application\/ld+json\" class=\"yoast-schema-graph\">{\"@context\":\"https:\/\/schema.org\",\"@graph\":[{\"@type\":\"Article\",\"@id\":\"https:\/\/www.africa-press.net\/benin\/toutes-les-actualites\/benin-le-mestfp-lance-le-recensement-de-quatre-categories-denseignants#article\",\"isPartOf\":{\"@id\":\"https:\/\/www.africa-press.net\/benin\/toutes-les-actualites\/benin-le-mestfp-lance-le-recensement-de-quatre-categories-denseignants\"},\"author\":{\"name\":\"cfeditorfr\",\"@id\":\"https:\/\/www.africa-press.net\/benin\/#\/schema\/person\/2b1cf3cd81a31e3cd26889ca66d677f1\"},\"headline\":\"B\u00e9nin: le MESTFP lance le recensement de quatre cat\u00e9gories d\u2019enseignants\",\"datePublished\":\"2022-07-29T21:28:41+00:00\",\"dateModified\":\"2022-07-29T21:49:27+00:00\",\"mainEntityOfPage\":{\"@id\":\"https:\/\/www.africa-press.net\/benin\/toutes-les-actualites\/benin-le-mestfp-lance-le-recensement-de-quatre-categories-denseignants\"},\"wordCount\":207,\"commentCount\":0,\"image\":{\"@id\":\"https:\/\/www.africa-press.net\/benin\/toutes-les-actualites\/benin-le-mestfp-lance-le-recensement-de-quatre-categories-denseignants#primaryimage\"},\"thumbnailUrl\":\"https:\/\/static.africa-press.net\/benin\/sites\/46\/2022\/07\/postQueueImg_24-62e455d268788.jpg\",\"keywords\":[\"Africa Press\",\"Africa Press-Benin\",\"B\u00e9nin\"],\"articleSection\":[\"Communaut\u00e9\",\"homepage-french\",\"Toutes les actualit\u00e9s\"],\"inLanguage\":\"fr-FR\",\"potentialAction\":[{\"@type\":\"CommentAction\",\"name\":\"Comment\",\"target\":[\"https:\/\/www.africa-press.net\/benin\/toutes-les-actualites\/benin-le-mestfp-lance-le-recensement-de-quatre-categories-denseignants#respond\"]}]},{\"@type\":\"WebPage\",\"@id\":\"https:\/\/www.africa-press.net\/benin\/toutes-les-actualites\/benin-le-mestfp-lance-le-recensement-de-quatre-categories-denseignants\",\"url\":\"https:\/\/www.africa-press.net\/benin\/toutes-les-actualites\/benin-le-mestfp-lance-le-recensement-de-quatre-categories-denseignants\",\"name\":\"B\u00e9nin: le MESTFP lance le recensement de quatre cat\u00e9gories d\u2019enseignants - B\u00e9nin\",\"isPartOf\":{\"@id\":\"https:\/\/www.africa-press.net\/benin\/#website\"},\"primaryImageOfPage\":{\"@id\":\"https:\/\/www.africa-press.net\/benin\/toutes-les-actualites\/benin-le-mestfp-lance-le-recensement-de-quatre-categories-denseignants#primaryimage\"},\"image\":{\"@id\":\"https:\/\/www.africa-press.net\/benin\/toutes-les-actualites\/benin-le-mestfp-lance-le-recensement-de-quatre-categories-denseignants#primaryimage\"},\"thumbnailUrl\":\"https:\/\/static.africa-press.net\/benin\/sites\/46\/2022\/07\/postQueueImg_24-62e455d268788.jpg\",\"datePublished\":\"2022-07-29T21:28:41+00:00\",\"dateModified\":\"2022-07-29T21:49:27+00:00\",\"author\":{\"@id\":\"https:\/\/www.africa-press.net\/benin\/#\/schema\/person\/2b1cf3cd81a31e3cd26889ca66d677f1\"},\"description\":\"Le minist\u00e8re des enseignements secondaire, technique et de la formation professionnelle (MESTFP) a lanc\u00e9 le recensement ...\",\"breadcrumb\":{\"@id\":\"https:\/\/www.africa-press.net\/benin\/toutes-les-actualites\/benin-le-mestfp-lance-le-recensement-de-quatre-categories-denseignants#breadcrumb\"},\"inLanguage\":\"fr-FR\",\"potentialAction\":[{\"@type\":\"ReadAction\",\"target\":[\"https:\/\/www.africa-press.net\/benin\/toutes-les-actualites\/benin-le-mestfp-lance-le-recensement-de-quatre-categories-denseignants\"]}]},{\"@type\":\"ImageObject\",\"inLanguage\":\"fr-FR\",\"@id\":\"https:\/\/www.africa-press.net\/benin\/toutes-les-actualites\/benin-le-mestfp-lance-le-recensement-de-quatre-categories-denseignants#primaryimage\",\"url\":\"https:\/\/static.africa-press.net\/benin\/sites\/46\/2022\/07\/postQueueImg_24-62e455d268788.jpg\",\"contentUrl\":\"https:\/\/static.africa-press.net\/benin\/sites\/46\/2022\/07\/postQueueImg_24-62e455d268788.jpg\",\"width\":1200,\"height\":800,\"caption\":\"B\u00e9nin: le MESTFP lance le recensement de quatre cat\u00e9gories d\u2019enseignants\"},{\"@type\":\"BreadcrumbList\",\"@id\":\"https:\/\/www.africa-press.net\/benin\/toutes-les-actualites\/benin-le-mestfp-lance-le-recensement-de-quatre-categories-denseignants#breadcrumb\",\"itemListElement\":[{\"@type\":\"ListItem\",\"position\":1,\"name\":\"Accueil\",\"item\":\"https:\/\/www.africa-press.net\/benin\/\"},{\"@type\":\"ListItem\",\"position\":2,\"name\":\"B\u00e9nin: le MESTFP lance le recensement de quatre cat\u00e9gories d\u2019enseignants\"}]},{\"@type\":\"WebSite\",\"@id\":\"https:\/\/www.africa-press.net\/benin\/#website\",\"url\":\"https:\/\/www.africa-press.net\/benin\/\",\"name\":\"B\u00e9nin\",\"description\":\"Just another Africa News Agency Sites site\",\"potentialAction\":[{\"@type\":\"SearchAction\",\"target\":{\"@type\":\"EntryPoint\",\"urlTemplate\":\"https:\/\/www.africa-press.net\/benin\/?s={search_term_string}\"},\"query-input\":{\"@type\":\"PropertyValueSpecification\",\"valueRequired\":true,\"valueName\":\"search_term_string\"}}],\"inLanguage\":\"fr-FR\"},{\"@type\":\"Person\",\"@id\":\"https:\/\/www.africa-press.net\/benin\/#\/schema\/person\/2b1cf3cd81a31e3cd26889ca66d677f1\",\"name\":\"cfeditorfr\"}]}<\/script>\n<!-- \/ Yoast SEO Premium plugin. -->","yoast_head_json":{"title":"B\u00e9nin: le MESTFP lance le recensement de quatre cat\u00e9gories d\u2019enseignants - B\u00e9nin","description":"Le minist\u00e8re des enseignements secondaire, technique et de la formation professionnelle (MESTFP) a lanc\u00e9 le recensement ...","robots":{"index":"index","follow":"follow","max-snippet":"max-snippet:-1","max-image-preview":"max-image-preview:large","max-video-preview":"max-video-preview:-1"},"canonical":"https:\/\/www.africa-press.net\/benin\/toutes-les-actualites\/benin-le-mestfp-lance-le-recensement-de-quatre-categories-denseignants","og_locale":"fr_FR","og_type":"article","og_title":"B\u00e9nin: le MESTFP lance le recensement de quatre cat\u00e9gories d\u2019enseignants","og_description":"Le minist\u00e8re des enseignements secondaire, technique et de la formation professionnelle (MESTFP) a lanc\u00e9 le recensement ...","og_url":"https:\/\/www.africa-press.net\/benin\/toutes-les-actualites\/benin-le-mestfp-lance-le-recensement-de-quatre-categories-denseignants","og_site_name":"B\u00e9nin","article_published_time":"2022-07-29T21:28:41+00:00","article_modified_time":"2022-07-29T21:49:27+00:00","og_image":[{"width":1200,"height":800,"url":"https:\/\/static.africa-press.net\/benin\/sites\/46\/2022\/07\/postQueueImg_24-62e455d268788.jpg","type":"image\/jpeg"}],"author":"cfeditorfr","twitter_card":"summary_large_image","twitter_misc":{"\u00c9crit par":"cfeditorfr","Dur\u00e9e de lecture estim\u00e9e":"1 minute"},"schema":{"@context":"https:\/\/schema.org","@graph":[{"@type":"Article","@id":"https:\/\/www.africa-press.net\/benin\/toutes-les-actualites\/benin-le-mestfp-lance-le-recensement-de-quatre-categories-denseignants#article","isPartOf":{"@id":"https:\/\/www.africa-press.net\/benin\/toutes-les-actualites\/benin-le-mestfp-lance-le-recensement-de-quatre-categories-denseignants"},"author":{"name":"cfeditorfr","@id":"https:\/\/www.africa-press.net\/benin\/#\/schema\/person\/2b1cf3cd81a31e3cd26889ca66d677f1"},"headline":"B\u00e9nin: le MESTFP lance le recensement de quatre cat\u00e9gories d\u2019enseignants","datePublished":"2022-07-29T21:28:41+00:00","dateModified":"2022-07-29T21:49:27+00:00","mainEntityOfPage":{"@id":"https:\/\/www.africa-press.net\/benin\/toutes-les-actualites\/benin-le-mestfp-lance-le-recensement-de-quatre-categories-denseignants"},"wordCount":207,"commentCount":0,"image":{"@id":"https:\/\/www.africa-press.net\/benin\/toutes-les-actualites\/benin-le-mestfp-lance-le-recensement-de-quatre-categories-denseignants#primaryimage"},"thumbnailUrl":"https:\/\/static.africa-press.net\/benin\/sites\/46\/2022\/07\/postQueueImg_24-62e455d268788.jpg","keywords":["Africa Press","Africa Press-Benin","B\u00e9nin"],"articleSection":["Communaut\u00e9","homepage-french","Toutes les actualit\u00e9s"],"inLanguage":"fr-FR","potentialAction":[{"@type":"CommentAction","name":"Comment","target":["https:\/\/www.africa-press.net\/benin\/toutes-les-actualites\/benin-le-mestfp-lance-le-recensement-de-quatre-categories-denseignants#respond"]}]},{"@type":"WebPage","@id":"https:\/\/www.africa-press.net\/benin\/toutes-les-actualites\/benin-le-mestfp-lance-le-recensement-de-quatre-categories-denseignants","url":"https:\/\/www.africa-press.net\/benin\/toutes-les-actualites\/benin-le-mestfp-lance-le-recensement-de-quatre-categories-denseignants","name":"B\u00e9nin: le MESTFP lance le recensement de quatre cat\u00e9gories d\u2019enseignants - B\u00e9nin","isPartOf":{"@id":"https:\/\/www.africa-press.net\/benin\/#website"},"primaryImageOfPage":{"@id":"https:\/\/www.africa-press.net\/benin\/toutes-les-actualites\/benin-le-mestfp-lance-le-recensement-de-quatre-categories-denseignants#primaryimage"},"image":{"@id":"https:\/\/www.africa-press.net\/benin\/toutes-les-actualites\/benin-le-mestfp-lance-le-recensement-de-quatre-categories-denseignants#primaryimage"},"thumbnailUrl":"https:\/\/static.africa-press.net\/benin\/sites\/46\/2022\/07\/postQueueImg_24-62e455d268788.jpg","datePublished":"2022-07-29T21:28:41+00:00","dateModified":"2022-07-29T21:49:27+00:00","author":{"@id":"https:\/\/www.africa-press.net\/benin\/#\/schema\/person\/2b1cf3cd81a31e3cd26889ca66d677f1"},"description":"Le minist\u00e8re des enseignements secondaire, technique et de la formation professionnelle (MESTFP) a lanc\u00e9 le recensement ...","breadcrumb":{"@id":"https:\/\/www.africa-press.net\/benin\/toutes-les-actualites\/benin-le-mestfp-lance-le-recensement-de-quatre-categories-denseignants#breadcrumb"},"inLanguage":"fr-FR","potentialAction":[{"@type":"ReadAction","target":["https:\/\/www.africa-press.net\/benin\/toutes-les-actualites\/benin-le-mestfp-lance-le-recensement-de-quatre-categories-denseignants"]}]},{"@type":"ImageObject","inLanguage":"fr-FR","@id":"https:\/\/www.africa-press.net\/benin\/toutes-les-actualites\/benin-le-mestfp-lance-le-recensement-de-quatre-categories-denseignants#primaryimage","url":"https:\/\/static.africa-press.net\/benin\/sites\/46\/2022\/07\/postQueueImg_24-62e455d268788.jpg","contentUrl":"https:\/\/static.africa-press.net\/benin\/sites\/46\/2022\/07\/postQueueImg_24-62e455d268788.jpg","width":1200,"height":800,"caption":"B\u00e9nin: le MESTFP lance le recensement de quatre cat\u00e9gories d\u2019enseignants"},{"@type":"BreadcrumbList","@id":"https:\/\/www.africa-press.net\/benin\/toutes-les-actualites\/benin-le-mestfp-lance-le-recensement-de-quatre-categories-denseignants#breadcrumb","itemListElement":[{"@type":"ListItem","position":1,"name":"Accueil","item":"https:\/\/www.africa-press.net\/benin\/"},{"@type":"ListItem","position":2,"name":"B\u00e9nin: le MESTFP lance le recensement de quatre cat\u00e9gories d\u2019enseignants"}]},{"@type":"WebSite","@id":"https:\/\/www.africa-press.net\/benin\/#website","url":"https:\/\/www.africa-press.net\/benin\/","name":"B\u00e9nin","description":"Just another Africa News Agency Sites site","potentialAction":[{"@type":"SearchAction","target":{"@type":"EntryPoint","urlTemplate":"https:\/\/www.africa-press.net\/benin\/?s={search_term_string}"},"query-input":{"@type":"PropertyValueSpecification","valueRequired":true,"valueName":"search_term_string"}}],"inLanguage":"fr-FR"},{"@type":"Person","@id":"https:\/\/www.africa-press.net\/benin\/#\/schema\/person\/2b1cf3cd81a31e3cd26889ca66d677f1","name":"cfeditorfr"}]}},"_links":{"self":[{"href":"https:\/\/www.africa-press.net\/benin\/wp-json\/wp\/v2\/posts\/7381","targetHints":{"allow":["GET"]}}],"collection":[{"href":"https:\/\/www.africa-press.net\/benin\/wp-json\/wp\/v2\/posts"}],"about":[{"href":"https:\/\/www.africa-press.net\/benin\/wp-json\/wp\/v2\/types\/post"}],"author":[{"embeddable":true,"href":"https:\/\/www.africa-press.net\/benin\/wp-json\/wp\/v2\/users\/82"}],"replies":[{"embeddable":true,"href":"https:\/\/www.africa-press.net\/benin\/wp-json\/wp\/v2\/comments?post=7381"}],"version-history":[{"count":0,"href":"https:\/\/www.africa-press.net\/benin\/wp-json\/wp\/v2\/posts\/7381\/revisions"}],"wp:featuredmedia":[{"embeddable":true,"href":"https:\/\/www.africa-press.net\/benin\/wp-json\/wp\/v2\/media\/7380"}],"wp:attachment":[{"href":"https:\/\/www.africa-press.net\/benin\/wp-json\/wp\/v2\/media?parent=7381"}],"wp:term":[{"taxonomy":"category","embeddable":true,"href":"https:\/\/www.africa-press.net\/benin\/wp-json\/wp\/v2\/categories?post=7381"},{"taxonomy":"post_tag","embeddable":true,"href":"https:\/\/www.africa-press.net\/benin\/wp-json\/wp\/v2\/tags?post=7381"}],"curies":[{"name":"wp","href":"https:\/\/api.w.org\/{rel}","templated":true}]}}