{"id":7384,"date":"2022-07-29T21:28:47","date_gmt":"2022-07-29T21:28:47","guid":{"rendered":"https:\/\/www.africa-press.net\/benin\/politique\/politique-le-benin-en-marche-obtient-enfin-son-recepisse-denregistrement"},"modified":"2022-07-29T21:49:53","modified_gmt":"2022-07-29T21:49:53","slug":"politique-le-benin-en-marche-obtient-enfin-son-recepisse-denregistrement","status":"publish","type":"post","link":"https:\/\/www.africa-press.net\/benin\/toutes-les-actualites\/politique-le-benin-en-marche-obtient-enfin-son-recepisse-denregistrement","title":{"rendered":"Politique : \u00ab\u00a0Le B\u00e9nin en Marche\u00a0\u00bb obtient enfin son r\u00e9c\u00e9piss\u00e9  d\u2019enregistrement"},"content":{"rendered":"<p><span style=\"color: #ff6600\"><strong>Africa-Press &#8211; Benin. <\/strong><\/span>Rest\u00e9 coinc\u00e9 dans les tiroirs du ministre de l\u2019int\u00e9rieur et de la s\u00e9curit\u00e9, le dossier d\u2019enregistrement de \u00ab Le B\u00e9nin en Marche \u00bb a finalement abouti. Le parti a obtenu son r\u00e9c\u00e9piss\u00e9 provisoire d\u2019enregistrement, a appris BENIN WEB TV ce vendredi 29 juillet 2022.<\/p>\n<p>Le 13 mars 2021, le mouvement \u00ab B\u00e9nin en Marche \u00bb avait pris la d\u00e9cision de se constituer en parti politique. Le congr\u00e8s constitutif tenu ce m\u00eame jour avait permis aux responsables du mouvement d\u2019engager le processus d\u2019enregistrement au minist\u00e8re de l\u2019int\u00e9rieur et de s\u00e9curit\u00e9 publique conform\u00e9ment \u00e0 la nouvelle charte des partis politiques.<\/p>\n<p>Avec \u00e0 leur t\u00eate Jock Adammado, les membres de \u00ab Le B\u00e9nin en Marche \u00bb ont fait un parcours de combattant pour enfin se rapprocher du bout de tunnel. Avec le r\u00e9c\u00e9piss\u00e9 provisoire, ils sont \u00e0 quelques pas de la fin de la longue attente. Il leur reste la publication au journal officiel du r\u00e9c\u00e9piss\u00e9 provisoire pour obtenir le r\u00e9c\u00e9piss\u00e9 d\u00e9finitif qui atteste de l\u2019existence l\u00e9gale de \u00ab B\u00e9nin en Marche \u00bb.<\/p>\n<p>Dans son plan d\u2019action, \u00ab Le B\u00e9nin en Marche \u00bb prend en compte des secteurs cl\u00e9s dans lesquels le pr\u00e9sident Patrice Talon fait d\u00e9j\u00e0 un effort remarquable. Le parti promet entre autres, mettre un accent particulier sur la formation et l\u2019insertion professionnelle des jeunes.<\/p>\n<p><strong>Pour plus d&rsquo;informations et d&rsquo;analyses sur la <a href=\"https:\/\/www.africa-press.net\/benin\">Benin<\/a>, suivez <a href=\"https:\/\/www.africa-press.net\/\">Africa-Press<\/a><\/strong><\/p>\n","protected":false},"excerpt":{"rendered":"<p>Africa-Press &#8211; Benin. Rest\u00e9 coinc\u00e9 dans les tiroirs du ministre de l\u2019int\u00e9rieur et de la s\u00e9curit\u00e9, le dossier d\u2019enregistrement de \u00ab Le B\u00e9nin en Marche \u00bb a finalement abouti. Le parti a obtenu son r\u00e9c\u00e9piss\u00e9 provisoire d\u2019enregistrement, a appris BENIN WEB TV ce vendredi 29 juillet 2022. Le 13 mars 2021, le mouvement \u00ab B\u00e9nin [&hellip;]<\/p>\n","protected":false},"author":82,"featured_media":7383,"comment_status":"open","ping_status":"closed","sticky":false,"template":"","format":"standard","meta":{"footnotes":""},"categories":[21,11,10],"tags":[36,50,45],"class_list":["post-7384","post","type-post","status-publish","format-standard","has-post-thumbnail","hentry","category-communaute","category-homepage-french","category-toutes-les-actualites","tag-africa-press","tag-africa-press-benin","tag-benin"],"yoast_head":"<!-- This site is optimized with the Yoast SEO Premium plugin v26.1 (Yoast SEO v27.0) - https:\/\/yoast.com\/product\/yoast-seo-premium-wordpress\/ -->\n<title>Politique : \u00ab\u00a0Le B\u00e9nin en Marche\u00a0\u00bb obtient enfin son r\u00e9c\u00e9piss\u00e9 d\u2019enregistrement - B\u00e9nin<\/title>\n<meta name=\"description\" content=\"Rest\u00e9 coinc\u00e9 dans les tiroirs du ministre de l\u2019int\u00e9rieur et de la s\u00e9curit\u00e9, le dossier d\u2019enregistrement de \u00ab Le B\u00e9nin en ...\" \/>\n<meta name=\"robots\" content=\"index, follow, max-snippet:-1, max-image-preview:large, max-video-preview:-1\" \/>\n<link rel=\"canonical\" href=\"https:\/\/www.africa-press.net\/benin\/toutes-les-actualites\/politique-le-benin-en-marche-obtient-enfin-son-recepisse-denregistrement\" \/>\n<meta property=\"og:locale\" content=\"fr_FR\" \/>\n<meta property=\"og:type\" content=\"article\" \/>\n<meta property=\"og:title\" content=\"Politique : \u00ab\u00a0Le B\u00e9nin en Marche\u00a0\u00bb obtient enfin son r\u00e9c\u00e9piss\u00e9 d\u2019enregistrement\" \/>\n<meta property=\"og:description\" content=\"Rest\u00e9 coinc\u00e9 dans les tiroirs du ministre de l\u2019int\u00e9rieur et de la s\u00e9curit\u00e9, le dossier d\u2019enregistrement de \u00ab Le B\u00e9nin en ...\" \/>\n<meta property=\"og:url\" content=\"https:\/\/www.africa-press.net\/benin\/toutes-les-actualites\/politique-le-benin-en-marche-obtient-enfin-son-recepisse-denregistrement\" \/>\n<meta property=\"og:site_name\" content=\"B\u00e9nin\" \/>\n<meta property=\"article:published_time\" content=\"2022-07-29T21:28:47+00:00\" \/>\n<meta property=\"article:modified_time\" content=\"2022-07-29T21:49:53+00:00\" \/>\n<meta property=\"og:image\" content=\"https:\/\/static.africa-press.net\/benin\/sites\/46\/2022\/07\/postQueueImg_25-62e455edbc4c3.jpg\" \/>\n\t<meta property=\"og:image:width\" content=\"768\" \/>\n\t<meta property=\"og:image:height\" content=\"508\" \/>\n\t<meta property=\"og:image:type\" content=\"image\/jpeg\" \/>\n<meta name=\"author\" content=\"cfeditorfr\" \/>\n<meta name=\"twitter:card\" content=\"summary_large_image\" \/>\n<meta name=\"twitter:label1\" content=\"\u00c9crit par\" \/>\n\t<meta name=\"twitter:data1\" content=\"cfeditorfr\" \/>\n\t<meta name=\"twitter:label2\" content=\"Dur\u00e9e de lecture estim\u00e9e\" \/>\n\t<meta name=\"twitter:data2\" content=\"2 minutes\" \/>\n<script type=\"application\/ld+json\" class=\"yoast-schema-graph\">{\"@context\":\"https:\/\/schema.org\",\"@graph\":[{\"@type\":\"Article\",\"@id\":\"https:\/\/www.africa-press.net\/benin\/toutes-les-actualites\/politique-le-benin-en-marche-obtient-enfin-son-recepisse-denregistrement#article\",\"isPartOf\":{\"@id\":\"https:\/\/www.africa-press.net\/benin\/toutes-les-actualites\/politique-le-benin-en-marche-obtient-enfin-son-recepisse-denregistrement\"},\"author\":{\"name\":\"cfeditorfr\",\"@id\":\"https:\/\/www.africa-press.net\/benin\/#\/schema\/person\/2b1cf3cd81a31e3cd26889ca66d677f1\"},\"headline\":\"Politique : \u00ab\u00a0Le B\u00e9nin en Marche\u00a0\u00bb obtient enfin son r\u00e9c\u00e9piss\u00e9 d\u2019enregistrement\",\"datePublished\":\"2022-07-29T21:28:47+00:00\",\"dateModified\":\"2022-07-29T21:49:53+00:00\",\"mainEntityOfPage\":{\"@id\":\"https:\/\/www.africa-press.net\/benin\/toutes-les-actualites\/politique-le-benin-en-marche-obtient-enfin-son-recepisse-denregistrement\"},\"wordCount\":263,\"commentCount\":0,\"image\":{\"@id\":\"https:\/\/www.africa-press.net\/benin\/toutes-les-actualites\/politique-le-benin-en-marche-obtient-enfin-son-recepisse-denregistrement#primaryimage\"},\"thumbnailUrl\":\"https:\/\/static.africa-press.net\/benin\/sites\/46\/2022\/07\/postQueueImg_25-62e455edbc4c3.jpg\",\"keywords\":[\"Africa Press\",\"Africa Press-Benin\",\"B\u00e9nin\"],\"articleSection\":[\"Communaut\u00e9\",\"homepage-french\",\"Toutes les actualit\u00e9s\"],\"inLanguage\":\"fr-FR\",\"potentialAction\":[{\"@type\":\"CommentAction\",\"name\":\"Comment\",\"target\":[\"https:\/\/www.africa-press.net\/benin\/toutes-les-actualites\/politique-le-benin-en-marche-obtient-enfin-son-recepisse-denregistrement#respond\"]}]},{\"@type\":\"WebPage\",\"@id\":\"https:\/\/www.africa-press.net\/benin\/toutes-les-actualites\/politique-le-benin-en-marche-obtient-enfin-son-recepisse-denregistrement\",\"url\":\"https:\/\/www.africa-press.net\/benin\/toutes-les-actualites\/politique-le-benin-en-marche-obtient-enfin-son-recepisse-denregistrement\",\"name\":\"Politique : \u00ab\u00a0Le B\u00e9nin en Marche\u00a0\u00bb obtient enfin son r\u00e9c\u00e9piss\u00e9 d\u2019enregistrement - B\u00e9nin\",\"isPartOf\":{\"@id\":\"https:\/\/www.africa-press.net\/benin\/#website\"},\"primaryImageOfPage\":{\"@id\":\"https:\/\/www.africa-press.net\/benin\/toutes-les-actualites\/politique-le-benin-en-marche-obtient-enfin-son-recepisse-denregistrement#primaryimage\"},\"image\":{\"@id\":\"https:\/\/www.africa-press.net\/benin\/toutes-les-actualites\/politique-le-benin-en-marche-obtient-enfin-son-recepisse-denregistrement#primaryimage\"},\"thumbnailUrl\":\"https:\/\/static.africa-press.net\/benin\/sites\/46\/2022\/07\/postQueueImg_25-62e455edbc4c3.jpg\",\"datePublished\":\"2022-07-29T21:28:47+00:00\",\"dateModified\":\"2022-07-29T21:49:53+00:00\",\"author\":{\"@id\":\"https:\/\/www.africa-press.net\/benin\/#\/schema\/person\/2b1cf3cd81a31e3cd26889ca66d677f1\"},\"description\":\"Rest\u00e9 coinc\u00e9 dans les tiroirs du ministre de l\u2019int\u00e9rieur et de la s\u00e9curit\u00e9, le dossier d\u2019enregistrement de \u00ab Le B\u00e9nin en ...\",\"breadcrumb\":{\"@id\":\"https:\/\/www.africa-press.net\/benin\/toutes-les-actualites\/politique-le-benin-en-marche-obtient-enfin-son-recepisse-denregistrement#breadcrumb\"},\"inLanguage\":\"fr-FR\",\"potentialAction\":[{\"@type\":\"ReadAction\",\"target\":[\"https:\/\/www.africa-press.net\/benin\/toutes-les-actualites\/politique-le-benin-en-marche-obtient-enfin-son-recepisse-denregistrement\"]}]},{\"@type\":\"ImageObject\",\"inLanguage\":\"fr-FR\",\"@id\":\"https:\/\/www.africa-press.net\/benin\/toutes-les-actualites\/politique-le-benin-en-marche-obtient-enfin-son-recepisse-denregistrement#primaryimage\",\"url\":\"https:\/\/static.africa-press.net\/benin\/sites\/46\/2022\/07\/postQueueImg_25-62e455edbc4c3.jpg\",\"contentUrl\":\"https:\/\/static.africa-press.net\/benin\/sites\/46\/2022\/07\/postQueueImg_25-62e455edbc4c3.jpg\",\"width\":768,\"height\":508,\"caption\":\"Politique : \u00ab\u00a0Le B\u00e9nin en Marche\u00a0\u00bb obtient enfin son r\u00e9c\u00e9piss\u00e9 d\u2019enregistrement\"},{\"@type\":\"BreadcrumbList\",\"@id\":\"https:\/\/www.africa-press.net\/benin\/toutes-les-actualites\/politique-le-benin-en-marche-obtient-enfin-son-recepisse-denregistrement#breadcrumb\",\"itemListElement\":[{\"@type\":\"ListItem\",\"position\":1,\"name\":\"Accueil\",\"item\":\"https:\/\/www.africa-press.net\/benin\/\"},{\"@type\":\"ListItem\",\"position\":2,\"name\":\"Politique : \u00ab\u00a0Le B\u00e9nin en Marche\u00a0\u00bb obtient enfin son r\u00e9c\u00e9piss\u00e9 d\u2019enregistrement\"}]},{\"@type\":\"WebSite\",\"@id\":\"https:\/\/www.africa-press.net\/benin\/#website\",\"url\":\"https:\/\/www.africa-press.net\/benin\/\",\"name\":\"B\u00e9nin\",\"description\":\"Just another Africa News Agency Sites site\",\"potentialAction\":[{\"@type\":\"SearchAction\",\"target\":{\"@type\":\"EntryPoint\",\"urlTemplate\":\"https:\/\/www.africa-press.net\/benin\/?s={search_term_string}\"},\"query-input\":{\"@type\":\"PropertyValueSpecification\",\"valueRequired\":true,\"valueName\":\"search_term_string\"}}],\"inLanguage\":\"fr-FR\"},{\"@type\":\"Person\",\"@id\":\"https:\/\/www.africa-press.net\/benin\/#\/schema\/person\/2b1cf3cd81a31e3cd26889ca66d677f1\",\"name\":\"cfeditorfr\"}]}<\/script>\n<!-- \/ Yoast SEO Premium plugin. -->","yoast_head_json":{"title":"Politique : \u00ab\u00a0Le B\u00e9nin en Marche\u00a0\u00bb obtient enfin son r\u00e9c\u00e9piss\u00e9 d\u2019enregistrement - B\u00e9nin","description":"Rest\u00e9 coinc\u00e9 dans les tiroirs du ministre de l\u2019int\u00e9rieur et de la s\u00e9curit\u00e9, le dossier d\u2019enregistrement de \u00ab Le B\u00e9nin en ...","robots":{"index":"index","follow":"follow","max-snippet":"max-snippet:-1","max-image-preview":"max-image-preview:large","max-video-preview":"max-video-preview:-1"},"canonical":"https:\/\/www.africa-press.net\/benin\/toutes-les-actualites\/politique-le-benin-en-marche-obtient-enfin-son-recepisse-denregistrement","og_locale":"fr_FR","og_type":"article","og_title":"Politique : \u00ab\u00a0Le B\u00e9nin en Marche\u00a0\u00bb obtient enfin son r\u00e9c\u00e9piss\u00e9 d\u2019enregistrement","og_description":"Rest\u00e9 coinc\u00e9 dans les tiroirs du ministre de l\u2019int\u00e9rieur et de la s\u00e9curit\u00e9, le dossier d\u2019enregistrement de \u00ab Le B\u00e9nin en ...","og_url":"https:\/\/www.africa-press.net\/benin\/toutes-les-actualites\/politique-le-benin-en-marche-obtient-enfin-son-recepisse-denregistrement","og_site_name":"B\u00e9nin","article_published_time":"2022-07-29T21:28:47+00:00","article_modified_time":"2022-07-29T21:49:53+00:00","og_image":[{"width":768,"height":508,"url":"https:\/\/static.africa-press.net\/benin\/sites\/46\/2022\/07\/postQueueImg_25-62e455edbc4c3.jpg","type":"image\/jpeg"}],"author":"cfeditorfr","twitter_card":"summary_large_image","twitter_misc":{"\u00c9crit par":"cfeditorfr","Dur\u00e9e de lecture estim\u00e9e":"2 minutes"},"schema":{"@context":"https:\/\/schema.org","@graph":[{"@type":"Article","@id":"https:\/\/www.africa-press.net\/benin\/toutes-les-actualites\/politique-le-benin-en-marche-obtient-enfin-son-recepisse-denregistrement#article","isPartOf":{"@id":"https:\/\/www.africa-press.net\/benin\/toutes-les-actualites\/politique-le-benin-en-marche-obtient-enfin-son-recepisse-denregistrement"},"author":{"name":"cfeditorfr","@id":"https:\/\/www.africa-press.net\/benin\/#\/schema\/person\/2b1cf3cd81a31e3cd26889ca66d677f1"},"headline":"Politique : \u00ab\u00a0Le B\u00e9nin en Marche\u00a0\u00bb obtient enfin son r\u00e9c\u00e9piss\u00e9 d\u2019enregistrement","datePublished":"2022-07-29T21:28:47+00:00","dateModified":"2022-07-29T21:49:53+00:00","mainEntityOfPage":{"@id":"https:\/\/www.africa-press.net\/benin\/toutes-les-actualites\/politique-le-benin-en-marche-obtient-enfin-son-recepisse-denregistrement"},"wordCount":263,"commentCount":0,"image":{"@id":"https:\/\/www.africa-press.net\/benin\/toutes-les-actualites\/politique-le-benin-en-marche-obtient-enfin-son-recepisse-denregistrement#primaryimage"},"thumbnailUrl":"https:\/\/static.africa-press.net\/benin\/sites\/46\/2022\/07\/postQueueImg_25-62e455edbc4c3.jpg","keywords":["Africa Press","Africa Press-Benin","B\u00e9nin"],"articleSection":["Communaut\u00e9","homepage-french","Toutes les actualit\u00e9s"],"inLanguage":"fr-FR","potentialAction":[{"@type":"CommentAction","name":"Comment","target":["https:\/\/www.africa-press.net\/benin\/toutes-les-actualites\/politique-le-benin-en-marche-obtient-enfin-son-recepisse-denregistrement#respond"]}]},{"@type":"WebPage","@id":"https:\/\/www.africa-press.net\/benin\/toutes-les-actualites\/politique-le-benin-en-marche-obtient-enfin-son-recepisse-denregistrement","url":"https:\/\/www.africa-press.net\/benin\/toutes-les-actualites\/politique-le-benin-en-marche-obtient-enfin-son-recepisse-denregistrement","name":"Politique : \u00ab\u00a0Le B\u00e9nin en Marche\u00a0\u00bb obtient enfin son r\u00e9c\u00e9piss\u00e9 d\u2019enregistrement - B\u00e9nin","isPartOf":{"@id":"https:\/\/www.africa-press.net\/benin\/#website"},"primaryImageOfPage":{"@id":"https:\/\/www.africa-press.net\/benin\/toutes-les-actualites\/politique-le-benin-en-marche-obtient-enfin-son-recepisse-denregistrement#primaryimage"},"image":{"@id":"https:\/\/www.africa-press.net\/benin\/toutes-les-actualites\/politique-le-benin-en-marche-obtient-enfin-son-recepisse-denregistrement#primaryimage"},"thumbnailUrl":"https:\/\/static.africa-press.net\/benin\/sites\/46\/2022\/07\/postQueueImg_25-62e455edbc4c3.jpg","datePublished":"2022-07-29T21:28:47+00:00","dateModified":"2022-07-29T21:49:53+00:00","author":{"@id":"https:\/\/www.africa-press.net\/benin\/#\/schema\/person\/2b1cf3cd81a31e3cd26889ca66d677f1"},"description":"Rest\u00e9 coinc\u00e9 dans les tiroirs du ministre de l\u2019int\u00e9rieur et de la s\u00e9curit\u00e9, le dossier d\u2019enregistrement de \u00ab Le B\u00e9nin en ...","breadcrumb":{"@id":"https:\/\/www.africa-press.net\/benin\/toutes-les-actualites\/politique-le-benin-en-marche-obtient-enfin-son-recepisse-denregistrement#breadcrumb"},"inLanguage":"fr-FR","potentialAction":[{"@type":"ReadAction","target":["https:\/\/www.africa-press.net\/benin\/toutes-les-actualites\/politique-le-benin-en-marche-obtient-enfin-son-recepisse-denregistrement"]}]},{"@type":"ImageObject","inLanguage":"fr-FR","@id":"https:\/\/www.africa-press.net\/benin\/toutes-les-actualites\/politique-le-benin-en-marche-obtient-enfin-son-recepisse-denregistrement#primaryimage","url":"https:\/\/static.africa-press.net\/benin\/sites\/46\/2022\/07\/postQueueImg_25-62e455edbc4c3.jpg","contentUrl":"https:\/\/static.africa-press.net\/benin\/sites\/46\/2022\/07\/postQueueImg_25-62e455edbc4c3.jpg","width":768,"height":508,"caption":"Politique : \u00ab\u00a0Le B\u00e9nin en Marche\u00a0\u00bb obtient enfin son r\u00e9c\u00e9piss\u00e9 d\u2019enregistrement"},{"@type":"BreadcrumbList","@id":"https:\/\/www.africa-press.net\/benin\/toutes-les-actualites\/politique-le-benin-en-marche-obtient-enfin-son-recepisse-denregistrement#breadcrumb","itemListElement":[{"@type":"ListItem","position":1,"name":"Accueil","item":"https:\/\/www.africa-press.net\/benin\/"},{"@type":"ListItem","position":2,"name":"Politique : \u00ab\u00a0Le B\u00e9nin en Marche\u00a0\u00bb obtient enfin son r\u00e9c\u00e9piss\u00e9 d\u2019enregistrement"}]},{"@type":"WebSite","@id":"https:\/\/www.africa-press.net\/benin\/#website","url":"https:\/\/www.africa-press.net\/benin\/","name":"B\u00e9nin","description":"Just another Africa News Agency Sites site","potentialAction":[{"@type":"SearchAction","target":{"@type":"EntryPoint","urlTemplate":"https:\/\/www.africa-press.net\/benin\/?s={search_term_string}"},"query-input":{"@type":"PropertyValueSpecification","valueRequired":true,"valueName":"search_term_string"}}],"inLanguage":"fr-FR"},{"@type":"Person","@id":"https:\/\/www.africa-press.net\/benin\/#\/schema\/person\/2b1cf3cd81a31e3cd26889ca66d677f1","name":"cfeditorfr"}]}},"_links":{"self":[{"href":"https:\/\/www.africa-press.net\/benin\/wp-json\/wp\/v2\/posts\/7384","targetHints":{"allow":["GET"]}}],"collection":[{"href":"https:\/\/www.africa-press.net\/benin\/wp-json\/wp\/v2\/posts"}],"about":[{"href":"https:\/\/www.africa-press.net\/benin\/wp-json\/wp\/v2\/types\/post"}],"author":[{"embeddable":true,"href":"https:\/\/www.africa-press.net\/benin\/wp-json\/wp\/v2\/users\/82"}],"replies":[{"embeddable":true,"href":"https:\/\/www.africa-press.net\/benin\/wp-json\/wp\/v2\/comments?post=7384"}],"version-history":[{"count":0,"href":"https:\/\/www.africa-press.net\/benin\/wp-json\/wp\/v2\/posts\/7384\/revisions"}],"wp:featuredmedia":[{"embeddable":true,"href":"https:\/\/www.africa-press.net\/benin\/wp-json\/wp\/v2\/media\/7383"}],"wp:attachment":[{"href":"https:\/\/www.africa-press.net\/benin\/wp-json\/wp\/v2\/media?parent=7384"}],"wp:term":[{"taxonomy":"category","embeddable":true,"href":"https:\/\/www.africa-press.net\/benin\/wp-json\/wp\/v2\/categories?post=7384"},{"taxonomy":"post_tag","embeddable":true,"href":"https:\/\/www.africa-press.net\/benin\/wp-json\/wp\/v2\/tags?post=7384"}],"curies":[{"name":"wp","href":"https:\/\/api.w.org\/{rel}","templated":true}]}}