{"id":7393,"date":"2022-07-30T15:36:14","date_gmt":"2022-07-30T15:36:14","guid":{"rendered":"https:\/\/www.africa-press.net\/benin\/politique\/benin-criet-10-agents-de-tiens-ds-com-deposes-en-prison"},"modified":"2022-07-30T15:45:07","modified_gmt":"2022-07-30T15:45:07","slug":"benin-criet-10-agents-de-tiens-ds-com-deposes-en-prison","status":"publish","type":"post","link":"https:\/\/www.africa-press.net\/benin\/toutes-les-actualites\/benin-criet-10-agents-de-tiens-ds-com-deposes-en-prison","title":{"rendered":"B\u00e9nin \u2013 Criet: 10 agents de Tiens DS Com d\u00e9pos\u00e9s en prison"},"content":{"rendered":"<p><span style=\"color: #ff6600\"><strong>Africa-Press &#8211; Benin. <\/strong><\/span>Les agents et responsables de la structure Tiens DS Com interpell\u00e9s, ont \u00e9t\u00e9 pr\u00e9sent\u00e9s au Procureur sp\u00e9cial de la Cour de r\u00e9pression des infractions \u00e9conomiques et du terrorisme (Criet) ce vendredi. Apr\u00e8s avoir \u00e9cout\u00e9 les int\u00e9ress\u00e9s, le Procureur a d\u00e9cid\u00e9 de les mettre sous mandat de d\u00e9p\u00f4t.<\/p>\n<p>Sur les 45 personnes arr\u00eat\u00e9es dans le dossier \u00ab Tiens DS Com \u00bb, 10 ont \u00e9t\u00e9 plac\u00e9es en d\u00e9tention provisoire ce vendredi 29 juillet 2022. L\u2019\u00e9pouse du promoteur figure dans le lot des personnes d\u00e9pos\u00e9es. Le promoteur lui-m\u00eame, est hors du territoire national.<\/p>\n<p>La police est intervenue au si\u00e8ge de la structure \u00e0 Agla suite \u00e0 la multiplication des plaintes et d\u00e9nonciations. Tiens DS Com m\u00e8ne des activit\u00e9s qui se raprochent d\u2019une collecte publique de fonds. Selon les t\u00e9moignages, le mode op\u00e9ratoire serait semblable \u00e0 celui de ICC-Services. Un fort taux d\u2019int\u00e9r\u00eat est promis aux d\u00e9posants pour les app\u00e2ter.<\/p>\n<p>Pour convaincre les sceptiques de l\u2019efficacit\u00e9 de leur syst\u00e8me, les responsables de Tiens DS Com s\u2019exhibent dans un luxe insolent. L\u2019objectif est de montrer aux \u00ab potentiels victimes \u00bb qu\u2019avec Tiens DS Com la richesse est assur\u00e9e. Mais \u00e0 y voir de pr\u00e8s, c\u2019est du simplement du r\u00eave qu\u2019ils vendent aux populations, notamment les jeunes gens.<\/p>\n<p><strong>Pour plus d&rsquo;informations et d&rsquo;analyses sur la <a href=\"https:\/\/www.africa-press.net\/benin\">Benin<\/a>, suivez <a href=\"https:\/\/www.africa-press.net\/\">Africa-Press<\/a><\/strong><\/p>\n","protected":false},"excerpt":{"rendered":"<p>Africa-Press &#8211; Benin. Les agents et responsables de la structure Tiens DS Com interpell\u00e9s, ont \u00e9t\u00e9 pr\u00e9sent\u00e9s au Procureur sp\u00e9cial de la Cour de r\u00e9pression des infractions \u00e9conomiques et du terrorisme (Criet) ce vendredi. Apr\u00e8s avoir \u00e9cout\u00e9 les int\u00e9ress\u00e9s, le Procureur a d\u00e9cid\u00e9 de les mettre sous mandat de d\u00e9p\u00f4t. Sur les 45 personnes arr\u00eat\u00e9es [&hellip;]<\/p>\n","protected":false},"author":82,"featured_media":7392,"comment_status":"open","ping_status":"closed","sticky":false,"template":"","format":"standard","meta":{"footnotes":""},"categories":[21,11,10],"tags":[36,50,45],"class_list":["post-7393","post","type-post","status-publish","format-standard","has-post-thumbnail","hentry","category-communaute","category-homepage-french","category-toutes-les-actualites","tag-africa-press","tag-africa-press-benin","tag-benin"],"yoast_head":"<!-- This site is optimized with the Yoast SEO Premium plugin v26.1 (Yoast SEO v27.0) - https:\/\/yoast.com\/product\/yoast-seo-premium-wordpress\/ -->\n<title>B\u00e9nin \u2013 Criet: 10 agents de Tiens DS Com d\u00e9pos\u00e9s en prison - B\u00e9nin<\/title>\n<meta name=\"description\" content=\"Les agents et responsables de la structure Tiens DS Com interpell\u00e9s, ont \u00e9t\u00e9 pr\u00e9sent\u00e9s au Procureur sp\u00e9cial de la Cour d ...\" \/>\n<meta name=\"robots\" content=\"index, follow, max-snippet:-1, max-image-preview:large, max-video-preview:-1\" \/>\n<link rel=\"canonical\" href=\"https:\/\/www.africa-press.net\/benin\/toutes-les-actualites\/benin-criet-10-agents-de-tiens-ds-com-deposes-en-prison\" \/>\n<meta property=\"og:locale\" content=\"fr_FR\" \/>\n<meta property=\"og:type\" content=\"article\" \/>\n<meta property=\"og:title\" content=\"B\u00e9nin \u2013 Criet: 10 agents de Tiens DS Com d\u00e9pos\u00e9s en prison\" \/>\n<meta property=\"og:description\" content=\"Les agents et responsables de la structure Tiens DS Com interpell\u00e9s, ont \u00e9t\u00e9 pr\u00e9sent\u00e9s au Procureur sp\u00e9cial de la Cour d ...\" \/>\n<meta property=\"og:url\" content=\"https:\/\/www.africa-press.net\/benin\/toutes-les-actualites\/benin-criet-10-agents-de-tiens-ds-com-deposes-en-prison\" \/>\n<meta property=\"og:site_name\" content=\"B\u00e9nin\" \/>\n<meta property=\"article:published_time\" content=\"2022-07-30T15:36:14+00:00\" \/>\n<meta property=\"article:modified_time\" content=\"2022-07-30T15:45:07+00:00\" \/>\n<meta property=\"og:image\" content=\"https:\/\/static.africa-press.net\/benin\/sites\/46\/2022\/07\/postQueueImg_11-62e551e58d5c9.jpg\" \/>\n\t<meta property=\"og:image:width\" content=\"1200\" \/>\n\t<meta property=\"og:image:height\" content=\"675\" \/>\n\t<meta property=\"og:image:type\" content=\"image\/jpeg\" \/>\n<meta name=\"author\" content=\"cfeditorfr\" \/>\n<meta name=\"twitter:card\" content=\"summary_large_image\" \/>\n<meta name=\"twitter:label1\" content=\"\u00c9crit par\" \/>\n\t<meta name=\"twitter:data1\" content=\"cfeditorfr\" \/>\n\t<meta name=\"twitter:label2\" content=\"Dur\u00e9e de lecture estim\u00e9e\" \/>\n\t<meta name=\"twitter:data2\" content=\"2 minutes\" \/>\n<script type=\"application\/ld+json\" class=\"yoast-schema-graph\">{\"@context\":\"https:\/\/schema.org\",\"@graph\":[{\"@type\":\"Article\",\"@id\":\"https:\/\/www.africa-press.net\/benin\/toutes-les-actualites\/benin-criet-10-agents-de-tiens-ds-com-deposes-en-prison#article\",\"isPartOf\":{\"@id\":\"https:\/\/www.africa-press.net\/benin\/toutes-les-actualites\/benin-criet-10-agents-de-tiens-ds-com-deposes-en-prison\"},\"author\":{\"name\":\"cfeditorfr\",\"@id\":\"https:\/\/www.africa-press.net\/benin\/#\/schema\/person\/2b1cf3cd81a31e3cd26889ca66d677f1\"},\"headline\":\"B\u00e9nin \u2013 Criet: 10 agents de Tiens DS Com d\u00e9pos\u00e9s en prison\",\"datePublished\":\"2022-07-30T15:36:14+00:00\",\"dateModified\":\"2022-07-30T15:45:07+00:00\",\"mainEntityOfPage\":{\"@id\":\"https:\/\/www.africa-press.net\/benin\/toutes-les-actualites\/benin-criet-10-agents-de-tiens-ds-com-deposes-en-prison\"},\"wordCount\":259,\"commentCount\":0,\"image\":{\"@id\":\"https:\/\/www.africa-press.net\/benin\/toutes-les-actualites\/benin-criet-10-agents-de-tiens-ds-com-deposes-en-prison#primaryimage\"},\"thumbnailUrl\":\"https:\/\/static.africa-press.net\/benin\/sites\/46\/2022\/07\/postQueueImg_11-62e551e58d5c9.jpg\",\"keywords\":[\"Africa Press\",\"Africa Press-Benin\",\"B\u00e9nin\"],\"articleSection\":[\"Communaut\u00e9\",\"homepage-french\",\"Toutes les actualit\u00e9s\"],\"inLanguage\":\"fr-FR\",\"potentialAction\":[{\"@type\":\"CommentAction\",\"name\":\"Comment\",\"target\":[\"https:\/\/www.africa-press.net\/benin\/toutes-les-actualites\/benin-criet-10-agents-de-tiens-ds-com-deposes-en-prison#respond\"]}]},{\"@type\":\"WebPage\",\"@id\":\"https:\/\/www.africa-press.net\/benin\/toutes-les-actualites\/benin-criet-10-agents-de-tiens-ds-com-deposes-en-prison\",\"url\":\"https:\/\/www.africa-press.net\/benin\/toutes-les-actualites\/benin-criet-10-agents-de-tiens-ds-com-deposes-en-prison\",\"name\":\"B\u00e9nin \u2013 Criet: 10 agents de Tiens DS Com d\u00e9pos\u00e9s en prison - B\u00e9nin\",\"isPartOf\":{\"@id\":\"https:\/\/www.africa-press.net\/benin\/#website\"},\"primaryImageOfPage\":{\"@id\":\"https:\/\/www.africa-press.net\/benin\/toutes-les-actualites\/benin-criet-10-agents-de-tiens-ds-com-deposes-en-prison#primaryimage\"},\"image\":{\"@id\":\"https:\/\/www.africa-press.net\/benin\/toutes-les-actualites\/benin-criet-10-agents-de-tiens-ds-com-deposes-en-prison#primaryimage\"},\"thumbnailUrl\":\"https:\/\/static.africa-press.net\/benin\/sites\/46\/2022\/07\/postQueueImg_11-62e551e58d5c9.jpg\",\"datePublished\":\"2022-07-30T15:36:14+00:00\",\"dateModified\":\"2022-07-30T15:45:07+00:00\",\"author\":{\"@id\":\"https:\/\/www.africa-press.net\/benin\/#\/schema\/person\/2b1cf3cd81a31e3cd26889ca66d677f1\"},\"description\":\"Les agents et responsables de la structure Tiens DS Com interpell\u00e9s, ont \u00e9t\u00e9 pr\u00e9sent\u00e9s au Procureur sp\u00e9cial de la Cour d ...\",\"breadcrumb\":{\"@id\":\"https:\/\/www.africa-press.net\/benin\/toutes-les-actualites\/benin-criet-10-agents-de-tiens-ds-com-deposes-en-prison#breadcrumb\"},\"inLanguage\":\"fr-FR\",\"potentialAction\":[{\"@type\":\"ReadAction\",\"target\":[\"https:\/\/www.africa-press.net\/benin\/toutes-les-actualites\/benin-criet-10-agents-de-tiens-ds-com-deposes-en-prison\"]}]},{\"@type\":\"ImageObject\",\"inLanguage\":\"fr-FR\",\"@id\":\"https:\/\/www.africa-press.net\/benin\/toutes-les-actualites\/benin-criet-10-agents-de-tiens-ds-com-deposes-en-prison#primaryimage\",\"url\":\"https:\/\/static.africa-press.net\/benin\/sites\/46\/2022\/07\/postQueueImg_11-62e551e58d5c9.jpg\",\"contentUrl\":\"https:\/\/static.africa-press.net\/benin\/sites\/46\/2022\/07\/postQueueImg_11-62e551e58d5c9.jpg\",\"width\":1200,\"height\":675,\"caption\":\"B\u00e9nin \u2013 Criet: 10 agents de Tiens DS Com d\u00e9pos\u00e9s en prison\"},{\"@type\":\"BreadcrumbList\",\"@id\":\"https:\/\/www.africa-press.net\/benin\/toutes-les-actualites\/benin-criet-10-agents-de-tiens-ds-com-deposes-en-prison#breadcrumb\",\"itemListElement\":[{\"@type\":\"ListItem\",\"position\":1,\"name\":\"Accueil\",\"item\":\"https:\/\/www.africa-press.net\/benin\/\"},{\"@type\":\"ListItem\",\"position\":2,\"name\":\"B\u00e9nin \u2013 Criet: 10 agents de Tiens DS Com d\u00e9pos\u00e9s en prison\"}]},{\"@type\":\"WebSite\",\"@id\":\"https:\/\/www.africa-press.net\/benin\/#website\",\"url\":\"https:\/\/www.africa-press.net\/benin\/\",\"name\":\"B\u00e9nin\",\"description\":\"Just another Africa News Agency Sites site\",\"potentialAction\":[{\"@type\":\"SearchAction\",\"target\":{\"@type\":\"EntryPoint\",\"urlTemplate\":\"https:\/\/www.africa-press.net\/benin\/?s={search_term_string}\"},\"query-input\":{\"@type\":\"PropertyValueSpecification\",\"valueRequired\":true,\"valueName\":\"search_term_string\"}}],\"inLanguage\":\"fr-FR\"},{\"@type\":\"Person\",\"@id\":\"https:\/\/www.africa-press.net\/benin\/#\/schema\/person\/2b1cf3cd81a31e3cd26889ca66d677f1\",\"name\":\"cfeditorfr\"}]}<\/script>\n<!-- \/ Yoast SEO Premium plugin. -->","yoast_head_json":{"title":"B\u00e9nin \u2013 Criet: 10 agents de Tiens DS Com d\u00e9pos\u00e9s en prison - B\u00e9nin","description":"Les agents et responsables de la structure Tiens DS Com interpell\u00e9s, ont \u00e9t\u00e9 pr\u00e9sent\u00e9s au Procureur sp\u00e9cial de la Cour d ...","robots":{"index":"index","follow":"follow","max-snippet":"max-snippet:-1","max-image-preview":"max-image-preview:large","max-video-preview":"max-video-preview:-1"},"canonical":"https:\/\/www.africa-press.net\/benin\/toutes-les-actualites\/benin-criet-10-agents-de-tiens-ds-com-deposes-en-prison","og_locale":"fr_FR","og_type":"article","og_title":"B\u00e9nin \u2013 Criet: 10 agents de Tiens DS Com d\u00e9pos\u00e9s en prison","og_description":"Les agents et responsables de la structure Tiens DS Com interpell\u00e9s, ont \u00e9t\u00e9 pr\u00e9sent\u00e9s au Procureur sp\u00e9cial de la Cour d ...","og_url":"https:\/\/www.africa-press.net\/benin\/toutes-les-actualites\/benin-criet-10-agents-de-tiens-ds-com-deposes-en-prison","og_site_name":"B\u00e9nin","article_published_time":"2022-07-30T15:36:14+00:00","article_modified_time":"2022-07-30T15:45:07+00:00","og_image":[{"width":1200,"height":675,"url":"https:\/\/static.africa-press.net\/benin\/sites\/46\/2022\/07\/postQueueImg_11-62e551e58d5c9.jpg","type":"image\/jpeg"}],"author":"cfeditorfr","twitter_card":"summary_large_image","twitter_misc":{"\u00c9crit par":"cfeditorfr","Dur\u00e9e de lecture estim\u00e9e":"2 minutes"},"schema":{"@context":"https:\/\/schema.org","@graph":[{"@type":"Article","@id":"https:\/\/www.africa-press.net\/benin\/toutes-les-actualites\/benin-criet-10-agents-de-tiens-ds-com-deposes-en-prison#article","isPartOf":{"@id":"https:\/\/www.africa-press.net\/benin\/toutes-les-actualites\/benin-criet-10-agents-de-tiens-ds-com-deposes-en-prison"},"author":{"name":"cfeditorfr","@id":"https:\/\/www.africa-press.net\/benin\/#\/schema\/person\/2b1cf3cd81a31e3cd26889ca66d677f1"},"headline":"B\u00e9nin \u2013 Criet: 10 agents de Tiens DS Com d\u00e9pos\u00e9s en prison","datePublished":"2022-07-30T15:36:14+00:00","dateModified":"2022-07-30T15:45:07+00:00","mainEntityOfPage":{"@id":"https:\/\/www.africa-press.net\/benin\/toutes-les-actualites\/benin-criet-10-agents-de-tiens-ds-com-deposes-en-prison"},"wordCount":259,"commentCount":0,"image":{"@id":"https:\/\/www.africa-press.net\/benin\/toutes-les-actualites\/benin-criet-10-agents-de-tiens-ds-com-deposes-en-prison#primaryimage"},"thumbnailUrl":"https:\/\/static.africa-press.net\/benin\/sites\/46\/2022\/07\/postQueueImg_11-62e551e58d5c9.jpg","keywords":["Africa Press","Africa Press-Benin","B\u00e9nin"],"articleSection":["Communaut\u00e9","homepage-french","Toutes les actualit\u00e9s"],"inLanguage":"fr-FR","potentialAction":[{"@type":"CommentAction","name":"Comment","target":["https:\/\/www.africa-press.net\/benin\/toutes-les-actualites\/benin-criet-10-agents-de-tiens-ds-com-deposes-en-prison#respond"]}]},{"@type":"WebPage","@id":"https:\/\/www.africa-press.net\/benin\/toutes-les-actualites\/benin-criet-10-agents-de-tiens-ds-com-deposes-en-prison","url":"https:\/\/www.africa-press.net\/benin\/toutes-les-actualites\/benin-criet-10-agents-de-tiens-ds-com-deposes-en-prison","name":"B\u00e9nin \u2013 Criet: 10 agents de Tiens DS Com d\u00e9pos\u00e9s en prison - B\u00e9nin","isPartOf":{"@id":"https:\/\/www.africa-press.net\/benin\/#website"},"primaryImageOfPage":{"@id":"https:\/\/www.africa-press.net\/benin\/toutes-les-actualites\/benin-criet-10-agents-de-tiens-ds-com-deposes-en-prison#primaryimage"},"image":{"@id":"https:\/\/www.africa-press.net\/benin\/toutes-les-actualites\/benin-criet-10-agents-de-tiens-ds-com-deposes-en-prison#primaryimage"},"thumbnailUrl":"https:\/\/static.africa-press.net\/benin\/sites\/46\/2022\/07\/postQueueImg_11-62e551e58d5c9.jpg","datePublished":"2022-07-30T15:36:14+00:00","dateModified":"2022-07-30T15:45:07+00:00","author":{"@id":"https:\/\/www.africa-press.net\/benin\/#\/schema\/person\/2b1cf3cd81a31e3cd26889ca66d677f1"},"description":"Les agents et responsables de la structure Tiens DS Com interpell\u00e9s, ont \u00e9t\u00e9 pr\u00e9sent\u00e9s au Procureur sp\u00e9cial de la Cour d ...","breadcrumb":{"@id":"https:\/\/www.africa-press.net\/benin\/toutes-les-actualites\/benin-criet-10-agents-de-tiens-ds-com-deposes-en-prison#breadcrumb"},"inLanguage":"fr-FR","potentialAction":[{"@type":"ReadAction","target":["https:\/\/www.africa-press.net\/benin\/toutes-les-actualites\/benin-criet-10-agents-de-tiens-ds-com-deposes-en-prison"]}]},{"@type":"ImageObject","inLanguage":"fr-FR","@id":"https:\/\/www.africa-press.net\/benin\/toutes-les-actualites\/benin-criet-10-agents-de-tiens-ds-com-deposes-en-prison#primaryimage","url":"https:\/\/static.africa-press.net\/benin\/sites\/46\/2022\/07\/postQueueImg_11-62e551e58d5c9.jpg","contentUrl":"https:\/\/static.africa-press.net\/benin\/sites\/46\/2022\/07\/postQueueImg_11-62e551e58d5c9.jpg","width":1200,"height":675,"caption":"B\u00e9nin \u2013 Criet: 10 agents de Tiens DS Com d\u00e9pos\u00e9s en prison"},{"@type":"BreadcrumbList","@id":"https:\/\/www.africa-press.net\/benin\/toutes-les-actualites\/benin-criet-10-agents-de-tiens-ds-com-deposes-en-prison#breadcrumb","itemListElement":[{"@type":"ListItem","position":1,"name":"Accueil","item":"https:\/\/www.africa-press.net\/benin\/"},{"@type":"ListItem","position":2,"name":"B\u00e9nin \u2013 Criet: 10 agents de Tiens DS Com d\u00e9pos\u00e9s en prison"}]},{"@type":"WebSite","@id":"https:\/\/www.africa-press.net\/benin\/#website","url":"https:\/\/www.africa-press.net\/benin\/","name":"B\u00e9nin","description":"Just another Africa News Agency Sites site","potentialAction":[{"@type":"SearchAction","target":{"@type":"EntryPoint","urlTemplate":"https:\/\/www.africa-press.net\/benin\/?s={search_term_string}"},"query-input":{"@type":"PropertyValueSpecification","valueRequired":true,"valueName":"search_term_string"}}],"inLanguage":"fr-FR"},{"@type":"Person","@id":"https:\/\/www.africa-press.net\/benin\/#\/schema\/person\/2b1cf3cd81a31e3cd26889ca66d677f1","name":"cfeditorfr"}]}},"_links":{"self":[{"href":"https:\/\/www.africa-press.net\/benin\/wp-json\/wp\/v2\/posts\/7393","targetHints":{"allow":["GET"]}}],"collection":[{"href":"https:\/\/www.africa-press.net\/benin\/wp-json\/wp\/v2\/posts"}],"about":[{"href":"https:\/\/www.africa-press.net\/benin\/wp-json\/wp\/v2\/types\/post"}],"author":[{"embeddable":true,"href":"https:\/\/www.africa-press.net\/benin\/wp-json\/wp\/v2\/users\/82"}],"replies":[{"embeddable":true,"href":"https:\/\/www.africa-press.net\/benin\/wp-json\/wp\/v2\/comments?post=7393"}],"version-history":[{"count":0,"href":"https:\/\/www.africa-press.net\/benin\/wp-json\/wp\/v2\/posts\/7393\/revisions"}],"wp:featuredmedia":[{"embeddable":true,"href":"https:\/\/www.africa-press.net\/benin\/wp-json\/wp\/v2\/media\/7392"}],"wp:attachment":[{"href":"https:\/\/www.africa-press.net\/benin\/wp-json\/wp\/v2\/media?parent=7393"}],"wp:term":[{"taxonomy":"category","embeddable":true,"href":"https:\/\/www.africa-press.net\/benin\/wp-json\/wp\/v2\/categories?post=7393"},{"taxonomy":"post_tag","embeddable":true,"href":"https:\/\/www.africa-press.net\/benin\/wp-json\/wp\/v2\/tags?post=7393"}],"curies":[{"name":"wp","href":"https:\/\/api.w.org\/{rel}","templated":true}]}}