{"id":7396,"date":"2022-07-30T15:36:21","date_gmt":"2022-07-30T15:36:21","guid":{"rendered":"https:\/\/www.africa-press.net\/benin\/politique\/decrispation-au-benin-nicephore-soglo-se-rejouit-des-efforts-de-patrice-talon"},"modified":"2022-07-30T15:45:42","modified_gmt":"2022-07-30T15:45:42","slug":"decrispation-au-benin-nicephore-soglo-se-rejouit-des-efforts-de-patrice-talon","status":"publish","type":"post","link":"https:\/\/www.africa-press.net\/benin\/politique\/decrispation-au-benin-nicephore-soglo-se-rejouit-des-efforts-de-patrice-talon","title":{"rendered":"D\u00e9crispation au B\u00e9nin: Nic\u00e9phore Soglo se r\u00e9jouit des efforts de Patrice Talon"},"content":{"rendered":"<p><span style=\"color: #ff6600\"><strong>Africa-Press &#8211; Benin. <\/strong><\/span>L\u2019ancien pr\u00e9sident de la R\u00e9publique Nic\u00e9phore Dieudonn\u00e9 Soglo a salu\u00e9 les efforts de Patrice Talon pour la d\u00e9crispation de la crise politique. Dans un message adress\u00e9 au B\u00e9ninois \u00e0 l\u2019occasion de la f\u00eate du 1er ao\u00fbt 2022, il s\u2019est r\u00e9jouit de la lib\u00e9ration de certains acteurs politiques, mais invite le Chef de l\u2019\u00c9tat \u00e0 faire plus.<\/p>\n<p>A la veille du 62e anniversaire de l\u2019accession du B\u00e9nin \u00e0 la souverainet\u00e9 internationale, l\u2019ex-pr\u00e9sident Nic\u00e9phore Dieudonn\u00e9 Soglo note un l\u00e9ger changement positif dans la r\u00e9solution de la crise politique. Il se r\u00e9jouit des efforts fournis par le pr\u00e9sident Patrice Talon dans ce sens, mais esp\u00e8re plus d\u2019actions pour une d\u00e9crispation totale de la situation socio-\u00e9conomique qui secoue le pays depuis les l\u00e9gislatives d\u2019avril 2019.<\/p>\n<p>Sous r\u00e9serve de la lib\u00e9ration des autres personnalit\u00e9s et acteurs politiques encore en prison dont les plus embl\u00e9matiques, le ministre Reckya Madougou, le professeur Jo\u00ebl A\u00efvo, le syndicaliste Laurent M\u00e8tongnon et consorts, je me r\u00e9jouis de la lib\u00e9ration d\u2019un certain nombre d\u2019entre eux et leur retour dans leur famille respective.<\/p>\n<p>L\u2019ancien pr\u00e9sident a toutefois d\u00e9ploy\u00e9 les derniers ennuis caus\u00e9s \u00e0 l\u2019opposant S\u00e9bastien Ajavon \u00e0 travers la saisie de ses biens. Il qualifie cet acte de \u00ab provocation \u00bb. Nic\u00e9phore Dieudonn\u00e9 Soglo exhorte le peuple \u00e0 la patience et \u00e0 la d\u00e9termination. Il a par ailleurs r\u00e9affirm\u00e9 sa disponibilit\u00e9 \u00e0 \u0153uvrer pour un retour de la paix et de la concorde nationale.<\/p>\n<p><strong>Pour plus d&rsquo;informations et d&rsquo;analyses sur la <a href=\"https:\/\/www.africa-press.net\/benin\">Benin<\/a>, suivez <a href=\"https:\/\/www.africa-press.net\/\">Africa-Press<\/a><\/strong><\/p>\n","protected":false},"excerpt":{"rendered":"<p>Africa-Press &#8211; Benin. L\u2019ancien pr\u00e9sident de la R\u00e9publique Nic\u00e9phore Dieudonn\u00e9 Soglo a salu\u00e9 les efforts de Patrice Talon pour la d\u00e9crispation de la crise politique. Dans un message adress\u00e9 au B\u00e9ninois \u00e0 l\u2019occasion de la f\u00eate du 1er ao\u00fbt 2022, il s\u2019est r\u00e9jouit de la lib\u00e9ration de certains acteurs politiques, mais invite le Chef de [&hellip;]<\/p>\n","protected":false},"author":82,"featured_media":7395,"comment_status":"open","ping_status":"closed","sticky":false,"template":"","format":"standard","meta":{"footnotes":""},"categories":[11,2,10],"tags":[36,50,45],"class_list":["post-7396","post","type-post","status-publish","format-standard","has-post-thumbnail","hentry","category-homepage-french","category-politique","category-toutes-les-actualites","tag-africa-press","tag-africa-press-benin","tag-benin"],"yoast_head":"<!-- This site is optimized with the Yoast SEO Premium plugin v26.1 (Yoast SEO v27.0) - https:\/\/yoast.com\/product\/yoast-seo-premium-wordpress\/ -->\n<title>D\u00e9crispation au B\u00e9nin: Nic\u00e9phore Soglo se r\u00e9jouit des efforts de Patrice Talon - B\u00e9nin<\/title>\n<meta name=\"description\" content=\"L\u2019ancien pr\u00e9sident de la R\u00e9publique Nic\u00e9phore Dieudonn\u00e9 Soglo a salu\u00e9 les efforts de Patrice Talon pour la d\u00e9crispation ...\" \/>\n<meta name=\"robots\" content=\"index, follow, max-snippet:-1, max-image-preview:large, max-video-preview:-1\" \/>\n<link rel=\"canonical\" href=\"https:\/\/www.africa-press.net\/benin\/politique\/decrispation-au-benin-nicephore-soglo-se-rejouit-des-efforts-de-patrice-talon\" \/>\n<meta property=\"og:locale\" content=\"fr_FR\" \/>\n<meta property=\"og:type\" content=\"article\" \/>\n<meta property=\"og:title\" content=\"D\u00e9crispation au B\u00e9nin: Nic\u00e9phore Soglo se r\u00e9jouit des efforts de Patrice Talon\" \/>\n<meta property=\"og:description\" content=\"L\u2019ancien pr\u00e9sident de la R\u00e9publique Nic\u00e9phore Dieudonn\u00e9 Soglo a salu\u00e9 les efforts de Patrice Talon pour la d\u00e9crispation ...\" \/>\n<meta property=\"og:url\" content=\"https:\/\/www.africa-press.net\/benin\/politique\/decrispation-au-benin-nicephore-soglo-se-rejouit-des-efforts-de-patrice-talon\" \/>\n<meta property=\"og:site_name\" content=\"B\u00e9nin\" \/>\n<meta property=\"article:published_time\" content=\"2022-07-30T15:36:21+00:00\" \/>\n<meta property=\"article:modified_time\" content=\"2022-07-30T15:45:42+00:00\" \/>\n<meta property=\"og:image\" content=\"https:\/\/static.africa-press.net\/benin\/sites\/46\/2022\/07\/postQueueImg_12-62e5520901401.jpg\" \/>\n\t<meta property=\"og:image:width\" content=\"1300\" \/>\n\t<meta property=\"og:image:height\" content=\"700\" \/>\n\t<meta property=\"og:image:type\" content=\"image\/jpeg\" \/>\n<meta name=\"author\" content=\"cfeditorfr\" \/>\n<meta name=\"twitter:card\" content=\"summary_large_image\" \/>\n<meta name=\"twitter:label1\" content=\"\u00c9crit par\" \/>\n\t<meta name=\"twitter:data1\" content=\"cfeditorfr\" \/>\n\t<meta name=\"twitter:label2\" content=\"Dur\u00e9e de lecture estim\u00e9e\" \/>\n\t<meta name=\"twitter:data2\" content=\"2 minutes\" \/>\n<script type=\"application\/ld+json\" class=\"yoast-schema-graph\">{\"@context\":\"https:\/\/schema.org\",\"@graph\":[{\"@type\":\"Article\",\"@id\":\"https:\/\/www.africa-press.net\/benin\/politique\/decrispation-au-benin-nicephore-soglo-se-rejouit-des-efforts-de-patrice-talon#article\",\"isPartOf\":{\"@id\":\"https:\/\/www.africa-press.net\/benin\/politique\/decrispation-au-benin-nicephore-soglo-se-rejouit-des-efforts-de-patrice-talon\"},\"author\":{\"name\":\"cfeditorfr\",\"@id\":\"https:\/\/www.africa-press.net\/benin\/#\/schema\/person\/2b1cf3cd81a31e3cd26889ca66d677f1\"},\"headline\":\"D\u00e9crispation au B\u00e9nin: Nic\u00e9phore Soglo se r\u00e9jouit des efforts de Patrice Talon\",\"datePublished\":\"2022-07-30T15:36:21+00:00\",\"dateModified\":\"2022-07-30T15:45:42+00:00\",\"mainEntityOfPage\":{\"@id\":\"https:\/\/www.africa-press.net\/benin\/politique\/decrispation-au-benin-nicephore-soglo-se-rejouit-des-efforts-de-patrice-talon\"},\"wordCount\":299,\"commentCount\":0,\"image\":{\"@id\":\"https:\/\/www.africa-press.net\/benin\/politique\/decrispation-au-benin-nicephore-soglo-se-rejouit-des-efforts-de-patrice-talon#primaryimage\"},\"thumbnailUrl\":\"https:\/\/static.africa-press.net\/benin\/sites\/46\/2022\/07\/postQueueImg_12-62e5520901401.jpg\",\"keywords\":[\"Africa Press\",\"Africa Press-Benin\",\"B\u00e9nin\"],\"articleSection\":[\"homepage-french\",\"Politique\",\"Toutes les actualit\u00e9s\"],\"inLanguage\":\"fr-FR\",\"potentialAction\":[{\"@type\":\"CommentAction\",\"name\":\"Comment\",\"target\":[\"https:\/\/www.africa-press.net\/benin\/politique\/decrispation-au-benin-nicephore-soglo-se-rejouit-des-efforts-de-patrice-talon#respond\"]}]},{\"@type\":\"WebPage\",\"@id\":\"https:\/\/www.africa-press.net\/benin\/politique\/decrispation-au-benin-nicephore-soglo-se-rejouit-des-efforts-de-patrice-talon\",\"url\":\"https:\/\/www.africa-press.net\/benin\/politique\/decrispation-au-benin-nicephore-soglo-se-rejouit-des-efforts-de-patrice-talon\",\"name\":\"D\u00e9crispation au B\u00e9nin: Nic\u00e9phore Soglo se r\u00e9jouit des efforts de Patrice Talon - B\u00e9nin\",\"isPartOf\":{\"@id\":\"https:\/\/www.africa-press.net\/benin\/#website\"},\"primaryImageOfPage\":{\"@id\":\"https:\/\/www.africa-press.net\/benin\/politique\/decrispation-au-benin-nicephore-soglo-se-rejouit-des-efforts-de-patrice-talon#primaryimage\"},\"image\":{\"@id\":\"https:\/\/www.africa-press.net\/benin\/politique\/decrispation-au-benin-nicephore-soglo-se-rejouit-des-efforts-de-patrice-talon#primaryimage\"},\"thumbnailUrl\":\"https:\/\/static.africa-press.net\/benin\/sites\/46\/2022\/07\/postQueueImg_12-62e5520901401.jpg\",\"datePublished\":\"2022-07-30T15:36:21+00:00\",\"dateModified\":\"2022-07-30T15:45:42+00:00\",\"author\":{\"@id\":\"https:\/\/www.africa-press.net\/benin\/#\/schema\/person\/2b1cf3cd81a31e3cd26889ca66d677f1\"},\"description\":\"L\u2019ancien pr\u00e9sident de la R\u00e9publique Nic\u00e9phore Dieudonn\u00e9 Soglo a salu\u00e9 les efforts de Patrice Talon pour la d\u00e9crispation ...\",\"breadcrumb\":{\"@id\":\"https:\/\/www.africa-press.net\/benin\/politique\/decrispation-au-benin-nicephore-soglo-se-rejouit-des-efforts-de-patrice-talon#breadcrumb\"},\"inLanguage\":\"fr-FR\",\"potentialAction\":[{\"@type\":\"ReadAction\",\"target\":[\"https:\/\/www.africa-press.net\/benin\/politique\/decrispation-au-benin-nicephore-soglo-se-rejouit-des-efforts-de-patrice-talon\"]}]},{\"@type\":\"ImageObject\",\"inLanguage\":\"fr-FR\",\"@id\":\"https:\/\/www.africa-press.net\/benin\/politique\/decrispation-au-benin-nicephore-soglo-se-rejouit-des-efforts-de-patrice-talon#primaryimage\",\"url\":\"https:\/\/static.africa-press.net\/benin\/sites\/46\/2022\/07\/postQueueImg_12-62e5520901401.jpg\",\"contentUrl\":\"https:\/\/static.africa-press.net\/benin\/sites\/46\/2022\/07\/postQueueImg_12-62e5520901401.jpg\",\"width\":1300,\"height\":700,\"caption\":\"D\u00e9crispation au B\u00e9nin: Nic\u00e9phore Soglo se r\u00e9jouit des efforts de Patrice Talon\"},{\"@type\":\"BreadcrumbList\",\"@id\":\"https:\/\/www.africa-press.net\/benin\/politique\/decrispation-au-benin-nicephore-soglo-se-rejouit-des-efforts-de-patrice-talon#breadcrumb\",\"itemListElement\":[{\"@type\":\"ListItem\",\"position\":1,\"name\":\"Accueil\",\"item\":\"https:\/\/www.africa-press.net\/benin\/\"},{\"@type\":\"ListItem\",\"position\":2,\"name\":\"D\u00e9crispation au B\u00e9nin: Nic\u00e9phore Soglo se r\u00e9jouit des efforts de Patrice Talon\"}]},{\"@type\":\"WebSite\",\"@id\":\"https:\/\/www.africa-press.net\/benin\/#website\",\"url\":\"https:\/\/www.africa-press.net\/benin\/\",\"name\":\"B\u00e9nin\",\"description\":\"Just another Africa News Agency Sites site\",\"potentialAction\":[{\"@type\":\"SearchAction\",\"target\":{\"@type\":\"EntryPoint\",\"urlTemplate\":\"https:\/\/www.africa-press.net\/benin\/?s={search_term_string}\"},\"query-input\":{\"@type\":\"PropertyValueSpecification\",\"valueRequired\":true,\"valueName\":\"search_term_string\"}}],\"inLanguage\":\"fr-FR\"},{\"@type\":\"Person\",\"@id\":\"https:\/\/www.africa-press.net\/benin\/#\/schema\/person\/2b1cf3cd81a31e3cd26889ca66d677f1\",\"name\":\"cfeditorfr\"}]}<\/script>\n<!-- \/ Yoast SEO Premium plugin. -->","yoast_head_json":{"title":"D\u00e9crispation au B\u00e9nin: Nic\u00e9phore Soglo se r\u00e9jouit des efforts de Patrice Talon - B\u00e9nin","description":"L\u2019ancien pr\u00e9sident de la R\u00e9publique Nic\u00e9phore Dieudonn\u00e9 Soglo a salu\u00e9 les efforts de Patrice Talon pour la d\u00e9crispation ...","robots":{"index":"index","follow":"follow","max-snippet":"max-snippet:-1","max-image-preview":"max-image-preview:large","max-video-preview":"max-video-preview:-1"},"canonical":"https:\/\/www.africa-press.net\/benin\/politique\/decrispation-au-benin-nicephore-soglo-se-rejouit-des-efforts-de-patrice-talon","og_locale":"fr_FR","og_type":"article","og_title":"D\u00e9crispation au B\u00e9nin: Nic\u00e9phore Soglo se r\u00e9jouit des efforts de Patrice Talon","og_description":"L\u2019ancien pr\u00e9sident de la R\u00e9publique Nic\u00e9phore Dieudonn\u00e9 Soglo a salu\u00e9 les efforts de Patrice Talon pour la d\u00e9crispation ...","og_url":"https:\/\/www.africa-press.net\/benin\/politique\/decrispation-au-benin-nicephore-soglo-se-rejouit-des-efforts-de-patrice-talon","og_site_name":"B\u00e9nin","article_published_time":"2022-07-30T15:36:21+00:00","article_modified_time":"2022-07-30T15:45:42+00:00","og_image":[{"width":1300,"height":700,"url":"https:\/\/static.africa-press.net\/benin\/sites\/46\/2022\/07\/postQueueImg_12-62e5520901401.jpg","type":"image\/jpeg"}],"author":"cfeditorfr","twitter_card":"summary_large_image","twitter_misc":{"\u00c9crit par":"cfeditorfr","Dur\u00e9e de lecture estim\u00e9e":"2 minutes"},"schema":{"@context":"https:\/\/schema.org","@graph":[{"@type":"Article","@id":"https:\/\/www.africa-press.net\/benin\/politique\/decrispation-au-benin-nicephore-soglo-se-rejouit-des-efforts-de-patrice-talon#article","isPartOf":{"@id":"https:\/\/www.africa-press.net\/benin\/politique\/decrispation-au-benin-nicephore-soglo-se-rejouit-des-efforts-de-patrice-talon"},"author":{"name":"cfeditorfr","@id":"https:\/\/www.africa-press.net\/benin\/#\/schema\/person\/2b1cf3cd81a31e3cd26889ca66d677f1"},"headline":"D\u00e9crispation au B\u00e9nin: Nic\u00e9phore Soglo se r\u00e9jouit des efforts de Patrice Talon","datePublished":"2022-07-30T15:36:21+00:00","dateModified":"2022-07-30T15:45:42+00:00","mainEntityOfPage":{"@id":"https:\/\/www.africa-press.net\/benin\/politique\/decrispation-au-benin-nicephore-soglo-se-rejouit-des-efforts-de-patrice-talon"},"wordCount":299,"commentCount":0,"image":{"@id":"https:\/\/www.africa-press.net\/benin\/politique\/decrispation-au-benin-nicephore-soglo-se-rejouit-des-efforts-de-patrice-talon#primaryimage"},"thumbnailUrl":"https:\/\/static.africa-press.net\/benin\/sites\/46\/2022\/07\/postQueueImg_12-62e5520901401.jpg","keywords":["Africa Press","Africa Press-Benin","B\u00e9nin"],"articleSection":["homepage-french","Politique","Toutes les actualit\u00e9s"],"inLanguage":"fr-FR","potentialAction":[{"@type":"CommentAction","name":"Comment","target":["https:\/\/www.africa-press.net\/benin\/politique\/decrispation-au-benin-nicephore-soglo-se-rejouit-des-efforts-de-patrice-talon#respond"]}]},{"@type":"WebPage","@id":"https:\/\/www.africa-press.net\/benin\/politique\/decrispation-au-benin-nicephore-soglo-se-rejouit-des-efforts-de-patrice-talon","url":"https:\/\/www.africa-press.net\/benin\/politique\/decrispation-au-benin-nicephore-soglo-se-rejouit-des-efforts-de-patrice-talon","name":"D\u00e9crispation au B\u00e9nin: Nic\u00e9phore Soglo se r\u00e9jouit des efforts de Patrice Talon - B\u00e9nin","isPartOf":{"@id":"https:\/\/www.africa-press.net\/benin\/#website"},"primaryImageOfPage":{"@id":"https:\/\/www.africa-press.net\/benin\/politique\/decrispation-au-benin-nicephore-soglo-se-rejouit-des-efforts-de-patrice-talon#primaryimage"},"image":{"@id":"https:\/\/www.africa-press.net\/benin\/politique\/decrispation-au-benin-nicephore-soglo-se-rejouit-des-efforts-de-patrice-talon#primaryimage"},"thumbnailUrl":"https:\/\/static.africa-press.net\/benin\/sites\/46\/2022\/07\/postQueueImg_12-62e5520901401.jpg","datePublished":"2022-07-30T15:36:21+00:00","dateModified":"2022-07-30T15:45:42+00:00","author":{"@id":"https:\/\/www.africa-press.net\/benin\/#\/schema\/person\/2b1cf3cd81a31e3cd26889ca66d677f1"},"description":"L\u2019ancien pr\u00e9sident de la R\u00e9publique Nic\u00e9phore Dieudonn\u00e9 Soglo a salu\u00e9 les efforts de Patrice Talon pour la d\u00e9crispation ...","breadcrumb":{"@id":"https:\/\/www.africa-press.net\/benin\/politique\/decrispation-au-benin-nicephore-soglo-se-rejouit-des-efforts-de-patrice-talon#breadcrumb"},"inLanguage":"fr-FR","potentialAction":[{"@type":"ReadAction","target":["https:\/\/www.africa-press.net\/benin\/politique\/decrispation-au-benin-nicephore-soglo-se-rejouit-des-efforts-de-patrice-talon"]}]},{"@type":"ImageObject","inLanguage":"fr-FR","@id":"https:\/\/www.africa-press.net\/benin\/politique\/decrispation-au-benin-nicephore-soglo-se-rejouit-des-efforts-de-patrice-talon#primaryimage","url":"https:\/\/static.africa-press.net\/benin\/sites\/46\/2022\/07\/postQueueImg_12-62e5520901401.jpg","contentUrl":"https:\/\/static.africa-press.net\/benin\/sites\/46\/2022\/07\/postQueueImg_12-62e5520901401.jpg","width":1300,"height":700,"caption":"D\u00e9crispation au B\u00e9nin: Nic\u00e9phore Soglo se r\u00e9jouit des efforts de Patrice Talon"},{"@type":"BreadcrumbList","@id":"https:\/\/www.africa-press.net\/benin\/politique\/decrispation-au-benin-nicephore-soglo-se-rejouit-des-efforts-de-patrice-talon#breadcrumb","itemListElement":[{"@type":"ListItem","position":1,"name":"Accueil","item":"https:\/\/www.africa-press.net\/benin\/"},{"@type":"ListItem","position":2,"name":"D\u00e9crispation au B\u00e9nin: Nic\u00e9phore Soglo se r\u00e9jouit des efforts de Patrice Talon"}]},{"@type":"WebSite","@id":"https:\/\/www.africa-press.net\/benin\/#website","url":"https:\/\/www.africa-press.net\/benin\/","name":"B\u00e9nin","description":"Just another Africa News Agency Sites site","potentialAction":[{"@type":"SearchAction","target":{"@type":"EntryPoint","urlTemplate":"https:\/\/www.africa-press.net\/benin\/?s={search_term_string}"},"query-input":{"@type":"PropertyValueSpecification","valueRequired":true,"valueName":"search_term_string"}}],"inLanguage":"fr-FR"},{"@type":"Person","@id":"https:\/\/www.africa-press.net\/benin\/#\/schema\/person\/2b1cf3cd81a31e3cd26889ca66d677f1","name":"cfeditorfr"}]}},"_links":{"self":[{"href":"https:\/\/www.africa-press.net\/benin\/wp-json\/wp\/v2\/posts\/7396","targetHints":{"allow":["GET"]}}],"collection":[{"href":"https:\/\/www.africa-press.net\/benin\/wp-json\/wp\/v2\/posts"}],"about":[{"href":"https:\/\/www.africa-press.net\/benin\/wp-json\/wp\/v2\/types\/post"}],"author":[{"embeddable":true,"href":"https:\/\/www.africa-press.net\/benin\/wp-json\/wp\/v2\/users\/82"}],"replies":[{"embeddable":true,"href":"https:\/\/www.africa-press.net\/benin\/wp-json\/wp\/v2\/comments?post=7396"}],"version-history":[{"count":0,"href":"https:\/\/www.africa-press.net\/benin\/wp-json\/wp\/v2\/posts\/7396\/revisions"}],"wp:featuredmedia":[{"embeddable":true,"href":"https:\/\/www.africa-press.net\/benin\/wp-json\/wp\/v2\/media\/7395"}],"wp:attachment":[{"href":"https:\/\/www.africa-press.net\/benin\/wp-json\/wp\/v2\/media?parent=7396"}],"wp:term":[{"taxonomy":"category","embeddable":true,"href":"https:\/\/www.africa-press.net\/benin\/wp-json\/wp\/v2\/categories?post=7396"},{"taxonomy":"post_tag","embeddable":true,"href":"https:\/\/www.africa-press.net\/benin\/wp-json\/wp\/v2\/tags?post=7396"}],"curies":[{"name":"wp","href":"https:\/\/api.w.org\/{rel}","templated":true}]}}