{"id":7405,"date":"2022-07-30T15:36:41","date_gmt":"2022-07-30T15:36:41","guid":{"rendered":"https:\/\/www.africa-press.net\/benin\/politique\/benin-inauguration-des-nouveaux-monuments-talon-sur-le-terrain-accompagne-de-la-1ere-dame"},"modified":"2022-07-30T15:47:43","modified_gmt":"2022-07-30T15:47:43","slug":"benin-inauguration-des-nouveaux-monuments-talon-sur-le-terrain-accompagne-de-la-1ere-dame","status":"publish","type":"post","link":"https:\/\/www.africa-press.net\/benin\/politique\/benin-inauguration-des-nouveaux-monuments-talon-sur-le-terrain-accompagne-de-la-1ere-dame","title":{"rendered":"B\u00e9nin \u2013 Inauguration des nouveaux monuments: Talon sur le terrain accompagn\u00e9 de la 1\u00e8re dame"},"content":{"rendered":"<p><span style=\"color: #ff6600\"><strong>Africa-Press &#8211; Benin. <\/strong><\/span>Le chef de l\u2019Etat, le pr\u00e9sident Patrice Talon est descendu dans la matin\u00e9e de ce samedi 30 Juillet 2022 sur le site abritant le monument du roi Bio Guera o\u00f9, accompagn\u00e9 de son \u00e9pouse, la premi\u00e8re dame Claudine Talon, a ouvert le bal d\u2019inauguration des nouveaux monuments de Cotonou.<\/p>\n<p>Comme annonc\u00e9 par les m\u00e9dias locaux, les nouveaux monuments de Cotonou \u00e0 savoir le jardin de Mathieu, la statue du roi Bio Guera et celle de l\u2019Amazon seront officiellement inaugur\u00e9s ce jour par le pr\u00e9sident de la R\u00e9publique. Accompagn\u00e9 de la premi\u00e8re dame, le pr\u00e9sident Patrice Talon a fait son entr\u00e9e un peu apr\u00e8s 10 heures sur le site abritant le statut du roi Bio Guera o\u00f9 l\u2019attendent d\u00e9j\u00e0 un parterre de personnalit\u00e9s.<\/p>\n<p>Apr\u00e8s les salutations d\u2019usage des officiels, le chef de l\u2019Etat, le pr\u00e9sident Patrice Talon va proc\u00e9der dans quelques instants \u00e0 l\u2019inauguration de ces monuments qui rappellent un pan de histoire du pays.<\/p>\n<p>Quid des trois principaux nouveaux monuments de Cotonou<\/p>\n<p>Au titre des monuments en instance d\u2019inauguration, il y a le jardin de Mathieu, la statut de l\u2019Amazone et la statut du roi Bio guera. Tous ces monuments avaient suscit\u00e9 de vives pol\u00e9miques pour des raisons diverses.<\/p>\n<p>Les jardins de Mathieu en l\u2019honneur de l\u2019ancien pr\u00e9sident Mathieu K\u00e9r\u00e9kou \u00e9rig\u00e9s dans la zone du boulevard de la Marina avait en son temps suscit\u00e9 de vives pol\u00e9miques car sa r\u00e9alisation n\u00e9cessitait la disparition de l\u2019ex domicile de l\u2019ancien chef d\u2019Etat, Mathieu K\u00e9r\u00e9kou.<\/p>\n<p>Le chef de l\u2019Etat avait \u00e9t\u00e9 accus\u00e9 de vouloir faire dispara\u00eetre toutes les traces de ses pr\u00e9d\u00e9cesseurs comme si avant lui, rien n\u2019avait exist\u00e9. Pour rassurer l\u2019opinion, cette place publique sera baptis\u00e9e \u00ab Jardin de Mathieu \u00bb.<\/p>\n<p>Le jardin de Mathieu s\u2019inscrit dans le cadre des travaux d\u2019assainissement et de r\u00e9am\u00e9nagement du boulevard de la Marina partant du giratoire Erevan jusqu\u2019au carrefour de la Loterie nationale du B\u00e9nin, au quartier Ganhi. Ce projet est un composant du projet d\u2019embellissement de la ville de Cotonou, ville vitrine du pays.<\/p>\n<p>La place de l\u2019amazone avec la statue g\u00e9ante qui a longtemps aliment\u00e9 la pol\u00e9mique dans le pays sera \u00e9galement inaugur\u00e9e. Appel\u00e9e \u00ab Esplanade des Amazones \u00bb, cette place abrite une statue majestueuse d\u2019une femme guerri\u00e8re consid\u00e9r\u00e9e pour les uns comme comme Reine Tassi Hangb\u00e8 et pour les autres, le portrait d\u2019une amazone b\u00e9ninoise.<\/p>\n<p>La statue de Bio Guerra n\u2019a pas suscit\u00e9 moins de pol\u00e9mique. Si les avis ont \u00e9t\u00e9 unanimes sur la qualit\u00e9 du travail de l\u2019artiste, beaucoup ont d\u00e9plor\u00e9 le lieu d\u2019implantation de cette statue. Ils estiment que cette statue a sa place au nord du pays et non en plein c oeur de Cotonou.<\/p>\n<p><strong>Pour plus d&rsquo;informations et d&rsquo;analyses sur la <a href=\"https:\/\/www.africa-press.net\/benin\">Benin<\/a>, suivez <a href=\"https:\/\/www.africa-press.net\/\">Africa-Press<\/a><\/strong><\/p>\n","protected":false},"excerpt":{"rendered":"<p>Africa-Press &#8211; Benin. Le chef de l\u2019Etat, le pr\u00e9sident Patrice Talon est descendu dans la matin\u00e9e de ce samedi 30 Juillet 2022 sur le site abritant le monument du roi Bio Guera o\u00f9, accompagn\u00e9 de son \u00e9pouse, la premi\u00e8re dame Claudine Talon, a ouvert le bal d\u2019inauguration des nouveaux monuments de Cotonou. Comme annonc\u00e9 par [&hellip;]<\/p>\n","protected":false},"author":82,"featured_media":7404,"comment_status":"open","ping_status":"closed","sticky":false,"template":"","format":"standard","meta":{"footnotes":""},"categories":[11,2,10],"tags":[36,50,45],"class_list":["post-7405","post","type-post","status-publish","format-standard","has-post-thumbnail","hentry","category-homepage-french","category-politique","category-toutes-les-actualites","tag-africa-press","tag-africa-press-benin","tag-benin"],"yoast_head":"<!-- This site is optimized with the Yoast SEO Premium plugin v26.1 (Yoast SEO v27.0) - https:\/\/yoast.com\/product\/yoast-seo-premium-wordpress\/ -->\n<title>B\u00e9nin \u2013 Inauguration des nouveaux monuments: Talon sur le terrain accompagn\u00e9 de la 1\u00e8re dame - B\u00e9nin<\/title>\n<meta name=\"description\" content=\"Le chef de l\u2019Etat, le pr\u00e9sident Patrice Talon est descendu dans la matin\u00e9e de ce samedi 30 Juillet 2022 sur le site abri ...\" \/>\n<meta name=\"robots\" content=\"index, follow, max-snippet:-1, max-image-preview:large, max-video-preview:-1\" \/>\n<link rel=\"canonical\" href=\"https:\/\/www.africa-press.net\/benin\/politique\/benin-inauguration-des-nouveaux-monuments-talon-sur-le-terrain-accompagne-de-la-1ere-dame\" \/>\n<meta property=\"og:locale\" content=\"fr_FR\" \/>\n<meta property=\"og:type\" content=\"article\" \/>\n<meta property=\"og:title\" content=\"B\u00e9nin \u2013 Inauguration des nouveaux monuments: Talon sur le terrain accompagn\u00e9 de la 1\u00e8re dame\" \/>\n<meta property=\"og:description\" content=\"Le chef de l\u2019Etat, le pr\u00e9sident Patrice Talon est descendu dans la matin\u00e9e de ce samedi 30 Juillet 2022 sur le site abri ...\" \/>\n<meta property=\"og:url\" content=\"https:\/\/www.africa-press.net\/benin\/politique\/benin-inauguration-des-nouveaux-monuments-talon-sur-le-terrain-accompagne-de-la-1ere-dame\" \/>\n<meta property=\"og:site_name\" content=\"B\u00e9nin\" \/>\n<meta property=\"article:published_time\" content=\"2022-07-30T15:36:41+00:00\" \/>\n<meta property=\"article:modified_time\" content=\"2022-07-30T15:47:43+00:00\" \/>\n<meta property=\"og:image\" content=\"https:\/\/static.africa-press.net\/benin\/sites\/46\/2022\/07\/postQueueImg_15-62e55280272d0.jpg\" \/>\n\t<meta property=\"og:image:width\" content=\"1200\" \/>\n\t<meta property=\"og:image:height\" content=\"684\" \/>\n\t<meta property=\"og:image:type\" content=\"image\/jpeg\" \/>\n<meta name=\"author\" content=\"cfeditorfr\" \/>\n<meta name=\"twitter:card\" content=\"summary_large_image\" \/>\n<meta name=\"twitter:label1\" content=\"\u00c9crit par\" \/>\n\t<meta name=\"twitter:data1\" content=\"cfeditorfr\" \/>\n\t<meta name=\"twitter:label2\" content=\"Dur\u00e9e de lecture estim\u00e9e\" \/>\n\t<meta name=\"twitter:data2\" content=\"3 minutes\" \/>\n<script type=\"application\/ld+json\" class=\"yoast-schema-graph\">{\"@context\":\"https:\/\/schema.org\",\"@graph\":[{\"@type\":\"Article\",\"@id\":\"https:\/\/www.africa-press.net\/benin\/politique\/benin-inauguration-des-nouveaux-monuments-talon-sur-le-terrain-accompagne-de-la-1ere-dame#article\",\"isPartOf\":{\"@id\":\"https:\/\/www.africa-press.net\/benin\/politique\/benin-inauguration-des-nouveaux-monuments-talon-sur-le-terrain-accompagne-de-la-1ere-dame\"},\"author\":{\"name\":\"cfeditorfr\",\"@id\":\"https:\/\/www.africa-press.net\/benin\/#\/schema\/person\/2b1cf3cd81a31e3cd26889ca66d677f1\"},\"headline\":\"B\u00e9nin \u2013 Inauguration des nouveaux monuments: Talon sur le terrain accompagn\u00e9 de la 1\u00e8re dame\",\"datePublished\":\"2022-07-30T15:36:41+00:00\",\"dateModified\":\"2022-07-30T15:47:43+00:00\",\"mainEntityOfPage\":{\"@id\":\"https:\/\/www.africa-press.net\/benin\/politique\/benin-inauguration-des-nouveaux-monuments-talon-sur-le-terrain-accompagne-de-la-1ere-dame\"},\"wordCount\":527,\"commentCount\":0,\"image\":{\"@id\":\"https:\/\/www.africa-press.net\/benin\/politique\/benin-inauguration-des-nouveaux-monuments-talon-sur-le-terrain-accompagne-de-la-1ere-dame#primaryimage\"},\"thumbnailUrl\":\"https:\/\/static.africa-press.net\/benin\/sites\/46\/2022\/07\/postQueueImg_15-62e55280272d0.jpg\",\"keywords\":[\"Africa Press\",\"Africa Press-Benin\",\"B\u00e9nin\"],\"articleSection\":[\"homepage-french\",\"Politique\",\"Toutes les actualit\u00e9s\"],\"inLanguage\":\"fr-FR\",\"potentialAction\":[{\"@type\":\"CommentAction\",\"name\":\"Comment\",\"target\":[\"https:\/\/www.africa-press.net\/benin\/politique\/benin-inauguration-des-nouveaux-monuments-talon-sur-le-terrain-accompagne-de-la-1ere-dame#respond\"]}]},{\"@type\":\"WebPage\",\"@id\":\"https:\/\/www.africa-press.net\/benin\/politique\/benin-inauguration-des-nouveaux-monuments-talon-sur-le-terrain-accompagne-de-la-1ere-dame\",\"url\":\"https:\/\/www.africa-press.net\/benin\/politique\/benin-inauguration-des-nouveaux-monuments-talon-sur-le-terrain-accompagne-de-la-1ere-dame\",\"name\":\"B\u00e9nin \u2013 Inauguration des nouveaux monuments: Talon sur le terrain accompagn\u00e9 de la 1\u00e8re dame - B\u00e9nin\",\"isPartOf\":{\"@id\":\"https:\/\/www.africa-press.net\/benin\/#website\"},\"primaryImageOfPage\":{\"@id\":\"https:\/\/www.africa-press.net\/benin\/politique\/benin-inauguration-des-nouveaux-monuments-talon-sur-le-terrain-accompagne-de-la-1ere-dame#primaryimage\"},\"image\":{\"@id\":\"https:\/\/www.africa-press.net\/benin\/politique\/benin-inauguration-des-nouveaux-monuments-talon-sur-le-terrain-accompagne-de-la-1ere-dame#primaryimage\"},\"thumbnailUrl\":\"https:\/\/static.africa-press.net\/benin\/sites\/46\/2022\/07\/postQueueImg_15-62e55280272d0.jpg\",\"datePublished\":\"2022-07-30T15:36:41+00:00\",\"dateModified\":\"2022-07-30T15:47:43+00:00\",\"author\":{\"@id\":\"https:\/\/www.africa-press.net\/benin\/#\/schema\/person\/2b1cf3cd81a31e3cd26889ca66d677f1\"},\"description\":\"Le chef de l\u2019Etat, le pr\u00e9sident Patrice Talon est descendu dans la matin\u00e9e de ce samedi 30 Juillet 2022 sur le site abri ...\",\"breadcrumb\":{\"@id\":\"https:\/\/www.africa-press.net\/benin\/politique\/benin-inauguration-des-nouveaux-monuments-talon-sur-le-terrain-accompagne-de-la-1ere-dame#breadcrumb\"},\"inLanguage\":\"fr-FR\",\"potentialAction\":[{\"@type\":\"ReadAction\",\"target\":[\"https:\/\/www.africa-press.net\/benin\/politique\/benin-inauguration-des-nouveaux-monuments-talon-sur-le-terrain-accompagne-de-la-1ere-dame\"]}]},{\"@type\":\"ImageObject\",\"inLanguage\":\"fr-FR\",\"@id\":\"https:\/\/www.africa-press.net\/benin\/politique\/benin-inauguration-des-nouveaux-monuments-talon-sur-le-terrain-accompagne-de-la-1ere-dame#primaryimage\",\"url\":\"https:\/\/static.africa-press.net\/benin\/sites\/46\/2022\/07\/postQueueImg_15-62e55280272d0.jpg\",\"contentUrl\":\"https:\/\/static.africa-press.net\/benin\/sites\/46\/2022\/07\/postQueueImg_15-62e55280272d0.jpg\",\"width\":1200,\"height\":684,\"caption\":\"B\u00e9nin \u2013 Inauguration des nouveaux monuments: Talon sur le terrain accompagn\u00e9 de la 1\u00e8re dame\"},{\"@type\":\"BreadcrumbList\",\"@id\":\"https:\/\/www.africa-press.net\/benin\/politique\/benin-inauguration-des-nouveaux-monuments-talon-sur-le-terrain-accompagne-de-la-1ere-dame#breadcrumb\",\"itemListElement\":[{\"@type\":\"ListItem\",\"position\":1,\"name\":\"Accueil\",\"item\":\"https:\/\/www.africa-press.net\/benin\/\"},{\"@type\":\"ListItem\",\"position\":2,\"name\":\"B\u00e9nin \u2013 Inauguration des nouveaux monuments: Talon sur le terrain accompagn\u00e9 de la 1\u00e8re dame\"}]},{\"@type\":\"WebSite\",\"@id\":\"https:\/\/www.africa-press.net\/benin\/#website\",\"url\":\"https:\/\/www.africa-press.net\/benin\/\",\"name\":\"B\u00e9nin\",\"description\":\"Just another Africa News Agency Sites site\",\"potentialAction\":[{\"@type\":\"SearchAction\",\"target\":{\"@type\":\"EntryPoint\",\"urlTemplate\":\"https:\/\/www.africa-press.net\/benin\/?s={search_term_string}\"},\"query-input\":{\"@type\":\"PropertyValueSpecification\",\"valueRequired\":true,\"valueName\":\"search_term_string\"}}],\"inLanguage\":\"fr-FR\"},{\"@type\":\"Person\",\"@id\":\"https:\/\/www.africa-press.net\/benin\/#\/schema\/person\/2b1cf3cd81a31e3cd26889ca66d677f1\",\"name\":\"cfeditorfr\"}]}<\/script>\n<!-- \/ Yoast SEO Premium plugin. -->","yoast_head_json":{"title":"B\u00e9nin \u2013 Inauguration des nouveaux monuments: Talon sur le terrain accompagn\u00e9 de la 1\u00e8re dame - B\u00e9nin","description":"Le chef de l\u2019Etat, le pr\u00e9sident Patrice Talon est descendu dans la matin\u00e9e de ce samedi 30 Juillet 2022 sur le site abri ...","robots":{"index":"index","follow":"follow","max-snippet":"max-snippet:-1","max-image-preview":"max-image-preview:large","max-video-preview":"max-video-preview:-1"},"canonical":"https:\/\/www.africa-press.net\/benin\/politique\/benin-inauguration-des-nouveaux-monuments-talon-sur-le-terrain-accompagne-de-la-1ere-dame","og_locale":"fr_FR","og_type":"article","og_title":"B\u00e9nin \u2013 Inauguration des nouveaux monuments: Talon sur le terrain accompagn\u00e9 de la 1\u00e8re dame","og_description":"Le chef de l\u2019Etat, le pr\u00e9sident Patrice Talon est descendu dans la matin\u00e9e de ce samedi 30 Juillet 2022 sur le site abri ...","og_url":"https:\/\/www.africa-press.net\/benin\/politique\/benin-inauguration-des-nouveaux-monuments-talon-sur-le-terrain-accompagne-de-la-1ere-dame","og_site_name":"B\u00e9nin","article_published_time":"2022-07-30T15:36:41+00:00","article_modified_time":"2022-07-30T15:47:43+00:00","og_image":[{"width":1200,"height":684,"url":"https:\/\/static.africa-press.net\/benin\/sites\/46\/2022\/07\/postQueueImg_15-62e55280272d0.jpg","type":"image\/jpeg"}],"author":"cfeditorfr","twitter_card":"summary_large_image","twitter_misc":{"\u00c9crit par":"cfeditorfr","Dur\u00e9e de lecture estim\u00e9e":"3 minutes"},"schema":{"@context":"https:\/\/schema.org","@graph":[{"@type":"Article","@id":"https:\/\/www.africa-press.net\/benin\/politique\/benin-inauguration-des-nouveaux-monuments-talon-sur-le-terrain-accompagne-de-la-1ere-dame#article","isPartOf":{"@id":"https:\/\/www.africa-press.net\/benin\/politique\/benin-inauguration-des-nouveaux-monuments-talon-sur-le-terrain-accompagne-de-la-1ere-dame"},"author":{"name":"cfeditorfr","@id":"https:\/\/www.africa-press.net\/benin\/#\/schema\/person\/2b1cf3cd81a31e3cd26889ca66d677f1"},"headline":"B\u00e9nin \u2013 Inauguration des nouveaux monuments: Talon sur le terrain accompagn\u00e9 de la 1\u00e8re dame","datePublished":"2022-07-30T15:36:41+00:00","dateModified":"2022-07-30T15:47:43+00:00","mainEntityOfPage":{"@id":"https:\/\/www.africa-press.net\/benin\/politique\/benin-inauguration-des-nouveaux-monuments-talon-sur-le-terrain-accompagne-de-la-1ere-dame"},"wordCount":527,"commentCount":0,"image":{"@id":"https:\/\/www.africa-press.net\/benin\/politique\/benin-inauguration-des-nouveaux-monuments-talon-sur-le-terrain-accompagne-de-la-1ere-dame#primaryimage"},"thumbnailUrl":"https:\/\/static.africa-press.net\/benin\/sites\/46\/2022\/07\/postQueueImg_15-62e55280272d0.jpg","keywords":["Africa Press","Africa Press-Benin","B\u00e9nin"],"articleSection":["homepage-french","Politique","Toutes les actualit\u00e9s"],"inLanguage":"fr-FR","potentialAction":[{"@type":"CommentAction","name":"Comment","target":["https:\/\/www.africa-press.net\/benin\/politique\/benin-inauguration-des-nouveaux-monuments-talon-sur-le-terrain-accompagne-de-la-1ere-dame#respond"]}]},{"@type":"WebPage","@id":"https:\/\/www.africa-press.net\/benin\/politique\/benin-inauguration-des-nouveaux-monuments-talon-sur-le-terrain-accompagne-de-la-1ere-dame","url":"https:\/\/www.africa-press.net\/benin\/politique\/benin-inauguration-des-nouveaux-monuments-talon-sur-le-terrain-accompagne-de-la-1ere-dame","name":"B\u00e9nin \u2013 Inauguration des nouveaux monuments: Talon sur le terrain accompagn\u00e9 de la 1\u00e8re dame - B\u00e9nin","isPartOf":{"@id":"https:\/\/www.africa-press.net\/benin\/#website"},"primaryImageOfPage":{"@id":"https:\/\/www.africa-press.net\/benin\/politique\/benin-inauguration-des-nouveaux-monuments-talon-sur-le-terrain-accompagne-de-la-1ere-dame#primaryimage"},"image":{"@id":"https:\/\/www.africa-press.net\/benin\/politique\/benin-inauguration-des-nouveaux-monuments-talon-sur-le-terrain-accompagne-de-la-1ere-dame#primaryimage"},"thumbnailUrl":"https:\/\/static.africa-press.net\/benin\/sites\/46\/2022\/07\/postQueueImg_15-62e55280272d0.jpg","datePublished":"2022-07-30T15:36:41+00:00","dateModified":"2022-07-30T15:47:43+00:00","author":{"@id":"https:\/\/www.africa-press.net\/benin\/#\/schema\/person\/2b1cf3cd81a31e3cd26889ca66d677f1"},"description":"Le chef de l\u2019Etat, le pr\u00e9sident Patrice Talon est descendu dans la matin\u00e9e de ce samedi 30 Juillet 2022 sur le site abri ...","breadcrumb":{"@id":"https:\/\/www.africa-press.net\/benin\/politique\/benin-inauguration-des-nouveaux-monuments-talon-sur-le-terrain-accompagne-de-la-1ere-dame#breadcrumb"},"inLanguage":"fr-FR","potentialAction":[{"@type":"ReadAction","target":["https:\/\/www.africa-press.net\/benin\/politique\/benin-inauguration-des-nouveaux-monuments-talon-sur-le-terrain-accompagne-de-la-1ere-dame"]}]},{"@type":"ImageObject","inLanguage":"fr-FR","@id":"https:\/\/www.africa-press.net\/benin\/politique\/benin-inauguration-des-nouveaux-monuments-talon-sur-le-terrain-accompagne-de-la-1ere-dame#primaryimage","url":"https:\/\/static.africa-press.net\/benin\/sites\/46\/2022\/07\/postQueueImg_15-62e55280272d0.jpg","contentUrl":"https:\/\/static.africa-press.net\/benin\/sites\/46\/2022\/07\/postQueueImg_15-62e55280272d0.jpg","width":1200,"height":684,"caption":"B\u00e9nin \u2013 Inauguration des nouveaux monuments: Talon sur le terrain accompagn\u00e9 de la 1\u00e8re dame"},{"@type":"BreadcrumbList","@id":"https:\/\/www.africa-press.net\/benin\/politique\/benin-inauguration-des-nouveaux-monuments-talon-sur-le-terrain-accompagne-de-la-1ere-dame#breadcrumb","itemListElement":[{"@type":"ListItem","position":1,"name":"Accueil","item":"https:\/\/www.africa-press.net\/benin\/"},{"@type":"ListItem","position":2,"name":"B\u00e9nin \u2013 Inauguration des nouveaux monuments: Talon sur le terrain accompagn\u00e9 de la 1\u00e8re dame"}]},{"@type":"WebSite","@id":"https:\/\/www.africa-press.net\/benin\/#website","url":"https:\/\/www.africa-press.net\/benin\/","name":"B\u00e9nin","description":"Just another Africa News Agency Sites site","potentialAction":[{"@type":"SearchAction","target":{"@type":"EntryPoint","urlTemplate":"https:\/\/www.africa-press.net\/benin\/?s={search_term_string}"},"query-input":{"@type":"PropertyValueSpecification","valueRequired":true,"valueName":"search_term_string"}}],"inLanguage":"fr-FR"},{"@type":"Person","@id":"https:\/\/www.africa-press.net\/benin\/#\/schema\/person\/2b1cf3cd81a31e3cd26889ca66d677f1","name":"cfeditorfr"}]}},"_links":{"self":[{"href":"https:\/\/www.africa-press.net\/benin\/wp-json\/wp\/v2\/posts\/7405","targetHints":{"allow":["GET"]}}],"collection":[{"href":"https:\/\/www.africa-press.net\/benin\/wp-json\/wp\/v2\/posts"}],"about":[{"href":"https:\/\/www.africa-press.net\/benin\/wp-json\/wp\/v2\/types\/post"}],"author":[{"embeddable":true,"href":"https:\/\/www.africa-press.net\/benin\/wp-json\/wp\/v2\/users\/82"}],"replies":[{"embeddable":true,"href":"https:\/\/www.africa-press.net\/benin\/wp-json\/wp\/v2\/comments?post=7405"}],"version-history":[{"count":0,"href":"https:\/\/www.africa-press.net\/benin\/wp-json\/wp\/v2\/posts\/7405\/revisions"}],"wp:featuredmedia":[{"embeddable":true,"href":"https:\/\/www.africa-press.net\/benin\/wp-json\/wp\/v2\/media\/7404"}],"wp:attachment":[{"href":"https:\/\/www.africa-press.net\/benin\/wp-json\/wp\/v2\/media?parent=7405"}],"wp:term":[{"taxonomy":"category","embeddable":true,"href":"https:\/\/www.africa-press.net\/benin\/wp-json\/wp\/v2\/categories?post=7405"},{"taxonomy":"post_tag","embeddable":true,"href":"https:\/\/www.africa-press.net\/benin\/wp-json\/wp\/v2\/tags?post=7405"}],"curies":[{"name":"wp","href":"https:\/\/api.w.org\/{rel}","templated":true}]}}