{"id":7411,"date":"2022-07-26T23:00:00","date_gmt":"2022-07-26T23:00:00","guid":{"rendered":"https:\/\/www.africa-press.net\/benin\/politique\/cameroun-benin-guinee-bissau-macron-en-afrique-pour-tenter-de-repositionner-limperialisme-francais"},"modified":"2022-07-30T16:52:42","modified_gmt":"2022-07-30T16:52:42","slug":"cameroun-benin-guinee-bissau-macron-en-afrique-pour-tenter-de-repositionner-limperialisme-francais","status":"publish","type":"post","link":"https:\/\/www.africa-press.net\/benin\/politique\/cameroun-benin-guinee-bissau-macron-en-afrique-pour-tenter-de-repositionner-limperialisme-francais","title":{"rendered":"Cameroun, B\u00e9nin, Guin\u00e9e-Bissau &#8230; Macron en Afrique pour tenter de repositionner l\u2019imp\u00e9rialisme fran\u00e7ais"},"content":{"rendered":"<p><span style=\"color: #ff6600\"><strong>Africa-Press &#8211; Benin. <\/strong><\/span>En 2017, lors de sa premi\u00e8re \u00e9lection, Macron avait entam\u00e9 sa mandature en se rendant au Mali, afin de soutenir les sentinelles de l\u2019op\u00e9ration Barkhane. Cinq ans plus tard, la donne a bien chang\u00e9 et l\u2019imp\u00e9rialisme fran\u00e7ais continue de d\u00e9cliner. A quelques semaines de la fin du retrait de l\u2019arm\u00e9e fran\u00e7aise au Mali, chass\u00e9e depuis par le gouvernement malien qui pr\u00e9f\u00e8re dor\u00e9navant les troupes russes Wagner, Macron entame son second mandat en rendant visite au Cameroun, au B\u00e9nin et \u00e0 la Guin\u00e9e-Bissau. L\u2019objectif est clair : construire ou reconstruire les liens avec les capitales d\u2019Afrique, pour tenter de se faire de nouveaux alli\u00e9s, avec en ligne de fond la perte de vitesse de la France sur le continent et la sc\u00e8ne internationale.<\/p>\n<p>Ainsi, Macron a commenc\u00e9 ce lundi et mardi sa tourn\u00e9e par le Cameroun. Un premier d\u00e9fi (difficile) pour le pr\u00e9sident, qui va devoir jongler avec l\u2019opinion publique et les enjeux \u00ab strat\u00e9giques \u00bb de l\u2019imp\u00e9rialisme fran\u00e7ais. Deux ans auparavant, Macron d\u00e9clarait avoir \u00ab mis la pression \u00bb au pr\u00e9sident Paul Biya, quant aux violences exerc\u00e9es dans la r\u00e9gion, suite \u00e0 l\u2019interpellation d\u2019un jeune camerounais. Cette fois, il n\u2019y va pas pour \u00ab donner des le\u00e7ons ou promouvoir un mod\u00e8le. \u00bb a-t-il d\u00e9clar\u00e9. Un changement de ton r\u00e9v\u00e9lateur. En ligne de fond, la concurrence avec l\u2019Allemagne, la Turquie, la Chine, l\u2019Inde et, sur un tout autre plan, avec la Russie.<\/p>\n<p>Au Cameroun, la partie s\u2019annonce difficile pour le pr\u00e9sident<\/p>\n<p>En effet, la partie s\u2019annonce difficile pour le pr\u00e9sident, qui en train d\u2019op\u00e9rer un tournant strat\u00e9gique dans sa politique sur le continent africain, comme il le d\u00e9clarait lors de son discours aux arm\u00e9es, le 13 juillet dernier. Dor\u00e9navant, il s\u2019agirait de \u00ab b\u00e2tir dans la dur\u00e9e une intimit\u00e9 plus forte avec les arm\u00e9es africaines \u00bb, un \u00ab changement de paradigme \u00bb donc, dont cette tourn\u00e9e n\u2019est que la premi\u00e8re expression.<\/p>\n<p>Ainsi, m\u00eame si Macron tente de maquiller sa venue, notamment en mettant en avant le projet FARM (Food on Agriculture R\u00e9silience Mission), mis en place par le G7, l\u2019Union Europ\u00e9enne, et l\u2019Union Africaine, c\u2019est plut\u00f4t les int\u00e9r\u00eats de l\u2019imp\u00e9rialisme fran\u00e7ais qui sont au c\u0153ur de ce voyage. Mais pour mener \u00e0 bien sa mission, Macron va devoir r\u00e9ussir \u00e0 satisfaire tous ces interlocuteurs, \u00e0 savoir le pr\u00e9sident ultra autoritaire et depuis 40 ans au pouvoir, Paul Biya, mais aussi la population du pays, qui a encore en t\u00eate l\u2019\u00e9poque o\u00f9 le Cameroun \u00e9tait en partie une colonie fran\u00e7aise, et dont la France avait litt\u00e9ralement dirig\u00e9e la guerre contre-insurrectionnelle.<\/p>\n<p>Pourquoi commencer par le Cameroun donc ? Le journal burkinab\u00e9, Le Pays, peut r\u00e9pondre \u00e0 notre question. Selon lui, le Cameroun repr\u00e9sente \u00ab une aubaine \u00bb pour la France. D\u2019une part, c\u2019est bien le secteur agricole que compte cibler le gouvernement, car le pays dispose d\u2019immenses terres et se situe au carrefour de l\u2019Afrique centrale. De quoi nous \u00e9clairer sur la v\u00e9ritable nature du projet, faussement humanitaire, FARM, alors que la guerre en Ukraine a remis au premier plan la question de la famine aux quatre coins du globe, et notamment en Afrique, o\u00f9 les puissances occidentales craignent le retour \u00ab des \u00e9meutes de la faim \u00bb. Un premier secteur donc, dans lequel la France pourrait investir.<\/p>\n<p>Mais ce n\u2019est pas tout : le pays regorge \u00e9galement de p\u00e9trole. Une donn\u00e9e plus qu\u2019importante, car depuis la guerre d\u00e9clar\u00e9e par la Russie en Europe de l\u2019Est, l\u2019\u00e9nergie est devenue de loin l\u2019une des donn\u00e9es structurantes de la politique des pays occidentaux. Plus largement, la venue de Macron n\u2019a d\u2019autres objectifs que de replacer ses pions dans son ancienne colonie, tr\u00e8s courtis\u00e9e pour les raisons \u00e9voqu\u00e9es plus haut. A ce titre, les entreprises fran\u00e7aises ne repr\u00e9sentent plus que 10% de l\u2019\u00e9conomie du pays, contre 40% en 1990, largement investie aujourd\u2019hui par la Chine, l\u2019Inde, et l\u2019Allemagne, rapporte Le Figaro.<\/p>\n<p>Entre autres, Macron d\u00e9clarait justement ce mardi, \u00e0 l\u2019adresse de la Chine notamment, qui poss\u00e8de aujourd\u2019hui 60% de la dette bilat\u00e9rale du Cameroun : \u00ab on ne peut pas accepter que des entreprises, venant d\u2019autres r\u00e9gions du monde, consid\u00e8rent ici que tout est possible \u00bb. Faisant r\u00e9f\u00e9rence aux multiples affaires de corruption qui touchent le pays, et dont la France n\u2019est pas exempte, ce qu\u2019a reconnu le Pr\u00e9sident. Une d\u00e9claration qui donne le ton des nouvelles ambitions \u00e9conomiques de la France dans le pays.<\/p>\n<p>Enfin, au-del\u00e0 des int\u00e9r\u00eats \u00e9conomiques de la France, vient la question militaire. En effet, alors que la France est en perte de vitesse sur ce terrain (Macron a d\u2019ailleurs \u00e0 nouveaux rehauss\u00e9 le budget militaire), le Cameroun et la France pourrait y trouver un terrain d\u2019entente. Car le pays est en proie \u00e0 de multiples conflits, que ce soit avec l\u2019opposition politique, dont les principaux repr\u00e9sentants sont en prison, ou avec les forces s\u00e9paratistes, dans la partie anglophone du Cameroun, ou avec les forces de Boko Haram, dans l\u2019extr\u00eame Nord du pays. En-tout-cas, le maintien du pouvoir en place tient principalement \u00e0 une chose : la r\u00e9pression.<\/p>\n<p>Pour nous soutenir, c\u2019est par ici !<\/p>\n<p>\u00ab Redorer le blason \u00bb de la France, le d\u00e9fi de Macron aupr\u00e8s de l\u2019opinion publique et des chefs d\u2019Etats<\/p>\n<p>Ainsi, si Macron veut pouvoir se repositionner sur le continent, \u00e0 commencer par le Cameroun, il va devoir partir de la position, plut\u00f4t d\u00e9gringolante, de la France. Situation \u00e0 laquelle il essaye de rem\u00e9dier depuis quelques temps, mais dont l\u2019effet a \u00e9t\u00e9 jusqu\u2019ici plut\u00f4t mitig\u00e9. Derni\u00e8re expression en date de ces tentatives, le sommet France Afrique de l\u2019ann\u00e9e pass\u00e9e. Cens\u00e9 incarner une \u00ab rupture \u00bb de m\u00e9thode dans les \u00e9changes entre les deux parties, Macron pourrait payer les frais de cette politique adress\u00e9e \u00e0 la \u00ab soci\u00e9t\u00e9 civile \u00bb du continent africain, qui prend de plus en plus d\u2019importance. On se rappelle des r\u00e9voltes il y a un an au S\u00e9n\u00e9gal, dirig\u00e9es contre les firmes fran\u00e7aises.<\/p>\n<p>Jo\u00ebl Atayi-Gb\u00e8d\u00e8gb\u00e9, politologue b\u00e9ninois, revient justement sur les obstacles auxquels Macron pourrait se confronter, notamment aupr\u00e8s des populations locales. Mais pas seulement. Il remarque ainsi : \u00ab c\u2019est une tourn\u00e9e qui permettra probablement au pr\u00e9sident Macron de tenter de redorer son blason vis-\u00e0-vis de son opinion publique elle-m\u00eame mais \u00e9galement vis-\u00e0-vis des chefs d\u2019Etat africains, qui ont paru marginalis\u00e9, \u00eatre l\u2019objet d\u2019une d\u00e9fiance, d\u2019une volont\u00e9 de contournement de l\u2019Elys\u00e9e qui avait convoqu\u00e9 il y a quelques mois \u00e0 Paris, une partie de la jeunesse montante, des militants des ONG etc \u00bb.<\/p>\n<p>Macron doit donc jouer sur deux terrains, d\u2019un c\u00f4t\u00e9 aupr\u00e8s de la population, mais tout en devant reconstruire des relations d\u00e9grad\u00e9es avec les chefs d\u2019\u00c9tats. Cette situation pourrait engendrer de fortes contradictions, notamment au Cameroun. Paul Biya qui dirige depuis 40 ans le pays r\u00e9prime tr\u00e8s s\u00e9v\u00e8rement sa population, que ce soit les membres de l\u2019opposition ou la population soup\u00e7onn\u00e9e de soutenir les s\u00e9paratistes.<\/p>\n<p>En ce sens, une tribune, sign\u00e9e par deux chercheurs, intitul\u00e9e \u00ab M. Macron devrait clairement exprimer son inqui\u00e9tude quant aux violations des droits humains \u00bb vient de sortir. \u00ab Aujourd\u2019hui au Cameroun, arrestations, d\u00e9tentions arbitraires et torture sont monnaie courante \u00bb peut-on lire. Revenant sur les conflits qui gangr\u00e8nent le pays, la tribune met au centre la violence exerc\u00e9e par l\u2019\u00c9tat contre la population civile et les opposants politiques. A ce jour, plus de 600 000 personnes auraient \u00e9t\u00e9 d\u00e9plac\u00e9es dans les r\u00e9gions anglophones, et 75 000 personnes ont fui vers le Nigeria.<\/p>\n<p>En discutant avec un tel gouvernement, conqu\u00e9rir l\u2019opinion publique reste donc un d\u00e9fi de taille pour le pr\u00e9sident fran\u00e7ais. Ce mardi a donc eu lieu une table ronde avec certains jeunes de pays, qui avait \u00e9t\u00e9 pr\u00e9sent lors du dernier sommet France-Afrique de Montpellier. Mais cette entreprise risque de ne pas suffir. Achille Mbembe, intellectuel connu pour ses travaux postcoloniaux, mais aussi pour \u00eatre devenu plus r\u00e9cemment l\u2019un des interlocuteurs privil\u00e9gi\u00e9s de Macron en mati\u00e8re de politique africaine, rapporte que la r\u00e9ussite du voyage d\u00e9pendra \u00e9galement d\u2019actes symboliques comme \u00ab la r\u00e9habilitation des martyrs de l\u2019ind\u00e9pendance \u00bb. Une lutte dont les souvenirs sanglants sont encore dans de nombreuses t\u00eates.<\/p>\n<p>\u00ab Emmanuel Macron va marquer la Russie \u00e0 la culotte \u00bb<\/p>\n<p>Enfin, s\u2019il y a bien une raison qui explique la venue de Macron au Cameroun, et plus largement sa tourn\u00e9e en Afrique, c\u2019est la politique offensive de la Russie dans son pr\u00e9-carr\u00e9. \u00ab Emmanuel Macron va marquer la Russie \u00e0 la culotte \u00bb, d\u00e9clarait ainsi un diplomate fran\u00e7ais. Des propos on ne peut plus clairs. Car aujourd\u2019hui, la Russie est signataire d\u2019exactement 26 accords de d\u00e9fense avec les pays du continent, soit pr\u00e8s de la moiti\u00e9, rapporte l\u2019Opinion.<\/p>\n<p>Et justement, apr\u00e8s avoir inflig\u00e9 une d\u00e9faite sur ce terrain \u00e0 la France au Mali, la Russie aurait r\u00e9cemment accueilli Joseph Beti Assomo, le ministre d\u00e9l\u00e9gu\u00e9 \u00e0 la D\u00e9fense camerounaise le 12 avril dernier. Les deux parties auraient sign\u00e9 un accord en mati\u00e8re de politique de d\u00e9fense et de s\u00e9curit\u00e9. De quoi inqui\u00e9ter du c\u00f4t\u00e9 de la France, dont le ministre des arm\u00e9es, S\u00e9bastien Lecornu, a pr\u00e9vu de rencontrer \u00e0 son tour Joseph Beti Assomo. Si les deux pr\u00e9sidents devaient discuter ensemble des impacts de la guerre en Ukraine, on voit se dessiner plus pr\u00e9cis\u00e9ment les v\u00e9ritables motivations du camp fran\u00e7ais.<\/p>\n<p>De ce point de vue, le diplomate, cit\u00e9 par le journal l\u2019Opinion, en dit plut\u00f4t long : \u00ab Ils [les russes] ciblent le Cameroun, un carrefour strat\u00e9gique avec un acc\u00e8s au Golfe de Guin\u00e9e et sur l\u2019hinterland. L\u2019Elys\u00e9e essaie de comprendre ce qui se passe entre les diff\u00e9rents clans qui s\u2019affrontent dans l\u2019optique de la succession au pouvoir alors que Paul Biya n\u2019a pas pr\u00e9par\u00e9 de dauphin. Il faut surtout rassurer Yaound\u00e9 sur la p\u00e9rennit\u00e9 de notre partenariat alors que le Kremlin mise sur le ministre camerounais d\u00e9l\u00e9gu\u00e9 \u00e0 la D\u00e9fense et les jeunes officiers pour \u00e9tendre son influence. La Russie forme entre 100 et 150 officiers et sous-officiers par an dans ses \u00e9coles de guerre. On doit intensifier notre coop\u00e9ration militaire si on ne veut pas que Yaound\u00e9 bascule dans l\u2019orbite russe. \u00bb<\/p>\n<p>L\u2019entreprise de conqu\u00eate russe en Afrique est d\u2019ailleurs loin de s\u2019arr\u00eater l\u00e0, \u00e9tant donn\u00e9 que Sergue\u00ef Lavrov, ministre des Affaires \u00e9trang\u00e8res de Russie, apr\u00e8s s\u2019\u00eatre rendu en Egypte, est actuellement \u00e9galement en tourn\u00e9e sur le continent. Au programme : Congo-Brazzaville, Ouganda, et l\u2019Ethiopie. Au c\u0153ur de son voyage, rassurer les diff\u00e9rents pays au sujet de la p\u00e9nurie de bl\u00e9. Vendredi dernier, Poutine a d\u2019ailleurs sign\u00e9 un accord \u00e0 ce sujet avec Kiev en Turquie, sous l\u2019\u00e9gide de l\u2019ONU et d\u2019Erdogan. Pour autant, les bombardements n\u2019ont pas cess\u00e9 sur Odessa, l\u00e0 o\u00f9 se situe le principal port exportateur de bl\u00e9.<\/p>\n<p>Plusieurs questions sont donc au c\u0153ur des diff\u00e9rentes politiques de la Russie et de la France, \u00e0 savoir la question agricole avec en ligne de mire la p\u00e9nurie mondiale de bl\u00e9, les conflits r\u00e9gionaux qui ravagent le continent, avec en toile de fond le d\u00e9ploiement de troupes sur le continent, et surtout, la question \u00e9nerg\u00e9tique, qui structure de plus en plus la politique internationale des diff\u00e9rents gouvernements. Derri\u00e8re tout \u00e7a, ce sont bien les int\u00e9r\u00eats \u00e9conomiques et politiques qui motivent ces pays, \u00e0 l\u2019instar \u00e9galement des \u00c9tats-Unis, de la Chine, de l\u2019Allemagne etc. \u00e0 venir sur le continent africain.<\/p>\n<p>Comme l\u2019\u00e9crivait Philippe Alcoy dans un r\u00e9cent article, \u00ab la guerre en Ukraine a mis en exergue \u00bb la d\u00e9pendance \u00e9nerg\u00e9tique des pays de l\u2019Union europ\u00e9enne vis-\u00e0-vis de la Russie. \u00ab Dans ce contexte, le continent africain est en train d\u2019attirer la convoitise de diff\u00e9rents pays et entreprises europ\u00e9ens, notamment pour son gaz \u00bb. Comme nous l\u2019avons vu, le Cameroun est d\u00e9tenteur de riche ressource p\u00e9troli\u00e8re. Plus largement, c\u2019est tout le continent africain qui partage cette caract\u00e9ristique. Le tournant \u00ab strat\u00e9gique \u00bb d\u2019Emmanuel Macron sur le continent africain n\u2019est pas anodin et r\u00e9pond \u00e0 ces probl\u00e9matiques. A ce titre, la premi\u00e8re visite du pr\u00e9sident fran\u00e7ais en Guin\u00e9e-Bissau, pr\u00e9vue jeudi, alors que cette derni\u00e8re vient d\u2019\u00eatre nomm\u00e9e \u00e0 la t\u00eate de la puissante Communaut\u00e9 \u00c9conomique des Etats d\u2019Afrique de l\u2019Ouest (CEDEAO), est plut\u00f4t r\u00e9v\u00e9latrice des ambitions r\u00e9gionales de la France. Au B\u00e9nin, c\u2019est un soutien militaire qui est attendu.<\/p>\n<p><strong>Pour plus d&rsquo;informations et d&rsquo;analyses sur la <a href=\"https:\/\/www.africa-press.net\/benin\">Benin<\/a>, suivez <a href=\"https:\/\/www.africa-press.net\/\">Africa-Press<\/a><\/strong><\/p>\n","protected":false},"excerpt":{"rendered":"<p>Africa-Press &#8211; Benin. En 2017, lors de sa premi\u00e8re \u00e9lection, Macron avait entam\u00e9 sa mandature en se rendant au Mali, afin de soutenir les sentinelles de l\u2019op\u00e9ration Barkhane. Cinq ans plus tard, la donne a bien chang\u00e9 et l\u2019imp\u00e9rialisme fran\u00e7ais continue de d\u00e9cliner. A quelques semaines de la fin du retrait de l\u2019arm\u00e9e fran\u00e7aise au [&hellip;]<\/p>\n","protected":false},"author":82,"featured_media":7410,"comment_status":"open","ping_status":"closed","sticky":false,"template":"","format":"standard","meta":{"footnotes":""},"categories":[7,11,2,10],"tags":[36,50,45],"class_list":["post-7411","post","type-post","status-publish","format-standard","has-post-thumbnail","hentry","category-dossiers","category-homepage-french","category-politique","category-toutes-les-actualites","tag-africa-press","tag-africa-press-benin","tag-benin"],"yoast_head":"<!-- This site is optimized with the Yoast SEO Premium plugin v26.1 (Yoast SEO v27.0) - https:\/\/yoast.com\/product\/yoast-seo-premium-wordpress\/ -->\n<title>Cameroun, B\u00e9nin, Guin\u00e9e-Bissau ... Macron en Afrique pour tenter de repositionner l\u2019imp\u00e9rialisme fran\u00e7ais - B\u00e9nin<\/title>\n<meta name=\"description\" content=\"En 2017, lors de sa premi\u00e8re \u00e9lection, Macron avait entam\u00e9 sa mandature en se rendant au Mali, afin de soutenir les sent ...\" \/>\n<meta name=\"robots\" content=\"index, follow, max-snippet:-1, max-image-preview:large, max-video-preview:-1\" \/>\n<link rel=\"canonical\" href=\"https:\/\/www.africa-press.net\/benin\/politique\/cameroun-benin-guinee-bissau-macron-en-afrique-pour-tenter-de-repositionner-limperialisme-francais\" \/>\n<meta property=\"og:locale\" content=\"fr_FR\" \/>\n<meta property=\"og:type\" content=\"article\" \/>\n<meta property=\"og:title\" content=\"Cameroun, B\u00e9nin, Guin\u00e9e-Bissau ... Macron en Afrique pour tenter de repositionner l\u2019imp\u00e9rialisme fran\u00e7ais\" \/>\n<meta property=\"og:description\" content=\"En 2017, lors de sa premi\u00e8re \u00e9lection, Macron avait entam\u00e9 sa mandature en se rendant au Mali, afin de soutenir les sent ...\" \/>\n<meta property=\"og:url\" content=\"https:\/\/www.africa-press.net\/benin\/politique\/cameroun-benin-guinee-bissau-macron-en-afrique-pour-tenter-de-repositionner-limperialisme-francais\" \/>\n<meta property=\"og:site_name\" content=\"B\u00e9nin\" \/>\n<meta property=\"article:published_time\" content=\"2022-07-26T23:00:00+00:00\" \/>\n<meta property=\"article:modified_time\" content=\"2022-07-30T16:52:42+00:00\" \/>\n<meta property=\"og:image\" content=\"https:\/\/static.africa-press.net\/benin\/sites\/46\/2022\/07\/postQueueImg_1-62e561c0bcd13.jpg\" \/>\n\t<meta property=\"og:image:width\" content=\"670\" \/>\n\t<meta property=\"og:image:height\" content=\"395\" \/>\n\t<meta property=\"og:image:type\" content=\"image\/jpeg\" \/>\n<meta name=\"author\" content=\"cfeditorfr\" \/>\n<meta name=\"twitter:card\" content=\"summary_large_image\" \/>\n<meta name=\"twitter:label1\" content=\"\u00c9crit par\" \/>\n\t<meta name=\"twitter:data1\" content=\"cfeditorfr\" \/>\n\t<meta name=\"twitter:label2\" content=\"Dur\u00e9e de lecture estim\u00e9e\" \/>\n\t<meta name=\"twitter:data2\" content=\"11 minutes\" \/>\n<script type=\"application\/ld+json\" class=\"yoast-schema-graph\">{\"@context\":\"https:\/\/schema.org\",\"@graph\":[{\"@type\":\"Article\",\"@id\":\"https:\/\/www.africa-press.net\/benin\/politique\/cameroun-benin-guinee-bissau-macron-en-afrique-pour-tenter-de-repositionner-limperialisme-francais#article\",\"isPartOf\":{\"@id\":\"https:\/\/www.africa-press.net\/benin\/politique\/cameroun-benin-guinee-bissau-macron-en-afrique-pour-tenter-de-repositionner-limperialisme-francais\"},\"author\":{\"name\":\"cfeditorfr\",\"@id\":\"https:\/\/www.africa-press.net\/benin\/#\/schema\/person\/2b1cf3cd81a31e3cd26889ca66d677f1\"},\"headline\":\"Cameroun, B\u00e9nin, Guin\u00e9e-Bissau &#8230; Macron en Afrique pour tenter de repositionner l\u2019imp\u00e9rialisme fran\u00e7ais\",\"datePublished\":\"2022-07-26T23:00:00+00:00\",\"dateModified\":\"2022-07-30T16:52:42+00:00\",\"mainEntityOfPage\":{\"@id\":\"https:\/\/www.africa-press.net\/benin\/politique\/cameroun-benin-guinee-bissau-macron-en-afrique-pour-tenter-de-repositionner-limperialisme-francais\"},\"wordCount\":2268,\"commentCount\":0,\"image\":{\"@id\":\"https:\/\/www.africa-press.net\/benin\/politique\/cameroun-benin-guinee-bissau-macron-en-afrique-pour-tenter-de-repositionner-limperialisme-francais#primaryimage\"},\"thumbnailUrl\":\"https:\/\/static.africa-press.net\/benin\/sites\/46\/2022\/07\/postQueueImg_1-62e561c0bcd13.jpg\",\"keywords\":[\"Africa Press\",\"Africa Press-Benin\",\"B\u00e9nin\"],\"articleSection\":[\"Dossiers\",\"homepage-french\",\"Politique\",\"Toutes les actualit\u00e9s\"],\"inLanguage\":\"fr-FR\",\"potentialAction\":[{\"@type\":\"CommentAction\",\"name\":\"Comment\",\"target\":[\"https:\/\/www.africa-press.net\/benin\/politique\/cameroun-benin-guinee-bissau-macron-en-afrique-pour-tenter-de-repositionner-limperialisme-francais#respond\"]}]},{\"@type\":\"WebPage\",\"@id\":\"https:\/\/www.africa-press.net\/benin\/politique\/cameroun-benin-guinee-bissau-macron-en-afrique-pour-tenter-de-repositionner-limperialisme-francais\",\"url\":\"https:\/\/www.africa-press.net\/benin\/politique\/cameroun-benin-guinee-bissau-macron-en-afrique-pour-tenter-de-repositionner-limperialisme-francais\",\"name\":\"Cameroun, B\u00e9nin, Guin\u00e9e-Bissau ... Macron en Afrique pour tenter de repositionner l\u2019imp\u00e9rialisme fran\u00e7ais - B\u00e9nin\",\"isPartOf\":{\"@id\":\"https:\/\/www.africa-press.net\/benin\/#website\"},\"primaryImageOfPage\":{\"@id\":\"https:\/\/www.africa-press.net\/benin\/politique\/cameroun-benin-guinee-bissau-macron-en-afrique-pour-tenter-de-repositionner-limperialisme-francais#primaryimage\"},\"image\":{\"@id\":\"https:\/\/www.africa-press.net\/benin\/politique\/cameroun-benin-guinee-bissau-macron-en-afrique-pour-tenter-de-repositionner-limperialisme-francais#primaryimage\"},\"thumbnailUrl\":\"https:\/\/static.africa-press.net\/benin\/sites\/46\/2022\/07\/postQueueImg_1-62e561c0bcd13.jpg\",\"datePublished\":\"2022-07-26T23:00:00+00:00\",\"dateModified\":\"2022-07-30T16:52:42+00:00\",\"author\":{\"@id\":\"https:\/\/www.africa-press.net\/benin\/#\/schema\/person\/2b1cf3cd81a31e3cd26889ca66d677f1\"},\"description\":\"En 2017, lors de sa premi\u00e8re \u00e9lection, Macron avait entam\u00e9 sa mandature en se rendant au Mali, afin de soutenir les sent ...\",\"breadcrumb\":{\"@id\":\"https:\/\/www.africa-press.net\/benin\/politique\/cameroun-benin-guinee-bissau-macron-en-afrique-pour-tenter-de-repositionner-limperialisme-francais#breadcrumb\"},\"inLanguage\":\"fr-FR\",\"potentialAction\":[{\"@type\":\"ReadAction\",\"target\":[\"https:\/\/www.africa-press.net\/benin\/politique\/cameroun-benin-guinee-bissau-macron-en-afrique-pour-tenter-de-repositionner-limperialisme-francais\"]}]},{\"@type\":\"ImageObject\",\"inLanguage\":\"fr-FR\",\"@id\":\"https:\/\/www.africa-press.net\/benin\/politique\/cameroun-benin-guinee-bissau-macron-en-afrique-pour-tenter-de-repositionner-limperialisme-francais#primaryimage\",\"url\":\"https:\/\/static.africa-press.net\/benin\/sites\/46\/2022\/07\/postQueueImg_1-62e561c0bcd13.jpg\",\"contentUrl\":\"https:\/\/static.africa-press.net\/benin\/sites\/46\/2022\/07\/postQueueImg_1-62e561c0bcd13.jpg\",\"width\":670,\"height\":395,\"caption\":\"Cameroun, B\u00e9nin, Guin\u00e9e-Bissau ... Macron en Afrique pour tenter de repositionner l\u2019imp\u00e9rialisme fran\u00e7ais\"},{\"@type\":\"BreadcrumbList\",\"@id\":\"https:\/\/www.africa-press.net\/benin\/politique\/cameroun-benin-guinee-bissau-macron-en-afrique-pour-tenter-de-repositionner-limperialisme-francais#breadcrumb\",\"itemListElement\":[{\"@type\":\"ListItem\",\"position\":1,\"name\":\"Accueil\",\"item\":\"https:\/\/www.africa-press.net\/benin\/\"},{\"@type\":\"ListItem\",\"position\":2,\"name\":\"Cameroun, B\u00e9nin, Guin\u00e9e-Bissau &#8230; Macron en Afrique pour tenter de repositionner l\u2019imp\u00e9rialisme fran\u00e7ais\"}]},{\"@type\":\"WebSite\",\"@id\":\"https:\/\/www.africa-press.net\/benin\/#website\",\"url\":\"https:\/\/www.africa-press.net\/benin\/\",\"name\":\"B\u00e9nin\",\"description\":\"Just another Africa News Agency Sites site\",\"potentialAction\":[{\"@type\":\"SearchAction\",\"target\":{\"@type\":\"EntryPoint\",\"urlTemplate\":\"https:\/\/www.africa-press.net\/benin\/?s={search_term_string}\"},\"query-input\":{\"@type\":\"PropertyValueSpecification\",\"valueRequired\":true,\"valueName\":\"search_term_string\"}}],\"inLanguage\":\"fr-FR\"},{\"@type\":\"Person\",\"@id\":\"https:\/\/www.africa-press.net\/benin\/#\/schema\/person\/2b1cf3cd81a31e3cd26889ca66d677f1\",\"name\":\"cfeditorfr\"}]}<\/script>\n<!-- \/ Yoast SEO Premium plugin. -->","yoast_head_json":{"title":"Cameroun, B\u00e9nin, Guin\u00e9e-Bissau ... Macron en Afrique pour tenter de repositionner l\u2019imp\u00e9rialisme fran\u00e7ais - B\u00e9nin","description":"En 2017, lors de sa premi\u00e8re \u00e9lection, Macron avait entam\u00e9 sa mandature en se rendant au Mali, afin de soutenir les sent ...","robots":{"index":"index","follow":"follow","max-snippet":"max-snippet:-1","max-image-preview":"max-image-preview:large","max-video-preview":"max-video-preview:-1"},"canonical":"https:\/\/www.africa-press.net\/benin\/politique\/cameroun-benin-guinee-bissau-macron-en-afrique-pour-tenter-de-repositionner-limperialisme-francais","og_locale":"fr_FR","og_type":"article","og_title":"Cameroun, B\u00e9nin, Guin\u00e9e-Bissau ... Macron en Afrique pour tenter de repositionner l\u2019imp\u00e9rialisme fran\u00e7ais","og_description":"En 2017, lors de sa premi\u00e8re \u00e9lection, Macron avait entam\u00e9 sa mandature en se rendant au Mali, afin de soutenir les sent ...","og_url":"https:\/\/www.africa-press.net\/benin\/politique\/cameroun-benin-guinee-bissau-macron-en-afrique-pour-tenter-de-repositionner-limperialisme-francais","og_site_name":"B\u00e9nin","article_published_time":"2022-07-26T23:00:00+00:00","article_modified_time":"2022-07-30T16:52:42+00:00","og_image":[{"width":670,"height":395,"url":"https:\/\/static.africa-press.net\/benin\/sites\/46\/2022\/07\/postQueueImg_1-62e561c0bcd13.jpg","type":"image\/jpeg"}],"author":"cfeditorfr","twitter_card":"summary_large_image","twitter_misc":{"\u00c9crit par":"cfeditorfr","Dur\u00e9e de lecture estim\u00e9e":"11 minutes"},"schema":{"@context":"https:\/\/schema.org","@graph":[{"@type":"Article","@id":"https:\/\/www.africa-press.net\/benin\/politique\/cameroun-benin-guinee-bissau-macron-en-afrique-pour-tenter-de-repositionner-limperialisme-francais#article","isPartOf":{"@id":"https:\/\/www.africa-press.net\/benin\/politique\/cameroun-benin-guinee-bissau-macron-en-afrique-pour-tenter-de-repositionner-limperialisme-francais"},"author":{"name":"cfeditorfr","@id":"https:\/\/www.africa-press.net\/benin\/#\/schema\/person\/2b1cf3cd81a31e3cd26889ca66d677f1"},"headline":"Cameroun, B\u00e9nin, Guin\u00e9e-Bissau &#8230; Macron en Afrique pour tenter de repositionner l\u2019imp\u00e9rialisme fran\u00e7ais","datePublished":"2022-07-26T23:00:00+00:00","dateModified":"2022-07-30T16:52:42+00:00","mainEntityOfPage":{"@id":"https:\/\/www.africa-press.net\/benin\/politique\/cameroun-benin-guinee-bissau-macron-en-afrique-pour-tenter-de-repositionner-limperialisme-francais"},"wordCount":2268,"commentCount":0,"image":{"@id":"https:\/\/www.africa-press.net\/benin\/politique\/cameroun-benin-guinee-bissau-macron-en-afrique-pour-tenter-de-repositionner-limperialisme-francais#primaryimage"},"thumbnailUrl":"https:\/\/static.africa-press.net\/benin\/sites\/46\/2022\/07\/postQueueImg_1-62e561c0bcd13.jpg","keywords":["Africa Press","Africa Press-Benin","B\u00e9nin"],"articleSection":["Dossiers","homepage-french","Politique","Toutes les actualit\u00e9s"],"inLanguage":"fr-FR","potentialAction":[{"@type":"CommentAction","name":"Comment","target":["https:\/\/www.africa-press.net\/benin\/politique\/cameroun-benin-guinee-bissau-macron-en-afrique-pour-tenter-de-repositionner-limperialisme-francais#respond"]}]},{"@type":"WebPage","@id":"https:\/\/www.africa-press.net\/benin\/politique\/cameroun-benin-guinee-bissau-macron-en-afrique-pour-tenter-de-repositionner-limperialisme-francais","url":"https:\/\/www.africa-press.net\/benin\/politique\/cameroun-benin-guinee-bissau-macron-en-afrique-pour-tenter-de-repositionner-limperialisme-francais","name":"Cameroun, B\u00e9nin, Guin\u00e9e-Bissau ... Macron en Afrique pour tenter de repositionner l\u2019imp\u00e9rialisme fran\u00e7ais - B\u00e9nin","isPartOf":{"@id":"https:\/\/www.africa-press.net\/benin\/#website"},"primaryImageOfPage":{"@id":"https:\/\/www.africa-press.net\/benin\/politique\/cameroun-benin-guinee-bissau-macron-en-afrique-pour-tenter-de-repositionner-limperialisme-francais#primaryimage"},"image":{"@id":"https:\/\/www.africa-press.net\/benin\/politique\/cameroun-benin-guinee-bissau-macron-en-afrique-pour-tenter-de-repositionner-limperialisme-francais#primaryimage"},"thumbnailUrl":"https:\/\/static.africa-press.net\/benin\/sites\/46\/2022\/07\/postQueueImg_1-62e561c0bcd13.jpg","datePublished":"2022-07-26T23:00:00+00:00","dateModified":"2022-07-30T16:52:42+00:00","author":{"@id":"https:\/\/www.africa-press.net\/benin\/#\/schema\/person\/2b1cf3cd81a31e3cd26889ca66d677f1"},"description":"En 2017, lors de sa premi\u00e8re \u00e9lection, Macron avait entam\u00e9 sa mandature en se rendant au Mali, afin de soutenir les sent ...","breadcrumb":{"@id":"https:\/\/www.africa-press.net\/benin\/politique\/cameroun-benin-guinee-bissau-macron-en-afrique-pour-tenter-de-repositionner-limperialisme-francais#breadcrumb"},"inLanguage":"fr-FR","potentialAction":[{"@type":"ReadAction","target":["https:\/\/www.africa-press.net\/benin\/politique\/cameroun-benin-guinee-bissau-macron-en-afrique-pour-tenter-de-repositionner-limperialisme-francais"]}]},{"@type":"ImageObject","inLanguage":"fr-FR","@id":"https:\/\/www.africa-press.net\/benin\/politique\/cameroun-benin-guinee-bissau-macron-en-afrique-pour-tenter-de-repositionner-limperialisme-francais#primaryimage","url":"https:\/\/static.africa-press.net\/benin\/sites\/46\/2022\/07\/postQueueImg_1-62e561c0bcd13.jpg","contentUrl":"https:\/\/static.africa-press.net\/benin\/sites\/46\/2022\/07\/postQueueImg_1-62e561c0bcd13.jpg","width":670,"height":395,"caption":"Cameroun, B\u00e9nin, Guin\u00e9e-Bissau ... Macron en Afrique pour tenter de repositionner l\u2019imp\u00e9rialisme fran\u00e7ais"},{"@type":"BreadcrumbList","@id":"https:\/\/www.africa-press.net\/benin\/politique\/cameroun-benin-guinee-bissau-macron-en-afrique-pour-tenter-de-repositionner-limperialisme-francais#breadcrumb","itemListElement":[{"@type":"ListItem","position":1,"name":"Accueil","item":"https:\/\/www.africa-press.net\/benin\/"},{"@type":"ListItem","position":2,"name":"Cameroun, B\u00e9nin, Guin\u00e9e-Bissau &#8230; Macron en Afrique pour tenter de repositionner l\u2019imp\u00e9rialisme fran\u00e7ais"}]},{"@type":"WebSite","@id":"https:\/\/www.africa-press.net\/benin\/#website","url":"https:\/\/www.africa-press.net\/benin\/","name":"B\u00e9nin","description":"Just another Africa News Agency Sites site","potentialAction":[{"@type":"SearchAction","target":{"@type":"EntryPoint","urlTemplate":"https:\/\/www.africa-press.net\/benin\/?s={search_term_string}"},"query-input":{"@type":"PropertyValueSpecification","valueRequired":true,"valueName":"search_term_string"}}],"inLanguage":"fr-FR"},{"@type":"Person","@id":"https:\/\/www.africa-press.net\/benin\/#\/schema\/person\/2b1cf3cd81a31e3cd26889ca66d677f1","name":"cfeditorfr"}]}},"_links":{"self":[{"href":"https:\/\/www.africa-press.net\/benin\/wp-json\/wp\/v2\/posts\/7411","targetHints":{"allow":["GET"]}}],"collection":[{"href":"https:\/\/www.africa-press.net\/benin\/wp-json\/wp\/v2\/posts"}],"about":[{"href":"https:\/\/www.africa-press.net\/benin\/wp-json\/wp\/v2\/types\/post"}],"author":[{"embeddable":true,"href":"https:\/\/www.africa-press.net\/benin\/wp-json\/wp\/v2\/users\/82"}],"replies":[{"embeddable":true,"href":"https:\/\/www.africa-press.net\/benin\/wp-json\/wp\/v2\/comments?post=7411"}],"version-history":[{"count":0,"href":"https:\/\/www.africa-press.net\/benin\/wp-json\/wp\/v2\/posts\/7411\/revisions"}],"wp:featuredmedia":[{"embeddable":true,"href":"https:\/\/www.africa-press.net\/benin\/wp-json\/wp\/v2\/media\/7410"}],"wp:attachment":[{"href":"https:\/\/www.africa-press.net\/benin\/wp-json\/wp\/v2\/media?parent=7411"}],"wp:term":[{"taxonomy":"category","embeddable":true,"href":"https:\/\/www.africa-press.net\/benin\/wp-json\/wp\/v2\/categories?post=7411"},{"taxonomy":"post_tag","embeddable":true,"href":"https:\/\/www.africa-press.net\/benin\/wp-json\/wp\/v2\/tags?post=7411"}],"curies":[{"name":"wp","href":"https:\/\/api.w.org\/{rel}","templated":true}]}}