{"id":7422,"date":"2022-07-31T16:36:58","date_gmt":"2022-07-31T16:36:58","guid":{"rendered":"https:\/\/www.africa-press.net\/benin\/politique\/patrice-talon-a-xwlacodji-ces-gerbes-deposees-par-nos-mains-ont-plutot-celebre-et-honore-nos-bourreaux"},"modified":"2022-07-31T16:49:24","modified_gmt":"2022-07-31T16:49:24","slug":"patrice-talon-a-xwlacodji-ces-gerbes-deposees-par-nos-mains-ont-plutot-celebre-et-honore-nos-bourreaux","status":"publish","type":"post","link":"https:\/\/www.africa-press.net\/benin\/culture-et-art\/patrice-talon-a-xwlacodji-ces-gerbes-deposees-par-nos-mains-ont-plutot-celebre-et-honore-nos-bourreaux","title":{"rendered":"Patrice Talon:  \u00e0 Xwlacodji, \u00ab\u00a0ces gerbes, d\u00e9pos\u00e9es par nos mains, ont plut\u00f4t c\u00e9l\u00e9br\u00e9 et honor\u00e9 nos bourreaux\u00a0\u00bb"},"content":{"rendered":"<p><span style=\"color: #ff6600\"><strong>Africa-Press &#8211; Benin. <\/strong><\/span>Ce samedi 30 juillet, le Pr\u00e9sident Patrice Talon a inaugur\u00e9 le Monument aux D\u00e9vou\u00e9s de la Patrie des Jardins de Matthieu. Un \u00e9v\u00e8nement historique et r\u00e9volutionnaire pour le B\u00e9nin au cours duquel, le pr\u00e9sident b\u00e9ninois a d\u00e9clar\u00e9 que \u00ab Ce monument aux de morts de Xwlacodji \u00bb ne concerne pas les b\u00e9ninois.<\/p>\n<p>Le chef de l\u2019Etat, le pr\u00e9sident Patrice Talon est descendu dans la matin\u00e9e de ce samedi 30 Juillet 2022 pour restaurer la m\u00e9moire du peuple b\u00e9ninois et prot\u00e9ger son patrimoine culturel, ceci par trois (3) monuments au ceur de Cotonou. Il s\u2019agit de la statue de Bio Guera \u00e0 l\u2019a\u00e9roport de Cotonou, de la place de l\u2019Amazone sur le boulevard de la Marina et du Monument au D\u00e9vou\u00e9s \u00e9rig\u00e9 aux Jardins de Mathieu.<\/p>\n<p>\u00bbLe monument aux morts de Xwlacodji ne nous concerne pas \u00bb<\/p>\n<p>Pendant son allocution pour inaugurer le Monument aux D\u00e9vou\u00e9s \u00e9rig\u00e9 aux Jardins de Mathieu, le Pr\u00e9sident b\u00e9ninois a fait des d\u00e9clarations fortes qui inspirent fiert\u00e9 et admiration. Pour l\u2019homme de la rupture, il s\u2019agit d\u2019une \u00ab c\u00e9r\u00e9monie de translation des reliques des h\u00e9ros \u00bb b\u00e9ninois de Xwlacodji au nouveau site d\u00e9nomm\u00e9 \u00ab Monument aux D\u00e9vou\u00e9s \u00bb situ\u00e9 dans les Jardins de Mathieu.<\/p>\n<p>Pour Patrice Talon, \u00ab cette c\u00e9r\u00e9monie constitue une \u00e9tape majeure dans la vie de notre pays le B\u00e9nin, parce qu\u2019il s\u2019agit de la translation, du transfert des reliques immat\u00e9rielles de nos h\u00e9ros, de l\u2019ancien monument aux morts situ\u00e9 \u00e0 Xwlacodji \u00e0 ici, aux Jardins de Mathieu. \u00bb \u00ab Pendant plus de 60 ans, nous avons rendu hommage \u00e0 nos h\u00e9ros \u00e0 Xwlacodji, au pied d\u2019un monument \u00e9rig\u00e9 par l\u2019envahisseur \u00e0 la gloire de ses soldats qui ont d\u00e9cim\u00e9 les n\u00f4tres. \u00bb a d\u00e9clar\u00e9 l\u2019homme d\u2019affaires b\u00e9ninois devenu pr\u00e9sident.<\/p>\n<p>Apr\u00e8s les Monuments Bio Guera et Amazone, la derni\u00e8re \u00e9tape des c\u00e9r\u00e9monies de d\u00e9voilement fut le Monument aux D\u00e9vou\u00e9s dans les Jardins de Mathieu. Le d\u00e9voilement a \u00e9t\u00e9 fait par le #Prbenin, @PatriceTalonPR en pr\u00e9sence de ses invit\u00e9s. #BeninCulture #Wasexo #IndependanceBenin pic.twitter.com\/q2A8OHEUkL<\/p>\n<p>Pour cet \u00e9v\u00e8nement hautement historique et r\u00e9volutionnaire, l\u2019homme de la rupture est all\u00e9 tr\u00e8s loin dans ses d\u00e9clarations. \u00ab En r\u00e9alit\u00e9, ce monument aux morts de Xwlacodji ne nous concerne pas. Il nous a plut\u00f4t toujours d\u00e9fi\u00e9, raviv\u00e9 nos peines et nous n\u2019avons pas \u00e0 nous consol\u00e9 ce qui serait aussi celui des combattants de la premi\u00e8re et de la deuxi\u00e8me guerre mondiale \u00bb, a insist\u00e9 Patrice Talon.<\/p>\n<p>\u00ab mettre un terme d\u00e9finitif, \u00e0 une aberration qui n\u2019a que trop dur\u00e9\u00ab<\/p>\n<p>\u00ab Il est chronologiquement, surtout et avant tout, le monument d\u00e9di\u00e9 aux soldats d\u00e9ploy\u00e9s par l\u2019envahisseur pour soumettre nos anc\u00eatres. Il date d\u2019avant 1903. Pendant plus de 60 ans donc, les chefs d\u2019Etats du B\u00e9nin ont, tous les 1er Aout, \u00e0 l\u2019occasion de notre f\u00eate nationale comm\u00e9morative de notre ind\u00e9pendance, d\u00e9pos\u00e9 une gerbe au pied de ce monument l\u00e0, d\u00e9di\u00e9 aux Fran\u00e7ais et assimil\u00e9s morts pour la gloire de la France. En r\u00e9alit\u00e9, ces gerbes, d\u00e9pos\u00e9es par nos mains, ont plut\u00f4t c\u00e9l\u00e9br\u00e9 et honor\u00e9 nos bourreaux. \u00ab a fait savoir le pr\u00e9sident b\u00e9ninois, devenu historien pour la circonstance.<\/p>\n<p>Et de conclure, \u00ab comme il n\u2019est jamais tard pour r\u00e9parer, et que chaque g\u00e9n\u00e9ration a le devoir d\u2019apporter sa contribution \u00e0 la construction de la maison commune, nous allons, en cette ann\u00e9e 2022, mettre un terme d\u00e9finitif, \u00e0 une aberration qui n\u2019a que trop dur\u00e9. D\u00e9sormais, c\u2019est ici, en ce lieu empreint de notre histoire politique [ lieu qui abritait autrefois la r\u00e9sidence ( \u201cLes Filaos\u201c) de l\u2019ancien Pr\u00e9sident Mathieu K\u00e9r\u00e9kou, qui a dirig\u00e9 ce pays pendant 27 ans, ndlr] au pied de cet ob\u00e9lisque, que le monde entier a emprunt\u00e9 au g\u00e9nie \u00e9gyptien, que sera d\u00e9pos\u00e9, chaque 1er Aout, une gerbe \u00e0 la m\u00e9moire de nos h\u00e9ros \u00bb. Durant 60 ans, nous avons fait des erreurs. D\u00e9sormais, ce monument des d\u00e9vou\u00e9s sera pour c\u00e9l\u00e9brer les n\u00f4tres et recevra la c\u00e9r\u00e9monie du d\u00e9p\u00f4t de gerbe \u00bb a d\u00e9clar\u00e9 Patrice Talon.<\/p>\n<p>Le pr\u00e9sident Talon a \u00e9galement annonc\u00e9 revenir dans 48 heures pour le premier d\u00e9p\u00f4t de gerbe dans ce nouveau lieu, \u00e0 l\u2019occasion de la f\u00eate nationale. Quant au monument de Xwlacodji, il continuera d\u2019honorer les Fran\u00e7ais.<\/p>\n<p><strong>Pour plus d&rsquo;informations et d&rsquo;analyses sur la <a href=\"https:\/\/www.africa-press.net\/benin\">Benin<\/a>, suivez <a href=\"https:\/\/www.africa-press.net\/\">Africa-Press<\/a><\/strong><\/p>\n","protected":false},"excerpt":{"rendered":"<p>Africa-Press &#8211; Benin. Ce samedi 30 juillet, le Pr\u00e9sident Patrice Talon a inaugur\u00e9 le Monument aux D\u00e9vou\u00e9s de la Patrie des Jardins de Matthieu. Un \u00e9v\u00e8nement historique et r\u00e9volutionnaire pour le B\u00e9nin au cours duquel, le pr\u00e9sident b\u00e9ninois a d\u00e9clar\u00e9 que \u00ab Ce monument aux de morts de Xwlacodji \u00bb ne concerne pas les b\u00e9ninois. [&hellip;]<\/p>\n","protected":false},"author":82,"featured_media":7421,"comment_status":"open","ping_status":"closed","sticky":false,"template":"","format":"standard","meta":{"footnotes":""},"categories":[5,11,10],"tags":[36,50,45],"class_list":["post-7422","post","type-post","status-publish","format-standard","has-post-thumbnail","hentry","category-culture-et-art","category-homepage-french","category-toutes-les-actualites","tag-africa-press","tag-africa-press-benin","tag-benin"],"yoast_head":"<!-- This site is optimized with the Yoast SEO Premium plugin v26.1 (Yoast SEO v27.0) - https:\/\/yoast.com\/product\/yoast-seo-premium-wordpress\/ -->\n<title>Patrice Talon: \u00e0 Xwlacodji, \u00ab\u00a0ces gerbes, d\u00e9pos\u00e9es par nos mains, ont plut\u00f4t c\u00e9l\u00e9br\u00e9 et honor\u00e9 nos bourreaux\u00a0\u00bb - B\u00e9nin<\/title>\n<meta name=\"description\" content=\"Ce samedi 30 juillet, le Pr\u00e9sident Patrice Talon a inaugur\u00e9 le Monument aux D\u00e9vou\u00e9s de la Patrie des Jardins de Matthieu ...\" \/>\n<meta name=\"robots\" content=\"index, follow, max-snippet:-1, max-image-preview:large, max-video-preview:-1\" \/>\n<link rel=\"canonical\" href=\"https:\/\/www.africa-press.net\/benin\/culture-et-art\/patrice-talon-a-xwlacodji-ces-gerbes-deposees-par-nos-mains-ont-plutot-celebre-et-honore-nos-bourreaux\" \/>\n<meta property=\"og:locale\" content=\"fr_FR\" \/>\n<meta property=\"og:type\" content=\"article\" \/>\n<meta property=\"og:title\" content=\"Patrice Talon: \u00e0 Xwlacodji, \u00ab\u00a0ces gerbes, d\u00e9pos\u00e9es par nos mains, ont plut\u00f4t c\u00e9l\u00e9br\u00e9 et honor\u00e9 nos bourreaux\u00a0\u00bb\" \/>\n<meta property=\"og:description\" content=\"Ce samedi 30 juillet, le Pr\u00e9sident Patrice Talon a inaugur\u00e9 le Monument aux D\u00e9vou\u00e9s de la Patrie des Jardins de Matthieu ...\" \/>\n<meta property=\"og:url\" content=\"https:\/\/www.africa-press.net\/benin\/culture-et-art\/patrice-talon-a-xwlacodji-ces-gerbes-deposees-par-nos-mains-ont-plutot-celebre-et-honore-nos-bourreaux\" \/>\n<meta property=\"og:site_name\" content=\"B\u00e9nin\" \/>\n<meta property=\"article:published_time\" content=\"2022-07-31T16:36:58+00:00\" \/>\n<meta property=\"article:modified_time\" content=\"2022-07-31T16:49:24+00:00\" \/>\n<meta property=\"og:image\" content=\"https:\/\/static.africa-press.net\/benin\/sites\/46\/2022\/07\/postQueueImg_7-62e6b27a126c6.jpg\" \/>\n\t<meta property=\"og:image:width\" content=\"1280\" \/>\n\t<meta property=\"og:image:height\" content=\"720\" \/>\n\t<meta property=\"og:image:type\" content=\"image\/jpeg\" \/>\n<meta name=\"author\" content=\"cfeditorfr\" \/>\n<meta name=\"twitter:card\" content=\"summary_large_image\" \/>\n<meta name=\"twitter:label1\" content=\"\u00c9crit par\" \/>\n\t<meta name=\"twitter:data1\" content=\"cfeditorfr\" \/>\n\t<meta name=\"twitter:label2\" content=\"Dur\u00e9e de lecture estim\u00e9e\" \/>\n\t<meta name=\"twitter:data2\" content=\"4 minutes\" \/>\n<script type=\"application\/ld+json\" class=\"yoast-schema-graph\">{\"@context\":\"https:\/\/schema.org\",\"@graph\":[{\"@type\":\"Article\",\"@id\":\"https:\/\/www.africa-press.net\/benin\/culture-et-art\/patrice-talon-a-xwlacodji-ces-gerbes-deposees-par-nos-mains-ont-plutot-celebre-et-honore-nos-bourreaux#article\",\"isPartOf\":{\"@id\":\"https:\/\/www.africa-press.net\/benin\/culture-et-art\/patrice-talon-a-xwlacodji-ces-gerbes-deposees-par-nos-mains-ont-plutot-celebre-et-honore-nos-bourreaux\"},\"author\":{\"name\":\"cfeditorfr\",\"@id\":\"https:\/\/www.africa-press.net\/benin\/#\/schema\/person\/2b1cf3cd81a31e3cd26889ca66d677f1\"},\"headline\":\"Patrice Talon: \u00e0 Xwlacodji, \u00ab\u00a0ces gerbes, d\u00e9pos\u00e9es par nos mains, ont plut\u00f4t c\u00e9l\u00e9br\u00e9 et honor\u00e9 nos bourreaux\u00a0\u00bb\",\"datePublished\":\"2022-07-31T16:36:58+00:00\",\"dateModified\":\"2022-07-31T16:49:24+00:00\",\"mainEntityOfPage\":{\"@id\":\"https:\/\/www.africa-press.net\/benin\/culture-et-art\/patrice-talon-a-xwlacodji-ces-gerbes-deposees-par-nos-mains-ont-plutot-celebre-et-honore-nos-bourreaux\"},\"wordCount\":820,\"commentCount\":0,\"image\":{\"@id\":\"https:\/\/www.africa-press.net\/benin\/culture-et-art\/patrice-talon-a-xwlacodji-ces-gerbes-deposees-par-nos-mains-ont-plutot-celebre-et-honore-nos-bourreaux#primaryimage\"},\"thumbnailUrl\":\"https:\/\/static.africa-press.net\/benin\/sites\/46\/2022\/07\/postQueueImg_7-62e6b27a126c6.jpg\",\"keywords\":[\"Africa Press\",\"Africa Press-Benin\",\"B\u00e9nin\"],\"articleSection\":[\"Culture et Art\",\"homepage-french\",\"Toutes les actualit\u00e9s\"],\"inLanguage\":\"fr-FR\",\"potentialAction\":[{\"@type\":\"CommentAction\",\"name\":\"Comment\",\"target\":[\"https:\/\/www.africa-press.net\/benin\/culture-et-art\/patrice-talon-a-xwlacodji-ces-gerbes-deposees-par-nos-mains-ont-plutot-celebre-et-honore-nos-bourreaux#respond\"]}]},{\"@type\":\"WebPage\",\"@id\":\"https:\/\/www.africa-press.net\/benin\/culture-et-art\/patrice-talon-a-xwlacodji-ces-gerbes-deposees-par-nos-mains-ont-plutot-celebre-et-honore-nos-bourreaux\",\"url\":\"https:\/\/www.africa-press.net\/benin\/culture-et-art\/patrice-talon-a-xwlacodji-ces-gerbes-deposees-par-nos-mains-ont-plutot-celebre-et-honore-nos-bourreaux\",\"name\":\"Patrice Talon: \u00e0 Xwlacodji, \u00ab\u00a0ces gerbes, d\u00e9pos\u00e9es par nos mains, ont plut\u00f4t c\u00e9l\u00e9br\u00e9 et honor\u00e9 nos bourreaux\u00a0\u00bb - B\u00e9nin\",\"isPartOf\":{\"@id\":\"https:\/\/www.africa-press.net\/benin\/#website\"},\"primaryImageOfPage\":{\"@id\":\"https:\/\/www.africa-press.net\/benin\/culture-et-art\/patrice-talon-a-xwlacodji-ces-gerbes-deposees-par-nos-mains-ont-plutot-celebre-et-honore-nos-bourreaux#primaryimage\"},\"image\":{\"@id\":\"https:\/\/www.africa-press.net\/benin\/culture-et-art\/patrice-talon-a-xwlacodji-ces-gerbes-deposees-par-nos-mains-ont-plutot-celebre-et-honore-nos-bourreaux#primaryimage\"},\"thumbnailUrl\":\"https:\/\/static.africa-press.net\/benin\/sites\/46\/2022\/07\/postQueueImg_7-62e6b27a126c6.jpg\",\"datePublished\":\"2022-07-31T16:36:58+00:00\",\"dateModified\":\"2022-07-31T16:49:24+00:00\",\"author\":{\"@id\":\"https:\/\/www.africa-press.net\/benin\/#\/schema\/person\/2b1cf3cd81a31e3cd26889ca66d677f1\"},\"description\":\"Ce samedi 30 juillet, le Pr\u00e9sident Patrice Talon a inaugur\u00e9 le Monument aux D\u00e9vou\u00e9s de la Patrie des Jardins de Matthieu ...\",\"breadcrumb\":{\"@id\":\"https:\/\/www.africa-press.net\/benin\/culture-et-art\/patrice-talon-a-xwlacodji-ces-gerbes-deposees-par-nos-mains-ont-plutot-celebre-et-honore-nos-bourreaux#breadcrumb\"},\"inLanguage\":\"fr-FR\",\"potentialAction\":[{\"@type\":\"ReadAction\",\"target\":[\"https:\/\/www.africa-press.net\/benin\/culture-et-art\/patrice-talon-a-xwlacodji-ces-gerbes-deposees-par-nos-mains-ont-plutot-celebre-et-honore-nos-bourreaux\"]}]},{\"@type\":\"ImageObject\",\"inLanguage\":\"fr-FR\",\"@id\":\"https:\/\/www.africa-press.net\/benin\/culture-et-art\/patrice-talon-a-xwlacodji-ces-gerbes-deposees-par-nos-mains-ont-plutot-celebre-et-honore-nos-bourreaux#primaryimage\",\"url\":\"https:\/\/static.africa-press.net\/benin\/sites\/46\/2022\/07\/postQueueImg_7-62e6b27a126c6.jpg\",\"contentUrl\":\"https:\/\/static.africa-press.net\/benin\/sites\/46\/2022\/07\/postQueueImg_7-62e6b27a126c6.jpg\",\"width\":1280,\"height\":720,\"caption\":\"Patrice Talon: \u00e0 Xwlacodji, \u00ab\u00a0ces gerbes, d\u00e9pos\u00e9es par nos mains, ont plut\u00f4t c\u00e9l\u00e9br\u00e9 et honor\u00e9 nos bourreaux\u00a0\u00bb\"},{\"@type\":\"BreadcrumbList\",\"@id\":\"https:\/\/www.africa-press.net\/benin\/culture-et-art\/patrice-talon-a-xwlacodji-ces-gerbes-deposees-par-nos-mains-ont-plutot-celebre-et-honore-nos-bourreaux#breadcrumb\",\"itemListElement\":[{\"@type\":\"ListItem\",\"position\":1,\"name\":\"Accueil\",\"item\":\"https:\/\/www.africa-press.net\/benin\/\"},{\"@type\":\"ListItem\",\"position\":2,\"name\":\"Patrice Talon: \u00e0 Xwlacodji, \u00ab\u00a0ces gerbes, d\u00e9pos\u00e9es par nos mains, ont plut\u00f4t c\u00e9l\u00e9br\u00e9 et honor\u00e9 nos bourreaux\u00a0\u00bb\"}]},{\"@type\":\"WebSite\",\"@id\":\"https:\/\/www.africa-press.net\/benin\/#website\",\"url\":\"https:\/\/www.africa-press.net\/benin\/\",\"name\":\"B\u00e9nin\",\"description\":\"Just another Africa News Agency Sites site\",\"potentialAction\":[{\"@type\":\"SearchAction\",\"target\":{\"@type\":\"EntryPoint\",\"urlTemplate\":\"https:\/\/www.africa-press.net\/benin\/?s={search_term_string}\"},\"query-input\":{\"@type\":\"PropertyValueSpecification\",\"valueRequired\":true,\"valueName\":\"search_term_string\"}}],\"inLanguage\":\"fr-FR\"},{\"@type\":\"Person\",\"@id\":\"https:\/\/www.africa-press.net\/benin\/#\/schema\/person\/2b1cf3cd81a31e3cd26889ca66d677f1\",\"name\":\"cfeditorfr\"}]}<\/script>\n<!-- \/ Yoast SEO Premium plugin. -->","yoast_head_json":{"title":"Patrice Talon: \u00e0 Xwlacodji, \u00ab\u00a0ces gerbes, d\u00e9pos\u00e9es par nos mains, ont plut\u00f4t c\u00e9l\u00e9br\u00e9 et honor\u00e9 nos bourreaux\u00a0\u00bb - B\u00e9nin","description":"Ce samedi 30 juillet, le Pr\u00e9sident Patrice Talon a inaugur\u00e9 le Monument aux D\u00e9vou\u00e9s de la Patrie des Jardins de Matthieu ...","robots":{"index":"index","follow":"follow","max-snippet":"max-snippet:-1","max-image-preview":"max-image-preview:large","max-video-preview":"max-video-preview:-1"},"canonical":"https:\/\/www.africa-press.net\/benin\/culture-et-art\/patrice-talon-a-xwlacodji-ces-gerbes-deposees-par-nos-mains-ont-plutot-celebre-et-honore-nos-bourreaux","og_locale":"fr_FR","og_type":"article","og_title":"Patrice Talon: \u00e0 Xwlacodji, \u00ab\u00a0ces gerbes, d\u00e9pos\u00e9es par nos mains, ont plut\u00f4t c\u00e9l\u00e9br\u00e9 et honor\u00e9 nos bourreaux\u00a0\u00bb","og_description":"Ce samedi 30 juillet, le Pr\u00e9sident Patrice Talon a inaugur\u00e9 le Monument aux D\u00e9vou\u00e9s de la Patrie des Jardins de Matthieu ...","og_url":"https:\/\/www.africa-press.net\/benin\/culture-et-art\/patrice-talon-a-xwlacodji-ces-gerbes-deposees-par-nos-mains-ont-plutot-celebre-et-honore-nos-bourreaux","og_site_name":"B\u00e9nin","article_published_time":"2022-07-31T16:36:58+00:00","article_modified_time":"2022-07-31T16:49:24+00:00","og_image":[{"width":1280,"height":720,"url":"https:\/\/static.africa-press.net\/benin\/sites\/46\/2022\/07\/postQueueImg_7-62e6b27a126c6.jpg","type":"image\/jpeg"}],"author":"cfeditorfr","twitter_card":"summary_large_image","twitter_misc":{"\u00c9crit par":"cfeditorfr","Dur\u00e9e de lecture estim\u00e9e":"4 minutes"},"schema":{"@context":"https:\/\/schema.org","@graph":[{"@type":"Article","@id":"https:\/\/www.africa-press.net\/benin\/culture-et-art\/patrice-talon-a-xwlacodji-ces-gerbes-deposees-par-nos-mains-ont-plutot-celebre-et-honore-nos-bourreaux#article","isPartOf":{"@id":"https:\/\/www.africa-press.net\/benin\/culture-et-art\/patrice-talon-a-xwlacodji-ces-gerbes-deposees-par-nos-mains-ont-plutot-celebre-et-honore-nos-bourreaux"},"author":{"name":"cfeditorfr","@id":"https:\/\/www.africa-press.net\/benin\/#\/schema\/person\/2b1cf3cd81a31e3cd26889ca66d677f1"},"headline":"Patrice Talon: \u00e0 Xwlacodji, \u00ab\u00a0ces gerbes, d\u00e9pos\u00e9es par nos mains, ont plut\u00f4t c\u00e9l\u00e9br\u00e9 et honor\u00e9 nos bourreaux\u00a0\u00bb","datePublished":"2022-07-31T16:36:58+00:00","dateModified":"2022-07-31T16:49:24+00:00","mainEntityOfPage":{"@id":"https:\/\/www.africa-press.net\/benin\/culture-et-art\/patrice-talon-a-xwlacodji-ces-gerbes-deposees-par-nos-mains-ont-plutot-celebre-et-honore-nos-bourreaux"},"wordCount":820,"commentCount":0,"image":{"@id":"https:\/\/www.africa-press.net\/benin\/culture-et-art\/patrice-talon-a-xwlacodji-ces-gerbes-deposees-par-nos-mains-ont-plutot-celebre-et-honore-nos-bourreaux#primaryimage"},"thumbnailUrl":"https:\/\/static.africa-press.net\/benin\/sites\/46\/2022\/07\/postQueueImg_7-62e6b27a126c6.jpg","keywords":["Africa Press","Africa Press-Benin","B\u00e9nin"],"articleSection":["Culture et Art","homepage-french","Toutes les actualit\u00e9s"],"inLanguage":"fr-FR","potentialAction":[{"@type":"CommentAction","name":"Comment","target":["https:\/\/www.africa-press.net\/benin\/culture-et-art\/patrice-talon-a-xwlacodji-ces-gerbes-deposees-par-nos-mains-ont-plutot-celebre-et-honore-nos-bourreaux#respond"]}]},{"@type":"WebPage","@id":"https:\/\/www.africa-press.net\/benin\/culture-et-art\/patrice-talon-a-xwlacodji-ces-gerbes-deposees-par-nos-mains-ont-plutot-celebre-et-honore-nos-bourreaux","url":"https:\/\/www.africa-press.net\/benin\/culture-et-art\/patrice-talon-a-xwlacodji-ces-gerbes-deposees-par-nos-mains-ont-plutot-celebre-et-honore-nos-bourreaux","name":"Patrice Talon: \u00e0 Xwlacodji, \u00ab\u00a0ces gerbes, d\u00e9pos\u00e9es par nos mains, ont plut\u00f4t c\u00e9l\u00e9br\u00e9 et honor\u00e9 nos bourreaux\u00a0\u00bb - B\u00e9nin","isPartOf":{"@id":"https:\/\/www.africa-press.net\/benin\/#website"},"primaryImageOfPage":{"@id":"https:\/\/www.africa-press.net\/benin\/culture-et-art\/patrice-talon-a-xwlacodji-ces-gerbes-deposees-par-nos-mains-ont-plutot-celebre-et-honore-nos-bourreaux#primaryimage"},"image":{"@id":"https:\/\/www.africa-press.net\/benin\/culture-et-art\/patrice-talon-a-xwlacodji-ces-gerbes-deposees-par-nos-mains-ont-plutot-celebre-et-honore-nos-bourreaux#primaryimage"},"thumbnailUrl":"https:\/\/static.africa-press.net\/benin\/sites\/46\/2022\/07\/postQueueImg_7-62e6b27a126c6.jpg","datePublished":"2022-07-31T16:36:58+00:00","dateModified":"2022-07-31T16:49:24+00:00","author":{"@id":"https:\/\/www.africa-press.net\/benin\/#\/schema\/person\/2b1cf3cd81a31e3cd26889ca66d677f1"},"description":"Ce samedi 30 juillet, le Pr\u00e9sident Patrice Talon a inaugur\u00e9 le Monument aux D\u00e9vou\u00e9s de la Patrie des Jardins de Matthieu ...","breadcrumb":{"@id":"https:\/\/www.africa-press.net\/benin\/culture-et-art\/patrice-talon-a-xwlacodji-ces-gerbes-deposees-par-nos-mains-ont-plutot-celebre-et-honore-nos-bourreaux#breadcrumb"},"inLanguage":"fr-FR","potentialAction":[{"@type":"ReadAction","target":["https:\/\/www.africa-press.net\/benin\/culture-et-art\/patrice-talon-a-xwlacodji-ces-gerbes-deposees-par-nos-mains-ont-plutot-celebre-et-honore-nos-bourreaux"]}]},{"@type":"ImageObject","inLanguage":"fr-FR","@id":"https:\/\/www.africa-press.net\/benin\/culture-et-art\/patrice-talon-a-xwlacodji-ces-gerbes-deposees-par-nos-mains-ont-plutot-celebre-et-honore-nos-bourreaux#primaryimage","url":"https:\/\/static.africa-press.net\/benin\/sites\/46\/2022\/07\/postQueueImg_7-62e6b27a126c6.jpg","contentUrl":"https:\/\/static.africa-press.net\/benin\/sites\/46\/2022\/07\/postQueueImg_7-62e6b27a126c6.jpg","width":1280,"height":720,"caption":"Patrice Talon: \u00e0 Xwlacodji, \u00ab\u00a0ces gerbes, d\u00e9pos\u00e9es par nos mains, ont plut\u00f4t c\u00e9l\u00e9br\u00e9 et honor\u00e9 nos bourreaux\u00a0\u00bb"},{"@type":"BreadcrumbList","@id":"https:\/\/www.africa-press.net\/benin\/culture-et-art\/patrice-talon-a-xwlacodji-ces-gerbes-deposees-par-nos-mains-ont-plutot-celebre-et-honore-nos-bourreaux#breadcrumb","itemListElement":[{"@type":"ListItem","position":1,"name":"Accueil","item":"https:\/\/www.africa-press.net\/benin\/"},{"@type":"ListItem","position":2,"name":"Patrice Talon: \u00e0 Xwlacodji, \u00ab\u00a0ces gerbes, d\u00e9pos\u00e9es par nos mains, ont plut\u00f4t c\u00e9l\u00e9br\u00e9 et honor\u00e9 nos bourreaux\u00a0\u00bb"}]},{"@type":"WebSite","@id":"https:\/\/www.africa-press.net\/benin\/#website","url":"https:\/\/www.africa-press.net\/benin\/","name":"B\u00e9nin","description":"Just another Africa News Agency Sites site","potentialAction":[{"@type":"SearchAction","target":{"@type":"EntryPoint","urlTemplate":"https:\/\/www.africa-press.net\/benin\/?s={search_term_string}"},"query-input":{"@type":"PropertyValueSpecification","valueRequired":true,"valueName":"search_term_string"}}],"inLanguage":"fr-FR"},{"@type":"Person","@id":"https:\/\/www.africa-press.net\/benin\/#\/schema\/person\/2b1cf3cd81a31e3cd26889ca66d677f1","name":"cfeditorfr"}]}},"_links":{"self":[{"href":"https:\/\/www.africa-press.net\/benin\/wp-json\/wp\/v2\/posts\/7422","targetHints":{"allow":["GET"]}}],"collection":[{"href":"https:\/\/www.africa-press.net\/benin\/wp-json\/wp\/v2\/posts"}],"about":[{"href":"https:\/\/www.africa-press.net\/benin\/wp-json\/wp\/v2\/types\/post"}],"author":[{"embeddable":true,"href":"https:\/\/www.africa-press.net\/benin\/wp-json\/wp\/v2\/users\/82"}],"replies":[{"embeddable":true,"href":"https:\/\/www.africa-press.net\/benin\/wp-json\/wp\/v2\/comments?post=7422"}],"version-history":[{"count":0,"href":"https:\/\/www.africa-press.net\/benin\/wp-json\/wp\/v2\/posts\/7422\/revisions"}],"wp:featuredmedia":[{"embeddable":true,"href":"https:\/\/www.africa-press.net\/benin\/wp-json\/wp\/v2\/media\/7421"}],"wp:attachment":[{"href":"https:\/\/www.africa-press.net\/benin\/wp-json\/wp\/v2\/media?parent=7422"}],"wp:term":[{"taxonomy":"category","embeddable":true,"href":"https:\/\/www.africa-press.net\/benin\/wp-json\/wp\/v2\/categories?post=7422"},{"taxonomy":"post_tag","embeddable":true,"href":"https:\/\/www.africa-press.net\/benin\/wp-json\/wp\/v2\/tags?post=7422"}],"curies":[{"name":"wp","href":"https:\/\/api.w.org\/{rel}","templated":true}]}}