{"id":7425,"date":"2022-07-31T16:37:10","date_gmt":"2022-07-31T16:37:10","guid":{"rendered":"https:\/\/www.africa-press.net\/benin\/politique\/benin-tel-ou-telles-wilfried-leandre-houngbedji-sinvite-dans-le-debat"},"modified":"2022-07-31T16:49:59","modified_gmt":"2022-07-31T16:49:59","slug":"benin-tel-ou-telles-wilfried-leandre-houngbedji-sinvite-dans-le-debat","status":"publish","type":"post","link":"https:\/\/www.africa-press.net\/benin\/toutes-les-actualites\/benin-tel-ou-telles-wilfried-leandre-houngbedji-sinvite-dans-le-debat","title":{"rendered":"B\u00e9nin: \u00ab\u00a0Tel\u00a0\u00bb ou \u00ab\u00a0Telles\u00a0\u00bb, Wilfried L\u00e9andre Houngb\u00e9dji s\u2019invite dans le d\u00e9bat"},"content":{"rendered":"<p><span style=\"color: #ff6600\"><strong>Africa-Press &#8211; Benin. <\/strong><\/span>Le d\u00e9bat sur \u00ab tel \u00bb ou \u00ab telles \u00bb fait rage sur les r\u00e9seaux sociaux depuis le d\u00e9voilement de la statue de l\u2019Amazone, ce samedi 30 juillet 2022. La pol\u00e9mique est vive au point de faire sortir le porte-parole du gouvernement Wilfried L\u00e9andre Houngb\u00e9dji.<\/p>\n<p>Dans un message diffus\u00e9 sur sa page Facebook ce dimanche 31 juillet 2022, le porte-parole du gouvernement apporte sa contribution au d\u00e9bat suscit\u00e9 par le mot \u00ab tel \u00bb employ\u00e9 dans la phrase de l\u2019\u00e9pigraphe de la statue de l\u2019Amazone d\u00e9voil\u00e9 par le pr\u00e9sident Patrice Talon.<\/p>\n<p>Certains observateurs soutiennent en effet que ce mot au d\u00e9but de la derni\u00e8re phrase de l\u2019\u00e9pigraphe, devrait s\u2019accorder avec \u00ab amazones \u00bb, d\u2019autres avec \u00ab la femme \u00bb, d\u2019autres encore pensent qu\u2019il ne se rapporte ni \u00e0 \u00ab amazones \u00bb, ni \u00e0 \u00ab femme \u00bb, mais \u00e0 un groupe de mots \u00ab nos amazones sont notre fiert\u00e9 \u00bb et c\u2019est pour ne pas le r\u00e9p\u00e9ter qu\u2019il a \u00e9t\u00e9 contract\u00e9 \u00e0 nos amazones. Un exemple de cet usage r\u00e9side dans la phrase : \u00ab Cette fille ex\u00e9cute sa partition TEL que le ferait une virtuose \u00bb.<\/p>\n<p>Selon Wilfried L\u00e9andre Houngb\u00e9dji, le sujet avait d\u00e9j\u00e0 fait l\u2019objet d\u2019un d\u00e9bat au sein du Comit\u00e9 charg\u00e9 de la conception du monument. Pour \u00eatre certain de la forme appropri\u00e9e, pour trancher le d\u00e9bat, le Comit\u00e9 avait m\u00eame consult\u00e9 \u00ab des sp\u00e9cialistes de la grammaire fran\u00e7aise pour retenir la formule finalement utilis\u00e9e ; TEL ayant ici la nature d\u2019une conjonction de subordination de comparaison \u00bb, a-t-il confi\u00e9.<\/p>\n<p>Un d\u00e9bat d\u2019\u00e9cole qui a retenu l\u2019attention du gouvernement<\/p>\n<p>Pour le porte-parole du gouvernement, les diff\u00e9rents avis suscit\u00e9s par la forme \u00e9crite de la citation du Chef de l\u2019Etat s\u2019apparente \u00e0 un d\u00e9bat d\u2019\u00e9cole. \u00ab Le Gouvernement tiendra compte de ce d\u00e9bat nourri qui traduit aussi la vitalit\u00e9 de l\u2019esprit critique, pour retenir une formulation qui ne cr\u00e9e pas de confusion dans les esprits, et rassure chacun, quel que soit son niveau d\u2019instruction \u00bb, a assur\u00e9 Wilfried L\u00e9andre Houngb\u00e9dji.<\/p>\n<p><strong>Pour plus d&rsquo;informations et d&rsquo;analyses sur la <a href=\"https:\/\/www.africa-press.net\/benin\">Benin<\/a>, suivez <a href=\"https:\/\/www.africa-press.net\/\">Africa-Press<\/a><\/strong><\/p>\n","protected":false},"excerpt":{"rendered":"<p>Africa-Press &#8211; Benin. Le d\u00e9bat sur \u00ab tel \u00bb ou \u00ab telles \u00bb fait rage sur les r\u00e9seaux sociaux depuis le d\u00e9voilement de la statue de l\u2019Amazone, ce samedi 30 juillet 2022. La pol\u00e9mique est vive au point de faire sortir le porte-parole du gouvernement Wilfried L\u00e9andre Houngb\u00e9dji. Dans un message diffus\u00e9 sur sa page [&hellip;]<\/p>\n","protected":false},"author":82,"featured_media":7424,"comment_status":"open","ping_status":"closed","sticky":false,"template":"","format":"standard","meta":{"footnotes":""},"categories":[21,11,10],"tags":[36,50,45],"class_list":["post-7425","post","type-post","status-publish","format-standard","has-post-thumbnail","hentry","category-communaute","category-homepage-french","category-toutes-les-actualites","tag-africa-press","tag-africa-press-benin","tag-benin"],"yoast_head":"<!-- This site is optimized with the Yoast SEO Premium plugin v26.1 (Yoast SEO v27.0) - https:\/\/yoast.com\/product\/yoast-seo-premium-wordpress\/ -->\n<title>B\u00e9nin: \u00ab\u00a0Tel\u00a0\u00bb ou \u00ab\u00a0Telles\u00a0\u00bb, Wilfried L\u00e9andre Houngb\u00e9dji s\u2019invite dans le d\u00e9bat - B\u00e9nin<\/title>\n<meta name=\"description\" content=\"Le d\u00e9bat sur \u00ab tel \u00bb ou \u00ab telles \u00bb fait rage sur les r\u00e9seaux sociaux depuis le d\u00e9voilement de la statue de l\u2019Amazone, ce ...\" \/>\n<meta name=\"robots\" content=\"index, follow, max-snippet:-1, max-image-preview:large, max-video-preview:-1\" \/>\n<link rel=\"canonical\" href=\"https:\/\/www.africa-press.net\/benin\/toutes-les-actualites\/benin-tel-ou-telles-wilfried-leandre-houngbedji-sinvite-dans-le-debat\" \/>\n<meta property=\"og:locale\" content=\"fr_FR\" \/>\n<meta property=\"og:type\" content=\"article\" \/>\n<meta property=\"og:title\" content=\"B\u00e9nin: \u00ab\u00a0Tel\u00a0\u00bb ou \u00ab\u00a0Telles\u00a0\u00bb, Wilfried L\u00e9andre Houngb\u00e9dji s\u2019invite dans le d\u00e9bat\" \/>\n<meta property=\"og:description\" content=\"Le d\u00e9bat sur \u00ab tel \u00bb ou \u00ab telles \u00bb fait rage sur les r\u00e9seaux sociaux depuis le d\u00e9voilement de la statue de l\u2019Amazone, ce ...\" \/>\n<meta property=\"og:url\" content=\"https:\/\/www.africa-press.net\/benin\/toutes-les-actualites\/benin-tel-ou-telles-wilfried-leandre-houngbedji-sinvite-dans-le-debat\" \/>\n<meta property=\"og:site_name\" content=\"B\u00e9nin\" \/>\n<meta property=\"article:published_time\" content=\"2022-07-31T16:37:10+00:00\" \/>\n<meta property=\"article:modified_time\" content=\"2022-07-31T16:49:59+00:00\" \/>\n<meta property=\"og:image\" content=\"https:\/\/static.africa-press.net\/benin\/sites\/46\/2022\/07\/postQueueImg_8-62e6b29b4b90a.jpg\" \/>\n\t<meta property=\"og:image:width\" content=\"1200\" \/>\n\t<meta property=\"og:image:height\" content=\"948\" \/>\n\t<meta property=\"og:image:type\" content=\"image\/jpeg\" \/>\n<meta name=\"author\" content=\"cfeditorfr\" \/>\n<meta name=\"twitter:card\" content=\"summary_large_image\" \/>\n<meta name=\"twitter:label1\" content=\"\u00c9crit par\" \/>\n\t<meta name=\"twitter:data1\" content=\"cfeditorfr\" \/>\n\t<meta name=\"twitter:label2\" content=\"Dur\u00e9e de lecture estim\u00e9e\" \/>\n\t<meta name=\"twitter:data2\" content=\"2 minutes\" \/>\n<script type=\"application\/ld+json\" class=\"yoast-schema-graph\">{\"@context\":\"https:\/\/schema.org\",\"@graph\":[{\"@type\":\"Article\",\"@id\":\"https:\/\/www.africa-press.net\/benin\/toutes-les-actualites\/benin-tel-ou-telles-wilfried-leandre-houngbedji-sinvite-dans-le-debat#article\",\"isPartOf\":{\"@id\":\"https:\/\/www.africa-press.net\/benin\/toutes-les-actualites\/benin-tel-ou-telles-wilfried-leandre-houngbedji-sinvite-dans-le-debat\"},\"author\":{\"name\":\"cfeditorfr\",\"@id\":\"https:\/\/www.africa-press.net\/benin\/#\/schema\/person\/2b1cf3cd81a31e3cd26889ca66d677f1\"},\"headline\":\"B\u00e9nin: \u00ab\u00a0Tel\u00a0\u00bb ou \u00ab\u00a0Telles\u00a0\u00bb, Wilfried L\u00e9andre Houngb\u00e9dji s\u2019invite dans le d\u00e9bat\",\"datePublished\":\"2022-07-31T16:37:10+00:00\",\"dateModified\":\"2022-07-31T16:49:59+00:00\",\"mainEntityOfPage\":{\"@id\":\"https:\/\/www.africa-press.net\/benin\/toutes-les-actualites\/benin-tel-ou-telles-wilfried-leandre-houngbedji-sinvite-dans-le-debat\"},\"wordCount\":382,\"commentCount\":0,\"image\":{\"@id\":\"https:\/\/www.africa-press.net\/benin\/toutes-les-actualites\/benin-tel-ou-telles-wilfried-leandre-houngbedji-sinvite-dans-le-debat#primaryimage\"},\"thumbnailUrl\":\"https:\/\/static.africa-press.net\/benin\/sites\/46\/2022\/07\/postQueueImg_8-62e6b29b4b90a.jpg\",\"keywords\":[\"Africa Press\",\"Africa Press-Benin\",\"B\u00e9nin\"],\"articleSection\":[\"Communaut\u00e9\",\"homepage-french\",\"Toutes les actualit\u00e9s\"],\"inLanguage\":\"fr-FR\",\"potentialAction\":[{\"@type\":\"CommentAction\",\"name\":\"Comment\",\"target\":[\"https:\/\/www.africa-press.net\/benin\/toutes-les-actualites\/benin-tel-ou-telles-wilfried-leandre-houngbedji-sinvite-dans-le-debat#respond\"]}]},{\"@type\":\"WebPage\",\"@id\":\"https:\/\/www.africa-press.net\/benin\/toutes-les-actualites\/benin-tel-ou-telles-wilfried-leandre-houngbedji-sinvite-dans-le-debat\",\"url\":\"https:\/\/www.africa-press.net\/benin\/toutes-les-actualites\/benin-tel-ou-telles-wilfried-leandre-houngbedji-sinvite-dans-le-debat\",\"name\":\"B\u00e9nin: \u00ab\u00a0Tel\u00a0\u00bb ou \u00ab\u00a0Telles\u00a0\u00bb, Wilfried L\u00e9andre Houngb\u00e9dji s\u2019invite dans le d\u00e9bat - B\u00e9nin\",\"isPartOf\":{\"@id\":\"https:\/\/www.africa-press.net\/benin\/#website\"},\"primaryImageOfPage\":{\"@id\":\"https:\/\/www.africa-press.net\/benin\/toutes-les-actualites\/benin-tel-ou-telles-wilfried-leandre-houngbedji-sinvite-dans-le-debat#primaryimage\"},\"image\":{\"@id\":\"https:\/\/www.africa-press.net\/benin\/toutes-les-actualites\/benin-tel-ou-telles-wilfried-leandre-houngbedji-sinvite-dans-le-debat#primaryimage\"},\"thumbnailUrl\":\"https:\/\/static.africa-press.net\/benin\/sites\/46\/2022\/07\/postQueueImg_8-62e6b29b4b90a.jpg\",\"datePublished\":\"2022-07-31T16:37:10+00:00\",\"dateModified\":\"2022-07-31T16:49:59+00:00\",\"author\":{\"@id\":\"https:\/\/www.africa-press.net\/benin\/#\/schema\/person\/2b1cf3cd81a31e3cd26889ca66d677f1\"},\"description\":\"Le d\u00e9bat sur \u00ab tel \u00bb ou \u00ab telles \u00bb fait rage sur les r\u00e9seaux sociaux depuis le d\u00e9voilement de la statue de l\u2019Amazone, ce ...\",\"breadcrumb\":{\"@id\":\"https:\/\/www.africa-press.net\/benin\/toutes-les-actualites\/benin-tel-ou-telles-wilfried-leandre-houngbedji-sinvite-dans-le-debat#breadcrumb\"},\"inLanguage\":\"fr-FR\",\"potentialAction\":[{\"@type\":\"ReadAction\",\"target\":[\"https:\/\/www.africa-press.net\/benin\/toutes-les-actualites\/benin-tel-ou-telles-wilfried-leandre-houngbedji-sinvite-dans-le-debat\"]}]},{\"@type\":\"ImageObject\",\"inLanguage\":\"fr-FR\",\"@id\":\"https:\/\/www.africa-press.net\/benin\/toutes-les-actualites\/benin-tel-ou-telles-wilfried-leandre-houngbedji-sinvite-dans-le-debat#primaryimage\",\"url\":\"https:\/\/static.africa-press.net\/benin\/sites\/46\/2022\/07\/postQueueImg_8-62e6b29b4b90a.jpg\",\"contentUrl\":\"https:\/\/static.africa-press.net\/benin\/sites\/46\/2022\/07\/postQueueImg_8-62e6b29b4b90a.jpg\",\"width\":1200,\"height\":948,\"caption\":\"B\u00e9nin: \u00ab\u00a0Tel\u00a0\u00bb ou \u00ab\u00a0Telles\u00a0\u00bb, Wilfried L\u00e9andre Houngb\u00e9dji s\u2019invite dans le d\u00e9bat\"},{\"@type\":\"BreadcrumbList\",\"@id\":\"https:\/\/www.africa-press.net\/benin\/toutes-les-actualites\/benin-tel-ou-telles-wilfried-leandre-houngbedji-sinvite-dans-le-debat#breadcrumb\",\"itemListElement\":[{\"@type\":\"ListItem\",\"position\":1,\"name\":\"Accueil\",\"item\":\"https:\/\/www.africa-press.net\/benin\/\"},{\"@type\":\"ListItem\",\"position\":2,\"name\":\"B\u00e9nin: \u00ab\u00a0Tel\u00a0\u00bb ou \u00ab\u00a0Telles\u00a0\u00bb, Wilfried L\u00e9andre Houngb\u00e9dji s\u2019invite dans le d\u00e9bat\"}]},{\"@type\":\"WebSite\",\"@id\":\"https:\/\/www.africa-press.net\/benin\/#website\",\"url\":\"https:\/\/www.africa-press.net\/benin\/\",\"name\":\"B\u00e9nin\",\"description\":\"Just another Africa News Agency Sites site\",\"potentialAction\":[{\"@type\":\"SearchAction\",\"target\":{\"@type\":\"EntryPoint\",\"urlTemplate\":\"https:\/\/www.africa-press.net\/benin\/?s={search_term_string}\"},\"query-input\":{\"@type\":\"PropertyValueSpecification\",\"valueRequired\":true,\"valueName\":\"search_term_string\"}}],\"inLanguage\":\"fr-FR\"},{\"@type\":\"Person\",\"@id\":\"https:\/\/www.africa-press.net\/benin\/#\/schema\/person\/2b1cf3cd81a31e3cd26889ca66d677f1\",\"name\":\"cfeditorfr\"}]}<\/script>\n<!-- \/ Yoast SEO Premium plugin. -->","yoast_head_json":{"title":"B\u00e9nin: \u00ab\u00a0Tel\u00a0\u00bb ou \u00ab\u00a0Telles\u00a0\u00bb, Wilfried L\u00e9andre Houngb\u00e9dji s\u2019invite dans le d\u00e9bat - B\u00e9nin","description":"Le d\u00e9bat sur \u00ab tel \u00bb ou \u00ab telles \u00bb fait rage sur les r\u00e9seaux sociaux depuis le d\u00e9voilement de la statue de l\u2019Amazone, ce ...","robots":{"index":"index","follow":"follow","max-snippet":"max-snippet:-1","max-image-preview":"max-image-preview:large","max-video-preview":"max-video-preview:-1"},"canonical":"https:\/\/www.africa-press.net\/benin\/toutes-les-actualites\/benin-tel-ou-telles-wilfried-leandre-houngbedji-sinvite-dans-le-debat","og_locale":"fr_FR","og_type":"article","og_title":"B\u00e9nin: \u00ab\u00a0Tel\u00a0\u00bb ou \u00ab\u00a0Telles\u00a0\u00bb, Wilfried L\u00e9andre Houngb\u00e9dji s\u2019invite dans le d\u00e9bat","og_description":"Le d\u00e9bat sur \u00ab tel \u00bb ou \u00ab telles \u00bb fait rage sur les r\u00e9seaux sociaux depuis le d\u00e9voilement de la statue de l\u2019Amazone, ce ...","og_url":"https:\/\/www.africa-press.net\/benin\/toutes-les-actualites\/benin-tel-ou-telles-wilfried-leandre-houngbedji-sinvite-dans-le-debat","og_site_name":"B\u00e9nin","article_published_time":"2022-07-31T16:37:10+00:00","article_modified_time":"2022-07-31T16:49:59+00:00","og_image":[{"width":1200,"height":948,"url":"https:\/\/static.africa-press.net\/benin\/sites\/46\/2022\/07\/postQueueImg_8-62e6b29b4b90a.jpg","type":"image\/jpeg"}],"author":"cfeditorfr","twitter_card":"summary_large_image","twitter_misc":{"\u00c9crit par":"cfeditorfr","Dur\u00e9e de lecture estim\u00e9e":"2 minutes"},"schema":{"@context":"https:\/\/schema.org","@graph":[{"@type":"Article","@id":"https:\/\/www.africa-press.net\/benin\/toutes-les-actualites\/benin-tel-ou-telles-wilfried-leandre-houngbedji-sinvite-dans-le-debat#article","isPartOf":{"@id":"https:\/\/www.africa-press.net\/benin\/toutes-les-actualites\/benin-tel-ou-telles-wilfried-leandre-houngbedji-sinvite-dans-le-debat"},"author":{"name":"cfeditorfr","@id":"https:\/\/www.africa-press.net\/benin\/#\/schema\/person\/2b1cf3cd81a31e3cd26889ca66d677f1"},"headline":"B\u00e9nin: \u00ab\u00a0Tel\u00a0\u00bb ou \u00ab\u00a0Telles\u00a0\u00bb, Wilfried L\u00e9andre Houngb\u00e9dji s\u2019invite dans le d\u00e9bat","datePublished":"2022-07-31T16:37:10+00:00","dateModified":"2022-07-31T16:49:59+00:00","mainEntityOfPage":{"@id":"https:\/\/www.africa-press.net\/benin\/toutes-les-actualites\/benin-tel-ou-telles-wilfried-leandre-houngbedji-sinvite-dans-le-debat"},"wordCount":382,"commentCount":0,"image":{"@id":"https:\/\/www.africa-press.net\/benin\/toutes-les-actualites\/benin-tel-ou-telles-wilfried-leandre-houngbedji-sinvite-dans-le-debat#primaryimage"},"thumbnailUrl":"https:\/\/static.africa-press.net\/benin\/sites\/46\/2022\/07\/postQueueImg_8-62e6b29b4b90a.jpg","keywords":["Africa Press","Africa Press-Benin","B\u00e9nin"],"articleSection":["Communaut\u00e9","homepage-french","Toutes les actualit\u00e9s"],"inLanguage":"fr-FR","potentialAction":[{"@type":"CommentAction","name":"Comment","target":["https:\/\/www.africa-press.net\/benin\/toutes-les-actualites\/benin-tel-ou-telles-wilfried-leandre-houngbedji-sinvite-dans-le-debat#respond"]}]},{"@type":"WebPage","@id":"https:\/\/www.africa-press.net\/benin\/toutes-les-actualites\/benin-tel-ou-telles-wilfried-leandre-houngbedji-sinvite-dans-le-debat","url":"https:\/\/www.africa-press.net\/benin\/toutes-les-actualites\/benin-tel-ou-telles-wilfried-leandre-houngbedji-sinvite-dans-le-debat","name":"B\u00e9nin: \u00ab\u00a0Tel\u00a0\u00bb ou \u00ab\u00a0Telles\u00a0\u00bb, Wilfried L\u00e9andre Houngb\u00e9dji s\u2019invite dans le d\u00e9bat - B\u00e9nin","isPartOf":{"@id":"https:\/\/www.africa-press.net\/benin\/#website"},"primaryImageOfPage":{"@id":"https:\/\/www.africa-press.net\/benin\/toutes-les-actualites\/benin-tel-ou-telles-wilfried-leandre-houngbedji-sinvite-dans-le-debat#primaryimage"},"image":{"@id":"https:\/\/www.africa-press.net\/benin\/toutes-les-actualites\/benin-tel-ou-telles-wilfried-leandre-houngbedji-sinvite-dans-le-debat#primaryimage"},"thumbnailUrl":"https:\/\/static.africa-press.net\/benin\/sites\/46\/2022\/07\/postQueueImg_8-62e6b29b4b90a.jpg","datePublished":"2022-07-31T16:37:10+00:00","dateModified":"2022-07-31T16:49:59+00:00","author":{"@id":"https:\/\/www.africa-press.net\/benin\/#\/schema\/person\/2b1cf3cd81a31e3cd26889ca66d677f1"},"description":"Le d\u00e9bat sur \u00ab tel \u00bb ou \u00ab telles \u00bb fait rage sur les r\u00e9seaux sociaux depuis le d\u00e9voilement de la statue de l\u2019Amazone, ce ...","breadcrumb":{"@id":"https:\/\/www.africa-press.net\/benin\/toutes-les-actualites\/benin-tel-ou-telles-wilfried-leandre-houngbedji-sinvite-dans-le-debat#breadcrumb"},"inLanguage":"fr-FR","potentialAction":[{"@type":"ReadAction","target":["https:\/\/www.africa-press.net\/benin\/toutes-les-actualites\/benin-tel-ou-telles-wilfried-leandre-houngbedji-sinvite-dans-le-debat"]}]},{"@type":"ImageObject","inLanguage":"fr-FR","@id":"https:\/\/www.africa-press.net\/benin\/toutes-les-actualites\/benin-tel-ou-telles-wilfried-leandre-houngbedji-sinvite-dans-le-debat#primaryimage","url":"https:\/\/static.africa-press.net\/benin\/sites\/46\/2022\/07\/postQueueImg_8-62e6b29b4b90a.jpg","contentUrl":"https:\/\/static.africa-press.net\/benin\/sites\/46\/2022\/07\/postQueueImg_8-62e6b29b4b90a.jpg","width":1200,"height":948,"caption":"B\u00e9nin: \u00ab\u00a0Tel\u00a0\u00bb ou \u00ab\u00a0Telles\u00a0\u00bb, Wilfried L\u00e9andre Houngb\u00e9dji s\u2019invite dans le d\u00e9bat"},{"@type":"BreadcrumbList","@id":"https:\/\/www.africa-press.net\/benin\/toutes-les-actualites\/benin-tel-ou-telles-wilfried-leandre-houngbedji-sinvite-dans-le-debat#breadcrumb","itemListElement":[{"@type":"ListItem","position":1,"name":"Accueil","item":"https:\/\/www.africa-press.net\/benin\/"},{"@type":"ListItem","position":2,"name":"B\u00e9nin: \u00ab\u00a0Tel\u00a0\u00bb ou \u00ab\u00a0Telles\u00a0\u00bb, Wilfried L\u00e9andre Houngb\u00e9dji s\u2019invite dans le d\u00e9bat"}]},{"@type":"WebSite","@id":"https:\/\/www.africa-press.net\/benin\/#website","url":"https:\/\/www.africa-press.net\/benin\/","name":"B\u00e9nin","description":"Just another Africa News Agency Sites site","potentialAction":[{"@type":"SearchAction","target":{"@type":"EntryPoint","urlTemplate":"https:\/\/www.africa-press.net\/benin\/?s={search_term_string}"},"query-input":{"@type":"PropertyValueSpecification","valueRequired":true,"valueName":"search_term_string"}}],"inLanguage":"fr-FR"},{"@type":"Person","@id":"https:\/\/www.africa-press.net\/benin\/#\/schema\/person\/2b1cf3cd81a31e3cd26889ca66d677f1","name":"cfeditorfr"}]}},"_links":{"self":[{"href":"https:\/\/www.africa-press.net\/benin\/wp-json\/wp\/v2\/posts\/7425","targetHints":{"allow":["GET"]}}],"collection":[{"href":"https:\/\/www.africa-press.net\/benin\/wp-json\/wp\/v2\/posts"}],"about":[{"href":"https:\/\/www.africa-press.net\/benin\/wp-json\/wp\/v2\/types\/post"}],"author":[{"embeddable":true,"href":"https:\/\/www.africa-press.net\/benin\/wp-json\/wp\/v2\/users\/82"}],"replies":[{"embeddable":true,"href":"https:\/\/www.africa-press.net\/benin\/wp-json\/wp\/v2\/comments?post=7425"}],"version-history":[{"count":0,"href":"https:\/\/www.africa-press.net\/benin\/wp-json\/wp\/v2\/posts\/7425\/revisions"}],"wp:featuredmedia":[{"embeddable":true,"href":"https:\/\/www.africa-press.net\/benin\/wp-json\/wp\/v2\/media\/7424"}],"wp:attachment":[{"href":"https:\/\/www.africa-press.net\/benin\/wp-json\/wp\/v2\/media?parent=7425"}],"wp:term":[{"taxonomy":"category","embeddable":true,"href":"https:\/\/www.africa-press.net\/benin\/wp-json\/wp\/v2\/categories?post=7425"},{"taxonomy":"post_tag","embeddable":true,"href":"https:\/\/www.africa-press.net\/benin\/wp-json\/wp\/v2\/tags?post=7425"}],"curies":[{"name":"wp","href":"https:\/\/api.w.org\/{rel}","templated":true}]}}