{"id":7428,"date":"2022-07-31T16:37:24","date_gmt":"2022-07-31T16:37:24","guid":{"rendered":"https:\/\/www.africa-press.net\/benin\/politique\/a-travers-la-statue-de-lamazone-patrice-talon-salue-la-bravoure-des-femmes-beninoises"},"modified":"2022-07-31T16:50:27","modified_gmt":"2022-07-31T16:50:27","slug":"a-travers-la-statue-de-lamazone-patrice-talon-salue-la-bravoure-des-femmes-beninoises","status":"publish","type":"post","link":"https:\/\/www.africa-press.net\/benin\/politique\/a-travers-la-statue-de-lamazone-patrice-talon-salue-la-bravoure-des-femmes-beninoises","title":{"rendered":"A travers la statue de l\u2019Amazone, Patrice Talon salue la bravoure des femmes b\u00e9ninoises"},"content":{"rendered":"<p><span style=\"color: #ff6600\"><strong>Africa-Press &#8211; Benin. <\/strong><\/span>Ce samedi 30 juillet 2022, le pr\u00e9sident Patrice Talon a officiellement d\u00e9voil\u00e9 la statue de l\u2019Amazone, \u00e9rig\u00e9e sur le boulevard de la Marina. A l\u2019occasion de la c\u00e9r\u00e9monie, le Chef de l\u2019Etat a pr\u00e9cis\u00e9 que ce moment est un hommage \u00e0 toutes les femmes du B\u00e9nin, d\u2019aujourd\u2019hui et de demain.<\/p>\n<p>La place de l\u2019Amazone est d\u00e9sormais officiellement ouverte au public pour c\u00e9l\u00e9brer la bravoure et la combativit\u00e9 des femmes b\u00e9ninoises de toutes les g\u00e9n\u00e9rations. \u00ab En hommage \u00e0 elles, \u00e0 ces femmes, \u00e0 ces amazones, cette statue de toute beaut\u00e9 et de toute gr\u00e2ce sera \u00e0 nos yeux et \u00e0 ceux de nos visiteurs, le symbole de la femme b\u00e9ninoise, celle d\u2019aujourd\u2019hui et celle de demain \u00bb, a d\u00e9clar\u00e9 Patrice Talon.<\/p>\n<p>Mes chers compatriotes, ce qui symbolise au plus haut niveau la bravoure et l\u2019honneur, et qui rel\u00e8ve de la l\u00e9gende ou du mythe sous d\u2019autres cieux, est une r\u00e9alit\u00e9 chez nous au B\u00e9nin.<\/p>\n<p>Le pr\u00e9sident de la R\u00e9publique fait constater qu\u2019au B\u00e9nin, \u00ab les mots courage, bravoure, force, combativit\u00e9 et honneur ne sont pas exclusifs au genre masculin \u00bb. \u00ab Au B\u00e9nin, autant que les hommes, des femmes se sont distingu\u00e9es par ces valeurs et ont bris\u00e9 le mythe du sexe faible \u00bb, a martel\u00e9 Patrice Talon.<\/p>\n<p>Patrice Talon est formel. \u00ab Elles ont exist\u00e9, les amazones, et nous ont mat\u00e9riellement ou immat\u00e9riellement, engendr\u00e9s. Par leur existence sur la terre du B\u00e9nin, elles ont impr\u00e9gn\u00e9 de ces valeurs, toutes les femmes ayant une descendance b\u00e9ninoise \u00bb, a-t-il dit.<\/p>\n<p>Pr\u00e9sentation de la statue de l\u2019Amazone<\/p>\n<p>Le monument de l\u2019Amazone est \u00e9rig\u00e9 sur l\u2019esplanade de l\u2019Amazone. Le personnage qui repr\u00e9sente les \u00ab amazones \u00bb est une jeune dame. Elle a un pied pos\u00e9 sur un tertre et porte fi\u00e8rement des armes de guerre.<\/p>\n<p>La statue est fabriqu\u00e9e en structure m\u00e9tallique avec une enveloppe en bronze. En hauteur, elle mesure 30m avec une masse totale de 150 tonnes.<\/p>\n<p><strong>Pour plus d&rsquo;informations et d&rsquo;analyses sur la <a href=\"https:\/\/www.africa-press.net\/benin\">Benin<\/a>, suivez <a href=\"https:\/\/www.africa-press.net\/\">Africa-Press<\/a><\/strong><\/p>\n","protected":false},"excerpt":{"rendered":"<p>Africa-Press &#8211; Benin. Ce samedi 30 juillet 2022, le pr\u00e9sident Patrice Talon a officiellement d\u00e9voil\u00e9 la statue de l\u2019Amazone, \u00e9rig\u00e9e sur le boulevard de la Marina. A l\u2019occasion de la c\u00e9r\u00e9monie, le Chef de l\u2019Etat a pr\u00e9cis\u00e9 que ce moment est un hommage \u00e0 toutes les femmes du B\u00e9nin, d\u2019aujourd\u2019hui et de demain. La place [&hellip;]<\/p>\n","protected":false},"author":82,"featured_media":7427,"comment_status":"open","ping_status":"closed","sticky":false,"template":"","format":"standard","meta":{"footnotes":""},"categories":[11,2,10],"tags":[36,50,45],"class_list":["post-7428","post","type-post","status-publish","format-standard","has-post-thumbnail","hentry","category-homepage-french","category-politique","category-toutes-les-actualites","tag-africa-press","tag-africa-press-benin","tag-benin"],"yoast_head":"<!-- This site is optimized with the Yoast SEO Premium plugin v26.1 (Yoast SEO v27.0) - https:\/\/yoast.com\/product\/yoast-seo-premium-wordpress\/ -->\n<title>A travers la statue de l\u2019Amazone, Patrice Talon salue la bravoure des femmes b\u00e9ninoises - B\u00e9nin<\/title>\n<meta name=\"description\" content=\"Ce samedi 30 juillet 2022, le pr\u00e9sident Patrice Talon a officiellement d\u00e9voil\u00e9 la statue de l\u2019Amazone, \u00e9rig\u00e9e sur le bou ...\" \/>\n<meta name=\"robots\" content=\"index, follow, max-snippet:-1, max-image-preview:large, max-video-preview:-1\" \/>\n<link rel=\"canonical\" href=\"https:\/\/www.africa-press.net\/benin\/politique\/a-travers-la-statue-de-lamazone-patrice-talon-salue-la-bravoure-des-femmes-beninoises\" \/>\n<meta property=\"og:locale\" content=\"fr_FR\" \/>\n<meta property=\"og:type\" content=\"article\" \/>\n<meta property=\"og:title\" content=\"A travers la statue de l\u2019Amazone, Patrice Talon salue la bravoure des femmes b\u00e9ninoises\" \/>\n<meta property=\"og:description\" content=\"Ce samedi 30 juillet 2022, le pr\u00e9sident Patrice Talon a officiellement d\u00e9voil\u00e9 la statue de l\u2019Amazone, \u00e9rig\u00e9e sur le bou ...\" \/>\n<meta property=\"og:url\" content=\"https:\/\/www.africa-press.net\/benin\/politique\/a-travers-la-statue-de-lamazone-patrice-talon-salue-la-bravoure-des-femmes-beninoises\" \/>\n<meta property=\"og:site_name\" content=\"B\u00e9nin\" \/>\n<meta property=\"article:published_time\" content=\"2022-07-31T16:37:24+00:00\" \/>\n<meta property=\"article:modified_time\" content=\"2022-07-31T16:50:27+00:00\" \/>\n<meta property=\"og:image\" content=\"https:\/\/static.africa-press.net\/benin\/sites\/46\/2022\/07\/postQueueImg_9-62e6b2bc11f0b.jpg\" \/>\n\t<meta property=\"og:image:width\" content=\"1200\" \/>\n\t<meta property=\"og:image:height\" content=\"800\" \/>\n\t<meta property=\"og:image:type\" content=\"image\/jpeg\" \/>\n<meta name=\"author\" content=\"cfeditorfr\" \/>\n<meta name=\"twitter:card\" content=\"summary_large_image\" \/>\n<meta name=\"twitter:label1\" content=\"\u00c9crit par\" \/>\n\t<meta name=\"twitter:data1\" content=\"cfeditorfr\" \/>\n\t<meta name=\"twitter:label2\" content=\"Dur\u00e9e de lecture estim\u00e9e\" \/>\n\t<meta name=\"twitter:data2\" content=\"2 minutes\" \/>\n<script type=\"application\/ld+json\" class=\"yoast-schema-graph\">{\"@context\":\"https:\/\/schema.org\",\"@graph\":[{\"@type\":\"Article\",\"@id\":\"https:\/\/www.africa-press.net\/benin\/politique\/a-travers-la-statue-de-lamazone-patrice-talon-salue-la-bravoure-des-femmes-beninoises#article\",\"isPartOf\":{\"@id\":\"https:\/\/www.africa-press.net\/benin\/politique\/a-travers-la-statue-de-lamazone-patrice-talon-salue-la-bravoure-des-femmes-beninoises\"},\"author\":{\"name\":\"cfeditorfr\",\"@id\":\"https:\/\/www.africa-press.net\/benin\/#\/schema\/person\/2b1cf3cd81a31e3cd26889ca66d677f1\"},\"headline\":\"A travers la statue de l\u2019Amazone, Patrice Talon salue la bravoure des femmes b\u00e9ninoises\",\"datePublished\":\"2022-07-31T16:37:24+00:00\",\"dateModified\":\"2022-07-31T16:50:27+00:00\",\"mainEntityOfPage\":{\"@id\":\"https:\/\/www.africa-press.net\/benin\/politique\/a-travers-la-statue-de-lamazone-patrice-talon-salue-la-bravoure-des-femmes-beninoises\"},\"wordCount\":379,\"commentCount\":0,\"image\":{\"@id\":\"https:\/\/www.africa-press.net\/benin\/politique\/a-travers-la-statue-de-lamazone-patrice-talon-salue-la-bravoure-des-femmes-beninoises#primaryimage\"},\"thumbnailUrl\":\"https:\/\/static.africa-press.net\/benin\/sites\/46\/2022\/07\/postQueueImg_9-62e6b2bc11f0b.jpg\",\"keywords\":[\"Africa Press\",\"Africa Press-Benin\",\"B\u00e9nin\"],\"articleSection\":[\"homepage-french\",\"Politique\",\"Toutes les actualit\u00e9s\"],\"inLanguage\":\"fr-FR\",\"potentialAction\":[{\"@type\":\"CommentAction\",\"name\":\"Comment\",\"target\":[\"https:\/\/www.africa-press.net\/benin\/politique\/a-travers-la-statue-de-lamazone-patrice-talon-salue-la-bravoure-des-femmes-beninoises#respond\"]}]},{\"@type\":\"WebPage\",\"@id\":\"https:\/\/www.africa-press.net\/benin\/politique\/a-travers-la-statue-de-lamazone-patrice-talon-salue-la-bravoure-des-femmes-beninoises\",\"url\":\"https:\/\/www.africa-press.net\/benin\/politique\/a-travers-la-statue-de-lamazone-patrice-talon-salue-la-bravoure-des-femmes-beninoises\",\"name\":\"A travers la statue de l\u2019Amazone, Patrice Talon salue la bravoure des femmes b\u00e9ninoises - B\u00e9nin\",\"isPartOf\":{\"@id\":\"https:\/\/www.africa-press.net\/benin\/#website\"},\"primaryImageOfPage\":{\"@id\":\"https:\/\/www.africa-press.net\/benin\/politique\/a-travers-la-statue-de-lamazone-patrice-talon-salue-la-bravoure-des-femmes-beninoises#primaryimage\"},\"image\":{\"@id\":\"https:\/\/www.africa-press.net\/benin\/politique\/a-travers-la-statue-de-lamazone-patrice-talon-salue-la-bravoure-des-femmes-beninoises#primaryimage\"},\"thumbnailUrl\":\"https:\/\/static.africa-press.net\/benin\/sites\/46\/2022\/07\/postQueueImg_9-62e6b2bc11f0b.jpg\",\"datePublished\":\"2022-07-31T16:37:24+00:00\",\"dateModified\":\"2022-07-31T16:50:27+00:00\",\"author\":{\"@id\":\"https:\/\/www.africa-press.net\/benin\/#\/schema\/person\/2b1cf3cd81a31e3cd26889ca66d677f1\"},\"description\":\"Ce samedi 30 juillet 2022, le pr\u00e9sident Patrice Talon a officiellement d\u00e9voil\u00e9 la statue de l\u2019Amazone, \u00e9rig\u00e9e sur le bou ...\",\"breadcrumb\":{\"@id\":\"https:\/\/www.africa-press.net\/benin\/politique\/a-travers-la-statue-de-lamazone-patrice-talon-salue-la-bravoure-des-femmes-beninoises#breadcrumb\"},\"inLanguage\":\"fr-FR\",\"potentialAction\":[{\"@type\":\"ReadAction\",\"target\":[\"https:\/\/www.africa-press.net\/benin\/politique\/a-travers-la-statue-de-lamazone-patrice-talon-salue-la-bravoure-des-femmes-beninoises\"]}]},{\"@type\":\"ImageObject\",\"inLanguage\":\"fr-FR\",\"@id\":\"https:\/\/www.africa-press.net\/benin\/politique\/a-travers-la-statue-de-lamazone-patrice-talon-salue-la-bravoure-des-femmes-beninoises#primaryimage\",\"url\":\"https:\/\/static.africa-press.net\/benin\/sites\/46\/2022\/07\/postQueueImg_9-62e6b2bc11f0b.jpg\",\"contentUrl\":\"https:\/\/static.africa-press.net\/benin\/sites\/46\/2022\/07\/postQueueImg_9-62e6b2bc11f0b.jpg\",\"width\":1200,\"height\":800,\"caption\":\"A travers la statue de l\u2019Amazone, Patrice Talon salue la bravoure des femmes b\u00e9ninoises\"},{\"@type\":\"BreadcrumbList\",\"@id\":\"https:\/\/www.africa-press.net\/benin\/politique\/a-travers-la-statue-de-lamazone-patrice-talon-salue-la-bravoure-des-femmes-beninoises#breadcrumb\",\"itemListElement\":[{\"@type\":\"ListItem\",\"position\":1,\"name\":\"Accueil\",\"item\":\"https:\/\/www.africa-press.net\/benin\/\"},{\"@type\":\"ListItem\",\"position\":2,\"name\":\"A travers la statue de l\u2019Amazone, Patrice Talon salue la bravoure des femmes b\u00e9ninoises\"}]},{\"@type\":\"WebSite\",\"@id\":\"https:\/\/www.africa-press.net\/benin\/#website\",\"url\":\"https:\/\/www.africa-press.net\/benin\/\",\"name\":\"B\u00e9nin\",\"description\":\"Just another Africa News Agency Sites site\",\"potentialAction\":[{\"@type\":\"SearchAction\",\"target\":{\"@type\":\"EntryPoint\",\"urlTemplate\":\"https:\/\/www.africa-press.net\/benin\/?s={search_term_string}\"},\"query-input\":{\"@type\":\"PropertyValueSpecification\",\"valueRequired\":true,\"valueName\":\"search_term_string\"}}],\"inLanguage\":\"fr-FR\"},{\"@type\":\"Person\",\"@id\":\"https:\/\/www.africa-press.net\/benin\/#\/schema\/person\/2b1cf3cd81a31e3cd26889ca66d677f1\",\"name\":\"cfeditorfr\"}]}<\/script>\n<!-- \/ Yoast SEO Premium plugin. -->","yoast_head_json":{"title":"A travers la statue de l\u2019Amazone, Patrice Talon salue la bravoure des femmes b\u00e9ninoises - B\u00e9nin","description":"Ce samedi 30 juillet 2022, le pr\u00e9sident Patrice Talon a officiellement d\u00e9voil\u00e9 la statue de l\u2019Amazone, \u00e9rig\u00e9e sur le bou ...","robots":{"index":"index","follow":"follow","max-snippet":"max-snippet:-1","max-image-preview":"max-image-preview:large","max-video-preview":"max-video-preview:-1"},"canonical":"https:\/\/www.africa-press.net\/benin\/politique\/a-travers-la-statue-de-lamazone-patrice-talon-salue-la-bravoure-des-femmes-beninoises","og_locale":"fr_FR","og_type":"article","og_title":"A travers la statue de l\u2019Amazone, Patrice Talon salue la bravoure des femmes b\u00e9ninoises","og_description":"Ce samedi 30 juillet 2022, le pr\u00e9sident Patrice Talon a officiellement d\u00e9voil\u00e9 la statue de l\u2019Amazone, \u00e9rig\u00e9e sur le bou ...","og_url":"https:\/\/www.africa-press.net\/benin\/politique\/a-travers-la-statue-de-lamazone-patrice-talon-salue-la-bravoure-des-femmes-beninoises","og_site_name":"B\u00e9nin","article_published_time":"2022-07-31T16:37:24+00:00","article_modified_time":"2022-07-31T16:50:27+00:00","og_image":[{"width":1200,"height":800,"url":"https:\/\/static.africa-press.net\/benin\/sites\/46\/2022\/07\/postQueueImg_9-62e6b2bc11f0b.jpg","type":"image\/jpeg"}],"author":"cfeditorfr","twitter_card":"summary_large_image","twitter_misc":{"\u00c9crit par":"cfeditorfr","Dur\u00e9e de lecture estim\u00e9e":"2 minutes"},"schema":{"@context":"https:\/\/schema.org","@graph":[{"@type":"Article","@id":"https:\/\/www.africa-press.net\/benin\/politique\/a-travers-la-statue-de-lamazone-patrice-talon-salue-la-bravoure-des-femmes-beninoises#article","isPartOf":{"@id":"https:\/\/www.africa-press.net\/benin\/politique\/a-travers-la-statue-de-lamazone-patrice-talon-salue-la-bravoure-des-femmes-beninoises"},"author":{"name":"cfeditorfr","@id":"https:\/\/www.africa-press.net\/benin\/#\/schema\/person\/2b1cf3cd81a31e3cd26889ca66d677f1"},"headline":"A travers la statue de l\u2019Amazone, Patrice Talon salue la bravoure des femmes b\u00e9ninoises","datePublished":"2022-07-31T16:37:24+00:00","dateModified":"2022-07-31T16:50:27+00:00","mainEntityOfPage":{"@id":"https:\/\/www.africa-press.net\/benin\/politique\/a-travers-la-statue-de-lamazone-patrice-talon-salue-la-bravoure-des-femmes-beninoises"},"wordCount":379,"commentCount":0,"image":{"@id":"https:\/\/www.africa-press.net\/benin\/politique\/a-travers-la-statue-de-lamazone-patrice-talon-salue-la-bravoure-des-femmes-beninoises#primaryimage"},"thumbnailUrl":"https:\/\/static.africa-press.net\/benin\/sites\/46\/2022\/07\/postQueueImg_9-62e6b2bc11f0b.jpg","keywords":["Africa Press","Africa Press-Benin","B\u00e9nin"],"articleSection":["homepage-french","Politique","Toutes les actualit\u00e9s"],"inLanguage":"fr-FR","potentialAction":[{"@type":"CommentAction","name":"Comment","target":["https:\/\/www.africa-press.net\/benin\/politique\/a-travers-la-statue-de-lamazone-patrice-talon-salue-la-bravoure-des-femmes-beninoises#respond"]}]},{"@type":"WebPage","@id":"https:\/\/www.africa-press.net\/benin\/politique\/a-travers-la-statue-de-lamazone-patrice-talon-salue-la-bravoure-des-femmes-beninoises","url":"https:\/\/www.africa-press.net\/benin\/politique\/a-travers-la-statue-de-lamazone-patrice-talon-salue-la-bravoure-des-femmes-beninoises","name":"A travers la statue de l\u2019Amazone, Patrice Talon salue la bravoure des femmes b\u00e9ninoises - B\u00e9nin","isPartOf":{"@id":"https:\/\/www.africa-press.net\/benin\/#website"},"primaryImageOfPage":{"@id":"https:\/\/www.africa-press.net\/benin\/politique\/a-travers-la-statue-de-lamazone-patrice-talon-salue-la-bravoure-des-femmes-beninoises#primaryimage"},"image":{"@id":"https:\/\/www.africa-press.net\/benin\/politique\/a-travers-la-statue-de-lamazone-patrice-talon-salue-la-bravoure-des-femmes-beninoises#primaryimage"},"thumbnailUrl":"https:\/\/static.africa-press.net\/benin\/sites\/46\/2022\/07\/postQueueImg_9-62e6b2bc11f0b.jpg","datePublished":"2022-07-31T16:37:24+00:00","dateModified":"2022-07-31T16:50:27+00:00","author":{"@id":"https:\/\/www.africa-press.net\/benin\/#\/schema\/person\/2b1cf3cd81a31e3cd26889ca66d677f1"},"description":"Ce samedi 30 juillet 2022, le pr\u00e9sident Patrice Talon a officiellement d\u00e9voil\u00e9 la statue de l\u2019Amazone, \u00e9rig\u00e9e sur le bou ...","breadcrumb":{"@id":"https:\/\/www.africa-press.net\/benin\/politique\/a-travers-la-statue-de-lamazone-patrice-talon-salue-la-bravoure-des-femmes-beninoises#breadcrumb"},"inLanguage":"fr-FR","potentialAction":[{"@type":"ReadAction","target":["https:\/\/www.africa-press.net\/benin\/politique\/a-travers-la-statue-de-lamazone-patrice-talon-salue-la-bravoure-des-femmes-beninoises"]}]},{"@type":"ImageObject","inLanguage":"fr-FR","@id":"https:\/\/www.africa-press.net\/benin\/politique\/a-travers-la-statue-de-lamazone-patrice-talon-salue-la-bravoure-des-femmes-beninoises#primaryimage","url":"https:\/\/static.africa-press.net\/benin\/sites\/46\/2022\/07\/postQueueImg_9-62e6b2bc11f0b.jpg","contentUrl":"https:\/\/static.africa-press.net\/benin\/sites\/46\/2022\/07\/postQueueImg_9-62e6b2bc11f0b.jpg","width":1200,"height":800,"caption":"A travers la statue de l\u2019Amazone, Patrice Talon salue la bravoure des femmes b\u00e9ninoises"},{"@type":"BreadcrumbList","@id":"https:\/\/www.africa-press.net\/benin\/politique\/a-travers-la-statue-de-lamazone-patrice-talon-salue-la-bravoure-des-femmes-beninoises#breadcrumb","itemListElement":[{"@type":"ListItem","position":1,"name":"Accueil","item":"https:\/\/www.africa-press.net\/benin\/"},{"@type":"ListItem","position":2,"name":"A travers la statue de l\u2019Amazone, Patrice Talon salue la bravoure des femmes b\u00e9ninoises"}]},{"@type":"WebSite","@id":"https:\/\/www.africa-press.net\/benin\/#website","url":"https:\/\/www.africa-press.net\/benin\/","name":"B\u00e9nin","description":"Just another Africa News Agency Sites site","potentialAction":[{"@type":"SearchAction","target":{"@type":"EntryPoint","urlTemplate":"https:\/\/www.africa-press.net\/benin\/?s={search_term_string}"},"query-input":{"@type":"PropertyValueSpecification","valueRequired":true,"valueName":"search_term_string"}}],"inLanguage":"fr-FR"},{"@type":"Person","@id":"https:\/\/www.africa-press.net\/benin\/#\/schema\/person\/2b1cf3cd81a31e3cd26889ca66d677f1","name":"cfeditorfr"}]}},"_links":{"self":[{"href":"https:\/\/www.africa-press.net\/benin\/wp-json\/wp\/v2\/posts\/7428","targetHints":{"allow":["GET"]}}],"collection":[{"href":"https:\/\/www.africa-press.net\/benin\/wp-json\/wp\/v2\/posts"}],"about":[{"href":"https:\/\/www.africa-press.net\/benin\/wp-json\/wp\/v2\/types\/post"}],"author":[{"embeddable":true,"href":"https:\/\/www.africa-press.net\/benin\/wp-json\/wp\/v2\/users\/82"}],"replies":[{"embeddable":true,"href":"https:\/\/www.africa-press.net\/benin\/wp-json\/wp\/v2\/comments?post=7428"}],"version-history":[{"count":0,"href":"https:\/\/www.africa-press.net\/benin\/wp-json\/wp\/v2\/posts\/7428\/revisions"}],"wp:featuredmedia":[{"embeddable":true,"href":"https:\/\/www.africa-press.net\/benin\/wp-json\/wp\/v2\/media\/7427"}],"wp:attachment":[{"href":"https:\/\/www.africa-press.net\/benin\/wp-json\/wp\/v2\/media?parent=7428"}],"wp:term":[{"taxonomy":"category","embeddable":true,"href":"https:\/\/www.africa-press.net\/benin\/wp-json\/wp\/v2\/categories?post=7428"},{"taxonomy":"post_tag","embeddable":true,"href":"https:\/\/www.africa-press.net\/benin\/wp-json\/wp\/v2\/tags?post=7428"}],"curies":[{"name":"wp","href":"https:\/\/api.w.org\/{rel}","templated":true}]}}