{"id":7431,"date":"2022-07-31T16:37:33","date_gmt":"2022-07-31T16:37:33","guid":{"rendered":"https:\/\/www.africa-press.net\/benin\/politique\/benin-03-choses-a-retenir-de-la-reunion-statutaire-du-parti-les-democrates"},"modified":"2022-07-31T16:51:03","modified_gmt":"2022-07-31T16:51:03","slug":"benin-03-choses-a-retenir-de-la-reunion-statutaire-du-parti-les-democrates","status":"publish","type":"post","link":"https:\/\/www.africa-press.net\/benin\/politique\/benin-03-choses-a-retenir-de-la-reunion-statutaire-du-parti-les-democrates","title":{"rendered":"B\u00e9nin: 03 choses \u00e0 retenir de la r\u00e9union statutaire du parti \u00ab\u00a0Les D\u00e9mocrates\u00a0\u00bb"},"content":{"rendered":"<p><span style=\"color: #ff6600\"><strong>Africa-Press &#8211; Benin. <\/strong><\/span>La Coordination nationale du parti \u00ab Les D\u00e9mocrates \u00bb a tenu le vendredi 29 juillet 2022, une r\u00e9union statutaire consacr\u00e9e \u00e0 plusieurs points. Trois (03) grands points, dont la lib\u00e9ration d\u2019une vague de \u00ab d\u00e9tenus politiques \u00bb, ont \u00e9t\u00e9 abord\u00e9s au cours du conclave.<\/p>\n<p>Le parti \u00ab Les D\u00e9mocrates \u00bb a r\u00e9affirm\u00e9 sa volont\u00e9 de participer aux \u00e9lections l\u00e9gislatives de janvier 2023. A l\u2019issue de la r\u00e9union statutaire de la Coordination nationale, il a \u00e9t\u00e9 demand\u00e9 aux potentiels candidatas du parti de commencer \u00e0 prendre leurs dispositions. \u00ab Tous les militants d\u00e9sireux de prendre part \u00e0 la prochaine \u00e9lection doivent mettre \u00e0 jour leurs pi\u00e8ces administratives et s\u2019assurer de leur conformit\u00e9 \u00e0 la loi \u00e9lectorale \u00bb, lit-on dans le communiqu\u00e9 final.<\/p>\n<p>La lib\u00e9ration d\u2019une vague de \u00ab d\u00e9tenus politiques \u00bb a \u00e9galement retenu l\u2019attention du parti \u00ab Les D\u00e9mocrates \u00bb. La Coordination nationale dit avoir pris acte de la lib\u00e9ration de 30 d\u00e9tenus, arr\u00eat\u00e9s pendant la violence \u00e9lectoral de 2021. \u00ab Cependant, elle rappelle qu\u2019un grand nombre de militants est encore en prison. Ainsi, la Coordination Nationale insiste sur la n\u00e9cessit\u00e9 d\u2019une amnistie g\u00e9n\u00e9rale pour la lib\u00e9ration de tous les d\u00e9tenus politiques et le retour des exil\u00e9s politiques \u00bb.<\/p>\n<p>L\u2019autre point abord\u00e9 lors de la r\u00e9union se rapporte \u00e0 l\u2019installation des structures de base du parti. La Coordination a constat\u00e9 avec satisfaction que cette activit\u00e9 est termin\u00e9e sur toute l\u2019\u00e9tendue du territoire national. Elle a, par ailleurs, instruit les responsables au niveau des arrondissements \u00e0 proc\u00e9der plus tard, le 30 ao\u00fbt, \u00e0 l\u2019installation des structures dans les villages et quartiers de ville.<\/p>\n<p><strong>Pour plus d&rsquo;informations et d&rsquo;analyses sur la <a href=\"https:\/\/www.africa-press.net\/benin\">Benin<\/a>, suivez <a href=\"https:\/\/www.africa-press.net\/\">Africa-Press<\/a><\/strong><\/p>\n","protected":false},"excerpt":{"rendered":"<p>Africa-Press &#8211; Benin. La Coordination nationale du parti \u00ab Les D\u00e9mocrates \u00bb a tenu le vendredi 29 juillet 2022, une r\u00e9union statutaire consacr\u00e9e \u00e0 plusieurs points. Trois (03) grands points, dont la lib\u00e9ration d\u2019une vague de \u00ab d\u00e9tenus politiques \u00bb, ont \u00e9t\u00e9 abord\u00e9s au cours du conclave. Le parti \u00ab Les D\u00e9mocrates \u00bb a r\u00e9affirm\u00e9 [&hellip;]<\/p>\n","protected":false},"author":82,"featured_media":7430,"comment_status":"open","ping_status":"closed","sticky":false,"template":"","format":"standard","meta":{"footnotes":""},"categories":[11,4,2,10],"tags":[36,50,45],"class_list":["post-7431","post","type-post","status-publish","format-standard","has-post-thumbnail","hentry","category-homepage-french","category-parties","category-politique","category-toutes-les-actualites","tag-africa-press","tag-africa-press-benin","tag-benin"],"yoast_head":"<!-- This site is optimized with the Yoast SEO Premium plugin v26.1 (Yoast SEO v27.0) - https:\/\/yoast.com\/product\/yoast-seo-premium-wordpress\/ -->\n<title>B\u00e9nin: 03 choses \u00e0 retenir de la r\u00e9union statutaire du parti \u00ab\u00a0Les D\u00e9mocrates\u00a0\u00bb - B\u00e9nin<\/title>\n<meta name=\"description\" content=\"La Coordination nationale du parti \u00ab Les D\u00e9mocrates \u00bb a tenu le vendredi 29 juillet 2022, une r\u00e9union statutaire consacr ...\" \/>\n<meta name=\"robots\" content=\"index, follow, max-snippet:-1, max-image-preview:large, max-video-preview:-1\" \/>\n<link rel=\"canonical\" href=\"https:\/\/www.africa-press.net\/benin\/politique\/benin-03-choses-a-retenir-de-la-reunion-statutaire-du-parti-les-democrates\" \/>\n<meta property=\"og:locale\" content=\"fr_FR\" \/>\n<meta property=\"og:type\" content=\"article\" \/>\n<meta property=\"og:title\" content=\"B\u00e9nin: 03 choses \u00e0 retenir de la r\u00e9union statutaire du parti \u00ab\u00a0Les D\u00e9mocrates\u00a0\u00bb\" \/>\n<meta property=\"og:description\" content=\"La Coordination nationale du parti \u00ab Les D\u00e9mocrates \u00bb a tenu le vendredi 29 juillet 2022, une r\u00e9union statutaire consacr ...\" \/>\n<meta property=\"og:url\" content=\"https:\/\/www.africa-press.net\/benin\/politique\/benin-03-choses-a-retenir-de-la-reunion-statutaire-du-parti-les-democrates\" \/>\n<meta property=\"og:site_name\" content=\"B\u00e9nin\" \/>\n<meta property=\"article:published_time\" content=\"2022-07-31T16:37:33+00:00\" \/>\n<meta property=\"article:modified_time\" content=\"2022-07-31T16:51:03+00:00\" \/>\n<meta property=\"og:image\" content=\"https:\/\/static.africa-press.net\/benin\/sites\/46\/2022\/07\/postQueueImg_10-62e6b2da527fe.jpg\" \/>\n\t<meta property=\"og:image:width\" content=\"1500\" \/>\n\t<meta property=\"og:image:height\" content=\"800\" \/>\n\t<meta property=\"og:image:type\" content=\"image\/jpeg\" \/>\n<meta name=\"author\" content=\"cfeditorfr\" \/>\n<meta name=\"twitter:card\" content=\"summary_large_image\" \/>\n<meta name=\"twitter:label1\" content=\"\u00c9crit par\" \/>\n\t<meta name=\"twitter:data1\" content=\"cfeditorfr\" \/>\n\t<meta name=\"twitter:label2\" content=\"Dur\u00e9e de lecture estim\u00e9e\" \/>\n\t<meta name=\"twitter:data2\" content=\"2 minutes\" \/>\n<script type=\"application\/ld+json\" class=\"yoast-schema-graph\">{\"@context\":\"https:\/\/schema.org\",\"@graph\":[{\"@type\":\"Article\",\"@id\":\"https:\/\/www.africa-press.net\/benin\/politique\/benin-03-choses-a-retenir-de-la-reunion-statutaire-du-parti-les-democrates#article\",\"isPartOf\":{\"@id\":\"https:\/\/www.africa-press.net\/benin\/politique\/benin-03-choses-a-retenir-de-la-reunion-statutaire-du-parti-les-democrates\"},\"author\":{\"name\":\"cfeditorfr\",\"@id\":\"https:\/\/www.africa-press.net\/benin\/#\/schema\/person\/2b1cf3cd81a31e3cd26889ca66d677f1\"},\"headline\":\"B\u00e9nin: 03 choses \u00e0 retenir de la r\u00e9union statutaire du parti \u00ab\u00a0Les D\u00e9mocrates\u00a0\u00bb\",\"datePublished\":\"2022-07-31T16:37:33+00:00\",\"dateModified\":\"2022-07-31T16:51:03+00:00\",\"mainEntityOfPage\":{\"@id\":\"https:\/\/www.africa-press.net\/benin\/politique\/benin-03-choses-a-retenir-de-la-reunion-statutaire-du-parti-les-democrates\"},\"wordCount\":302,\"commentCount\":0,\"image\":{\"@id\":\"https:\/\/www.africa-press.net\/benin\/politique\/benin-03-choses-a-retenir-de-la-reunion-statutaire-du-parti-les-democrates#primaryimage\"},\"thumbnailUrl\":\"https:\/\/static.africa-press.net\/benin\/sites\/46\/2022\/07\/postQueueImg_10-62e6b2da527fe.jpg\",\"keywords\":[\"Africa Press\",\"Africa Press-Benin\",\"B\u00e9nin\"],\"articleSection\":[\"homepage-french\",\"Parties\",\"Politique\",\"Toutes les actualit\u00e9s\"],\"inLanguage\":\"fr-FR\",\"potentialAction\":[{\"@type\":\"CommentAction\",\"name\":\"Comment\",\"target\":[\"https:\/\/www.africa-press.net\/benin\/politique\/benin-03-choses-a-retenir-de-la-reunion-statutaire-du-parti-les-democrates#respond\"]}]},{\"@type\":\"WebPage\",\"@id\":\"https:\/\/www.africa-press.net\/benin\/politique\/benin-03-choses-a-retenir-de-la-reunion-statutaire-du-parti-les-democrates\",\"url\":\"https:\/\/www.africa-press.net\/benin\/politique\/benin-03-choses-a-retenir-de-la-reunion-statutaire-du-parti-les-democrates\",\"name\":\"B\u00e9nin: 03 choses \u00e0 retenir de la r\u00e9union statutaire du parti \u00ab\u00a0Les D\u00e9mocrates\u00a0\u00bb - B\u00e9nin\",\"isPartOf\":{\"@id\":\"https:\/\/www.africa-press.net\/benin\/#website\"},\"primaryImageOfPage\":{\"@id\":\"https:\/\/www.africa-press.net\/benin\/politique\/benin-03-choses-a-retenir-de-la-reunion-statutaire-du-parti-les-democrates#primaryimage\"},\"image\":{\"@id\":\"https:\/\/www.africa-press.net\/benin\/politique\/benin-03-choses-a-retenir-de-la-reunion-statutaire-du-parti-les-democrates#primaryimage\"},\"thumbnailUrl\":\"https:\/\/static.africa-press.net\/benin\/sites\/46\/2022\/07\/postQueueImg_10-62e6b2da527fe.jpg\",\"datePublished\":\"2022-07-31T16:37:33+00:00\",\"dateModified\":\"2022-07-31T16:51:03+00:00\",\"author\":{\"@id\":\"https:\/\/www.africa-press.net\/benin\/#\/schema\/person\/2b1cf3cd81a31e3cd26889ca66d677f1\"},\"description\":\"La Coordination nationale du parti \u00ab Les D\u00e9mocrates \u00bb a tenu le vendredi 29 juillet 2022, une r\u00e9union statutaire consacr ...\",\"breadcrumb\":{\"@id\":\"https:\/\/www.africa-press.net\/benin\/politique\/benin-03-choses-a-retenir-de-la-reunion-statutaire-du-parti-les-democrates#breadcrumb\"},\"inLanguage\":\"fr-FR\",\"potentialAction\":[{\"@type\":\"ReadAction\",\"target\":[\"https:\/\/www.africa-press.net\/benin\/politique\/benin-03-choses-a-retenir-de-la-reunion-statutaire-du-parti-les-democrates\"]}]},{\"@type\":\"ImageObject\",\"inLanguage\":\"fr-FR\",\"@id\":\"https:\/\/www.africa-press.net\/benin\/politique\/benin-03-choses-a-retenir-de-la-reunion-statutaire-du-parti-les-democrates#primaryimage\",\"url\":\"https:\/\/static.africa-press.net\/benin\/sites\/46\/2022\/07\/postQueueImg_10-62e6b2da527fe.jpg\",\"contentUrl\":\"https:\/\/static.africa-press.net\/benin\/sites\/46\/2022\/07\/postQueueImg_10-62e6b2da527fe.jpg\",\"width\":1500,\"height\":800,\"caption\":\"B\u00e9nin: 03 choses \u00e0 retenir de la r\u00e9union statutaire du parti \u00ab\u00a0Les D\u00e9mocrates\u00a0\u00bb\"},{\"@type\":\"BreadcrumbList\",\"@id\":\"https:\/\/www.africa-press.net\/benin\/politique\/benin-03-choses-a-retenir-de-la-reunion-statutaire-du-parti-les-democrates#breadcrumb\",\"itemListElement\":[{\"@type\":\"ListItem\",\"position\":1,\"name\":\"Accueil\",\"item\":\"https:\/\/www.africa-press.net\/benin\/\"},{\"@type\":\"ListItem\",\"position\":2,\"name\":\"B\u00e9nin: 03 choses \u00e0 retenir de la r\u00e9union statutaire du parti \u00ab\u00a0Les D\u00e9mocrates\u00a0\u00bb\"}]},{\"@type\":\"WebSite\",\"@id\":\"https:\/\/www.africa-press.net\/benin\/#website\",\"url\":\"https:\/\/www.africa-press.net\/benin\/\",\"name\":\"B\u00e9nin\",\"description\":\"Just another Africa News Agency Sites site\",\"potentialAction\":[{\"@type\":\"SearchAction\",\"target\":{\"@type\":\"EntryPoint\",\"urlTemplate\":\"https:\/\/www.africa-press.net\/benin\/?s={search_term_string}\"},\"query-input\":{\"@type\":\"PropertyValueSpecification\",\"valueRequired\":true,\"valueName\":\"search_term_string\"}}],\"inLanguage\":\"fr-FR\"},{\"@type\":\"Person\",\"@id\":\"https:\/\/www.africa-press.net\/benin\/#\/schema\/person\/2b1cf3cd81a31e3cd26889ca66d677f1\",\"name\":\"cfeditorfr\"}]}<\/script>\n<!-- \/ Yoast SEO Premium plugin. -->","yoast_head_json":{"title":"B\u00e9nin: 03 choses \u00e0 retenir de la r\u00e9union statutaire du parti \u00ab\u00a0Les D\u00e9mocrates\u00a0\u00bb - B\u00e9nin","description":"La Coordination nationale du parti \u00ab Les D\u00e9mocrates \u00bb a tenu le vendredi 29 juillet 2022, une r\u00e9union statutaire consacr ...","robots":{"index":"index","follow":"follow","max-snippet":"max-snippet:-1","max-image-preview":"max-image-preview:large","max-video-preview":"max-video-preview:-1"},"canonical":"https:\/\/www.africa-press.net\/benin\/politique\/benin-03-choses-a-retenir-de-la-reunion-statutaire-du-parti-les-democrates","og_locale":"fr_FR","og_type":"article","og_title":"B\u00e9nin: 03 choses \u00e0 retenir de la r\u00e9union statutaire du parti \u00ab\u00a0Les D\u00e9mocrates\u00a0\u00bb","og_description":"La Coordination nationale du parti \u00ab Les D\u00e9mocrates \u00bb a tenu le vendredi 29 juillet 2022, une r\u00e9union statutaire consacr ...","og_url":"https:\/\/www.africa-press.net\/benin\/politique\/benin-03-choses-a-retenir-de-la-reunion-statutaire-du-parti-les-democrates","og_site_name":"B\u00e9nin","article_published_time":"2022-07-31T16:37:33+00:00","article_modified_time":"2022-07-31T16:51:03+00:00","og_image":[{"width":1500,"height":800,"url":"https:\/\/static.africa-press.net\/benin\/sites\/46\/2022\/07\/postQueueImg_10-62e6b2da527fe.jpg","type":"image\/jpeg"}],"author":"cfeditorfr","twitter_card":"summary_large_image","twitter_misc":{"\u00c9crit par":"cfeditorfr","Dur\u00e9e de lecture estim\u00e9e":"2 minutes"},"schema":{"@context":"https:\/\/schema.org","@graph":[{"@type":"Article","@id":"https:\/\/www.africa-press.net\/benin\/politique\/benin-03-choses-a-retenir-de-la-reunion-statutaire-du-parti-les-democrates#article","isPartOf":{"@id":"https:\/\/www.africa-press.net\/benin\/politique\/benin-03-choses-a-retenir-de-la-reunion-statutaire-du-parti-les-democrates"},"author":{"name":"cfeditorfr","@id":"https:\/\/www.africa-press.net\/benin\/#\/schema\/person\/2b1cf3cd81a31e3cd26889ca66d677f1"},"headline":"B\u00e9nin: 03 choses \u00e0 retenir de la r\u00e9union statutaire du parti \u00ab\u00a0Les D\u00e9mocrates\u00a0\u00bb","datePublished":"2022-07-31T16:37:33+00:00","dateModified":"2022-07-31T16:51:03+00:00","mainEntityOfPage":{"@id":"https:\/\/www.africa-press.net\/benin\/politique\/benin-03-choses-a-retenir-de-la-reunion-statutaire-du-parti-les-democrates"},"wordCount":302,"commentCount":0,"image":{"@id":"https:\/\/www.africa-press.net\/benin\/politique\/benin-03-choses-a-retenir-de-la-reunion-statutaire-du-parti-les-democrates#primaryimage"},"thumbnailUrl":"https:\/\/static.africa-press.net\/benin\/sites\/46\/2022\/07\/postQueueImg_10-62e6b2da527fe.jpg","keywords":["Africa Press","Africa Press-Benin","B\u00e9nin"],"articleSection":["homepage-french","Parties","Politique","Toutes les actualit\u00e9s"],"inLanguage":"fr-FR","potentialAction":[{"@type":"CommentAction","name":"Comment","target":["https:\/\/www.africa-press.net\/benin\/politique\/benin-03-choses-a-retenir-de-la-reunion-statutaire-du-parti-les-democrates#respond"]}]},{"@type":"WebPage","@id":"https:\/\/www.africa-press.net\/benin\/politique\/benin-03-choses-a-retenir-de-la-reunion-statutaire-du-parti-les-democrates","url":"https:\/\/www.africa-press.net\/benin\/politique\/benin-03-choses-a-retenir-de-la-reunion-statutaire-du-parti-les-democrates","name":"B\u00e9nin: 03 choses \u00e0 retenir de la r\u00e9union statutaire du parti \u00ab\u00a0Les D\u00e9mocrates\u00a0\u00bb - B\u00e9nin","isPartOf":{"@id":"https:\/\/www.africa-press.net\/benin\/#website"},"primaryImageOfPage":{"@id":"https:\/\/www.africa-press.net\/benin\/politique\/benin-03-choses-a-retenir-de-la-reunion-statutaire-du-parti-les-democrates#primaryimage"},"image":{"@id":"https:\/\/www.africa-press.net\/benin\/politique\/benin-03-choses-a-retenir-de-la-reunion-statutaire-du-parti-les-democrates#primaryimage"},"thumbnailUrl":"https:\/\/static.africa-press.net\/benin\/sites\/46\/2022\/07\/postQueueImg_10-62e6b2da527fe.jpg","datePublished":"2022-07-31T16:37:33+00:00","dateModified":"2022-07-31T16:51:03+00:00","author":{"@id":"https:\/\/www.africa-press.net\/benin\/#\/schema\/person\/2b1cf3cd81a31e3cd26889ca66d677f1"},"description":"La Coordination nationale du parti \u00ab Les D\u00e9mocrates \u00bb a tenu le vendredi 29 juillet 2022, une r\u00e9union statutaire consacr ...","breadcrumb":{"@id":"https:\/\/www.africa-press.net\/benin\/politique\/benin-03-choses-a-retenir-de-la-reunion-statutaire-du-parti-les-democrates#breadcrumb"},"inLanguage":"fr-FR","potentialAction":[{"@type":"ReadAction","target":["https:\/\/www.africa-press.net\/benin\/politique\/benin-03-choses-a-retenir-de-la-reunion-statutaire-du-parti-les-democrates"]}]},{"@type":"ImageObject","inLanguage":"fr-FR","@id":"https:\/\/www.africa-press.net\/benin\/politique\/benin-03-choses-a-retenir-de-la-reunion-statutaire-du-parti-les-democrates#primaryimage","url":"https:\/\/static.africa-press.net\/benin\/sites\/46\/2022\/07\/postQueueImg_10-62e6b2da527fe.jpg","contentUrl":"https:\/\/static.africa-press.net\/benin\/sites\/46\/2022\/07\/postQueueImg_10-62e6b2da527fe.jpg","width":1500,"height":800,"caption":"B\u00e9nin: 03 choses \u00e0 retenir de la r\u00e9union statutaire du parti \u00ab\u00a0Les D\u00e9mocrates\u00a0\u00bb"},{"@type":"BreadcrumbList","@id":"https:\/\/www.africa-press.net\/benin\/politique\/benin-03-choses-a-retenir-de-la-reunion-statutaire-du-parti-les-democrates#breadcrumb","itemListElement":[{"@type":"ListItem","position":1,"name":"Accueil","item":"https:\/\/www.africa-press.net\/benin\/"},{"@type":"ListItem","position":2,"name":"B\u00e9nin: 03 choses \u00e0 retenir de la r\u00e9union statutaire du parti \u00ab\u00a0Les D\u00e9mocrates\u00a0\u00bb"}]},{"@type":"WebSite","@id":"https:\/\/www.africa-press.net\/benin\/#website","url":"https:\/\/www.africa-press.net\/benin\/","name":"B\u00e9nin","description":"Just another Africa News Agency Sites site","potentialAction":[{"@type":"SearchAction","target":{"@type":"EntryPoint","urlTemplate":"https:\/\/www.africa-press.net\/benin\/?s={search_term_string}"},"query-input":{"@type":"PropertyValueSpecification","valueRequired":true,"valueName":"search_term_string"}}],"inLanguage":"fr-FR"},{"@type":"Person","@id":"https:\/\/www.africa-press.net\/benin\/#\/schema\/person\/2b1cf3cd81a31e3cd26889ca66d677f1","name":"cfeditorfr"}]}},"_links":{"self":[{"href":"https:\/\/www.africa-press.net\/benin\/wp-json\/wp\/v2\/posts\/7431","targetHints":{"allow":["GET"]}}],"collection":[{"href":"https:\/\/www.africa-press.net\/benin\/wp-json\/wp\/v2\/posts"}],"about":[{"href":"https:\/\/www.africa-press.net\/benin\/wp-json\/wp\/v2\/types\/post"}],"author":[{"embeddable":true,"href":"https:\/\/www.africa-press.net\/benin\/wp-json\/wp\/v2\/users\/82"}],"replies":[{"embeddable":true,"href":"https:\/\/www.africa-press.net\/benin\/wp-json\/wp\/v2\/comments?post=7431"}],"version-history":[{"count":0,"href":"https:\/\/www.africa-press.net\/benin\/wp-json\/wp\/v2\/posts\/7431\/revisions"}],"wp:featuredmedia":[{"embeddable":true,"href":"https:\/\/www.africa-press.net\/benin\/wp-json\/wp\/v2\/media\/7430"}],"wp:attachment":[{"href":"https:\/\/www.africa-press.net\/benin\/wp-json\/wp\/v2\/media?parent=7431"}],"wp:term":[{"taxonomy":"category","embeddable":true,"href":"https:\/\/www.africa-press.net\/benin\/wp-json\/wp\/v2\/categories?post=7431"},{"taxonomy":"post_tag","embeddable":true,"href":"https:\/\/www.africa-press.net\/benin\/wp-json\/wp\/v2\/tags?post=7431"}],"curies":[{"name":"wp","href":"https:\/\/api.w.org\/{rel}","templated":true}]}}