{"id":7434,"date":"2022-07-31T16:37:46","date_gmt":"2022-07-31T16:37:46","guid":{"rendered":"https:\/\/www.africa-press.net\/benin\/politique\/lappareil-judiciaire-de-notre-pays-fonctionne-de-facon-independante-nadia-okoumassoun"},"modified":"2022-07-31T16:51:32","modified_gmt":"2022-07-31T16:51:32","slug":"lappareil-judiciaire-de-notre-pays-fonctionne-de-facon-independante-nadia-okoumassoun","status":"publish","type":"post","link":"https:\/\/www.africa-press.net\/benin\/politique\/lappareil-judiciaire-de-notre-pays-fonctionne-de-facon-independante-nadia-okoumassoun","title":{"rendered":"\u00ab\u00a0L\u2019appareil judiciaire de notre pays fonctionne de fa\u00e7on ind\u00e9pendante, Nadia Okoumassoun"},"content":{"rendered":"<p><span style=\"color: #ff6600\"><strong>Africa-Press &#8211; Benin. <\/strong><\/span>Suite \u00e0 la lib\u00e9ration de sa s\u0153ur jumelle Nadine, Nadia Okoumassoun a reconnu ce dimanche 31 juillet 2022, le niveau \u00e9lev\u00e9 de la d\u00e9mocratie et l\u2019ind\u00e9pendance de la justice b\u00e9ninoise.<\/p>\n<p>En cette veille de la comm\u00e9moration des 62 ans de l\u2019accession du B\u00e9nin \u00e0 l\u2019ind\u00e9pendance, Nadia Okoumassoun a manifest\u00e9 sa fiert\u00e9 d\u2019\u00eatre b\u00e9ninoise. Dans un message adress\u00e9 \u00e0 la nation a b\u00e9ninoise, elle a remerci\u00e9 le pr\u00e9sident Patrice Talon et la justice b\u00e9ninoise pour la lib\u00e9ration de sa s\u0153ur Nadine Okoumassoun.<\/p>\n<p>\u00ab Mes sentiments pour mon pays sont tellement \u00e9lev\u00e9s en raison du niveau o\u00f9 le B\u00e9nin se trouve aujourd\u2019hui sur le plan d\u00e9mocratique et sur le plan de gouvernance. Aujourd\u2019hui, nous pouvons clairement reconna\u00eetre que l\u2019appareil judiciaire de notre pays fonctionne de fa\u00e7on ind\u00e9pendante\u00ab , a salu\u00e9 Nadia Okoumassoun, deuxi\u00e8me rapporteur de la commission de l\u2019organisation de la jeunesse du parti bloc r\u00e9publicain.<\/p>\n<p>Sur la lib\u00e9ration de Nadine Okoumassoun<\/p>\n<p>C\u2019est pourquoi, Nadia remercie la justice b\u00e9ninoise qui a d\u00fb faire son travail afin que 30 compatriotes dont sa s\u0153ur jumelle soient lib\u00e9r\u00e9s. \u00ab Je parle de Nadine Okoumassoun dont l\u2019absence m\u2019a plong\u00e9 pendant 16 mois dans un boulet indescriptiblement remarquable. Mais aujourd\u2019hui, je suis fi\u00e8re de passer mon temps \u00e0 discuter avec elle depuis sa sortie et ceci, gr\u00e2ce \u00e0 la justice de mon tr\u00e8s cher pays \u00bb, a-t-elle d\u00e9clar\u00e9.<\/p>\n<p>Pour Nadia Okoumassoun, le B\u00e9nin n\u2019a jamais eu un pr\u00e9sident (Patrice Talon Ndlr) aussi laborieux, dynamique et d\u00e9vou\u00e9 pour le bien \u00eatre collectif et qui, surtout, met en valeur la femme \u00e0 ce degr\u00e9. \u00ab Personne ne dira le contraire aujourd\u2019hui avec ce d\u00e9voilement de la statue de l\u2019amazone qui rend hommage aux femmes d\u2019hier et d\u2019aujourd\u2019hui \u00bb, a-t-elle lanc\u00e9 tel un d\u00e9fi.<\/p>\n<p>Par contre sa s\u0153ur jumelle Nadine Okoumassoun pense carr\u00e9ment le contraire. Bien qu\u2019elle soit lib\u00e9r\u00e9e de prison et mise sous contr\u00f4le judiciaire par la Criet, l\u2019activiste ne regrette pas son opposition au r\u00e9gime du pr\u00e9sident Patrice Talon. Mieux, elle pense que s\u2019il fallait le refaire, elle le refera. \u00ab Je veux pouvoir dire au peuple b\u00e9ninois que s\u2019il m\u2019\u00e9tait donn\u00e9e de d\u00e9fendre l\u2019id\u00e9al, combien juste pour lequel j\u2019ai \u00e9t\u00e9 incarc\u00e9r\u00e9e pendant des mois, je le referai \u00bb, a-t-elle r\u00e9agi.<\/p>\n<p><strong>Pour plus d&rsquo;informations et d&rsquo;analyses sur la <a href=\"https:\/\/www.africa-press.net\/benin\">Benin<\/a>, suivez <a href=\"https:\/\/www.africa-press.net\/\">Africa-Press<\/a><\/strong><\/p>\n","protected":false},"excerpt":{"rendered":"<p>Africa-Press &#8211; Benin. Suite \u00e0 la lib\u00e9ration de sa s\u0153ur jumelle Nadine, Nadia Okoumassoun a reconnu ce dimanche 31 juillet 2022, le niveau \u00e9lev\u00e9 de la d\u00e9mocratie et l\u2019ind\u00e9pendance de la justice b\u00e9ninoise. En cette veille de la comm\u00e9moration des 62 ans de l\u2019accession du B\u00e9nin \u00e0 l\u2019ind\u00e9pendance, Nadia Okoumassoun a manifest\u00e9 sa fiert\u00e9 d\u2019\u00eatre [&hellip;]<\/p>\n","protected":false},"author":82,"featured_media":7433,"comment_status":"open","ping_status":"closed","sticky":false,"template":"","format":"standard","meta":{"footnotes":""},"categories":[11,2,20,10],"tags":[36,50,45],"class_list":["post-7434","post","type-post","status-publish","format-standard","has-post-thumbnail","hentry","category-homepage-french","category-politique","category-top-nouvelles","category-toutes-les-actualites","tag-africa-press","tag-africa-press-benin","tag-benin"],"yoast_head":"<!-- This site is optimized with the Yoast SEO Premium plugin v26.1 (Yoast SEO v27.0) - https:\/\/yoast.com\/product\/yoast-seo-premium-wordpress\/ -->\n<title>\u00ab\u00a0L\u2019appareil judiciaire de notre pays fonctionne de fa\u00e7on ind\u00e9pendante, Nadia Okoumassoun - B\u00e9nin<\/title>\n<meta name=\"description\" content=\"Suite \u00e0 la lib\u00e9ration de sa s\u0153ur jumelle Nadine, Nadia Okoumassoun a reconnu ce dimanche 31 juillet 2022, le niveau \u00e9lev ...\" \/>\n<meta name=\"robots\" content=\"index, follow, max-snippet:-1, max-image-preview:large, max-video-preview:-1\" \/>\n<link rel=\"canonical\" href=\"https:\/\/www.africa-press.net\/benin\/politique\/lappareil-judiciaire-de-notre-pays-fonctionne-de-facon-independante-nadia-okoumassoun\" \/>\n<meta property=\"og:locale\" content=\"fr_FR\" \/>\n<meta property=\"og:type\" content=\"article\" \/>\n<meta property=\"og:title\" content=\"\u00ab\u00a0L\u2019appareil judiciaire de notre pays fonctionne de fa\u00e7on ind\u00e9pendante, Nadia Okoumassoun\" \/>\n<meta property=\"og:description\" content=\"Suite \u00e0 la lib\u00e9ration de sa s\u0153ur jumelle Nadine, Nadia Okoumassoun a reconnu ce dimanche 31 juillet 2022, le niveau \u00e9lev ...\" \/>\n<meta property=\"og:url\" content=\"https:\/\/www.africa-press.net\/benin\/politique\/lappareil-judiciaire-de-notre-pays-fonctionne-de-facon-independante-nadia-okoumassoun\" \/>\n<meta property=\"og:site_name\" content=\"B\u00e9nin\" \/>\n<meta property=\"article:published_time\" content=\"2022-07-31T16:37:46+00:00\" \/>\n<meta property=\"article:modified_time\" content=\"2022-07-31T16:51:32+00:00\" \/>\n<meta property=\"og:image\" content=\"https:\/\/static.africa-press.net\/benin\/sites\/46\/2022\/07\/postQueueImg_11-62e6b2fb845e4.jpg\" \/>\n\t<meta property=\"og:image:width\" content=\"1460\" \/>\n\t<meta property=\"og:image:height\" content=\"973\" \/>\n\t<meta property=\"og:image:type\" content=\"image\/jpeg\" \/>\n<meta name=\"author\" content=\"cfeditorfr\" \/>\n<meta name=\"twitter:card\" content=\"summary_large_image\" \/>\n<meta name=\"twitter:label1\" content=\"\u00c9crit par\" \/>\n\t<meta name=\"twitter:data1\" content=\"cfeditorfr\" \/>\n\t<meta name=\"twitter:label2\" content=\"Dur\u00e9e de lecture estim\u00e9e\" \/>\n\t<meta name=\"twitter:data2\" content=\"2 minutes\" \/>\n<script type=\"application\/ld+json\" class=\"yoast-schema-graph\">{\"@context\":\"https:\/\/schema.org\",\"@graph\":[{\"@type\":\"Article\",\"@id\":\"https:\/\/www.africa-press.net\/benin\/politique\/lappareil-judiciaire-de-notre-pays-fonctionne-de-facon-independante-nadia-okoumassoun#article\",\"isPartOf\":{\"@id\":\"https:\/\/www.africa-press.net\/benin\/politique\/lappareil-judiciaire-de-notre-pays-fonctionne-de-facon-independante-nadia-okoumassoun\"},\"author\":{\"name\":\"cfeditorfr\",\"@id\":\"https:\/\/www.africa-press.net\/benin\/#\/schema\/person\/2b1cf3cd81a31e3cd26889ca66d677f1\"},\"headline\":\"\u00ab\u00a0L\u2019appareil judiciaire de notre pays fonctionne de fa\u00e7on ind\u00e9pendante, Nadia Okoumassoun\",\"datePublished\":\"2022-07-31T16:37:46+00:00\",\"dateModified\":\"2022-07-31T16:51:32+00:00\",\"mainEntityOfPage\":{\"@id\":\"https:\/\/www.africa-press.net\/benin\/politique\/lappareil-judiciaire-de-notre-pays-fonctionne-de-facon-independante-nadia-okoumassoun\"},\"wordCount\":448,\"commentCount\":0,\"image\":{\"@id\":\"https:\/\/www.africa-press.net\/benin\/politique\/lappareil-judiciaire-de-notre-pays-fonctionne-de-facon-independante-nadia-okoumassoun#primaryimage\"},\"thumbnailUrl\":\"https:\/\/static.africa-press.net\/benin\/sites\/46\/2022\/07\/postQueueImg_11-62e6b2fb845e4.jpg\",\"keywords\":[\"Africa Press\",\"Africa Press-Benin\",\"B\u00e9nin\"],\"articleSection\":[\"homepage-french\",\"Politique\",\"Top Nouvelles\",\"Toutes les actualit\u00e9s\"],\"inLanguage\":\"fr-FR\",\"potentialAction\":[{\"@type\":\"CommentAction\",\"name\":\"Comment\",\"target\":[\"https:\/\/www.africa-press.net\/benin\/politique\/lappareil-judiciaire-de-notre-pays-fonctionne-de-facon-independante-nadia-okoumassoun#respond\"]}]},{\"@type\":\"WebPage\",\"@id\":\"https:\/\/www.africa-press.net\/benin\/politique\/lappareil-judiciaire-de-notre-pays-fonctionne-de-facon-independante-nadia-okoumassoun\",\"url\":\"https:\/\/www.africa-press.net\/benin\/politique\/lappareil-judiciaire-de-notre-pays-fonctionne-de-facon-independante-nadia-okoumassoun\",\"name\":\"\u00ab\u00a0L\u2019appareil judiciaire de notre pays fonctionne de fa\u00e7on ind\u00e9pendante, Nadia Okoumassoun - B\u00e9nin\",\"isPartOf\":{\"@id\":\"https:\/\/www.africa-press.net\/benin\/#website\"},\"primaryImageOfPage\":{\"@id\":\"https:\/\/www.africa-press.net\/benin\/politique\/lappareil-judiciaire-de-notre-pays-fonctionne-de-facon-independante-nadia-okoumassoun#primaryimage\"},\"image\":{\"@id\":\"https:\/\/www.africa-press.net\/benin\/politique\/lappareil-judiciaire-de-notre-pays-fonctionne-de-facon-independante-nadia-okoumassoun#primaryimage\"},\"thumbnailUrl\":\"https:\/\/static.africa-press.net\/benin\/sites\/46\/2022\/07\/postQueueImg_11-62e6b2fb845e4.jpg\",\"datePublished\":\"2022-07-31T16:37:46+00:00\",\"dateModified\":\"2022-07-31T16:51:32+00:00\",\"author\":{\"@id\":\"https:\/\/www.africa-press.net\/benin\/#\/schema\/person\/2b1cf3cd81a31e3cd26889ca66d677f1\"},\"description\":\"Suite \u00e0 la lib\u00e9ration de sa s\u0153ur jumelle Nadine, Nadia Okoumassoun a reconnu ce dimanche 31 juillet 2022, le niveau \u00e9lev ...\",\"breadcrumb\":{\"@id\":\"https:\/\/www.africa-press.net\/benin\/politique\/lappareil-judiciaire-de-notre-pays-fonctionne-de-facon-independante-nadia-okoumassoun#breadcrumb\"},\"inLanguage\":\"fr-FR\",\"potentialAction\":[{\"@type\":\"ReadAction\",\"target\":[\"https:\/\/www.africa-press.net\/benin\/politique\/lappareil-judiciaire-de-notre-pays-fonctionne-de-facon-independante-nadia-okoumassoun\"]}]},{\"@type\":\"ImageObject\",\"inLanguage\":\"fr-FR\",\"@id\":\"https:\/\/www.africa-press.net\/benin\/politique\/lappareil-judiciaire-de-notre-pays-fonctionne-de-facon-independante-nadia-okoumassoun#primaryimage\",\"url\":\"https:\/\/static.africa-press.net\/benin\/sites\/46\/2022\/07\/postQueueImg_11-62e6b2fb845e4.jpg\",\"contentUrl\":\"https:\/\/static.africa-press.net\/benin\/sites\/46\/2022\/07\/postQueueImg_11-62e6b2fb845e4.jpg\",\"width\":1460,\"height\":973,\"caption\":\"\u00ab\u00a0L\u2019appareil judiciaire de notre pays fonctionne de fa\u00e7on ind\u00e9pendante, Nadia Okoumassoun\"},{\"@type\":\"BreadcrumbList\",\"@id\":\"https:\/\/www.africa-press.net\/benin\/politique\/lappareil-judiciaire-de-notre-pays-fonctionne-de-facon-independante-nadia-okoumassoun#breadcrumb\",\"itemListElement\":[{\"@type\":\"ListItem\",\"position\":1,\"name\":\"Accueil\",\"item\":\"https:\/\/www.africa-press.net\/benin\/\"},{\"@type\":\"ListItem\",\"position\":2,\"name\":\"\u00ab\u00a0L\u2019appareil judiciaire de notre pays fonctionne de fa\u00e7on ind\u00e9pendante, Nadia Okoumassoun\"}]},{\"@type\":\"WebSite\",\"@id\":\"https:\/\/www.africa-press.net\/benin\/#website\",\"url\":\"https:\/\/www.africa-press.net\/benin\/\",\"name\":\"B\u00e9nin\",\"description\":\"Just another Africa News Agency Sites site\",\"potentialAction\":[{\"@type\":\"SearchAction\",\"target\":{\"@type\":\"EntryPoint\",\"urlTemplate\":\"https:\/\/www.africa-press.net\/benin\/?s={search_term_string}\"},\"query-input\":{\"@type\":\"PropertyValueSpecification\",\"valueRequired\":true,\"valueName\":\"search_term_string\"}}],\"inLanguage\":\"fr-FR\"},{\"@type\":\"Person\",\"@id\":\"https:\/\/www.africa-press.net\/benin\/#\/schema\/person\/2b1cf3cd81a31e3cd26889ca66d677f1\",\"name\":\"cfeditorfr\"}]}<\/script>\n<!-- \/ Yoast SEO Premium plugin. -->","yoast_head_json":{"title":"\u00ab\u00a0L\u2019appareil judiciaire de notre pays fonctionne de fa\u00e7on ind\u00e9pendante, Nadia Okoumassoun - B\u00e9nin","description":"Suite \u00e0 la lib\u00e9ration de sa s\u0153ur jumelle Nadine, Nadia Okoumassoun a reconnu ce dimanche 31 juillet 2022, le niveau \u00e9lev ...","robots":{"index":"index","follow":"follow","max-snippet":"max-snippet:-1","max-image-preview":"max-image-preview:large","max-video-preview":"max-video-preview:-1"},"canonical":"https:\/\/www.africa-press.net\/benin\/politique\/lappareil-judiciaire-de-notre-pays-fonctionne-de-facon-independante-nadia-okoumassoun","og_locale":"fr_FR","og_type":"article","og_title":"\u00ab\u00a0L\u2019appareil judiciaire de notre pays fonctionne de fa\u00e7on ind\u00e9pendante, Nadia Okoumassoun","og_description":"Suite \u00e0 la lib\u00e9ration de sa s\u0153ur jumelle Nadine, Nadia Okoumassoun a reconnu ce dimanche 31 juillet 2022, le niveau \u00e9lev ...","og_url":"https:\/\/www.africa-press.net\/benin\/politique\/lappareil-judiciaire-de-notre-pays-fonctionne-de-facon-independante-nadia-okoumassoun","og_site_name":"B\u00e9nin","article_published_time":"2022-07-31T16:37:46+00:00","article_modified_time":"2022-07-31T16:51:32+00:00","og_image":[{"width":1460,"height":973,"url":"https:\/\/static.africa-press.net\/benin\/sites\/46\/2022\/07\/postQueueImg_11-62e6b2fb845e4.jpg","type":"image\/jpeg"}],"author":"cfeditorfr","twitter_card":"summary_large_image","twitter_misc":{"\u00c9crit par":"cfeditorfr","Dur\u00e9e de lecture estim\u00e9e":"2 minutes"},"schema":{"@context":"https:\/\/schema.org","@graph":[{"@type":"Article","@id":"https:\/\/www.africa-press.net\/benin\/politique\/lappareil-judiciaire-de-notre-pays-fonctionne-de-facon-independante-nadia-okoumassoun#article","isPartOf":{"@id":"https:\/\/www.africa-press.net\/benin\/politique\/lappareil-judiciaire-de-notre-pays-fonctionne-de-facon-independante-nadia-okoumassoun"},"author":{"name":"cfeditorfr","@id":"https:\/\/www.africa-press.net\/benin\/#\/schema\/person\/2b1cf3cd81a31e3cd26889ca66d677f1"},"headline":"\u00ab\u00a0L\u2019appareil judiciaire de notre pays fonctionne de fa\u00e7on ind\u00e9pendante, Nadia Okoumassoun","datePublished":"2022-07-31T16:37:46+00:00","dateModified":"2022-07-31T16:51:32+00:00","mainEntityOfPage":{"@id":"https:\/\/www.africa-press.net\/benin\/politique\/lappareil-judiciaire-de-notre-pays-fonctionne-de-facon-independante-nadia-okoumassoun"},"wordCount":448,"commentCount":0,"image":{"@id":"https:\/\/www.africa-press.net\/benin\/politique\/lappareil-judiciaire-de-notre-pays-fonctionne-de-facon-independante-nadia-okoumassoun#primaryimage"},"thumbnailUrl":"https:\/\/static.africa-press.net\/benin\/sites\/46\/2022\/07\/postQueueImg_11-62e6b2fb845e4.jpg","keywords":["Africa Press","Africa Press-Benin","B\u00e9nin"],"articleSection":["homepage-french","Politique","Top Nouvelles","Toutes les actualit\u00e9s"],"inLanguage":"fr-FR","potentialAction":[{"@type":"CommentAction","name":"Comment","target":["https:\/\/www.africa-press.net\/benin\/politique\/lappareil-judiciaire-de-notre-pays-fonctionne-de-facon-independante-nadia-okoumassoun#respond"]}]},{"@type":"WebPage","@id":"https:\/\/www.africa-press.net\/benin\/politique\/lappareil-judiciaire-de-notre-pays-fonctionne-de-facon-independante-nadia-okoumassoun","url":"https:\/\/www.africa-press.net\/benin\/politique\/lappareil-judiciaire-de-notre-pays-fonctionne-de-facon-independante-nadia-okoumassoun","name":"\u00ab\u00a0L\u2019appareil judiciaire de notre pays fonctionne de fa\u00e7on ind\u00e9pendante, Nadia Okoumassoun - B\u00e9nin","isPartOf":{"@id":"https:\/\/www.africa-press.net\/benin\/#website"},"primaryImageOfPage":{"@id":"https:\/\/www.africa-press.net\/benin\/politique\/lappareil-judiciaire-de-notre-pays-fonctionne-de-facon-independante-nadia-okoumassoun#primaryimage"},"image":{"@id":"https:\/\/www.africa-press.net\/benin\/politique\/lappareil-judiciaire-de-notre-pays-fonctionne-de-facon-independante-nadia-okoumassoun#primaryimage"},"thumbnailUrl":"https:\/\/static.africa-press.net\/benin\/sites\/46\/2022\/07\/postQueueImg_11-62e6b2fb845e4.jpg","datePublished":"2022-07-31T16:37:46+00:00","dateModified":"2022-07-31T16:51:32+00:00","author":{"@id":"https:\/\/www.africa-press.net\/benin\/#\/schema\/person\/2b1cf3cd81a31e3cd26889ca66d677f1"},"description":"Suite \u00e0 la lib\u00e9ration de sa s\u0153ur jumelle Nadine, Nadia Okoumassoun a reconnu ce dimanche 31 juillet 2022, le niveau \u00e9lev ...","breadcrumb":{"@id":"https:\/\/www.africa-press.net\/benin\/politique\/lappareil-judiciaire-de-notre-pays-fonctionne-de-facon-independante-nadia-okoumassoun#breadcrumb"},"inLanguage":"fr-FR","potentialAction":[{"@type":"ReadAction","target":["https:\/\/www.africa-press.net\/benin\/politique\/lappareil-judiciaire-de-notre-pays-fonctionne-de-facon-independante-nadia-okoumassoun"]}]},{"@type":"ImageObject","inLanguage":"fr-FR","@id":"https:\/\/www.africa-press.net\/benin\/politique\/lappareil-judiciaire-de-notre-pays-fonctionne-de-facon-independante-nadia-okoumassoun#primaryimage","url":"https:\/\/static.africa-press.net\/benin\/sites\/46\/2022\/07\/postQueueImg_11-62e6b2fb845e4.jpg","contentUrl":"https:\/\/static.africa-press.net\/benin\/sites\/46\/2022\/07\/postQueueImg_11-62e6b2fb845e4.jpg","width":1460,"height":973,"caption":"\u00ab\u00a0L\u2019appareil judiciaire de notre pays fonctionne de fa\u00e7on ind\u00e9pendante, Nadia Okoumassoun"},{"@type":"BreadcrumbList","@id":"https:\/\/www.africa-press.net\/benin\/politique\/lappareil-judiciaire-de-notre-pays-fonctionne-de-facon-independante-nadia-okoumassoun#breadcrumb","itemListElement":[{"@type":"ListItem","position":1,"name":"Accueil","item":"https:\/\/www.africa-press.net\/benin\/"},{"@type":"ListItem","position":2,"name":"\u00ab\u00a0L\u2019appareil judiciaire de notre pays fonctionne de fa\u00e7on ind\u00e9pendante, Nadia Okoumassoun"}]},{"@type":"WebSite","@id":"https:\/\/www.africa-press.net\/benin\/#website","url":"https:\/\/www.africa-press.net\/benin\/","name":"B\u00e9nin","description":"Just another Africa News Agency Sites site","potentialAction":[{"@type":"SearchAction","target":{"@type":"EntryPoint","urlTemplate":"https:\/\/www.africa-press.net\/benin\/?s={search_term_string}"},"query-input":{"@type":"PropertyValueSpecification","valueRequired":true,"valueName":"search_term_string"}}],"inLanguage":"fr-FR"},{"@type":"Person","@id":"https:\/\/www.africa-press.net\/benin\/#\/schema\/person\/2b1cf3cd81a31e3cd26889ca66d677f1","name":"cfeditorfr"}]}},"_links":{"self":[{"href":"https:\/\/www.africa-press.net\/benin\/wp-json\/wp\/v2\/posts\/7434","targetHints":{"allow":["GET"]}}],"collection":[{"href":"https:\/\/www.africa-press.net\/benin\/wp-json\/wp\/v2\/posts"}],"about":[{"href":"https:\/\/www.africa-press.net\/benin\/wp-json\/wp\/v2\/types\/post"}],"author":[{"embeddable":true,"href":"https:\/\/www.africa-press.net\/benin\/wp-json\/wp\/v2\/users\/82"}],"replies":[{"embeddable":true,"href":"https:\/\/www.africa-press.net\/benin\/wp-json\/wp\/v2\/comments?post=7434"}],"version-history":[{"count":0,"href":"https:\/\/www.africa-press.net\/benin\/wp-json\/wp\/v2\/posts\/7434\/revisions"}],"wp:featuredmedia":[{"embeddable":true,"href":"https:\/\/www.africa-press.net\/benin\/wp-json\/wp\/v2\/media\/7433"}],"wp:attachment":[{"href":"https:\/\/www.africa-press.net\/benin\/wp-json\/wp\/v2\/media?parent=7434"}],"wp:term":[{"taxonomy":"category","embeddable":true,"href":"https:\/\/www.africa-press.net\/benin\/wp-json\/wp\/v2\/categories?post=7434"},{"taxonomy":"post_tag","embeddable":true,"href":"https:\/\/www.africa-press.net\/benin\/wp-json\/wp\/v2\/tags?post=7434"}],"curies":[{"name":"wp","href":"https:\/\/api.w.org\/{rel}","templated":true}]}}