{"id":7451,"date":"2022-07-28T23:22:11","date_gmt":"2022-07-28T23:22:11","guid":{"rendered":"https:\/\/www.africa-press.net\/benin\/politique\/emmanuel-macron-au-benin-fraternite-cooperation-et-soutien-aux-beninois"},"modified":"2022-08-01T07:10:25","modified_gmt":"2022-08-01T07:10:25","slug":"emmanuel-macron-au-benin-fraternite-cooperation-et-soutien-aux-beninois","status":"publish","type":"post","link":"https:\/\/www.africa-press.net\/benin\/dossiers\/emmanuel-macron-au-benin-fraternite-cooperation-et-soutien-aux-beninois","title":{"rendered":"Emmanuel Macron au B\u00e9nin : Fraternit\u00e9, Coop\u00e9ration, et Soutien aux B\u00e9ninois !"},"content":{"rendered":"<p><b>Anouar CHENNOUFI<\/b><\/p>\n<p><span style=\"color: #ff6600\"><strong>Africa-Press &#8211; Benin. <\/strong><\/span>Apr\u00e8s avoir achev\u00e9 sa visite officielle au Cameroun, le pr\u00e9sident fran\u00e7ais Emmanuel Macron s\u2019est rendu dans la soir\u00e9e du mardi 26 juillet \u00e0 Cotonou, dans le cadre de sa premi\u00e8re visite officielle au B\u00e9nin.<\/p>\n<p>Comptant faire de l&rsquo;Afrique l&rsquo;une des priorit\u00e9s de son second mandat pr\u00e9sidentiel, afin de faire face \u00e0 la concurrence de la Chine et de la Russie, Macron aurait d\u00e9cid\u00e9 de parier sur le \u00ab soft power \u00bb plut\u00f4t que sur la politique ou le militaire utilis\u00e9s par la France comme outils traditionnels d&rsquo;influence.<\/p>\n<p>D\u00e8s son arriv\u00e9 \u00e0 Cotonou, Emmanuel Macron a \u00e9t\u00e9 re\u00e7u par le chef de l\u2019Etat b\u00e9ninois Patrice Talon au complexe pr\u00e9sidentiel \u00ab Marina Palace \u00bb, avec lequel il a eu un entretien en t\u00eate \u00e0 t\u00eate, lequel a \u00e9t\u00e9 suivi d&rsquo;une s\u00e9ance de travail entre les autorit\u00e9s b\u00e9ninoises et fran\u00e7aises, et de la visite d&rsquo;une exposition bilat\u00e9rale au Mus\u00e9e des Tr\u00e9sors Royaux et d&rsquo;Art Contemporain du B\u00e9nin.<\/p>\n<p>Dans leur allocution, Macron et Talon ont salu\u00e9 la qualit\u00e9 des relations bilat\u00e9rales qui sied entre les deux pays amis, puis les deux d\u00e9l\u00e9gations ont \u00e9t\u00e9 convi\u00e9es par la suite \u00e0 un d\u00e9jeuner organis\u00e9 en cette occasion.<\/p>\n<p>Une conf\u00e9rence de presse conjointe a \u00e9t\u00e9 tenue par les deux Chefs d\u2019Etat, lors de laquelle Macon a promis un soutien logistique de la France au B\u00e9nin qui fait face \u00e0 la menace terroriste, s\u2019engageant \u00e0 lui fournir du mat\u00e9riel militaire pour soutenir ses efforts dans cette lutte contre les groupes arm\u00e9s.<\/p>\n<p>Les deux pr\u00e9sidents ont convenu pour que la France soutienne la s\u00e9curit\u00e9, la culture et l&rsquo;\u00e9ducation, au B\u00e9nin.<\/p>\n<p>De son c\u00f4t\u00e9, le pr\u00e9sident Patrice Talon a exprim\u00e9 ses regrets devant le manque d&rsquo;\u00e9quipements et de mat\u00e9riels militaires sollicit\u00e9s de la France, d\u00e9clarant dans ce contexte : \u00ab Nous avons les moyens financiers d&rsquo;obtenir ces \u00e9quipements, mais avec les tensions dans le monde, c&rsquo;est devenu probl\u00e9matique \u00bb.<\/p>\n<p>R\u00e9pliquant \u00e0 son homologue b\u00e9ninois, Macron a laiss\u00e9 entendre que : \u00ab l&rsquo;acquisition d&rsquo;\u00e9quipements ne d\u00e9pend pas seulement de la France, mais n\u00e9cessite \u00e9galement une structuration pr\u00e9alable du B\u00e9nin \u00bb.<\/p>\n<p>Se voulant tranquillisant, le pr\u00e9sident fran\u00e7ais a soulign\u00e9 que son pays sera toujours aux c\u00f4t\u00e9s du B\u00e9nin et de ses autorit\u00e9s dans la lutte contre le terrorisme en r\u00e9pondant \u00e0 toutes leurs demandes, promettant entre-autres des pickups, du mat\u00e9riel de d\u00e9minage, des gilets pare-balles, des casques de vision nocturne, et autres, sans oublier \u00ab la formation des Forces sp\u00e9ciales b\u00e9ninoises \u00bb.<\/p>\n<p>Quant aux drones, Emmanuel Macron a confi\u00e9 dans ce contexte : \u00ab nous allons avancer pour r\u00e9pondre \u00e0 votre demande \u00bb, en s\u2019adressant \u00e0 son homologue Patrice Talon.<\/p>\n<p>Si le Benin est un petit pays, il n\u2019en demeure pas moins qu\u2019il connait une belle croissance \u00e9conomique sous l\u2019\u00e9gide d\u2019un Pr\u00e9sident entrepreneur, \u00e0 savoir Patrice Talon, qui ne s\u2019embarrasse pas de pr\u00e9jug\u00e9s mais et qui est focalis\u00e9 sur son principal objectif : \u00ab faire du Benin un mod\u00e8le de d\u00e9veloppement en Afrique \u00bb.<\/p>\n<p>Les \u00e9conomistes internationaux parlent d\u2019une croissance moyenne de 6% de 2022 \u00e0 2025, le Benin n\u2019est donc pas un pays \u00e0 prendre \u00e0 la l\u00e9g\u00e8re : \u00ab La ville de Cotonou se transforme, les zones \u00e9conomiques sp\u00e9ciales fleurissent\u2026 le pays est en perp\u00e9tuel mouvement \u00bb.<\/p>\n<p>Au B\u00e9nin, les Minist\u00e8res traditionnels et leurs administrations sont dot\u00e9s de nouvelles agences dirig\u00e9es par des personnes choisies par la Pr\u00e9sidence et qui en r\u00e9f\u00e8rent directement au pr\u00e9sident de la R\u00e9publique.<\/p>\n<p>Talon, qui souhaite voir davantage d&rsquo;investissements fran\u00e7ais au B\u00e9nin, n\u2019a pas laiss\u00e9 \u00e9chapper l\u2019occasion de faire l&rsquo;\u00e9loge de son homologue fran\u00e7ais, d\u00e9clarant dans ce sens : \u00ab Si je devais d\u00e9crire nos relations r\u00e9centes, je dirais qu&rsquo;elles sont d\u00e9tendues et lib\u00e9r\u00e9es des fardeaux du pass\u00e9 \u00bb.<\/p>\n<p>Il a \u00e9galement salu\u00e9 le d\u00e9veloppement d&rsquo;une coop\u00e9ration \u00e9conomique \u00ab sans pr\u00e9c\u00e9dent \u00bb entre les deux pays au cours des deux derni\u00e8res ann\u00e9es.<\/p>\n<p>Un nouvel accord de partenariat strat\u00e9gique pour la p\u00e9riode entre 2022 et 2026, qui propulsera les relations entre les deux pays \u00e0 un nouveau niveau, a \u00e9t\u00e9 sign\u00e9 entre les deux pays amis.<\/p>\n<p>Ce que l\u2019on peut d\u00e9duire des propos d\u2019Emmanuel Macron, c\u2019est que la France \u00ab sera toujours aux c\u00f4t\u00e9s des autorit\u00e9s b\u00e9ninoises \u00bb pour faire face \u00e0 la menace terroriste. Mais elle le sera en r\u00e9pondant aux besoins formul\u00e9s par le B\u00e9nin.<\/p>\n<p><img loading=\"lazy\" decoding=\"async\" width=\"1269\" height=\"765\" class=\"alignnone wp-image-7436 size-full\" src=\"https:\/\/static.africa-press.net\/benin\/sites\/46\/2022\/08\/postMediaimg_1_15.jpg\" srcset=\"https:\/\/static.africa-press.net\/benin\/sites\/46\/2022\/08\/postMediaimg_1_15.jpg 1269w, https:\/\/static.africa-press.net\/benin\/sites\/46\/2022\/08\/postMediaimg_1_15-300x181.jpg 300w, https:\/\/static.africa-press.net\/benin\/sites\/46\/2022\/08\/postMediaimg_1_15-1024x617.jpg 1024w, https:\/\/static.africa-press.net\/benin\/sites\/46\/2022\/08\/postMediaimg_1_15-768x463.jpg 768w\" sizes=\"auto, (max-width: 1269px) 100vw, 1269px\" \/><\/p>\n<p>Il semble que la France vise d\u2019abord un appui \u00ab civil \u00bb, qui s\u2019inscrira en appui aux strat\u00e9gies de d\u00e9veloppement des zones les plus vuln\u00e9rables et les plus expos\u00e9es aux tentatives d\u2019implantation des groupes arm\u00e9s dans la r\u00e9gion, conform\u00e9ment \u00e0 la r\u00e9organisation s\u00e9curitaire que la France a engag\u00e9e sur le plan de l\u2019ensemble de la r\u00e9gion.<\/p>\n<p>Rappelons que le Benin vient de b\u00e9n\u00e9ficier d\u2019un financement du Fonds Mon\u00e9taire International (FMI) de 630 millions de dollars, ce qui prouve que la transparence budg\u00e9taire du pays donne confiance aux bailleurs de fonds et aux investisseurs.<\/p>\n<p>De facto, on peut dire que cette visite est une belle reconnaissance pour le Pr\u00e9sident Talon et pour son pays, le Benin, qui permet de renforcer la nouvelle image \u00ab inclusive \u00bb de la France qui est embarrass\u00e9e avec la situation au Mali.<\/p>\n<p>A la lumi\u00e8re de la visite de Macron \u00e0 Cotonou, le ministre b\u00e9ninois des Affaires \u00e9trang\u00e8res et de la coop\u00e9ration, Aur\u00e9lien Agb\u00e9nonci, a fait cette int\u00e9ressante confession :<\/p>\n<p>\u00ab Au B\u00e9nin, les Principes de bonne gouvernance, les principes de bonne gestion des affaires publiques, mais \u00e9galement les principes de protection des citoyens, autant que le respect des droits de l&rsquo;homme, ces principes-l\u00e0 sont au c\u0153ur de notre action publique. \u00c0 partir de cela, \u00e0 partir du moment o\u00f9 c&rsquo;est aussi un pays o\u00f9 on lutte contre la corruption, on essaie de transformer l&rsquo;environnement au profit de nos populations, il est clair que ceci force l&rsquo;admiration d&rsquo;autres pays \u00bb.<\/p>\n<p>Beaucoup voient donc dans cette visite du pr\u00e9sident Emmanuel Macron et de la forte d\u00e9l\u00e9gation qui l\u2019accompagnait, une reconnaissance pour les transformations op\u00e9r\u00e9es dans divers secteurs.<\/p>\n<p>Aurelien Agb\u00e9nonc a \u00e9voqu\u00e9 \u00e9galement les efforts en mati\u00e8re de consolidation de la d\u00e9mocratie :<\/p>\n<p>\u00ab Aujourd&rsquo;hui, en mati\u00e8re de renforcement de la d\u00e9mocratie, le B\u00e9nin a fait un long chemin, c&rsquo;est un pays de grandes r\u00e9formes et ces r\u00e9formes commencent par montrer leurs r\u00e9sultats \u00bb, a-t-il expliqu\u00e9.<\/p>\n<p>Ce sera surement l\u2019occasion d\u2019annoncer de nouveaux accords \u00e9conomiques entre les deux pays\u2026<\/p>\n\r\n                <style type=\"text\/css\">\r\n                    \r\n                    #td_uid_1_69f7789fb4d0a  .td-doubleSlider-2 .td-item1 {\r\n                        background: url(https:\/\/static.africa-press.net\/benin\/sites\/46\/2022\/08\/postMediaimg_1_1-80x60.jpg) 0 0 no-repeat;\r\n                    }\r\n                    #td_uid_1_69f7789fb4d0a  .td-doubleSlider-2 .td-item2 {\r\n                        background: url(https:\/\/static.africa-press.net\/benin\/sites\/46\/2022\/08\/postMediaimg_1_2-80x60.jpg) 0 0 no-repeat;\r\n                    }\r\n                    #td_uid_1_69f7789fb4d0a  .td-doubleSlider-2 .td-item3 {\r\n                        background: url(https:\/\/static.africa-press.net\/benin\/sites\/46\/2022\/08\/postMediaimg_1_3-80x60.jpg) 0 0 no-repeat;\r\n                    }\r\n                    #td_uid_1_69f7789fb4d0a  .td-doubleSlider-2 .td-item4 {\r\n                        background: url(https:\/\/static.africa-press.net\/benin\/sites\/46\/2022\/08\/postMediaimg_1_4-80x60.jpg) 0 0 no-repeat;\r\n                    }\r\n                    #td_uid_1_69f7789fb4d0a  .td-doubleSlider-2 .td-item5 {\r\n                        background: url(https:\/\/static.africa-press.net\/benin\/sites\/46\/2022\/08\/postMediaimg_1_5-80x60.jpg) 0 0 no-repeat;\r\n                    }\r\n                    #td_uid_1_69f7789fb4d0a  .td-doubleSlider-2 .td-item6 {\r\n                        background: url(https:\/\/static.africa-press.net\/benin\/sites\/46\/2022\/08\/postMediaimg_1_6-80x60.jpg) 0 0 no-repeat;\r\n                    }\r\n                    #td_uid_1_69f7789fb4d0a  .td-doubleSlider-2 .td-item7 {\r\n                        background: url(https:\/\/static.africa-press.net\/benin\/sites\/46\/2022\/08\/postMediaimg_1_7-80x60.jpg) 0 0 no-repeat;\r\n                    }\r\n                    #td_uid_1_69f7789fb4d0a  .td-doubleSlider-2 .td-item8 {\r\n                        background: url(https:\/\/static.africa-press.net\/benin\/sites\/46\/2022\/08\/postMediaimg_1_8-80x60.jpg) 0 0 no-repeat;\r\n                    }\r\n                    #td_uid_1_69f7789fb4d0a  .td-doubleSlider-2 .td-item9 {\r\n                        background: url(https:\/\/static.africa-press.net\/benin\/sites\/46\/2022\/08\/postMediaimg_1_9-80x60.jpg) 0 0 no-repeat;\r\n                    }\r\n                    #td_uid_1_69f7789fb4d0a  .td-doubleSlider-2 .td-item10 {\r\n                        background: url(https:\/\/static.africa-press.net\/benin\/sites\/46\/2022\/08\/postMediaimg_1_10-80x60.jpg) 0 0 no-repeat;\r\n                    }\r\n                    #td_uid_1_69f7789fb4d0a  .td-doubleSlider-2 .td-item11 {\r\n                        background: url(https:\/\/static.africa-press.net\/benin\/sites\/46\/2022\/08\/postMediaimg_1_11-80x60.jpg) 0 0 no-repeat;\r\n                    }\r\n                    #td_uid_1_69f7789fb4d0a  .td-doubleSlider-2 .td-item12 {\r\n                        background: url(https:\/\/static.africa-press.net\/benin\/sites\/46\/2022\/08\/postMediaimg_1_12-80x60.jpg) 0 0 no-repeat;\r\n                    }\r\n                    #td_uid_1_69f7789fb4d0a  .td-doubleSlider-2 .td-item13 {\r\n                        background: url(https:\/\/static.africa-press.net\/benin\/sites\/46\/2022\/08\/postMediaimg_1_13-80x60.jpg) 0 0 no-repeat;\r\n                    }\r\n                <\/style>\r\n\r\n                <div id=\"td_uid_1_69f7789fb4d0a\" class=\"td-gallery td-slide-on-2-columns\">\r\n                    <div class=\"post_td_gallery\">\r\n                        <div class=\"td-gallery-slide-top\">\r\n                           <div class=\"td-gallery-title\"><\/div>\r\n\r\n                            <div class=\"td-gallery-controls-wrapper\">\r\n                                <div class=\"td-gallery-slide-count\"><span class=\"td-gallery-slide-item-focus\">1<\/span> de 13<\/div>\r\n                                <div class=\"td-gallery-slide-prev-next-but\">\r\n                                    <i class = \"td-icon-left doubleSliderPrevButton\"><\/i>\r\n                                    <i class = \"td-icon-right doubleSliderNextButton\"><\/i>\r\n                                <\/div>\r\n                            <\/div>\r\n                        <\/div>\r\n\r\n                        <div class = \"td-doubleSlider-1 \">\r\n                            <div class = \"td-slider\">\r\n                                \r\n                    <div class = \"td-slide-item td-item1\">\r\n                        <figure class=\"td-slide-galery-figure td-slide-popup-gallery\">\r\n                            <a class=\"slide-gallery-image-link\" href=\"https:\/\/static.africa-press.net\/benin\/sites\/46\/2022\/08\/postMediaimg_1_1.jpg\" title=\"postMediaimg_1_1\"  data-caption=\"\"  data-description=\"\">\r\n                                <img decoding=\"async\" src=\"https:\/\/static.africa-press.net\/benin\/sites\/46\/2022\/08\/postMediaimg_1_1.jpg\" srcset=\"https:\/\/static.africa-press.net\/benin\/sites\/46\/2022\/08\/postMediaimg_1_1.jpg 1256w, https:\/\/static.africa-press.net\/benin\/sites\/46\/2022\/08\/postMediaimg_1_1-300x150.jpg 300w, https:\/\/static.africa-press.net\/benin\/sites\/46\/2022\/08\/postMediaimg_1_1-1024x512.jpg 1024w, https:\/\/static.africa-press.net\/benin\/sites\/46\/2022\/08\/postMediaimg_1_1-768x384.jpg 768w\" sizes=\"(max-width: 1256px) 100vw, 1256px\" alt=\"\">\r\n                            <\/a>\r\n                            \r\n                        <\/figure>\r\n                    <\/div>\r\n                    <div class = \"td-slide-item td-item2\">\r\n                        <figure class=\"td-slide-galery-figure td-slide-popup-gallery\">\r\n                            <a class=\"slide-gallery-image-link\" href=\"https:\/\/static.africa-press.net\/benin\/sites\/46\/2022\/08\/postMediaimg_1_2.jpg\" title=\"postMediaimg_1_2\"  data-caption=\"\"  data-description=\"\">\r\n                                <img decoding=\"async\" src=\"https:\/\/static.africa-press.net\/benin\/sites\/46\/2022\/08\/postMediaimg_1_2.jpg\" srcset=\"https:\/\/static.africa-press.net\/benin\/sites\/46\/2022\/08\/postMediaimg_1_2.jpg 1256w, https:\/\/static.africa-press.net\/benin\/sites\/46\/2022\/08\/postMediaimg_1_2-300x150.jpg 300w, https:\/\/static.africa-press.net\/benin\/sites\/46\/2022\/08\/postMediaimg_1_2-1024x512.jpg 1024w, https:\/\/static.africa-press.net\/benin\/sites\/46\/2022\/08\/postMediaimg_1_2-768x384.jpg 768w\" sizes=\"(max-width: 1256px) 100vw, 1256px\" alt=\"\">\r\n                            <\/a>\r\n                            \r\n                        <\/figure>\r\n                    <\/div>\r\n                    <div class = \"td-slide-item td-item3\">\r\n                        <figure class=\"td-slide-galery-figure td-slide-popup-gallery\">\r\n                            <a class=\"slide-gallery-image-link\" href=\"https:\/\/static.africa-press.net\/benin\/sites\/46\/2022\/08\/postMediaimg_1_3.jpg\" title=\"postMediaimg_1_3\"  data-caption=\"\"  data-description=\"\">\r\n                                <img decoding=\"async\" src=\"https:\/\/static.africa-press.net\/benin\/sites\/46\/2022\/08\/postMediaimg_1_3.jpg\" srcset=\"https:\/\/static.africa-press.net\/benin\/sites\/46\/2022\/08\/postMediaimg_1_3.jpg 1200w, https:\/\/static.africa-press.net\/benin\/sites\/46\/2022\/08\/postMediaimg_1_3-300x200.jpg 300w, https:\/\/static.africa-press.net\/benin\/sites\/46\/2022\/08\/postMediaimg_1_3-1024x683.jpg 1024w, https:\/\/static.africa-press.net\/benin\/sites\/46\/2022\/08\/postMediaimg_1_3-768x512.jpg 768w\" sizes=\"(max-width: 1200px) 100vw, 1200px\" alt=\"\">\r\n                            <\/a>\r\n                            \r\n                        <\/figure>\r\n                    <\/div>\r\n                    <div class = \"td-slide-item td-item4\">\r\n                        <figure class=\"td-slide-galery-figure td-slide-popup-gallery\">\r\n                            <a class=\"slide-gallery-image-link\" href=\"https:\/\/static.africa-press.net\/benin\/sites\/46\/2022\/08\/postMediaimg_1_4.jpg\" title=\"postMediaimg_1_4\"  data-caption=\"\"  data-description=\"\">\r\n                                <img decoding=\"async\" src=\"https:\/\/static.africa-press.net\/benin\/sites\/46\/2022\/08\/postMediaimg_1_4.jpg\" srcset=\"https:\/\/static.africa-press.net\/benin\/sites\/46\/2022\/08\/postMediaimg_1_4.jpg 1311w, https:\/\/static.africa-press.net\/benin\/sites\/46\/2022\/08\/postMediaimg_1_4-300x157.jpg 300w, https:\/\/static.africa-press.net\/benin\/sites\/46\/2022\/08\/postMediaimg_1_4-1024x537.jpg 1024w, https:\/\/static.africa-press.net\/benin\/sites\/46\/2022\/08\/postMediaimg_1_4-768x403.jpg 768w\" sizes=\"(max-width: 1311px) 100vw, 1311px\" alt=\"\">\r\n                            <\/a>\r\n                            \r\n                        <\/figure>\r\n                    <\/div>\r\n                    <div class = \"td-slide-item td-item5\">\r\n                        <figure class=\"td-slide-galery-figure td-slide-popup-gallery\">\r\n                            <a class=\"slide-gallery-image-link\" href=\"https:\/\/static.africa-press.net\/benin\/sites\/46\/2022\/08\/postMediaimg_1_5.jpg\" title=\"postMediaimg_1_5\"  data-caption=\"\"  data-description=\"\">\r\n                                <img decoding=\"async\" src=\"https:\/\/static.africa-press.net\/benin\/sites\/46\/2022\/08\/postMediaimg_1_5.jpg\" srcset=\"https:\/\/static.africa-press.net\/benin\/sites\/46\/2022\/08\/postMediaimg_1_5.jpg 1440w, https:\/\/static.africa-press.net\/benin\/sites\/46\/2022\/08\/postMediaimg_1_5-300x200.jpg 300w, https:\/\/static.africa-press.net\/benin\/sites\/46\/2022\/08\/postMediaimg_1_5-1024x683.jpg 1024w, https:\/\/static.africa-press.net\/benin\/sites\/46\/2022\/08\/postMediaimg_1_5-768x512.jpg 768w\" sizes=\"(max-width: 1440px) 100vw, 1440px\" alt=\"\">\r\n                            <\/a>\r\n                            \r\n                        <\/figure>\r\n                    <\/div>\r\n                    <div class = \"td-slide-item td-item6\">\r\n                        <figure class=\"td-slide-galery-figure td-slide-popup-gallery\">\r\n                            <a class=\"slide-gallery-image-link\" href=\"https:\/\/static.africa-press.net\/benin\/sites\/46\/2022\/08\/postMediaimg_1_6.jpg\" title=\"postMediaimg_1_6\"  data-caption=\"\"  data-description=\"\">\r\n                                <img decoding=\"async\" src=\"https:\/\/static.africa-press.net\/benin\/sites\/46\/2022\/08\/postMediaimg_1_6.jpg\" srcset=\"https:\/\/static.africa-press.net\/benin\/sites\/46\/2022\/08\/postMediaimg_1_6.jpg 1440w, https:\/\/static.africa-press.net\/benin\/sites\/46\/2022\/08\/postMediaimg_1_6-300x150.jpg 300w, https:\/\/static.africa-press.net\/benin\/sites\/46\/2022\/08\/postMediaimg_1_6-1024x512.jpg 1024w, https:\/\/static.africa-press.net\/benin\/sites\/46\/2022\/08\/postMediaimg_1_6-768x384.jpg 768w\" sizes=\"(max-width: 1440px) 100vw, 1440px\" alt=\"\">\r\n                            <\/a>\r\n                            \r\n                        <\/figure>\r\n                    <\/div>\r\n                    <div class = \"td-slide-item td-item7\">\r\n                        <figure class=\"td-slide-galery-figure td-slide-popup-gallery\">\r\n                            <a class=\"slide-gallery-image-link\" href=\"https:\/\/static.africa-press.net\/benin\/sites\/46\/2022\/08\/postMediaimg_1_7.jpg\" title=\"postMediaimg_1_7\"  data-caption=\"\"  data-description=\"\">\r\n                                <img decoding=\"async\" src=\"https:\/\/static.africa-press.net\/benin\/sites\/46\/2022\/08\/postMediaimg_1_7.jpg\" srcset=\"https:\/\/static.africa-press.net\/benin\/sites\/46\/2022\/08\/postMediaimg_1_7.jpg 1280w, https:\/\/static.africa-press.net\/benin\/sites\/46\/2022\/08\/postMediaimg_1_7-300x300.jpg 300w, https:\/\/static.africa-press.net\/benin\/sites\/46\/2022\/08\/postMediaimg_1_7-1024x1024.jpg 1024w, https:\/\/static.africa-press.net\/benin\/sites\/46\/2022\/08\/postMediaimg_1_7-150x150.jpg 150w, https:\/\/static.africa-press.net\/benin\/sites\/46\/2022\/08\/postMediaimg_1_7-768x768.jpg 768w\" sizes=\"(max-width: 1280px) 100vw, 1280px\" alt=\"\">\r\n                            <\/a>\r\n                            \r\n                        <\/figure>\r\n                    <\/div>\r\n                    <div class = \"td-slide-item td-item8\">\r\n                        <figure class=\"td-slide-galery-figure td-slide-popup-gallery\">\r\n                            <a class=\"slide-gallery-image-link\" href=\"https:\/\/static.africa-press.net\/benin\/sites\/46\/2022\/08\/postMediaimg_1_8.jpg\" title=\"postMediaimg_1_8\"  data-caption=\"\"  data-description=\"\">\r\n                                <img decoding=\"async\" src=\"https:\/\/static.africa-press.net\/benin\/sites\/46\/2022\/08\/postMediaimg_1_8.jpg\" srcset=\"https:\/\/static.africa-press.net\/benin\/sites\/46\/2022\/08\/postMediaimg_1_8.jpg 1271w, https:\/\/static.africa-press.net\/benin\/sites\/46\/2022\/08\/postMediaimg_1_8-300x169.jpg 300w, https:\/\/static.africa-press.net\/benin\/sites\/46\/2022\/08\/postMediaimg_1_8-1024x578.jpg 1024w, https:\/\/static.africa-press.net\/benin\/sites\/46\/2022\/08\/postMediaimg_1_8-768x433.jpg 768w\" sizes=\"(max-width: 1271px) 100vw, 1271px\" alt=\"\">\r\n                            <\/a>\r\n                            \r\n                        <\/figure>\r\n                    <\/div>\r\n                    <div class = \"td-slide-item td-item9\">\r\n                        <figure class=\"td-slide-galery-figure td-slide-popup-gallery\">\r\n                            <a class=\"slide-gallery-image-link\" href=\"https:\/\/static.africa-press.net\/benin\/sites\/46\/2022\/08\/postMediaimg_1_9.jpg\" title=\"postMediaimg_1_9\"  data-caption=\"\"  data-description=\"\">\r\n                                <img decoding=\"async\" src=\"https:\/\/static.africa-press.net\/benin\/sites\/46\/2022\/08\/postMediaimg_1_9.jpg\" srcset=\"https:\/\/static.africa-press.net\/benin\/sites\/46\/2022\/08\/postMediaimg_1_9.jpg 1306w, https:\/\/static.africa-press.net\/benin\/sites\/46\/2022\/08\/postMediaimg_1_9-300x200.jpg 300w, https:\/\/static.africa-press.net\/benin\/sites\/46\/2022\/08\/postMediaimg_1_9-1024x683.jpg 1024w, https:\/\/static.africa-press.net\/benin\/sites\/46\/2022\/08\/postMediaimg_1_9-768x512.jpg 768w\" sizes=\"(max-width: 1306px) 100vw, 1306px\" alt=\"\">\r\n                            <\/a>\r\n                            \r\n                        <\/figure>\r\n                    <\/div>\r\n                    <div class = \"td-slide-item td-item10\">\r\n                        <figure class=\"td-slide-galery-figure td-slide-popup-gallery\">\r\n                            <a class=\"slide-gallery-image-link\" href=\"https:\/\/static.africa-press.net\/benin\/sites\/46\/2022\/08\/postMediaimg_1_10.jpg\" title=\"postMediaimg_1_10\"  data-caption=\"\"  data-description=\"\">\r\n                                <img decoding=\"async\" src=\"https:\/\/static.africa-press.net\/benin\/sites\/46\/2022\/08\/postMediaimg_1_10.jpg\" srcset=\"https:\/\/static.africa-press.net\/benin\/sites\/46\/2022\/08\/postMediaimg_1_10.jpg 1256w, https:\/\/static.africa-press.net\/benin\/sites\/46\/2022\/08\/postMediaimg_1_10-300x150.jpg 300w, https:\/\/static.africa-press.net\/benin\/sites\/46\/2022\/08\/postMediaimg_1_10-1024x512.jpg 1024w, https:\/\/static.africa-press.net\/benin\/sites\/46\/2022\/08\/postMediaimg_1_10-768x384.jpg 768w\" sizes=\"(max-width: 1256px) 100vw, 1256px\" alt=\"\">\r\n                            <\/a>\r\n                            \r\n                        <\/figure>\r\n                    <\/div>\r\n                    <div class = \"td-slide-item td-item11\">\r\n                        <figure class=\"td-slide-galery-figure td-slide-popup-gallery\">\r\n                            <a class=\"slide-gallery-image-link\" href=\"https:\/\/static.africa-press.net\/benin\/sites\/46\/2022\/08\/postMediaimg_1_11.jpg\" title=\"postMediaimg_1_11\"  data-caption=\"\"  data-description=\"\">\r\n                                <img decoding=\"async\" src=\"https:\/\/static.africa-press.net\/benin\/sites\/46\/2022\/08\/postMediaimg_1_11.jpg\" srcset=\"https:\/\/static.africa-press.net\/benin\/sites\/46\/2022\/08\/postMediaimg_1_11.jpg 1269w, https:\/\/static.africa-press.net\/benin\/sites\/46\/2022\/08\/postMediaimg_1_11-300x181.jpg 300w, https:\/\/static.africa-press.net\/benin\/sites\/46\/2022\/08\/postMediaimg_1_11-1024x617.jpg 1024w, https:\/\/static.africa-press.net\/benin\/sites\/46\/2022\/08\/postMediaimg_1_11-768x463.jpg 768w\" sizes=\"(max-width: 1269px) 100vw, 1269px\" alt=\"\">\r\n                            <\/a>\r\n                            \r\n                        <\/figure>\r\n                    <\/div>\r\n                    <div class = \"td-slide-item td-item12\">\r\n                        <figure class=\"td-slide-galery-figure td-slide-popup-gallery\">\r\n                            <a class=\"slide-gallery-image-link\" href=\"https:\/\/static.africa-press.net\/benin\/sites\/46\/2022\/08\/postMediaimg_1_12.jpg\" title=\"postMediaimg_1_12\"  data-caption=\"\"  data-description=\"\">\r\n                                <img decoding=\"async\" src=\"https:\/\/static.africa-press.net\/benin\/sites\/46\/2022\/08\/postMediaimg_1_12.jpg\" srcset=\"https:\/\/static.africa-press.net\/benin\/sites\/46\/2022\/08\/postMediaimg_1_12.jpg 1225w, https:\/\/static.africa-press.net\/benin\/sites\/46\/2022\/08\/postMediaimg_1_12-300x198.jpg 300w, https:\/\/static.africa-press.net\/benin\/sites\/46\/2022\/08\/postMediaimg_1_12-1024x675.jpg 1024w, https:\/\/static.africa-press.net\/benin\/sites\/46\/2022\/08\/postMediaimg_1_12-768x506.jpg 768w\" sizes=\"(max-width: 1225px) 100vw, 1225px\" alt=\"\">\r\n                            <\/a>\r\n                            \r\n                        <\/figure>\r\n                    <\/div>\r\n                    <div class = \"td-slide-item td-item13\">\r\n                        <figure class=\"td-slide-galery-figure td-slide-popup-gallery\">\r\n                            <a class=\"slide-gallery-image-link\" href=\"https:\/\/static.africa-press.net\/benin\/sites\/46\/2022\/08\/postMediaimg_1_13.jpg\" title=\"postMediaimg_1_13\"  data-caption=\"\"  data-description=\"\">\r\n                                <img decoding=\"async\" src=\"https:\/\/static.africa-press.net\/benin\/sites\/46\/2022\/08\/postMediaimg_1_13.jpg\" srcset=\"https:\/\/static.africa-press.net\/benin\/sites\/46\/2022\/08\/postMediaimg_1_13.jpg 1286w, https:\/\/static.africa-press.net\/benin\/sites\/46\/2022\/08\/postMediaimg_1_13-300x169.jpg 300w, https:\/\/static.africa-press.net\/benin\/sites\/46\/2022\/08\/postMediaimg_1_13-1024x576.jpg 1024w, https:\/\/static.africa-press.net\/benin\/sites\/46\/2022\/08\/postMediaimg_1_13-768x432.jpg 768w\" sizes=\"(max-width: 1286px) 100vw, 1286px\" alt=\"\">\r\n                            <\/a>\r\n                            \r\n                        <\/figure>\r\n                    <\/div>\r\n                            <\/div>\r\n                        <\/div>\r\n\r\n                        <div class = \"td-doubleSlider-2\">\r\n                            <div class = \"td-slider\">\r\n                                \r\n                    <div class = \"td-button td-item1\">\r\n                        <div class = \"td-border\"><\/div>\r\n                    <\/div>\r\n                    <div class = \"td-button td-item2\">\r\n                        <div class = \"td-border\"><\/div>\r\n                    <\/div>\r\n                    <div class = \"td-button td-item3\">\r\n                        <div class = \"td-border\"><\/div>\r\n                    <\/div>\r\n                    <div class = \"td-button td-item4\">\r\n                        <div class = \"td-border\"><\/div>\r\n                    <\/div>\r\n                    <div class = \"td-button td-item5\">\r\n                        <div class = \"td-border\"><\/div>\r\n                    <\/div>\r\n                    <div class = \"td-button td-item6\">\r\n                        <div class = \"td-border\"><\/div>\r\n                    <\/div>\r\n                    <div class = \"td-button td-item7\">\r\n                        <div class = \"td-border\"><\/div>\r\n                    <\/div>\r\n                    <div class = \"td-button td-item8\">\r\n                        <div class = \"td-border\"><\/div>\r\n                    <\/div>\r\n                    <div class = \"td-button td-item9\">\r\n                        <div class = \"td-border\"><\/div>\r\n                    <\/div>\r\n                    <div class = \"td-button td-item10\">\r\n                        <div class = \"td-border\"><\/div>\r\n                    <\/div>\r\n                    <div class = \"td-button td-item11\">\r\n                        <div class = \"td-border\"><\/div>\r\n                    <\/div>\r\n                    <div class = \"td-button td-item12\">\r\n                        <div class = \"td-border\"><\/div>\r\n                    <\/div>\r\n                    <div class = \"td-button td-item13\">\r\n                        <div class = \"td-border\"><\/div>\r\n                    <\/div>\r\n                            <\/div>\r\n                        <\/div>\r\n\r\n                    <\/div>\r\n\r\n                <\/div>\r\n                \n<p><strong>Pour plus d&rsquo;informations et d&rsquo;analyses sur la <a href=\"https:\/\/www.africa-press.net\/benin\">Benin<\/a>, suivez <a href=\"https:\/\/www.africa-press.net\/\">Africa-Press<\/a><\/strong><\/p>\n","protected":false},"excerpt":{"rendered":"<p>Anouar CHENNOUFI Africa-Press &#8211; Benin. Apr\u00e8s avoir achev\u00e9 sa visite officielle au Cameroun, le pr\u00e9sident fran\u00e7ais Emmanuel Macron s\u2019est rendu dans la soir\u00e9e du mardi 26 juillet \u00e0 Cotonou, dans le cadre de sa premi\u00e8re visite officielle au B\u00e9nin. Comptant faire de l&rsquo;Afrique l&rsquo;une des priorit\u00e9s de son second mandat pr\u00e9sidentiel, afin de faire face [&hellip;]<\/p>\n","protected":false},"author":82,"featured_media":7450,"comment_status":"open","ping_status":"closed","sticky":false,"template":"","format":"standard","meta":{"footnotes":""},"categories":[7,11,8,20,10],"tags":[36,50,37,45,447,302,51,333,392],"class_list":["post-7451","post","type-post","status-publish","format-standard","has-post-thumbnail","hentry","category-dossiers","category-homepage-french","category-photo","category-top-nouvelles","category-toutes-les-actualites","tag-africa-press","tag-africa-press-benin","tag-afrique","tag-benin","tag-emmanuel-macron","tag-france","tag-patrice-talon","tag-sahel-africain","tag-securite"],"yoast_head":"<!-- This site is optimized with the Yoast SEO Premium plugin v26.1 (Yoast SEO v27.0) - https:\/\/yoast.com\/product\/yoast-seo-premium-wordpress\/ -->\n<title>Emmanuel Macron au B\u00e9nin : Fraternit\u00e9, Coop\u00e9ration, et Soutien aux B\u00e9ninois ! - B\u00e9nin<\/title>\n<meta name=\"description\" content=\"Apr\u00e8s avoir achev\u00e9 sa visite officielle au Cameroun, le pr\u00e9sident fran\u00e7ais Emmanuel Macron s\u2019est rendu dans la soir\u00e9e du ...\" \/>\n<meta name=\"robots\" content=\"index, follow, max-snippet:-1, max-image-preview:large, max-video-preview:-1\" \/>\n<link rel=\"canonical\" href=\"https:\/\/www.africa-press.net\/benin\/dossiers\/emmanuel-macron-au-benin-fraternite-cooperation-et-soutien-aux-beninois\" \/>\n<meta property=\"og:locale\" content=\"fr_FR\" \/>\n<meta property=\"og:type\" content=\"article\" \/>\n<meta property=\"og:title\" content=\"Emmanuel Macron au B\u00e9nin : Fraternit\u00e9, Coop\u00e9ration, et Soutien aux B\u00e9ninois !\" \/>\n<meta property=\"og:description\" content=\"Apr\u00e8s avoir achev\u00e9 sa visite officielle au Cameroun, le pr\u00e9sident fran\u00e7ais Emmanuel Macron s\u2019est rendu dans la soir\u00e9e du ...\" \/>\n<meta property=\"og:url\" content=\"https:\/\/www.africa-press.net\/benin\/dossiers\/emmanuel-macron-au-benin-fraternite-cooperation-et-soutien-aux-beninois\" \/>\n<meta property=\"og:site_name\" content=\"B\u00e9nin\" \/>\n<meta property=\"article:published_time\" content=\"2022-07-28T23:22:11+00:00\" \/>\n<meta property=\"article:modified_time\" content=\"2022-08-01T07:10:25+00:00\" \/>\n<meta property=\"og:image\" content=\"https:\/\/static.africa-press.net\/benin\/sites\/46\/2022\/08\/postQueueImg_1.jpg\" \/>\n\t<meta property=\"og:image:width\" content=\"1306\" \/>\n\t<meta property=\"og:image:height\" content=\"871\" \/>\n\t<meta property=\"og:image:type\" content=\"image\/jpeg\" \/>\n<meta name=\"author\" content=\"cfeditorfr\" \/>\n<meta name=\"twitter:card\" content=\"summary_large_image\" \/>\n<meta name=\"twitter:label1\" content=\"\u00c9crit par\" \/>\n\t<meta name=\"twitter:data1\" content=\"cfeditorfr\" \/>\n\t<meta name=\"twitter:label2\" content=\"Dur\u00e9e de lecture estim\u00e9e\" \/>\n\t<meta name=\"twitter:data2\" content=\"6 minutes\" \/>\n<script type=\"application\/ld+json\" class=\"yoast-schema-graph\">{\"@context\":\"https:\/\/schema.org\",\"@graph\":[{\"@type\":\"Article\",\"@id\":\"https:\/\/www.africa-press.net\/benin\/dossiers\/emmanuel-macron-au-benin-fraternite-cooperation-et-soutien-aux-beninois#article\",\"isPartOf\":{\"@id\":\"https:\/\/www.africa-press.net\/benin\/dossiers\/emmanuel-macron-au-benin-fraternite-cooperation-et-soutien-aux-beninois\"},\"author\":{\"name\":\"cfeditorfr\",\"@id\":\"https:\/\/www.africa-press.net\/benin\/#\/schema\/person\/2b1cf3cd81a31e3cd26889ca66d677f1\"},\"headline\":\"Emmanuel Macron au B\u00e9nin : Fraternit\u00e9, Coop\u00e9ration, et Soutien aux B\u00e9ninois !\",\"datePublished\":\"2022-07-28T23:22:11+00:00\",\"dateModified\":\"2022-08-01T07:10:25+00:00\",\"mainEntityOfPage\":{\"@id\":\"https:\/\/www.africa-press.net\/benin\/dossiers\/emmanuel-macron-au-benin-fraternite-cooperation-et-soutien-aux-beninois\"},\"wordCount\":1198,\"commentCount\":0,\"image\":{\"@id\":\"https:\/\/www.africa-press.net\/benin\/dossiers\/emmanuel-macron-au-benin-fraternite-cooperation-et-soutien-aux-beninois#primaryimage\"},\"thumbnailUrl\":\"https:\/\/static.africa-press.net\/benin\/sites\/46\/2022\/08\/postQueueImg_1.jpg\",\"keywords\":[\"Africa Press\",\"Africa Press-Benin\",\"Afrique\",\"B\u00e9nin\",\"Emmanuel Macron\",\"France\",\"Patrice Talon\",\"Sahel africain\",\"S\u00e9curit\u00e9\"],\"articleSection\":[\"Dossiers\",\"homepage-french\",\"Photo\",\"Top Nouvelles\",\"Toutes les actualit\u00e9s\"],\"inLanguage\":\"fr-FR\",\"potentialAction\":[{\"@type\":\"CommentAction\",\"name\":\"Comment\",\"target\":[\"https:\/\/www.africa-press.net\/benin\/dossiers\/emmanuel-macron-au-benin-fraternite-cooperation-et-soutien-aux-beninois#respond\"]}]},{\"@type\":\"WebPage\",\"@id\":\"https:\/\/www.africa-press.net\/benin\/dossiers\/emmanuel-macron-au-benin-fraternite-cooperation-et-soutien-aux-beninois\",\"url\":\"https:\/\/www.africa-press.net\/benin\/dossiers\/emmanuel-macron-au-benin-fraternite-cooperation-et-soutien-aux-beninois\",\"name\":\"Emmanuel Macron au B\u00e9nin : Fraternit\u00e9, Coop\u00e9ration, et Soutien aux B\u00e9ninois ! - B\u00e9nin\",\"isPartOf\":{\"@id\":\"https:\/\/www.africa-press.net\/benin\/#website\"},\"primaryImageOfPage\":{\"@id\":\"https:\/\/www.africa-press.net\/benin\/dossiers\/emmanuel-macron-au-benin-fraternite-cooperation-et-soutien-aux-beninois#primaryimage\"},\"image\":{\"@id\":\"https:\/\/www.africa-press.net\/benin\/dossiers\/emmanuel-macron-au-benin-fraternite-cooperation-et-soutien-aux-beninois#primaryimage\"},\"thumbnailUrl\":\"https:\/\/static.africa-press.net\/benin\/sites\/46\/2022\/08\/postQueueImg_1.jpg\",\"datePublished\":\"2022-07-28T23:22:11+00:00\",\"dateModified\":\"2022-08-01T07:10:25+00:00\",\"author\":{\"@id\":\"https:\/\/www.africa-press.net\/benin\/#\/schema\/person\/2b1cf3cd81a31e3cd26889ca66d677f1\"},\"description\":\"Apr\u00e8s avoir achev\u00e9 sa visite officielle au Cameroun, le pr\u00e9sident fran\u00e7ais Emmanuel Macron s\u2019est rendu dans la soir\u00e9e du ...\",\"breadcrumb\":{\"@id\":\"https:\/\/www.africa-press.net\/benin\/dossiers\/emmanuel-macron-au-benin-fraternite-cooperation-et-soutien-aux-beninois#breadcrumb\"},\"inLanguage\":\"fr-FR\",\"potentialAction\":[{\"@type\":\"ReadAction\",\"target\":[\"https:\/\/www.africa-press.net\/benin\/dossiers\/emmanuel-macron-au-benin-fraternite-cooperation-et-soutien-aux-beninois\"]}]},{\"@type\":\"ImageObject\",\"inLanguage\":\"fr-FR\",\"@id\":\"https:\/\/www.africa-press.net\/benin\/dossiers\/emmanuel-macron-au-benin-fraternite-cooperation-et-soutien-aux-beninois#primaryimage\",\"url\":\"https:\/\/static.africa-press.net\/benin\/sites\/46\/2022\/08\/postQueueImg_1.jpg\",\"contentUrl\":\"https:\/\/static.africa-press.net\/benin\/sites\/46\/2022\/08\/postQueueImg_1.jpg\",\"width\":1306,\"height\":871,\"caption\":\"Emmanuel Macron au B\u00e9nin : Fraternit\u00e9, Coop\u00e9ration, et Soutien aux B\u00e9ninois !\"},{\"@type\":\"BreadcrumbList\",\"@id\":\"https:\/\/www.africa-press.net\/benin\/dossiers\/emmanuel-macron-au-benin-fraternite-cooperation-et-soutien-aux-beninois#breadcrumb\",\"itemListElement\":[{\"@type\":\"ListItem\",\"position\":1,\"name\":\"Accueil\",\"item\":\"https:\/\/www.africa-press.net\/benin\/\"},{\"@type\":\"ListItem\",\"position\":2,\"name\":\"Emmanuel Macron au B\u00e9nin : Fraternit\u00e9, Coop\u00e9ration, et Soutien aux B\u00e9ninois !\"}]},{\"@type\":\"WebSite\",\"@id\":\"https:\/\/www.africa-press.net\/benin\/#website\",\"url\":\"https:\/\/www.africa-press.net\/benin\/\",\"name\":\"B\u00e9nin\",\"description\":\"Just another Africa News Agency Sites site\",\"potentialAction\":[{\"@type\":\"SearchAction\",\"target\":{\"@type\":\"EntryPoint\",\"urlTemplate\":\"https:\/\/www.africa-press.net\/benin\/?s={search_term_string}\"},\"query-input\":{\"@type\":\"PropertyValueSpecification\",\"valueRequired\":true,\"valueName\":\"search_term_string\"}}],\"inLanguage\":\"fr-FR\"},{\"@type\":\"Person\",\"@id\":\"https:\/\/www.africa-press.net\/benin\/#\/schema\/person\/2b1cf3cd81a31e3cd26889ca66d677f1\",\"name\":\"cfeditorfr\"}]}<\/script>\n<!-- \/ Yoast SEO Premium plugin. -->","yoast_head_json":{"title":"Emmanuel Macron au B\u00e9nin : Fraternit\u00e9, Coop\u00e9ration, et Soutien aux B\u00e9ninois ! - B\u00e9nin","description":"Apr\u00e8s avoir achev\u00e9 sa visite officielle au Cameroun, le pr\u00e9sident fran\u00e7ais Emmanuel Macron s\u2019est rendu dans la soir\u00e9e du ...","robots":{"index":"index","follow":"follow","max-snippet":"max-snippet:-1","max-image-preview":"max-image-preview:large","max-video-preview":"max-video-preview:-1"},"canonical":"https:\/\/www.africa-press.net\/benin\/dossiers\/emmanuel-macron-au-benin-fraternite-cooperation-et-soutien-aux-beninois","og_locale":"fr_FR","og_type":"article","og_title":"Emmanuel Macron au B\u00e9nin : Fraternit\u00e9, Coop\u00e9ration, et Soutien aux B\u00e9ninois !","og_description":"Apr\u00e8s avoir achev\u00e9 sa visite officielle au Cameroun, le pr\u00e9sident fran\u00e7ais Emmanuel Macron s\u2019est rendu dans la soir\u00e9e du ...","og_url":"https:\/\/www.africa-press.net\/benin\/dossiers\/emmanuel-macron-au-benin-fraternite-cooperation-et-soutien-aux-beninois","og_site_name":"B\u00e9nin","article_published_time":"2022-07-28T23:22:11+00:00","article_modified_time":"2022-08-01T07:10:25+00:00","og_image":[{"width":1306,"height":871,"url":"https:\/\/static.africa-press.net\/benin\/sites\/46\/2022\/08\/postQueueImg_1.jpg","type":"image\/jpeg"}],"author":"cfeditorfr","twitter_card":"summary_large_image","twitter_misc":{"\u00c9crit par":"cfeditorfr","Dur\u00e9e de lecture estim\u00e9e":"6 minutes"},"schema":{"@context":"https:\/\/schema.org","@graph":[{"@type":"Article","@id":"https:\/\/www.africa-press.net\/benin\/dossiers\/emmanuel-macron-au-benin-fraternite-cooperation-et-soutien-aux-beninois#article","isPartOf":{"@id":"https:\/\/www.africa-press.net\/benin\/dossiers\/emmanuel-macron-au-benin-fraternite-cooperation-et-soutien-aux-beninois"},"author":{"name":"cfeditorfr","@id":"https:\/\/www.africa-press.net\/benin\/#\/schema\/person\/2b1cf3cd81a31e3cd26889ca66d677f1"},"headline":"Emmanuel Macron au B\u00e9nin : Fraternit\u00e9, Coop\u00e9ration, et Soutien aux B\u00e9ninois !","datePublished":"2022-07-28T23:22:11+00:00","dateModified":"2022-08-01T07:10:25+00:00","mainEntityOfPage":{"@id":"https:\/\/www.africa-press.net\/benin\/dossiers\/emmanuel-macron-au-benin-fraternite-cooperation-et-soutien-aux-beninois"},"wordCount":1198,"commentCount":0,"image":{"@id":"https:\/\/www.africa-press.net\/benin\/dossiers\/emmanuel-macron-au-benin-fraternite-cooperation-et-soutien-aux-beninois#primaryimage"},"thumbnailUrl":"https:\/\/static.africa-press.net\/benin\/sites\/46\/2022\/08\/postQueueImg_1.jpg","keywords":["Africa Press","Africa Press-Benin","Afrique","B\u00e9nin","Emmanuel Macron","France","Patrice Talon","Sahel africain","S\u00e9curit\u00e9"],"articleSection":["Dossiers","homepage-french","Photo","Top Nouvelles","Toutes les actualit\u00e9s"],"inLanguage":"fr-FR","potentialAction":[{"@type":"CommentAction","name":"Comment","target":["https:\/\/www.africa-press.net\/benin\/dossiers\/emmanuel-macron-au-benin-fraternite-cooperation-et-soutien-aux-beninois#respond"]}]},{"@type":"WebPage","@id":"https:\/\/www.africa-press.net\/benin\/dossiers\/emmanuel-macron-au-benin-fraternite-cooperation-et-soutien-aux-beninois","url":"https:\/\/www.africa-press.net\/benin\/dossiers\/emmanuel-macron-au-benin-fraternite-cooperation-et-soutien-aux-beninois","name":"Emmanuel Macron au B\u00e9nin : Fraternit\u00e9, Coop\u00e9ration, et Soutien aux B\u00e9ninois ! - B\u00e9nin","isPartOf":{"@id":"https:\/\/www.africa-press.net\/benin\/#website"},"primaryImageOfPage":{"@id":"https:\/\/www.africa-press.net\/benin\/dossiers\/emmanuel-macron-au-benin-fraternite-cooperation-et-soutien-aux-beninois#primaryimage"},"image":{"@id":"https:\/\/www.africa-press.net\/benin\/dossiers\/emmanuel-macron-au-benin-fraternite-cooperation-et-soutien-aux-beninois#primaryimage"},"thumbnailUrl":"https:\/\/static.africa-press.net\/benin\/sites\/46\/2022\/08\/postQueueImg_1.jpg","datePublished":"2022-07-28T23:22:11+00:00","dateModified":"2022-08-01T07:10:25+00:00","author":{"@id":"https:\/\/www.africa-press.net\/benin\/#\/schema\/person\/2b1cf3cd81a31e3cd26889ca66d677f1"},"description":"Apr\u00e8s avoir achev\u00e9 sa visite officielle au Cameroun, le pr\u00e9sident fran\u00e7ais Emmanuel Macron s\u2019est rendu dans la soir\u00e9e du ...","breadcrumb":{"@id":"https:\/\/www.africa-press.net\/benin\/dossiers\/emmanuel-macron-au-benin-fraternite-cooperation-et-soutien-aux-beninois#breadcrumb"},"inLanguage":"fr-FR","potentialAction":[{"@type":"ReadAction","target":["https:\/\/www.africa-press.net\/benin\/dossiers\/emmanuel-macron-au-benin-fraternite-cooperation-et-soutien-aux-beninois"]}]},{"@type":"ImageObject","inLanguage":"fr-FR","@id":"https:\/\/www.africa-press.net\/benin\/dossiers\/emmanuel-macron-au-benin-fraternite-cooperation-et-soutien-aux-beninois#primaryimage","url":"https:\/\/static.africa-press.net\/benin\/sites\/46\/2022\/08\/postQueueImg_1.jpg","contentUrl":"https:\/\/static.africa-press.net\/benin\/sites\/46\/2022\/08\/postQueueImg_1.jpg","width":1306,"height":871,"caption":"Emmanuel Macron au B\u00e9nin : Fraternit\u00e9, Coop\u00e9ration, et Soutien aux B\u00e9ninois !"},{"@type":"BreadcrumbList","@id":"https:\/\/www.africa-press.net\/benin\/dossiers\/emmanuel-macron-au-benin-fraternite-cooperation-et-soutien-aux-beninois#breadcrumb","itemListElement":[{"@type":"ListItem","position":1,"name":"Accueil","item":"https:\/\/www.africa-press.net\/benin\/"},{"@type":"ListItem","position":2,"name":"Emmanuel Macron au B\u00e9nin : Fraternit\u00e9, Coop\u00e9ration, et Soutien aux B\u00e9ninois !"}]},{"@type":"WebSite","@id":"https:\/\/www.africa-press.net\/benin\/#website","url":"https:\/\/www.africa-press.net\/benin\/","name":"B\u00e9nin","description":"Just another Africa News Agency Sites site","potentialAction":[{"@type":"SearchAction","target":{"@type":"EntryPoint","urlTemplate":"https:\/\/www.africa-press.net\/benin\/?s={search_term_string}"},"query-input":{"@type":"PropertyValueSpecification","valueRequired":true,"valueName":"search_term_string"}}],"inLanguage":"fr-FR"},{"@type":"Person","@id":"https:\/\/www.africa-press.net\/benin\/#\/schema\/person\/2b1cf3cd81a31e3cd26889ca66d677f1","name":"cfeditorfr"}]}},"_links":{"self":[{"href":"https:\/\/www.africa-press.net\/benin\/wp-json\/wp\/v2\/posts\/7451","targetHints":{"allow":["GET"]}}],"collection":[{"href":"https:\/\/www.africa-press.net\/benin\/wp-json\/wp\/v2\/posts"}],"about":[{"href":"https:\/\/www.africa-press.net\/benin\/wp-json\/wp\/v2\/types\/post"}],"author":[{"embeddable":true,"href":"https:\/\/www.africa-press.net\/benin\/wp-json\/wp\/v2\/users\/82"}],"replies":[{"embeddable":true,"href":"https:\/\/www.africa-press.net\/benin\/wp-json\/wp\/v2\/comments?post=7451"}],"version-history":[{"count":0,"href":"https:\/\/www.africa-press.net\/benin\/wp-json\/wp\/v2\/posts\/7451\/revisions"}],"wp:featuredmedia":[{"embeddable":true,"href":"https:\/\/www.africa-press.net\/benin\/wp-json\/wp\/v2\/media\/7450"}],"wp:attachment":[{"href":"https:\/\/www.africa-press.net\/benin\/wp-json\/wp\/v2\/media?parent=7451"}],"wp:term":[{"taxonomy":"category","embeddable":true,"href":"https:\/\/www.africa-press.net\/benin\/wp-json\/wp\/v2\/categories?post=7451"},{"taxonomy":"post_tag","embeddable":true,"href":"https:\/\/www.africa-press.net\/benin\/wp-json\/wp\/v2\/tags?post=7451"}],"curies":[{"name":"wp","href":"https:\/\/api.w.org\/{rel}","templated":true}]}}