{"id":7505,"date":"2022-08-01T18:37:28","date_gmt":"2022-08-01T18:37:28","guid":{"rendered":"https:\/\/www.africa-press.net\/benin\/politique\/benin-liberee-de-prison-nadine-okoumassoun-adresse-une-requete-urgente-a-patrice-talon"},"modified":"2022-08-01T18:53:48","modified_gmt":"2022-08-01T18:53:48","slug":"benin-liberee-de-prison-nadine-okoumassoun-adresse-une-requete-urgente-a-patrice-talon","status":"publish","type":"post","link":"https:\/\/www.africa-press.net\/benin\/toutes-les-actualites\/benin-liberee-de-prison-nadine-okoumassoun-adresse-une-requete-urgente-a-patrice-talon","title":{"rendered":"B\u00e9nin: lib\u00e9r\u00e9e de prison, Nadine Okoumassoun adresse une \u00ab\u00a0requ\u00eate urgente\u00a0\u00bb \u00e0 Patrice Talon"},"content":{"rendered":"<p><span style=\"color: #ff6600\"><strong>Africa-Press &#8211; Benin. <\/strong><\/span>Ce dimanche 31 juillet 2022, Nadine Okoumassoun a fait son premier message depuis sa lib\u00e9ration, apr\u00e8s plus d\u2019un an pass\u00e9 en prison. A travers ses premiers mots, l\u2019activiste politique, oppos\u00e9e au r\u00e9gime en place, adresse une \u00ab requ\u00eate urgente \u00bb au pr\u00e9sident Patrice Talon.<\/p>\n<p>R\u00e9cemment lib\u00e9r\u00e9e de prison et mis sous contr\u00f4le judiciaire, Nadine Okoumassoun reste d\u00e9termin\u00e9e et engag\u00e9e. Aussit\u00f4t sortie de prison, elle exige d\u00e9j\u00e0 un acc\u00e8s libre aux urnes pour les populations. En d\u2019autres, Nadine Okoumassoun r\u00e9clame des \u00e9lections libres et ouvertes \u00e0 toutes le sensibilit\u00e9s politiques. \u00ab Ma requ\u00eate la plus urgente, que je pr\u00e9sente au pr\u00e9sident de la R\u00e9publique Patrice Talon est de garantir \u00e0 tous les b\u00e9ninois le droit de vote \u00bb, a-t-elle \u00e9crit.<\/p>\n<p>Donnez-nous l\u2019acc\u00e8s aux urnes et nous n\u2019ennuierons plus votre gouvernance. Donnez-nous l\u2019acc\u00e8s aux urnes et nous remplirons notre assembl\u00e9e nationale d\u2019Hommes dignement honorables pour repr\u00e9senter valablement le peuple.<\/p>\n<p>La jeune opposante se dit pr\u00eate \u00e0 reprendre le combat pour la libert\u00e9 et la d\u00e9mocratie. \u00ab Je veux pouvoir dire au peuple b\u00e9ninois que s\u2019il m\u2019\u00e9tait donn\u00e9e de d\u00e9fendre l\u2019id\u00e9al, combien juste pour lequel j\u2019ai \u00e9t\u00e9 incarc\u00e9r\u00e9e pendant des mois, je le referai. Oui, par amour pour vous, pour ceux qui ont pay\u00e9 de leur vie, ceux qu\u2019on a contraints \u00e0 l\u2019exil loin de leur famille, loin de leur pays, loin de leur activit\u00e9 en raison de leur adh\u00e9sion \u00e0 la justice\u00ab , a-t-elle assur\u00e9.<\/p>\n<p>Arr\u00eat\u00e9e et d\u00e9pos\u00e9e en prison pour les manifestations entrant dans le cadre de \u00ab 5 ans c\u2019est 5 ans \u00bb.<\/p>\n<p>Nadine Okoumassoun fait partie des acteurs politiques interpell\u00e9s en avril 2021 alors qu\u2019ils protestaient contre la rallonge du mandat du pr\u00e9sident Patrice Talon et la tenue d\u2019une \u00e9lection pr\u00e9sidentielle \u00ab exclusive \u00bb.<\/p>\n<p>A la barre le 09 ao\u00fbt 2021, l\u2019activiste avait plaid\u00e9 non coupable. Pour elle, \u00ab 5 ans c\u2019est 5 ans \u00bb est une campagne qu\u2019elle reconnait avoir men\u00e9 conform\u00e9ment \u00e0 l\u2019article 42 de la constitution.<\/p>\n<p>En ce qui concerne l\u2019organisation des marches de protestation, Nadine Okoumassoun dit avoir fait le meilleur choix. \u00ab Monsieur le pr\u00e9sident, je n\u2019ai pas perdu ma cr\u00e9dibilit\u00e9, je d\u00e9fends ce qui est juste \u00bb, avait-elle d\u00e9clar\u00e9 \u00e0 la barre.<\/p>\n<p><strong>Pour plus d&rsquo;informations et d&rsquo;analyses sur la <a href=\"https:\/\/www.africa-press.net\/benin\">Benin<\/a>, suivez <a href=\"https:\/\/www.africa-press.net\/\">Africa-Press<\/a><\/strong><\/p>\n","protected":false},"excerpt":{"rendered":"<p>Africa-Press &#8211; Benin. Ce dimanche 31 juillet 2022, Nadine Okoumassoun a fait son premier message depuis sa lib\u00e9ration, apr\u00e8s plus d\u2019un an pass\u00e9 en prison. A travers ses premiers mots, l\u2019activiste politique, oppos\u00e9e au r\u00e9gime en place, adresse une \u00ab requ\u00eate urgente \u00bb au pr\u00e9sident Patrice Talon. R\u00e9cemment lib\u00e9r\u00e9e de prison et mis sous contr\u00f4le [&hellip;]<\/p>\n","protected":false},"author":82,"featured_media":7504,"comment_status":"open","ping_status":"closed","sticky":false,"template":"","format":"standard","meta":{"footnotes":""},"categories":[21,11,10],"tags":[36,50,45],"class_list":["post-7505","post","type-post","status-publish","format-standard","has-post-thumbnail","hentry","category-communaute","category-homepage-french","category-toutes-les-actualites","tag-africa-press","tag-africa-press-benin","tag-benin"],"yoast_head":"<!-- This site is optimized with the Yoast SEO Premium plugin v26.1 (Yoast SEO v27.0) - https:\/\/yoast.com\/product\/yoast-seo-premium-wordpress\/ -->\n<title>B\u00e9nin: lib\u00e9r\u00e9e de prison, Nadine Okoumassoun adresse une \u00ab\u00a0requ\u00eate urgente\u00a0\u00bb \u00e0 Patrice Talon - B\u00e9nin<\/title>\n<meta name=\"description\" content=\"Ce dimanche 31 juillet 2022, Nadine Okoumassoun a fait son premier message depuis sa lib\u00e9ration, apr\u00e8s plus d\u2019un an pass ...\" \/>\n<meta name=\"robots\" content=\"index, follow, max-snippet:-1, max-image-preview:large, max-video-preview:-1\" \/>\n<link rel=\"canonical\" href=\"https:\/\/www.africa-press.net\/benin\/toutes-les-actualites\/benin-liberee-de-prison-nadine-okoumassoun-adresse-une-requete-urgente-a-patrice-talon\" \/>\n<meta property=\"og:locale\" content=\"fr_FR\" \/>\n<meta property=\"og:type\" content=\"article\" \/>\n<meta property=\"og:title\" content=\"B\u00e9nin: lib\u00e9r\u00e9e de prison, Nadine Okoumassoun adresse une \u00ab\u00a0requ\u00eate urgente\u00a0\u00bb \u00e0 Patrice Talon\" \/>\n<meta property=\"og:description\" content=\"Ce dimanche 31 juillet 2022, Nadine Okoumassoun a fait son premier message depuis sa lib\u00e9ration, apr\u00e8s plus d\u2019un an pass ...\" \/>\n<meta property=\"og:url\" content=\"https:\/\/www.africa-press.net\/benin\/toutes-les-actualites\/benin-liberee-de-prison-nadine-okoumassoun-adresse-une-requete-urgente-a-patrice-talon\" \/>\n<meta property=\"og:site_name\" content=\"B\u00e9nin\" \/>\n<meta property=\"article:published_time\" content=\"2022-08-01T18:37:28+00:00\" \/>\n<meta property=\"article:modified_time\" content=\"2022-08-01T18:53:48+00:00\" \/>\n<meta property=\"og:image\" content=\"https:\/\/static.africa-press.net\/benin\/sites\/46\/2022\/08\/postQueueImg_13.jpg\" \/>\n\t<meta property=\"og:image:width\" content=\"1200\" \/>\n\t<meta property=\"og:image:height\" content=\"687\" \/>\n\t<meta property=\"og:image:type\" content=\"image\/jpeg\" \/>\n<meta name=\"author\" content=\"cfeditorfr\" \/>\n<meta name=\"twitter:card\" content=\"summary_large_image\" \/>\n<meta name=\"twitter:label1\" content=\"\u00c9crit par\" \/>\n\t<meta name=\"twitter:data1\" content=\"cfeditorfr\" \/>\n\t<meta name=\"twitter:label2\" content=\"Dur\u00e9e de lecture estim\u00e9e\" \/>\n\t<meta name=\"twitter:data2\" content=\"2 minutes\" \/>\n<script type=\"application\/ld+json\" class=\"yoast-schema-graph\">{\"@context\":\"https:\/\/schema.org\",\"@graph\":[{\"@type\":\"Article\",\"@id\":\"https:\/\/www.africa-press.net\/benin\/toutes-les-actualites\/benin-liberee-de-prison-nadine-okoumassoun-adresse-une-requete-urgente-a-patrice-talon#article\",\"isPartOf\":{\"@id\":\"https:\/\/www.africa-press.net\/benin\/toutes-les-actualites\/benin-liberee-de-prison-nadine-okoumassoun-adresse-une-requete-urgente-a-patrice-talon\"},\"author\":{\"name\":\"cfeditorfr\",\"@id\":\"https:\/\/www.africa-press.net\/benin\/#\/schema\/person\/2b1cf3cd81a31e3cd26889ca66d677f1\"},\"headline\":\"B\u00e9nin: lib\u00e9r\u00e9e de prison, Nadine Okoumassoun adresse une \u00ab\u00a0requ\u00eate urgente\u00a0\u00bb \u00e0 Patrice Talon\",\"datePublished\":\"2022-08-01T18:37:28+00:00\",\"dateModified\":\"2022-08-01T18:53:48+00:00\",\"mainEntityOfPage\":{\"@id\":\"https:\/\/www.africa-press.net\/benin\/toutes-les-actualites\/benin-liberee-de-prison-nadine-okoumassoun-adresse-une-requete-urgente-a-patrice-talon\"},\"wordCount\":430,\"commentCount\":0,\"image\":{\"@id\":\"https:\/\/www.africa-press.net\/benin\/toutes-les-actualites\/benin-liberee-de-prison-nadine-okoumassoun-adresse-une-requete-urgente-a-patrice-talon#primaryimage\"},\"thumbnailUrl\":\"https:\/\/static.africa-press.net\/benin\/sites\/46\/2022\/08\/postQueueImg_13.jpg\",\"keywords\":[\"Africa Press\",\"Africa Press-Benin\",\"B\u00e9nin\"],\"articleSection\":[\"Communaut\u00e9\",\"homepage-french\",\"Toutes les actualit\u00e9s\"],\"inLanguage\":\"fr-FR\",\"potentialAction\":[{\"@type\":\"CommentAction\",\"name\":\"Comment\",\"target\":[\"https:\/\/www.africa-press.net\/benin\/toutes-les-actualites\/benin-liberee-de-prison-nadine-okoumassoun-adresse-une-requete-urgente-a-patrice-talon#respond\"]}]},{\"@type\":\"WebPage\",\"@id\":\"https:\/\/www.africa-press.net\/benin\/toutes-les-actualites\/benin-liberee-de-prison-nadine-okoumassoun-adresse-une-requete-urgente-a-patrice-talon\",\"url\":\"https:\/\/www.africa-press.net\/benin\/toutes-les-actualites\/benin-liberee-de-prison-nadine-okoumassoun-adresse-une-requete-urgente-a-patrice-talon\",\"name\":\"B\u00e9nin: lib\u00e9r\u00e9e de prison, Nadine Okoumassoun adresse une \u00ab\u00a0requ\u00eate urgente\u00a0\u00bb \u00e0 Patrice Talon - B\u00e9nin\",\"isPartOf\":{\"@id\":\"https:\/\/www.africa-press.net\/benin\/#website\"},\"primaryImageOfPage\":{\"@id\":\"https:\/\/www.africa-press.net\/benin\/toutes-les-actualites\/benin-liberee-de-prison-nadine-okoumassoun-adresse-une-requete-urgente-a-patrice-talon#primaryimage\"},\"image\":{\"@id\":\"https:\/\/www.africa-press.net\/benin\/toutes-les-actualites\/benin-liberee-de-prison-nadine-okoumassoun-adresse-une-requete-urgente-a-patrice-talon#primaryimage\"},\"thumbnailUrl\":\"https:\/\/static.africa-press.net\/benin\/sites\/46\/2022\/08\/postQueueImg_13.jpg\",\"datePublished\":\"2022-08-01T18:37:28+00:00\",\"dateModified\":\"2022-08-01T18:53:48+00:00\",\"author\":{\"@id\":\"https:\/\/www.africa-press.net\/benin\/#\/schema\/person\/2b1cf3cd81a31e3cd26889ca66d677f1\"},\"description\":\"Ce dimanche 31 juillet 2022, Nadine Okoumassoun a fait son premier message depuis sa lib\u00e9ration, apr\u00e8s plus d\u2019un an pass ...\",\"breadcrumb\":{\"@id\":\"https:\/\/www.africa-press.net\/benin\/toutes-les-actualites\/benin-liberee-de-prison-nadine-okoumassoun-adresse-une-requete-urgente-a-patrice-talon#breadcrumb\"},\"inLanguage\":\"fr-FR\",\"potentialAction\":[{\"@type\":\"ReadAction\",\"target\":[\"https:\/\/www.africa-press.net\/benin\/toutes-les-actualites\/benin-liberee-de-prison-nadine-okoumassoun-adresse-une-requete-urgente-a-patrice-talon\"]}]},{\"@type\":\"ImageObject\",\"inLanguage\":\"fr-FR\",\"@id\":\"https:\/\/www.africa-press.net\/benin\/toutes-les-actualites\/benin-liberee-de-prison-nadine-okoumassoun-adresse-une-requete-urgente-a-patrice-talon#primaryimage\",\"url\":\"https:\/\/static.africa-press.net\/benin\/sites\/46\/2022\/08\/postQueueImg_13.jpg\",\"contentUrl\":\"https:\/\/static.africa-press.net\/benin\/sites\/46\/2022\/08\/postQueueImg_13.jpg\",\"width\":1200,\"height\":687,\"caption\":\"B\u00e9nin: lib\u00e9r\u00e9e de prison, Nadine Okoumassoun adresse une \u00ab\u00a0requ\u00eate urgente\u00a0\u00bb \u00e0 Patrice Talon\"},{\"@type\":\"BreadcrumbList\",\"@id\":\"https:\/\/www.africa-press.net\/benin\/toutes-les-actualites\/benin-liberee-de-prison-nadine-okoumassoun-adresse-une-requete-urgente-a-patrice-talon#breadcrumb\",\"itemListElement\":[{\"@type\":\"ListItem\",\"position\":1,\"name\":\"Accueil\",\"item\":\"https:\/\/www.africa-press.net\/benin\/\"},{\"@type\":\"ListItem\",\"position\":2,\"name\":\"B\u00e9nin: lib\u00e9r\u00e9e de prison, Nadine Okoumassoun adresse une \u00ab\u00a0requ\u00eate urgente\u00a0\u00bb \u00e0 Patrice Talon\"}]},{\"@type\":\"WebSite\",\"@id\":\"https:\/\/www.africa-press.net\/benin\/#website\",\"url\":\"https:\/\/www.africa-press.net\/benin\/\",\"name\":\"B\u00e9nin\",\"description\":\"Just another Africa News Agency Sites site\",\"potentialAction\":[{\"@type\":\"SearchAction\",\"target\":{\"@type\":\"EntryPoint\",\"urlTemplate\":\"https:\/\/www.africa-press.net\/benin\/?s={search_term_string}\"},\"query-input\":{\"@type\":\"PropertyValueSpecification\",\"valueRequired\":true,\"valueName\":\"search_term_string\"}}],\"inLanguage\":\"fr-FR\"},{\"@type\":\"Person\",\"@id\":\"https:\/\/www.africa-press.net\/benin\/#\/schema\/person\/2b1cf3cd81a31e3cd26889ca66d677f1\",\"name\":\"cfeditorfr\"}]}<\/script>\n<!-- \/ Yoast SEO Premium plugin. -->","yoast_head_json":{"title":"B\u00e9nin: lib\u00e9r\u00e9e de prison, Nadine Okoumassoun adresse une \u00ab\u00a0requ\u00eate urgente\u00a0\u00bb \u00e0 Patrice Talon - B\u00e9nin","description":"Ce dimanche 31 juillet 2022, Nadine Okoumassoun a fait son premier message depuis sa lib\u00e9ration, apr\u00e8s plus d\u2019un an pass ...","robots":{"index":"index","follow":"follow","max-snippet":"max-snippet:-1","max-image-preview":"max-image-preview:large","max-video-preview":"max-video-preview:-1"},"canonical":"https:\/\/www.africa-press.net\/benin\/toutes-les-actualites\/benin-liberee-de-prison-nadine-okoumassoun-adresse-une-requete-urgente-a-patrice-talon","og_locale":"fr_FR","og_type":"article","og_title":"B\u00e9nin: lib\u00e9r\u00e9e de prison, Nadine Okoumassoun adresse une \u00ab\u00a0requ\u00eate urgente\u00a0\u00bb \u00e0 Patrice Talon","og_description":"Ce dimanche 31 juillet 2022, Nadine Okoumassoun a fait son premier message depuis sa lib\u00e9ration, apr\u00e8s plus d\u2019un an pass ...","og_url":"https:\/\/www.africa-press.net\/benin\/toutes-les-actualites\/benin-liberee-de-prison-nadine-okoumassoun-adresse-une-requete-urgente-a-patrice-talon","og_site_name":"B\u00e9nin","article_published_time":"2022-08-01T18:37:28+00:00","article_modified_time":"2022-08-01T18:53:48+00:00","og_image":[{"width":1200,"height":687,"url":"https:\/\/static.africa-press.net\/benin\/sites\/46\/2022\/08\/postQueueImg_13.jpg","type":"image\/jpeg"}],"author":"cfeditorfr","twitter_card":"summary_large_image","twitter_misc":{"\u00c9crit par":"cfeditorfr","Dur\u00e9e de lecture estim\u00e9e":"2 minutes"},"schema":{"@context":"https:\/\/schema.org","@graph":[{"@type":"Article","@id":"https:\/\/www.africa-press.net\/benin\/toutes-les-actualites\/benin-liberee-de-prison-nadine-okoumassoun-adresse-une-requete-urgente-a-patrice-talon#article","isPartOf":{"@id":"https:\/\/www.africa-press.net\/benin\/toutes-les-actualites\/benin-liberee-de-prison-nadine-okoumassoun-adresse-une-requete-urgente-a-patrice-talon"},"author":{"name":"cfeditorfr","@id":"https:\/\/www.africa-press.net\/benin\/#\/schema\/person\/2b1cf3cd81a31e3cd26889ca66d677f1"},"headline":"B\u00e9nin: lib\u00e9r\u00e9e de prison, Nadine Okoumassoun adresse une \u00ab\u00a0requ\u00eate urgente\u00a0\u00bb \u00e0 Patrice Talon","datePublished":"2022-08-01T18:37:28+00:00","dateModified":"2022-08-01T18:53:48+00:00","mainEntityOfPage":{"@id":"https:\/\/www.africa-press.net\/benin\/toutes-les-actualites\/benin-liberee-de-prison-nadine-okoumassoun-adresse-une-requete-urgente-a-patrice-talon"},"wordCount":430,"commentCount":0,"image":{"@id":"https:\/\/www.africa-press.net\/benin\/toutes-les-actualites\/benin-liberee-de-prison-nadine-okoumassoun-adresse-une-requete-urgente-a-patrice-talon#primaryimage"},"thumbnailUrl":"https:\/\/static.africa-press.net\/benin\/sites\/46\/2022\/08\/postQueueImg_13.jpg","keywords":["Africa Press","Africa Press-Benin","B\u00e9nin"],"articleSection":["Communaut\u00e9","homepage-french","Toutes les actualit\u00e9s"],"inLanguage":"fr-FR","potentialAction":[{"@type":"CommentAction","name":"Comment","target":["https:\/\/www.africa-press.net\/benin\/toutes-les-actualites\/benin-liberee-de-prison-nadine-okoumassoun-adresse-une-requete-urgente-a-patrice-talon#respond"]}]},{"@type":"WebPage","@id":"https:\/\/www.africa-press.net\/benin\/toutes-les-actualites\/benin-liberee-de-prison-nadine-okoumassoun-adresse-une-requete-urgente-a-patrice-talon","url":"https:\/\/www.africa-press.net\/benin\/toutes-les-actualites\/benin-liberee-de-prison-nadine-okoumassoun-adresse-une-requete-urgente-a-patrice-talon","name":"B\u00e9nin: lib\u00e9r\u00e9e de prison, Nadine Okoumassoun adresse une \u00ab\u00a0requ\u00eate urgente\u00a0\u00bb \u00e0 Patrice Talon - B\u00e9nin","isPartOf":{"@id":"https:\/\/www.africa-press.net\/benin\/#website"},"primaryImageOfPage":{"@id":"https:\/\/www.africa-press.net\/benin\/toutes-les-actualites\/benin-liberee-de-prison-nadine-okoumassoun-adresse-une-requete-urgente-a-patrice-talon#primaryimage"},"image":{"@id":"https:\/\/www.africa-press.net\/benin\/toutes-les-actualites\/benin-liberee-de-prison-nadine-okoumassoun-adresse-une-requete-urgente-a-patrice-talon#primaryimage"},"thumbnailUrl":"https:\/\/static.africa-press.net\/benin\/sites\/46\/2022\/08\/postQueueImg_13.jpg","datePublished":"2022-08-01T18:37:28+00:00","dateModified":"2022-08-01T18:53:48+00:00","author":{"@id":"https:\/\/www.africa-press.net\/benin\/#\/schema\/person\/2b1cf3cd81a31e3cd26889ca66d677f1"},"description":"Ce dimanche 31 juillet 2022, Nadine Okoumassoun a fait son premier message depuis sa lib\u00e9ration, apr\u00e8s plus d\u2019un an pass ...","breadcrumb":{"@id":"https:\/\/www.africa-press.net\/benin\/toutes-les-actualites\/benin-liberee-de-prison-nadine-okoumassoun-adresse-une-requete-urgente-a-patrice-talon#breadcrumb"},"inLanguage":"fr-FR","potentialAction":[{"@type":"ReadAction","target":["https:\/\/www.africa-press.net\/benin\/toutes-les-actualites\/benin-liberee-de-prison-nadine-okoumassoun-adresse-une-requete-urgente-a-patrice-talon"]}]},{"@type":"ImageObject","inLanguage":"fr-FR","@id":"https:\/\/www.africa-press.net\/benin\/toutes-les-actualites\/benin-liberee-de-prison-nadine-okoumassoun-adresse-une-requete-urgente-a-patrice-talon#primaryimage","url":"https:\/\/static.africa-press.net\/benin\/sites\/46\/2022\/08\/postQueueImg_13.jpg","contentUrl":"https:\/\/static.africa-press.net\/benin\/sites\/46\/2022\/08\/postQueueImg_13.jpg","width":1200,"height":687,"caption":"B\u00e9nin: lib\u00e9r\u00e9e de prison, Nadine Okoumassoun adresse une \u00ab\u00a0requ\u00eate urgente\u00a0\u00bb \u00e0 Patrice Talon"},{"@type":"BreadcrumbList","@id":"https:\/\/www.africa-press.net\/benin\/toutes-les-actualites\/benin-liberee-de-prison-nadine-okoumassoun-adresse-une-requete-urgente-a-patrice-talon#breadcrumb","itemListElement":[{"@type":"ListItem","position":1,"name":"Accueil","item":"https:\/\/www.africa-press.net\/benin\/"},{"@type":"ListItem","position":2,"name":"B\u00e9nin: lib\u00e9r\u00e9e de prison, Nadine Okoumassoun adresse une \u00ab\u00a0requ\u00eate urgente\u00a0\u00bb \u00e0 Patrice Talon"}]},{"@type":"WebSite","@id":"https:\/\/www.africa-press.net\/benin\/#website","url":"https:\/\/www.africa-press.net\/benin\/","name":"B\u00e9nin","description":"Just another Africa News Agency Sites site","potentialAction":[{"@type":"SearchAction","target":{"@type":"EntryPoint","urlTemplate":"https:\/\/www.africa-press.net\/benin\/?s={search_term_string}"},"query-input":{"@type":"PropertyValueSpecification","valueRequired":true,"valueName":"search_term_string"}}],"inLanguage":"fr-FR"},{"@type":"Person","@id":"https:\/\/www.africa-press.net\/benin\/#\/schema\/person\/2b1cf3cd81a31e3cd26889ca66d677f1","name":"cfeditorfr"}]}},"_links":{"self":[{"href":"https:\/\/www.africa-press.net\/benin\/wp-json\/wp\/v2\/posts\/7505","targetHints":{"allow":["GET"]}}],"collection":[{"href":"https:\/\/www.africa-press.net\/benin\/wp-json\/wp\/v2\/posts"}],"about":[{"href":"https:\/\/www.africa-press.net\/benin\/wp-json\/wp\/v2\/types\/post"}],"author":[{"embeddable":true,"href":"https:\/\/www.africa-press.net\/benin\/wp-json\/wp\/v2\/users\/82"}],"replies":[{"embeddable":true,"href":"https:\/\/www.africa-press.net\/benin\/wp-json\/wp\/v2\/comments?post=7505"}],"version-history":[{"count":0,"href":"https:\/\/www.africa-press.net\/benin\/wp-json\/wp\/v2\/posts\/7505\/revisions"}],"wp:featuredmedia":[{"embeddable":true,"href":"https:\/\/www.africa-press.net\/benin\/wp-json\/wp\/v2\/media\/7504"}],"wp:attachment":[{"href":"https:\/\/www.africa-press.net\/benin\/wp-json\/wp\/v2\/media?parent=7505"}],"wp:term":[{"taxonomy":"category","embeddable":true,"href":"https:\/\/www.africa-press.net\/benin\/wp-json\/wp\/v2\/categories?post=7505"},{"taxonomy":"post_tag","embeddable":true,"href":"https:\/\/www.africa-press.net\/benin\/wp-json\/wp\/v2\/tags?post=7505"}],"curies":[{"name":"wp","href":"https:\/\/api.w.org\/{rel}","templated":true}]}}