{"id":7508,"date":"2022-08-01T18:37:38","date_gmt":"2022-08-01T18:37:38","guid":{"rendered":"https:\/\/www.africa-press.net\/benin\/politique\/benin-le-gouvernement-prend-un-mois-de-vacances"},"modified":"2022-08-01T18:54:39","modified_gmt":"2022-08-01T18:54:39","slug":"benin-le-gouvernement-prend-un-mois-de-vacances","status":"publish","type":"post","link":"https:\/\/www.africa-press.net\/benin\/politique\/benin-le-gouvernement-prend-un-mois-de-vacances","title":{"rendered":"B\u00e9nin: le gouvernement prend un mois de vacances"},"content":{"rendered":"<p><span style=\"color: #ff6600\"><strong>Africa-Press &#8211; Benin. <\/strong><\/span>Comme chaque ann\u00e9e, le gouvernement sera en cong\u00e9s pendant tout le mois d\u2019ao\u00fbt. Les ministres et le Chef de l\u2019\u00c9tat prendront quelques semaines de repos \u00e0 compter du jeudi prochain.<\/p>\n<p>Du jeudi 04 au jeudi 28 ao\u00fbt 2022, l\u2019\u00e9quipe gouvernementale sera en vacances. Le seul Conseil des ministres du mois d\u2019ao\u00fbt se tiendra donc probablement le mercredi prochain.<\/p>\n<p>Les ministres vont en cong\u00e9s, mais ils resteront en alerte pour d\u2019\u00e9ventuels dossiers urgents, comme on l\u2019avait d\u00e9j\u00e0 vu par le pass\u00e9. D\u2019ailleurs, leurs cabinets resteront actifs pour la gestion des affaires courantes.<\/p>\n<p><strong>Pour plus d&rsquo;informations et d&rsquo;analyses sur la <a href=\"https:\/\/www.africa-press.net\/benin\">Benin<\/a>, suivez <a href=\"https:\/\/www.africa-press.net\/\">Africa-Press<\/a><\/strong><\/p>\n","protected":false},"excerpt":{"rendered":"<p>Africa-Press &#8211; Benin. Comme chaque ann\u00e9e, le gouvernement sera en cong\u00e9s pendant tout le mois d\u2019ao\u00fbt. Les ministres et le Chef de l\u2019\u00c9tat prendront quelques semaines de repos \u00e0 compter du jeudi prochain. Du jeudi 04 au jeudi 28 ao\u00fbt 2022, l\u2019\u00e9quipe gouvernementale sera en vacances. Le seul Conseil des ministres du mois d\u2019ao\u00fbt se [&hellip;]<\/p>\n","protected":false},"author":82,"featured_media":7507,"comment_status":"open","ping_status":"closed","sticky":false,"template":"","format":"standard","meta":{"footnotes":""},"categories":[11,2,10],"tags":[36,50,45],"class_list":["post-7508","post","type-post","status-publish","format-standard","has-post-thumbnail","hentry","category-homepage-french","category-politique","category-toutes-les-actualites","tag-africa-press","tag-africa-press-benin","tag-benin"],"yoast_head":"<!-- This site is optimized with the Yoast SEO Premium plugin v26.1 (Yoast SEO v27.0) - https:\/\/yoast.com\/product\/yoast-seo-premium-wordpress\/ -->\n<title>B\u00e9nin: le gouvernement prend un mois de vacances - B\u00e9nin<\/title>\n<meta name=\"description\" content=\"Comme chaque ann\u00e9e, le gouvernement sera en cong\u00e9s pendant tout le mois d\u2019ao\u00fbt. Les ministres et le Chef de l\u2019\u00c9tat prend ...\" \/>\n<meta name=\"robots\" content=\"index, follow, max-snippet:-1, max-image-preview:large, max-video-preview:-1\" \/>\n<link rel=\"canonical\" href=\"https:\/\/www.africa-press.net\/benin\/politique\/benin-le-gouvernement-prend-un-mois-de-vacances\" \/>\n<meta property=\"og:locale\" content=\"fr_FR\" \/>\n<meta property=\"og:type\" content=\"article\" \/>\n<meta property=\"og:title\" content=\"B\u00e9nin: le gouvernement prend un mois de vacances\" \/>\n<meta property=\"og:description\" content=\"Comme chaque ann\u00e9e, le gouvernement sera en cong\u00e9s pendant tout le mois d\u2019ao\u00fbt. Les ministres et le Chef de l\u2019\u00c9tat prend ...\" \/>\n<meta property=\"og:url\" content=\"https:\/\/www.africa-press.net\/benin\/politique\/benin-le-gouvernement-prend-un-mois-de-vacances\" \/>\n<meta property=\"og:site_name\" content=\"B\u00e9nin\" \/>\n<meta property=\"article:published_time\" content=\"2022-08-01T18:37:38+00:00\" \/>\n<meta property=\"article:modified_time\" content=\"2022-08-01T18:54:39+00:00\" \/>\n<meta property=\"og:image\" content=\"https:\/\/static.africa-press.net\/benin\/sites\/46\/2022\/08\/postQueueImg_14.jpg\" \/>\n\t<meta property=\"og:image:width\" content=\"1520\" \/>\n\t<meta property=\"og:image:height\" content=\"1013\" \/>\n\t<meta property=\"og:image:type\" content=\"image\/jpeg\" \/>\n<meta name=\"author\" content=\"cfeditorfr\" \/>\n<meta name=\"twitter:card\" content=\"summary_large_image\" \/>\n<meta name=\"twitter:label1\" content=\"\u00c9crit par\" \/>\n\t<meta name=\"twitter:data1\" content=\"cfeditorfr\" \/>\n\t<meta name=\"twitter:label2\" content=\"Dur\u00e9e de lecture estim\u00e9e\" \/>\n\t<meta name=\"twitter:data2\" content=\"1 minute\" \/>\n<script type=\"application\/ld+json\" class=\"yoast-schema-graph\">{\"@context\":\"https:\/\/schema.org\",\"@graph\":[{\"@type\":\"Article\",\"@id\":\"https:\/\/www.africa-press.net\/benin\/politique\/benin-le-gouvernement-prend-un-mois-de-vacances#article\",\"isPartOf\":{\"@id\":\"https:\/\/www.africa-press.net\/benin\/politique\/benin-le-gouvernement-prend-un-mois-de-vacances\"},\"author\":{\"name\":\"cfeditorfr\",\"@id\":\"https:\/\/www.africa-press.net\/benin\/#\/schema\/person\/2b1cf3cd81a31e3cd26889ca66d677f1\"},\"headline\":\"B\u00e9nin: le gouvernement prend un mois de vacances\",\"datePublished\":\"2022-08-01T18:37:38+00:00\",\"dateModified\":\"2022-08-01T18:54:39+00:00\",\"mainEntityOfPage\":{\"@id\":\"https:\/\/www.africa-press.net\/benin\/politique\/benin-le-gouvernement-prend-un-mois-de-vacances\"},\"wordCount\":125,\"commentCount\":0,\"image\":{\"@id\":\"https:\/\/www.africa-press.net\/benin\/politique\/benin-le-gouvernement-prend-un-mois-de-vacances#primaryimage\"},\"thumbnailUrl\":\"https:\/\/static.africa-press.net\/benin\/sites\/46\/2022\/08\/postQueueImg_14.jpg\",\"keywords\":[\"Africa Press\",\"Africa Press-Benin\",\"B\u00e9nin\"],\"articleSection\":[\"homepage-french\",\"Politique\",\"Toutes les actualit\u00e9s\"],\"inLanguage\":\"fr-FR\",\"potentialAction\":[{\"@type\":\"CommentAction\",\"name\":\"Comment\",\"target\":[\"https:\/\/www.africa-press.net\/benin\/politique\/benin-le-gouvernement-prend-un-mois-de-vacances#respond\"]}]},{\"@type\":\"WebPage\",\"@id\":\"https:\/\/www.africa-press.net\/benin\/politique\/benin-le-gouvernement-prend-un-mois-de-vacances\",\"url\":\"https:\/\/www.africa-press.net\/benin\/politique\/benin-le-gouvernement-prend-un-mois-de-vacances\",\"name\":\"B\u00e9nin: le gouvernement prend un mois de vacances - B\u00e9nin\",\"isPartOf\":{\"@id\":\"https:\/\/www.africa-press.net\/benin\/#website\"},\"primaryImageOfPage\":{\"@id\":\"https:\/\/www.africa-press.net\/benin\/politique\/benin-le-gouvernement-prend-un-mois-de-vacances#primaryimage\"},\"image\":{\"@id\":\"https:\/\/www.africa-press.net\/benin\/politique\/benin-le-gouvernement-prend-un-mois-de-vacances#primaryimage\"},\"thumbnailUrl\":\"https:\/\/static.africa-press.net\/benin\/sites\/46\/2022\/08\/postQueueImg_14.jpg\",\"datePublished\":\"2022-08-01T18:37:38+00:00\",\"dateModified\":\"2022-08-01T18:54:39+00:00\",\"author\":{\"@id\":\"https:\/\/www.africa-press.net\/benin\/#\/schema\/person\/2b1cf3cd81a31e3cd26889ca66d677f1\"},\"description\":\"Comme chaque ann\u00e9e, le gouvernement sera en cong\u00e9s pendant tout le mois d\u2019ao\u00fbt. Les ministres et le Chef de l\u2019\u00c9tat prend ...\",\"breadcrumb\":{\"@id\":\"https:\/\/www.africa-press.net\/benin\/politique\/benin-le-gouvernement-prend-un-mois-de-vacances#breadcrumb\"},\"inLanguage\":\"fr-FR\",\"potentialAction\":[{\"@type\":\"ReadAction\",\"target\":[\"https:\/\/www.africa-press.net\/benin\/politique\/benin-le-gouvernement-prend-un-mois-de-vacances\"]}]},{\"@type\":\"ImageObject\",\"inLanguage\":\"fr-FR\",\"@id\":\"https:\/\/www.africa-press.net\/benin\/politique\/benin-le-gouvernement-prend-un-mois-de-vacances#primaryimage\",\"url\":\"https:\/\/static.africa-press.net\/benin\/sites\/46\/2022\/08\/postQueueImg_14.jpg\",\"contentUrl\":\"https:\/\/static.africa-press.net\/benin\/sites\/46\/2022\/08\/postQueueImg_14.jpg\",\"width\":1520,\"height\":1013,\"caption\":\"B\u00e9nin: le gouvernement prend un mois de vacances\"},{\"@type\":\"BreadcrumbList\",\"@id\":\"https:\/\/www.africa-press.net\/benin\/politique\/benin-le-gouvernement-prend-un-mois-de-vacances#breadcrumb\",\"itemListElement\":[{\"@type\":\"ListItem\",\"position\":1,\"name\":\"Accueil\",\"item\":\"https:\/\/www.africa-press.net\/benin\/\"},{\"@type\":\"ListItem\",\"position\":2,\"name\":\"B\u00e9nin: le gouvernement prend un mois de vacances\"}]},{\"@type\":\"WebSite\",\"@id\":\"https:\/\/www.africa-press.net\/benin\/#website\",\"url\":\"https:\/\/www.africa-press.net\/benin\/\",\"name\":\"B\u00e9nin\",\"description\":\"Just another Africa News Agency Sites site\",\"potentialAction\":[{\"@type\":\"SearchAction\",\"target\":{\"@type\":\"EntryPoint\",\"urlTemplate\":\"https:\/\/www.africa-press.net\/benin\/?s={search_term_string}\"},\"query-input\":{\"@type\":\"PropertyValueSpecification\",\"valueRequired\":true,\"valueName\":\"search_term_string\"}}],\"inLanguage\":\"fr-FR\"},{\"@type\":\"Person\",\"@id\":\"https:\/\/www.africa-press.net\/benin\/#\/schema\/person\/2b1cf3cd81a31e3cd26889ca66d677f1\",\"name\":\"cfeditorfr\"}]}<\/script>\n<!-- \/ Yoast SEO Premium plugin. -->","yoast_head_json":{"title":"B\u00e9nin: le gouvernement prend un mois de vacances - B\u00e9nin","description":"Comme chaque ann\u00e9e, le gouvernement sera en cong\u00e9s pendant tout le mois d\u2019ao\u00fbt. Les ministres et le Chef de l\u2019\u00c9tat prend ...","robots":{"index":"index","follow":"follow","max-snippet":"max-snippet:-1","max-image-preview":"max-image-preview:large","max-video-preview":"max-video-preview:-1"},"canonical":"https:\/\/www.africa-press.net\/benin\/politique\/benin-le-gouvernement-prend-un-mois-de-vacances","og_locale":"fr_FR","og_type":"article","og_title":"B\u00e9nin: le gouvernement prend un mois de vacances","og_description":"Comme chaque ann\u00e9e, le gouvernement sera en cong\u00e9s pendant tout le mois d\u2019ao\u00fbt. Les ministres et le Chef de l\u2019\u00c9tat prend ...","og_url":"https:\/\/www.africa-press.net\/benin\/politique\/benin-le-gouvernement-prend-un-mois-de-vacances","og_site_name":"B\u00e9nin","article_published_time":"2022-08-01T18:37:38+00:00","article_modified_time":"2022-08-01T18:54:39+00:00","og_image":[{"width":1520,"height":1013,"url":"https:\/\/static.africa-press.net\/benin\/sites\/46\/2022\/08\/postQueueImg_14.jpg","type":"image\/jpeg"}],"author":"cfeditorfr","twitter_card":"summary_large_image","twitter_misc":{"\u00c9crit par":"cfeditorfr","Dur\u00e9e de lecture estim\u00e9e":"1 minute"},"schema":{"@context":"https:\/\/schema.org","@graph":[{"@type":"Article","@id":"https:\/\/www.africa-press.net\/benin\/politique\/benin-le-gouvernement-prend-un-mois-de-vacances#article","isPartOf":{"@id":"https:\/\/www.africa-press.net\/benin\/politique\/benin-le-gouvernement-prend-un-mois-de-vacances"},"author":{"name":"cfeditorfr","@id":"https:\/\/www.africa-press.net\/benin\/#\/schema\/person\/2b1cf3cd81a31e3cd26889ca66d677f1"},"headline":"B\u00e9nin: le gouvernement prend un mois de vacances","datePublished":"2022-08-01T18:37:38+00:00","dateModified":"2022-08-01T18:54:39+00:00","mainEntityOfPage":{"@id":"https:\/\/www.africa-press.net\/benin\/politique\/benin-le-gouvernement-prend-un-mois-de-vacances"},"wordCount":125,"commentCount":0,"image":{"@id":"https:\/\/www.africa-press.net\/benin\/politique\/benin-le-gouvernement-prend-un-mois-de-vacances#primaryimage"},"thumbnailUrl":"https:\/\/static.africa-press.net\/benin\/sites\/46\/2022\/08\/postQueueImg_14.jpg","keywords":["Africa Press","Africa Press-Benin","B\u00e9nin"],"articleSection":["homepage-french","Politique","Toutes les actualit\u00e9s"],"inLanguage":"fr-FR","potentialAction":[{"@type":"CommentAction","name":"Comment","target":["https:\/\/www.africa-press.net\/benin\/politique\/benin-le-gouvernement-prend-un-mois-de-vacances#respond"]}]},{"@type":"WebPage","@id":"https:\/\/www.africa-press.net\/benin\/politique\/benin-le-gouvernement-prend-un-mois-de-vacances","url":"https:\/\/www.africa-press.net\/benin\/politique\/benin-le-gouvernement-prend-un-mois-de-vacances","name":"B\u00e9nin: le gouvernement prend un mois de vacances - B\u00e9nin","isPartOf":{"@id":"https:\/\/www.africa-press.net\/benin\/#website"},"primaryImageOfPage":{"@id":"https:\/\/www.africa-press.net\/benin\/politique\/benin-le-gouvernement-prend-un-mois-de-vacances#primaryimage"},"image":{"@id":"https:\/\/www.africa-press.net\/benin\/politique\/benin-le-gouvernement-prend-un-mois-de-vacances#primaryimage"},"thumbnailUrl":"https:\/\/static.africa-press.net\/benin\/sites\/46\/2022\/08\/postQueueImg_14.jpg","datePublished":"2022-08-01T18:37:38+00:00","dateModified":"2022-08-01T18:54:39+00:00","author":{"@id":"https:\/\/www.africa-press.net\/benin\/#\/schema\/person\/2b1cf3cd81a31e3cd26889ca66d677f1"},"description":"Comme chaque ann\u00e9e, le gouvernement sera en cong\u00e9s pendant tout le mois d\u2019ao\u00fbt. Les ministres et le Chef de l\u2019\u00c9tat prend ...","breadcrumb":{"@id":"https:\/\/www.africa-press.net\/benin\/politique\/benin-le-gouvernement-prend-un-mois-de-vacances#breadcrumb"},"inLanguage":"fr-FR","potentialAction":[{"@type":"ReadAction","target":["https:\/\/www.africa-press.net\/benin\/politique\/benin-le-gouvernement-prend-un-mois-de-vacances"]}]},{"@type":"ImageObject","inLanguage":"fr-FR","@id":"https:\/\/www.africa-press.net\/benin\/politique\/benin-le-gouvernement-prend-un-mois-de-vacances#primaryimage","url":"https:\/\/static.africa-press.net\/benin\/sites\/46\/2022\/08\/postQueueImg_14.jpg","contentUrl":"https:\/\/static.africa-press.net\/benin\/sites\/46\/2022\/08\/postQueueImg_14.jpg","width":1520,"height":1013,"caption":"B\u00e9nin: le gouvernement prend un mois de vacances"},{"@type":"BreadcrumbList","@id":"https:\/\/www.africa-press.net\/benin\/politique\/benin-le-gouvernement-prend-un-mois-de-vacances#breadcrumb","itemListElement":[{"@type":"ListItem","position":1,"name":"Accueil","item":"https:\/\/www.africa-press.net\/benin\/"},{"@type":"ListItem","position":2,"name":"B\u00e9nin: le gouvernement prend un mois de vacances"}]},{"@type":"WebSite","@id":"https:\/\/www.africa-press.net\/benin\/#website","url":"https:\/\/www.africa-press.net\/benin\/","name":"B\u00e9nin","description":"Just another Africa News Agency Sites site","potentialAction":[{"@type":"SearchAction","target":{"@type":"EntryPoint","urlTemplate":"https:\/\/www.africa-press.net\/benin\/?s={search_term_string}"},"query-input":{"@type":"PropertyValueSpecification","valueRequired":true,"valueName":"search_term_string"}}],"inLanguage":"fr-FR"},{"@type":"Person","@id":"https:\/\/www.africa-press.net\/benin\/#\/schema\/person\/2b1cf3cd81a31e3cd26889ca66d677f1","name":"cfeditorfr"}]}},"_links":{"self":[{"href":"https:\/\/www.africa-press.net\/benin\/wp-json\/wp\/v2\/posts\/7508","targetHints":{"allow":["GET"]}}],"collection":[{"href":"https:\/\/www.africa-press.net\/benin\/wp-json\/wp\/v2\/posts"}],"about":[{"href":"https:\/\/www.africa-press.net\/benin\/wp-json\/wp\/v2\/types\/post"}],"author":[{"embeddable":true,"href":"https:\/\/www.africa-press.net\/benin\/wp-json\/wp\/v2\/users\/82"}],"replies":[{"embeddable":true,"href":"https:\/\/www.africa-press.net\/benin\/wp-json\/wp\/v2\/comments?post=7508"}],"version-history":[{"count":0,"href":"https:\/\/www.africa-press.net\/benin\/wp-json\/wp\/v2\/posts\/7508\/revisions"}],"wp:featuredmedia":[{"embeddable":true,"href":"https:\/\/www.africa-press.net\/benin\/wp-json\/wp\/v2\/media\/7507"}],"wp:attachment":[{"href":"https:\/\/www.africa-press.net\/benin\/wp-json\/wp\/v2\/media?parent=7508"}],"wp:term":[{"taxonomy":"category","embeddable":true,"href":"https:\/\/www.africa-press.net\/benin\/wp-json\/wp\/v2\/categories?post=7508"},{"taxonomy":"post_tag","embeddable":true,"href":"https:\/\/www.africa-press.net\/benin\/wp-json\/wp\/v2\/tags?post=7508"}],"curies":[{"name":"wp","href":"https:\/\/api.w.org\/{rel}","templated":true}]}}