{"id":7511,"date":"2022-08-01T18:37:45","date_gmt":"2022-08-01T18:37:45","guid":{"rendered":"https:\/\/www.africa-press.net\/benin\/politique\/benin-1er-aout-2022-tout-le-monde-a-cotonou-pas-de-defile-dans-les-communes"},"modified":"2022-08-01T18:55:16","modified_gmt":"2022-08-01T18:55:16","slug":"benin-1er-aout-2022-tout-le-monde-a-cotonou-pas-de-defile-dans-les-communes","status":"publish","type":"post","link":"https:\/\/www.africa-press.net\/benin\/toutes-les-actualites\/benin-1er-aout-2022-tout-le-monde-a-cotonou-pas-de-defile-dans-les-communes","title":{"rendered":"B\u00e9nin \u2013 1er ao\u00fbt 2022: tout le monde \u00e0 Cotonou, pas de d\u00e9fil\u00e9 dans les communes"},"content":{"rendered":"<p><span style=\"color: #ff6600\"><strong>Africa-Press &#8211; Benin. <\/strong><\/span>Il n\u2019y aura pas de d\u00e9fil\u00e9 ce 1er ao\u00fbt 2022 dans les diff\u00e9rentes communes du B\u00e9nin, a appris BENIN WEB TV. Cette c\u00e9r\u00e9monie a \u00e9t\u00e9 annul\u00e9e dans les localit\u00e9s pour permettre aux autorit\u00e9s d\u00e9partementales et communales de rejoindre Cotonou o\u00f9 se d\u00e9roule les festivit\u00e9s nationales.<\/p>\n<p>Pas de d\u00e9fil\u00e9 militaire dans les communes. A l\u2019occasion de la c\u00e9l\u00e9bration du 62e anniversaire de l\u2019accession du B\u00e9nin \u00e0 la souverainet\u00e9 internationale, il a \u00e9t\u00e9 d\u00e9cid\u00e9 de concentrer la f\u00eate dans la capitale \u00e9conomique. Les pr\u00e9fets et maires sont juste invit\u00e9s \u00e0 proc\u00e9der au d\u00e9p\u00f4t de gerbe au niveau des monuments aux morts. La grande mobilisation est donc du c\u00f4t\u00e9 de Cotonou, autour du Chef de l\u2019Etat.<\/p>\n<p>Cette particularit\u00e9 se justifie selon certaines sources, par la volont\u00e9 de r\u00e9unir tout le B\u00e9nin autour des monuments r\u00e9cemment d\u00e9voil\u00e9s \u00e0 Cotonou. A noter que le d\u00e9fil\u00e9 se d\u00e9roule justement sur l\u2019esplanade de l\u2019Amazone depuis quelques heures, avec la pr\u00e9sence remarquable des anciens pr\u00e9sident de la R\u00e9publique Nic\u00e9phore Dieudonn\u00e9 Soglo et Thomas Boni Yayi.<\/p>\n<p><strong>Pour plus d&rsquo;informations et d&rsquo;analyses sur la <a href=\"https:\/\/www.africa-press.net\/benin\">Benin<\/a>, suivez <a href=\"https:\/\/www.africa-press.net\/\">Africa-Press<\/a><\/strong><\/p>\n","protected":false},"excerpt":{"rendered":"<p>Africa-Press &#8211; Benin. Il n\u2019y aura pas de d\u00e9fil\u00e9 ce 1er ao\u00fbt 2022 dans les diff\u00e9rentes communes du B\u00e9nin, a appris BENIN WEB TV. Cette c\u00e9r\u00e9monie a \u00e9t\u00e9 annul\u00e9e dans les localit\u00e9s pour permettre aux autorit\u00e9s d\u00e9partementales et communales de rejoindre Cotonou o\u00f9 se d\u00e9roule les festivit\u00e9s nationales. Pas de d\u00e9fil\u00e9 militaire dans les communes. [&hellip;]<\/p>\n","protected":false},"author":82,"featured_media":7510,"comment_status":"open","ping_status":"closed","sticky":false,"template":"","format":"standard","meta":{"footnotes":""},"categories":[21,11,10],"tags":[36,50,45],"class_list":["post-7511","post","type-post","status-publish","format-standard","has-post-thumbnail","hentry","category-communaute","category-homepage-french","category-toutes-les-actualites","tag-africa-press","tag-africa-press-benin","tag-benin"],"yoast_head":"<!-- This site is optimized with the Yoast SEO Premium plugin v26.1 (Yoast SEO v27.0) - https:\/\/yoast.com\/product\/yoast-seo-premium-wordpress\/ -->\n<title>B\u00e9nin \u2013 1er ao\u00fbt 2022: tout le monde \u00e0 Cotonou, pas de d\u00e9fil\u00e9 dans les communes - B\u00e9nin<\/title>\n<meta name=\"description\" content=\"Il n\u2019y aura pas de d\u00e9fil\u00e9 ce 1er ao\u00fbt 2022 dans les diff\u00e9rentes communes du B\u00e9nin, a appris BENIN WEB TV. Cette c\u00e9r\u00e9moni ...\" \/>\n<meta name=\"robots\" content=\"index, follow, max-snippet:-1, max-image-preview:large, max-video-preview:-1\" \/>\n<link rel=\"canonical\" href=\"https:\/\/www.africa-press.net\/benin\/toutes-les-actualites\/benin-1er-aout-2022-tout-le-monde-a-cotonou-pas-de-defile-dans-les-communes\" \/>\n<meta property=\"og:locale\" content=\"fr_FR\" \/>\n<meta property=\"og:type\" content=\"article\" \/>\n<meta property=\"og:title\" content=\"B\u00e9nin \u2013 1er ao\u00fbt 2022: tout le monde \u00e0 Cotonou, pas de d\u00e9fil\u00e9 dans les communes\" \/>\n<meta property=\"og:description\" content=\"Il n\u2019y aura pas de d\u00e9fil\u00e9 ce 1er ao\u00fbt 2022 dans les diff\u00e9rentes communes du B\u00e9nin, a appris BENIN WEB TV. Cette c\u00e9r\u00e9moni ...\" \/>\n<meta property=\"og:url\" content=\"https:\/\/www.africa-press.net\/benin\/toutes-les-actualites\/benin-1er-aout-2022-tout-le-monde-a-cotonou-pas-de-defile-dans-les-communes\" \/>\n<meta property=\"og:site_name\" content=\"B\u00e9nin\" \/>\n<meta property=\"article:published_time\" content=\"2022-08-01T18:37:45+00:00\" \/>\n<meta property=\"article:modified_time\" content=\"2022-08-01T18:55:16+00:00\" \/>\n<meta property=\"og:image\" content=\"https:\/\/static.africa-press.net\/benin\/sites\/46\/2022\/08\/postQueueImg_15.jpg\" \/>\n\t<meta property=\"og:image:width\" content=\"1286\" \/>\n\t<meta property=\"og:image:height\" content=\"675\" \/>\n\t<meta property=\"og:image:type\" content=\"image\/jpeg\" \/>\n<meta name=\"author\" content=\"cfeditorfr\" \/>\n<meta name=\"twitter:card\" content=\"summary_large_image\" \/>\n<meta name=\"twitter:label1\" content=\"\u00c9crit par\" \/>\n\t<meta name=\"twitter:data1\" content=\"cfeditorfr\" \/>\n\t<meta name=\"twitter:label2\" content=\"Dur\u00e9e de lecture estim\u00e9e\" \/>\n\t<meta name=\"twitter:data2\" content=\"1 minute\" \/>\n<script type=\"application\/ld+json\" class=\"yoast-schema-graph\">{\"@context\":\"https:\/\/schema.org\",\"@graph\":[{\"@type\":\"Article\",\"@id\":\"https:\/\/www.africa-press.net\/benin\/toutes-les-actualites\/benin-1er-aout-2022-tout-le-monde-a-cotonou-pas-de-defile-dans-les-communes#article\",\"isPartOf\":{\"@id\":\"https:\/\/www.africa-press.net\/benin\/toutes-les-actualites\/benin-1er-aout-2022-tout-le-monde-a-cotonou-pas-de-defile-dans-les-communes\"},\"author\":{\"name\":\"cfeditorfr\",\"@id\":\"https:\/\/www.africa-press.net\/benin\/#\/schema\/person\/2b1cf3cd81a31e3cd26889ca66d677f1\"},\"headline\":\"B\u00e9nin \u2013 1er ao\u00fbt 2022: tout le monde \u00e0 Cotonou, pas de d\u00e9fil\u00e9 dans les communes\",\"datePublished\":\"2022-08-01T18:37:45+00:00\",\"dateModified\":\"2022-08-01T18:55:16+00:00\",\"mainEntityOfPage\":{\"@id\":\"https:\/\/www.africa-press.net\/benin\/toutes-les-actualites\/benin-1er-aout-2022-tout-le-monde-a-cotonou-pas-de-defile-dans-les-communes\"},\"wordCount\":235,\"commentCount\":0,\"image\":{\"@id\":\"https:\/\/www.africa-press.net\/benin\/toutes-les-actualites\/benin-1er-aout-2022-tout-le-monde-a-cotonou-pas-de-defile-dans-les-communes#primaryimage\"},\"thumbnailUrl\":\"https:\/\/static.africa-press.net\/benin\/sites\/46\/2022\/08\/postQueueImg_15.jpg\",\"keywords\":[\"Africa Press\",\"Africa Press-Benin\",\"B\u00e9nin\"],\"articleSection\":[\"Communaut\u00e9\",\"homepage-french\",\"Toutes les actualit\u00e9s\"],\"inLanguage\":\"fr-FR\",\"potentialAction\":[{\"@type\":\"CommentAction\",\"name\":\"Comment\",\"target\":[\"https:\/\/www.africa-press.net\/benin\/toutes-les-actualites\/benin-1er-aout-2022-tout-le-monde-a-cotonou-pas-de-defile-dans-les-communes#respond\"]}]},{\"@type\":\"WebPage\",\"@id\":\"https:\/\/www.africa-press.net\/benin\/toutes-les-actualites\/benin-1er-aout-2022-tout-le-monde-a-cotonou-pas-de-defile-dans-les-communes\",\"url\":\"https:\/\/www.africa-press.net\/benin\/toutes-les-actualites\/benin-1er-aout-2022-tout-le-monde-a-cotonou-pas-de-defile-dans-les-communes\",\"name\":\"B\u00e9nin \u2013 1er ao\u00fbt 2022: tout le monde \u00e0 Cotonou, pas de d\u00e9fil\u00e9 dans les communes - B\u00e9nin\",\"isPartOf\":{\"@id\":\"https:\/\/www.africa-press.net\/benin\/#website\"},\"primaryImageOfPage\":{\"@id\":\"https:\/\/www.africa-press.net\/benin\/toutes-les-actualites\/benin-1er-aout-2022-tout-le-monde-a-cotonou-pas-de-defile-dans-les-communes#primaryimage\"},\"image\":{\"@id\":\"https:\/\/www.africa-press.net\/benin\/toutes-les-actualites\/benin-1er-aout-2022-tout-le-monde-a-cotonou-pas-de-defile-dans-les-communes#primaryimage\"},\"thumbnailUrl\":\"https:\/\/static.africa-press.net\/benin\/sites\/46\/2022\/08\/postQueueImg_15.jpg\",\"datePublished\":\"2022-08-01T18:37:45+00:00\",\"dateModified\":\"2022-08-01T18:55:16+00:00\",\"author\":{\"@id\":\"https:\/\/www.africa-press.net\/benin\/#\/schema\/person\/2b1cf3cd81a31e3cd26889ca66d677f1\"},\"description\":\"Il n\u2019y aura pas de d\u00e9fil\u00e9 ce 1er ao\u00fbt 2022 dans les diff\u00e9rentes communes du B\u00e9nin, a appris BENIN WEB TV. Cette c\u00e9r\u00e9moni ...\",\"breadcrumb\":{\"@id\":\"https:\/\/www.africa-press.net\/benin\/toutes-les-actualites\/benin-1er-aout-2022-tout-le-monde-a-cotonou-pas-de-defile-dans-les-communes#breadcrumb\"},\"inLanguage\":\"fr-FR\",\"potentialAction\":[{\"@type\":\"ReadAction\",\"target\":[\"https:\/\/www.africa-press.net\/benin\/toutes-les-actualites\/benin-1er-aout-2022-tout-le-monde-a-cotonou-pas-de-defile-dans-les-communes\"]}]},{\"@type\":\"ImageObject\",\"inLanguage\":\"fr-FR\",\"@id\":\"https:\/\/www.africa-press.net\/benin\/toutes-les-actualites\/benin-1er-aout-2022-tout-le-monde-a-cotonou-pas-de-defile-dans-les-communes#primaryimage\",\"url\":\"https:\/\/static.africa-press.net\/benin\/sites\/46\/2022\/08\/postQueueImg_15.jpg\",\"contentUrl\":\"https:\/\/static.africa-press.net\/benin\/sites\/46\/2022\/08\/postQueueImg_15.jpg\",\"width\":1286,\"height\":675,\"caption\":\"B\u00e9nin \u2013 1er ao\u00fbt 2022: tout le monde \u00e0 Cotonou, pas de d\u00e9fil\u00e9 dans les communes\"},{\"@type\":\"BreadcrumbList\",\"@id\":\"https:\/\/www.africa-press.net\/benin\/toutes-les-actualites\/benin-1er-aout-2022-tout-le-monde-a-cotonou-pas-de-defile-dans-les-communes#breadcrumb\",\"itemListElement\":[{\"@type\":\"ListItem\",\"position\":1,\"name\":\"Accueil\",\"item\":\"https:\/\/www.africa-press.net\/benin\/\"},{\"@type\":\"ListItem\",\"position\":2,\"name\":\"B\u00e9nin \u2013 1er ao\u00fbt 2022: tout le monde \u00e0 Cotonou, pas de d\u00e9fil\u00e9 dans les communes\"}]},{\"@type\":\"WebSite\",\"@id\":\"https:\/\/www.africa-press.net\/benin\/#website\",\"url\":\"https:\/\/www.africa-press.net\/benin\/\",\"name\":\"B\u00e9nin\",\"description\":\"Just another Africa News Agency Sites site\",\"potentialAction\":[{\"@type\":\"SearchAction\",\"target\":{\"@type\":\"EntryPoint\",\"urlTemplate\":\"https:\/\/www.africa-press.net\/benin\/?s={search_term_string}\"},\"query-input\":{\"@type\":\"PropertyValueSpecification\",\"valueRequired\":true,\"valueName\":\"search_term_string\"}}],\"inLanguage\":\"fr-FR\"},{\"@type\":\"Person\",\"@id\":\"https:\/\/www.africa-press.net\/benin\/#\/schema\/person\/2b1cf3cd81a31e3cd26889ca66d677f1\",\"name\":\"cfeditorfr\"}]}<\/script>\n<!-- \/ Yoast SEO Premium plugin. -->","yoast_head_json":{"title":"B\u00e9nin \u2013 1er ao\u00fbt 2022: tout le monde \u00e0 Cotonou, pas de d\u00e9fil\u00e9 dans les communes - B\u00e9nin","description":"Il n\u2019y aura pas de d\u00e9fil\u00e9 ce 1er ao\u00fbt 2022 dans les diff\u00e9rentes communes du B\u00e9nin, a appris BENIN WEB TV. Cette c\u00e9r\u00e9moni ...","robots":{"index":"index","follow":"follow","max-snippet":"max-snippet:-1","max-image-preview":"max-image-preview:large","max-video-preview":"max-video-preview:-1"},"canonical":"https:\/\/www.africa-press.net\/benin\/toutes-les-actualites\/benin-1er-aout-2022-tout-le-monde-a-cotonou-pas-de-defile-dans-les-communes","og_locale":"fr_FR","og_type":"article","og_title":"B\u00e9nin \u2013 1er ao\u00fbt 2022: tout le monde \u00e0 Cotonou, pas de d\u00e9fil\u00e9 dans les communes","og_description":"Il n\u2019y aura pas de d\u00e9fil\u00e9 ce 1er ao\u00fbt 2022 dans les diff\u00e9rentes communes du B\u00e9nin, a appris BENIN WEB TV. Cette c\u00e9r\u00e9moni ...","og_url":"https:\/\/www.africa-press.net\/benin\/toutes-les-actualites\/benin-1er-aout-2022-tout-le-monde-a-cotonou-pas-de-defile-dans-les-communes","og_site_name":"B\u00e9nin","article_published_time":"2022-08-01T18:37:45+00:00","article_modified_time":"2022-08-01T18:55:16+00:00","og_image":[{"width":1286,"height":675,"url":"https:\/\/static.africa-press.net\/benin\/sites\/46\/2022\/08\/postQueueImg_15.jpg","type":"image\/jpeg"}],"author":"cfeditorfr","twitter_card":"summary_large_image","twitter_misc":{"\u00c9crit par":"cfeditorfr","Dur\u00e9e de lecture estim\u00e9e":"1 minute"},"schema":{"@context":"https:\/\/schema.org","@graph":[{"@type":"Article","@id":"https:\/\/www.africa-press.net\/benin\/toutes-les-actualites\/benin-1er-aout-2022-tout-le-monde-a-cotonou-pas-de-defile-dans-les-communes#article","isPartOf":{"@id":"https:\/\/www.africa-press.net\/benin\/toutes-les-actualites\/benin-1er-aout-2022-tout-le-monde-a-cotonou-pas-de-defile-dans-les-communes"},"author":{"name":"cfeditorfr","@id":"https:\/\/www.africa-press.net\/benin\/#\/schema\/person\/2b1cf3cd81a31e3cd26889ca66d677f1"},"headline":"B\u00e9nin \u2013 1er ao\u00fbt 2022: tout le monde \u00e0 Cotonou, pas de d\u00e9fil\u00e9 dans les communes","datePublished":"2022-08-01T18:37:45+00:00","dateModified":"2022-08-01T18:55:16+00:00","mainEntityOfPage":{"@id":"https:\/\/www.africa-press.net\/benin\/toutes-les-actualites\/benin-1er-aout-2022-tout-le-monde-a-cotonou-pas-de-defile-dans-les-communes"},"wordCount":235,"commentCount":0,"image":{"@id":"https:\/\/www.africa-press.net\/benin\/toutes-les-actualites\/benin-1er-aout-2022-tout-le-monde-a-cotonou-pas-de-defile-dans-les-communes#primaryimage"},"thumbnailUrl":"https:\/\/static.africa-press.net\/benin\/sites\/46\/2022\/08\/postQueueImg_15.jpg","keywords":["Africa Press","Africa Press-Benin","B\u00e9nin"],"articleSection":["Communaut\u00e9","homepage-french","Toutes les actualit\u00e9s"],"inLanguage":"fr-FR","potentialAction":[{"@type":"CommentAction","name":"Comment","target":["https:\/\/www.africa-press.net\/benin\/toutes-les-actualites\/benin-1er-aout-2022-tout-le-monde-a-cotonou-pas-de-defile-dans-les-communes#respond"]}]},{"@type":"WebPage","@id":"https:\/\/www.africa-press.net\/benin\/toutes-les-actualites\/benin-1er-aout-2022-tout-le-monde-a-cotonou-pas-de-defile-dans-les-communes","url":"https:\/\/www.africa-press.net\/benin\/toutes-les-actualites\/benin-1er-aout-2022-tout-le-monde-a-cotonou-pas-de-defile-dans-les-communes","name":"B\u00e9nin \u2013 1er ao\u00fbt 2022: tout le monde \u00e0 Cotonou, pas de d\u00e9fil\u00e9 dans les communes - B\u00e9nin","isPartOf":{"@id":"https:\/\/www.africa-press.net\/benin\/#website"},"primaryImageOfPage":{"@id":"https:\/\/www.africa-press.net\/benin\/toutes-les-actualites\/benin-1er-aout-2022-tout-le-monde-a-cotonou-pas-de-defile-dans-les-communes#primaryimage"},"image":{"@id":"https:\/\/www.africa-press.net\/benin\/toutes-les-actualites\/benin-1er-aout-2022-tout-le-monde-a-cotonou-pas-de-defile-dans-les-communes#primaryimage"},"thumbnailUrl":"https:\/\/static.africa-press.net\/benin\/sites\/46\/2022\/08\/postQueueImg_15.jpg","datePublished":"2022-08-01T18:37:45+00:00","dateModified":"2022-08-01T18:55:16+00:00","author":{"@id":"https:\/\/www.africa-press.net\/benin\/#\/schema\/person\/2b1cf3cd81a31e3cd26889ca66d677f1"},"description":"Il n\u2019y aura pas de d\u00e9fil\u00e9 ce 1er ao\u00fbt 2022 dans les diff\u00e9rentes communes du B\u00e9nin, a appris BENIN WEB TV. Cette c\u00e9r\u00e9moni ...","breadcrumb":{"@id":"https:\/\/www.africa-press.net\/benin\/toutes-les-actualites\/benin-1er-aout-2022-tout-le-monde-a-cotonou-pas-de-defile-dans-les-communes#breadcrumb"},"inLanguage":"fr-FR","potentialAction":[{"@type":"ReadAction","target":["https:\/\/www.africa-press.net\/benin\/toutes-les-actualites\/benin-1er-aout-2022-tout-le-monde-a-cotonou-pas-de-defile-dans-les-communes"]}]},{"@type":"ImageObject","inLanguage":"fr-FR","@id":"https:\/\/www.africa-press.net\/benin\/toutes-les-actualites\/benin-1er-aout-2022-tout-le-monde-a-cotonou-pas-de-defile-dans-les-communes#primaryimage","url":"https:\/\/static.africa-press.net\/benin\/sites\/46\/2022\/08\/postQueueImg_15.jpg","contentUrl":"https:\/\/static.africa-press.net\/benin\/sites\/46\/2022\/08\/postQueueImg_15.jpg","width":1286,"height":675,"caption":"B\u00e9nin \u2013 1er ao\u00fbt 2022: tout le monde \u00e0 Cotonou, pas de d\u00e9fil\u00e9 dans les communes"},{"@type":"BreadcrumbList","@id":"https:\/\/www.africa-press.net\/benin\/toutes-les-actualites\/benin-1er-aout-2022-tout-le-monde-a-cotonou-pas-de-defile-dans-les-communes#breadcrumb","itemListElement":[{"@type":"ListItem","position":1,"name":"Accueil","item":"https:\/\/www.africa-press.net\/benin\/"},{"@type":"ListItem","position":2,"name":"B\u00e9nin \u2013 1er ao\u00fbt 2022: tout le monde \u00e0 Cotonou, pas de d\u00e9fil\u00e9 dans les communes"}]},{"@type":"WebSite","@id":"https:\/\/www.africa-press.net\/benin\/#website","url":"https:\/\/www.africa-press.net\/benin\/","name":"B\u00e9nin","description":"Just another Africa News Agency Sites site","potentialAction":[{"@type":"SearchAction","target":{"@type":"EntryPoint","urlTemplate":"https:\/\/www.africa-press.net\/benin\/?s={search_term_string}"},"query-input":{"@type":"PropertyValueSpecification","valueRequired":true,"valueName":"search_term_string"}}],"inLanguage":"fr-FR"},{"@type":"Person","@id":"https:\/\/www.africa-press.net\/benin\/#\/schema\/person\/2b1cf3cd81a31e3cd26889ca66d677f1","name":"cfeditorfr"}]}},"_links":{"self":[{"href":"https:\/\/www.africa-press.net\/benin\/wp-json\/wp\/v2\/posts\/7511","targetHints":{"allow":["GET"]}}],"collection":[{"href":"https:\/\/www.africa-press.net\/benin\/wp-json\/wp\/v2\/posts"}],"about":[{"href":"https:\/\/www.africa-press.net\/benin\/wp-json\/wp\/v2\/types\/post"}],"author":[{"embeddable":true,"href":"https:\/\/www.africa-press.net\/benin\/wp-json\/wp\/v2\/users\/82"}],"replies":[{"embeddable":true,"href":"https:\/\/www.africa-press.net\/benin\/wp-json\/wp\/v2\/comments?post=7511"}],"version-history":[{"count":0,"href":"https:\/\/www.africa-press.net\/benin\/wp-json\/wp\/v2\/posts\/7511\/revisions"}],"wp:featuredmedia":[{"embeddable":true,"href":"https:\/\/www.africa-press.net\/benin\/wp-json\/wp\/v2\/media\/7510"}],"wp:attachment":[{"href":"https:\/\/www.africa-press.net\/benin\/wp-json\/wp\/v2\/media?parent=7511"}],"wp:term":[{"taxonomy":"category","embeddable":true,"href":"https:\/\/www.africa-press.net\/benin\/wp-json\/wp\/v2\/categories?post=7511"},{"taxonomy":"post_tag","embeddable":true,"href":"https:\/\/www.africa-press.net\/benin\/wp-json\/wp\/v2\/tags?post=7511"}],"curies":[{"name":"wp","href":"https:\/\/api.w.org\/{rel}","templated":true}]}}